{"id":3423,"date":"2013-12-16T21:40:04","date_gmt":"2013-12-16T19:40:04","guid":{"rendered":"http:\/\/www.sabine-seyffert.de\/blog\/?p=3423"},"modified":"2017-03-03T19:16:18","modified_gmt":"2017-03-03T17:16:18","slug":"weihnachtliches-diy-als-gastgeschenk","status":"publish","type":"post","link":"https:\/\/www.sabine-seyffert.de\/blog\/weihnachtliches-diy-als-gastgeschenk\/","title":{"rendered":"Weihnachtliches DIY als Gastgeschenk"},"content":{"rendered":"<p style=\"text-align: justify;\"><img loading=\"lazy\" decoding=\"async\" src=\"https:\/\/ssl-vg03.met.vgwort.de\/na\/ef4248da1bfb4685b4c520fd0bbd5928\" alt=\"\" width=\"1\" height=\"1\" \/>In der Weihnachtszeit habe ich nicht nur selber ausgesprochen gerne Besuch, sondern freu mich gerade dann besonders \u00fcber Einladungen. Und solche erreichen mich im Moment recht oft \ud83d\ude42<\/p>\n<p style=\"text-align: center;\"><a href=\"http:\/\/www.sabine-seyffert.de\/blog\/wp-content\/uploads\/2013\/12\/Girlande-1.jpg\"><img loading=\"lazy\" decoding=\"async\" class=\"alignnone size-full wp-image-3424\" src=\"http:\/\/www.sabine-seyffert.de\/blog\/wp-content\/uploads\/2013\/12\/Girlande-1.jpg\" alt=\"Girlande 1\" width=\"800\" height=\"600\" srcset=\"https:\/\/www.sabine-seyffert.de\/blog\/wp-content\/uploads\/2013\/12\/Girlande-1.jpg 800w, https:\/\/www.sabine-seyffert.de\/blog\/wp-content\/uploads\/2013\/12\/Girlande-1-300x225.jpg 300w\" sizes=\"auto, (max-width: 800px) 100vw, 800px\" \/><\/a><\/p>\n<p style=\"text-align: justify;\">Nach <a href=\"http:\/\/flottelottablau.blogspot.de\/2013\/12\/2-turchen.html\" target=\"_blank\">Lottas Einladung<\/a> &amp; Sonjas <a href=\"http:\/\/www.wertvoll-blog.de\/2013\/12\/geburtstagswoche-sternengirlande-diy.html\" target=\"_blank\">sternefunkelnder Geburtstagsparty<\/a> folgt nun noch eine kreative Stippvisite bei der <a href=\"http:\/\/aepfel-presse.de\/wordpress\/?page_id=52\" target=\"_blank\">lieben Tanja<\/a> und ihren <a href=\"http:\/\/zuckersuesseaepfel.blogspot.de\/2013\/12\/weihnachtliche-wimpel-mit-der-insel-der.html\" target=\"_blank\">zuckers\u00fc\u00dfen \u00c4pfeln<\/a>. Die sich bereits in ihrer wohlverdienten Babypause befindet und ganz entspannt die Beine hochlegen kann.<\/p>\n<p><a href=\"http:\/\/www.sabine-seyffert.de\/blog\/wp-content\/uploads\/2013\/12\/Girlande-5.jpg\"><img loading=\"lazy\" decoding=\"async\" class=\"size-full wp-image-3425 aligncenter\" src=\"http:\/\/www.sabine-seyffert.de\/blog\/wp-content\/uploads\/2013\/12\/Girlande-5.jpg\" alt=\"Girlande 5\" width=\"800\" height=\"600\" srcset=\"https:\/\/www.sabine-seyffert.de\/blog\/wp-content\/uploads\/2013\/12\/Girlande-5.jpg 800w, https:\/\/www.sabine-seyffert.de\/blog\/wp-content\/uploads\/2013\/12\/Girlande-5-300x225.jpg 300w\" sizes=\"auto, (max-width: 800px) 100vw, 800px\" \/><\/a><\/p>\n<p style=\"text-align: justify;\">Ach, ich freu mich und ihr euch hoffentlich auch. Denn als kleines Gastgeschenk dabei habe ich ein kinderleichtes DIY, was so kurz vor Weihnachten genau zur richtigen Zeit kommt.<\/p>\n<p style=\"text-align: center;\"><a href=\"http:\/\/www.sabine-seyffert.de\/blog\/wp-content\/uploads\/2013\/12\/Upcycling-1.jpg\"><img loading=\"lazy\" decoding=\"async\" class=\"alignnone size-full wp-image-3427\" src=\"http:\/\/www.sabine-seyffert.de\/blog\/wp-content\/uploads\/2013\/12\/Upcycling-1.jpg\" alt=\"Upcycling 1\" width=\"800\" height=\"600\" srcset=\"https:\/\/www.sabine-seyffert.de\/blog\/wp-content\/uploads\/2013\/12\/Upcycling-1.jpg 800w, https:\/\/www.sabine-seyffert.de\/blog\/wp-content\/uploads\/2013\/12\/Upcycling-1-300x225.jpg 300w\" sizes=\"auto, (max-width: 800px) 100vw, 800px\" \/><\/a><\/p>\n<p style=\"text-align: justify;\">In meinem Fall ist es sogar ein lustiges Upcycling, bei dem ich es geschafft habe, Ostern mit Weihnachten zusammenzubringen. Wie das geht? Na, seht doch selbst!<\/p>\n<p style=\"text-align: center;\"><a href=\"http:\/\/www.sabine-seyffert.de\/blog\/wp-content\/uploads\/2013\/12\/Girlande-6.jpg\"><img loading=\"lazy\" decoding=\"async\" class=\"alignnone size-full wp-image-3426\" src=\"http:\/\/www.sabine-seyffert.de\/blog\/wp-content\/uploads\/2013\/12\/Girlande-6.jpg\" alt=\"Girlande 6\" width=\"800\" height=\"600\" srcset=\"https:\/\/www.sabine-seyffert.de\/blog\/wp-content\/uploads\/2013\/12\/Girlande-6.jpg 800w, https:\/\/www.sabine-seyffert.de\/blog\/wp-content\/uploads\/2013\/12\/Girlande-6-300x225.jpg 300w\" sizes=\"auto, (max-width: 800px) 100vw, 800px\" \/><\/a><\/p>\n<p style=\"text-align: justify;\">Nun wei\u00df ich auch endlich, warum, der Osterhase die Eier kunterbunt einf\u00e4rbt \u2013 damit er an Weihnachten lustige Basteleien damit veranstalten kann. Mit den bunten Eierschalen kann man nicht nur <a href=\"http:\/\/www.sabine-seyffert.de\/blog\/?p=813\">Ostereier<\/a> wunderbar in Szene setzen, sondern ganz herrliche Weihnachtsmuster und Mosaike legen. In meinem Fall war es ein roter Weihnachtsstern.<\/p>\n<p style=\"text-align: justify;\"><a href=\"http:\/\/www.sabine-seyffert.de\/blog\/wp-content\/uploads\/2013\/12\/Girlande-7.jpg\"><img loading=\"lazy\" decoding=\"async\" class=\"alignnone size-full wp-image-3428\" src=\"http:\/\/www.sabine-seyffert.de\/blog\/wp-content\/uploads\/2013\/12\/Girlande-7.jpg\" alt=\"Girlande 7\" width=\"800\" height=\"576\" srcset=\"https:\/\/www.sabine-seyffert.de\/blog\/wp-content\/uploads\/2013\/12\/Girlande-7.jpg 800w, https:\/\/www.sabine-seyffert.de\/blog\/wp-content\/uploads\/2013\/12\/Girlande-7-300x216.jpg 300w\" sizes=\"auto, (max-width: 800px) 100vw, 800px\" \/><\/a><\/p>\n<p style=\"text-align: justify;\">Au\u00dfer den Eierschalen gab es bei mir noch ein anderes Upcycling: edle Sterne aus Buchseiten, damit mein XXL <a href=\"http:\/\/www.sabine-seyffert.de\/blog\/?p=3388\" target=\"_blank\">Sternenstanzer<\/a> nicht auf den Gedanken kommt das Stanzen zu verlernen \ud83d\ude09<\/p>\n<p style=\"text-align: center;\"><a href=\"http:\/\/www.sabine-seyffert.de\/blog\/wp-content\/uploads\/2013\/12\/Girlande-9.jpg\"><img loading=\"lazy\" decoding=\"async\" class=\"alignnone size-full wp-image-3429\" src=\"http:\/\/www.sabine-seyffert.de\/blog\/wp-content\/uploads\/2013\/12\/Girlande-9.jpg\" alt=\"Girlande 9\" width=\"800\" height=\"600\" srcset=\"https:\/\/www.sabine-seyffert.de\/blog\/wp-content\/uploads\/2013\/12\/Girlande-9.jpg 800w, https:\/\/www.sabine-seyffert.de\/blog\/wp-content\/uploads\/2013\/12\/Girlande-9-300x225.jpg 300w\" sizes=\"auto, (max-width: 800px) 100vw, 800px\" \/><\/a><\/p>\n<p style=\"text-align: justify;\">Auch alte Weinkorken habe ich vor dem Wegwerfen gerettet und mit Moosgummi einige Stempel im Mini Format daraus gebastelt.<\/p>\n<p style=\"text-align: center;\"><a href=\"http:\/\/www.sabine-seyffert.de\/blog\/wp-content\/uploads\/2013\/12\/Girlande-10.jpg\"><img loading=\"lazy\" decoding=\"async\" class=\"alignnone size-full wp-image-3430\" src=\"http:\/\/www.sabine-seyffert.de\/blog\/wp-content\/uploads\/2013\/12\/Girlande-10.jpg\" alt=\"Girlande 10\" width=\"800\" height=\"600\" srcset=\"https:\/\/www.sabine-seyffert.de\/blog\/wp-content\/uploads\/2013\/12\/Girlande-10.jpg 800w, https:\/\/www.sabine-seyffert.de\/blog\/wp-content\/uploads\/2013\/12\/Girlande-10-300x225.jpg 300w\" sizes=\"auto, (max-width: 800px) 100vw, 800px\" \/><\/a><\/p>\n<p style=\"text-align: justify;\">Selbst kleine Stoffreste kamen zum Einsatz wie beispielsweise als kleiner Tannenbaum, der die weihnachtliche Girlande nun ziert.<\/p>\n<p style=\"text-align: justify;\">Wer wissen m\u00f6chte <em>wie<\/em> genau man diese Girlande bastelt und <em>was<\/em> man dazu sonst noch alles ben\u00f6tigt, h\u00fcpft einfach mal zu <a href=\"http:\/\/zuckersuesseaepfel.blogspot.de\/2013\/12\/weihnachtliche-wimpel-mit-der-insel-der.html\" target=\"_blank\">Tanja<\/a> hin\u00fcber und findet dort alle n\u00f6tigen Infos. Viel Spa\u00df beim weihnachtlichen Nachwerkeln!<\/p>\n<p style=\"text-align: center;\"><a href=\"http:\/\/www.sabine-seyffert.de\/blog\/wp-content\/uploads\/2013\/12\/Girlande-8.jpg\"><img loading=\"lazy\" decoding=\"async\" class=\"alignnone size-full wp-image-3431\" src=\"http:\/\/www.sabine-seyffert.de\/blog\/wp-content\/uploads\/2013\/12\/Girlande-8.jpg\" alt=\"Girlande 8\" width=\"800\" height=\"545\" srcset=\"https:\/\/www.sabine-seyffert.de\/blog\/wp-content\/uploads\/2013\/12\/Girlande-8.jpg 800w, https:\/\/www.sabine-seyffert.de\/blog\/wp-content\/uploads\/2013\/12\/Girlande-8-300x204.jpg 300w\" sizes=\"auto, (max-width: 800px) 100vw, 800px\" \/><\/a><\/p>\n<p>PS: Weiteres zur Weihnachtszeit gibt <a href=\"http:\/\/www.sabine-seyffert.de\/blog\/?cat=41\" target=\"_blank\">hier<\/a> und weihnachtliche Werkelideen ab morgen <a href=\"http:\/\/www.creadienstag.de\/2013\/12\/104.html\" target=\"_blank\">hier<\/a>!<\/p>\n<p><a href=\"http:\/\/www.sabine-seyffert.de\/blog\/?page_id=32#urheberrecht\">urheberrechtlich gesch\u00fctzt<\/a>, \u00a9 Sabine Seyffert<\/p>\n","protected":false},"excerpt":{"rendered":"<p>In der Weihnachtszeit habe ich nicht nur selber ausgesprochen gerne Besuch, sondern freu mich gerade dann besonders \u00fcber Einladungen. Und solche erreichen mich im Moment recht oft \ud83d\ude42 Nach Lottas Einladung &amp; Sonjas sternefunkelnder Geburtstagsparty folgt nun noch eine kreative Stippvisite bei der lieben Tanja und ihren zuckers\u00fc\u00dfen \u00c4pfeln. Die sich bereits in ihrer wohlverdienten&#8230; <a href=\"https:\/\/www.sabine-seyffert.de\/blog\/weihnachtliches-diy-als-gastgeschenk\/\" class=\"more-link\">Read more: Weihnachtliches DIY als Gastgeschenk<\/a><\/p>\n","protected":false},"author":2,"featured_media":0,"comment_status":"open","ping_status":"open","sticky":false,"template":"","format":"standard","meta":{"_metis_text_type":"","_metis_text_length":1905,"_post_count":0,"footnotes":""},"categories":[41,12,42],"tags":[],"class_list":["post-3423","post","type-post","status-publish","format-standard","hentry","category-weihnachten","category-deko-ideen","category-zu-gast-bei"],"_links":{"self":[{"href":"https:\/\/www.sabine-seyffert.de\/blog\/wp-json\/wp\/v2\/posts\/3423","targetHints":{"allow":["GET"]}}],"collection":[{"href":"https:\/\/www.sabine-seyffert.de\/blog\/wp-json\/wp\/v2\/posts"}],"about":[{"href":"https:\/\/www.sabine-seyffert.de\/blog\/wp-json\/wp\/v2\/types\/post"}],"author":[{"embeddable":true,"href":"https:\/\/www.sabine-seyffert.de\/blog\/wp-json\/wp\/v2\/users\/2"}],"replies":[{"embeddable":true,"href":"https:\/\/www.sabine-seyffert.de\/blog\/wp-json\/wp\/v2\/comments?post=3423"}],"version-history":[{"count":15,"href":"https:\/\/www.sabine-seyffert.de\/blog\/wp-json\/wp\/v2\/posts\/3423\/revisions"}],"predecessor-version":[{"id":9780,"href":"https:\/\/www.sabine-seyffert.de\/blog\/wp-json\/wp\/v2\/posts\/3423\/revisions\/9780"}],"wp:attachment":[{"href":"https:\/\/www.sabine-seyffert.de\/blog\/wp-json\/wp\/v2\/media?parent=3423"}],"wp:term":[{"taxonomy":"category","embeddable":true,"href":"https:\/\/www.sabine-seyffert.de\/blog\/wp-json\/wp\/v2\/categories?post=3423"},{"taxonomy":"post_tag","embeddable":true,"href":"https:\/\/www.sabine-seyffert.de\/blog\/wp-json\/wp\/v2\/tags?post=3423"}],"curies":[{"name":"wp","href":"https:\/\/api.w.org\/{rel}","templated":true}]}}