{"id":340,"date":"2013-02-09T10:49:09","date_gmt":"2013-02-09T08:49:09","guid":{"rendered":"http:\/\/www.sabine-seyffert.de\/blog\/?p=340"},"modified":"2017-03-06T20:56:09","modified_gmt":"2017-03-06T18:56:09","slug":"peppige-tischdeko","status":"publish","type":"post","link":"https:\/\/www.sabine-seyffert.de\/blog\/peppige-tischdeko\/","title":{"rendered":"Peppige Tischdeko"},"content":{"rendered":"<p style=\"text-align: justify;\"><img loading=\"lazy\" decoding=\"async\" src=\"https:\/\/ssl-vg03.met.vgwort.de\/na\/dcf330451913433998aee5af1b3009e9\" alt=\"\" width=\"1\" height=\"1\" \/><strong>Das wird gebraucht:<\/strong> Eine leere, gesp\u00fclte Konservendose ohne Deckel, bunter Tonkarton, Klebstoff, eine Schere, eine Zackenschere, etwas Kordel oder Geschenkband, buntes Konfetti<\/p>\n<p><a href=\"http:\/\/www.sabine-seyffert.de\/blog\/wp-content\/uploads\/2013\/02\/Dose-Copy-2.jpg\"><img loading=\"lazy\" decoding=\"async\" class=\"size-full wp-image-341 aligncenter\" src=\"http:\/\/www.sabine-seyffert.de\/blog\/wp-content\/uploads\/2013\/02\/Dose-Copy-2.jpg\" alt=\"Dose Copy 2\" width=\"490\" height=\"367\" srcset=\"https:\/\/www.sabine-seyffert.de\/blog\/wp-content\/uploads\/2013\/02\/Dose-Copy-2.jpg 800w, https:\/\/www.sabine-seyffert.de\/blog\/wp-content\/uploads\/2013\/02\/Dose-Copy-2-300x225.jpg 300w\" sizes=\"auto, (max-width: 490px) 100vw, 490px\" \/><\/a><\/p>\n<p style=\"text-align: justify;\"><strong>So wird\u2019s gemacht:<\/strong><br \/>\nKarneval ist bunt, da ist es doch sch\u00f6n, wenn die Tischdekoration ebenso bunt und fr\u00f6hlich ist, wie der Anlass und die Feier an sich. Hierzu muss man keine teueren Accessoires besorgen und sich m\u00fchsam zusammensuchen. Das schafft jeder und das meiste Material hat man sicher auch daheim. Hervorragend eignen sich alte Konservendosen. Von diesen schneidet man den oberen Deckel beim \u00d6ffnen mit Hilfe des Dosen\u00f6ffners komplett ab. Nun sp\u00fclt man dies Dose, sie ansonsten immer in den M\u00fcll wandert einfach gut aus. Ist alles getrocknet hei\u00dft es \u2013 her damit! Denn die Konservendose l\u00e4sst sich mit wenig Aufwand in eine frech-fr\u00f6hliche Tischdeko verwandeln: Mit Hilfe einer Schere schneidet man aus dem Tonkarton einen Streifen ab, der sich um die leere Konservendose rollen und kleben l\u00e4sst. Vom oberen Rand schneidet man einen kleinen Streifen mit der Zackenschere ab, so dass ein gezackter Rand entsteht. Ebenso k\u00f6nnte man dies mit einer Wellenschere machen oder auch per Hand kleine Muster in den oberen Rand schneiden.<\/p>\n<p style=\"text-align: justify;\"><a href=\"http:\/\/www.sabine-seyffert.de\/blog\/wp-content\/uploads\/2013\/02\/Dose-Copy-1.jpg\"><img loading=\"lazy\" decoding=\"async\" class=\"size-full wp-image-342 aligncenter\" src=\"http:\/\/www.sabine-seyffert.de\/blog\/wp-content\/uploads\/2013\/02\/Dose-Copy-1.jpg\" alt=\"Dose Copy 1\" width=\"450\" height=\"613\" srcset=\"https:\/\/www.sabine-seyffert.de\/blog\/wp-content\/uploads\/2013\/02\/Dose-Copy-1.jpg 548w, https:\/\/www.sabine-seyffert.de\/blog\/wp-content\/uploads\/2013\/02\/Dose-Copy-1-220x300.jpg 220w\" sizes=\"auto, (max-width: 450px) 100vw, 450px\" \/><\/a><br \/>\nNun bestreicht man den Streifen Tonkarton der gesamten L\u00e4nge nach d\u00fcnn mit Klebstoff. Ich habe hierf\u00fcr einen Klebestift genommen, da dieser nicht tropft und somit auch beim Kleben nichts so schnell verrutscht. Ist der Kleber aufgetragen streut man reichlich (!) Konfetti darauf und schaut das dieses m\u00f6glichst gleichm\u00e4\u00dfig verteilt ist. Am besten l\u00e4sst man dies einen Moment trocknen. Mit dem Klebstift geht das recht flott, ansonsten kann man den beklebten Tonkartonstreifen auch einen Moment auf die Heizung legen.<br \/>\nH\u00e4lt das Konfetti und der Kleber ist trocken, klebt man diesen Streifen Tonkarton um die Konservendose. Wer mag kann zum besseren Halt die Dose mit noch etwas Kordel umwickeln oder mit Geschenkband eine bunte Schleife darauf setzten \u2013 fertig!<br \/>\nNun fehlt nur noch eine leckere Knabberei: Salzige Brezeln, Weingummi oder eine handvoll Salzstangen hineinf\u00fcllen und auf den gedeckten Tisch stellen. In jedem Fall ist dies ein netter Augenfang, der gute Laune macht.<\/p>\n<p><a href=\"http:\/\/www.sabine-seyffert.de\/blog\/?page_id=32#urheberrecht\">urherrechtlich gesch\u00fctzt<\/a>, \u00a9 Sabine Seyffert<\/p>\n","protected":false},"excerpt":{"rendered":"<p>Das wird gebraucht: Eine leere, gesp\u00fclte Konservendose ohne Deckel, bunter Tonkarton, Klebstoff, eine Schere, eine Zackenschere, etwas Kordel oder Geschenkband, buntes Konfetti So wird\u2019s gemacht: Karneval ist bunt, da ist es doch sch\u00f6n, wenn die Tischdekoration ebenso bunt und fr\u00f6hlich ist, wie der Anlass und die Feier an sich. Hierzu muss man keine teueren Accessoires&#8230; <a href=\"https:\/\/www.sabine-seyffert.de\/blog\/peppige-tischdeko\/\" class=\"more-link\">Read more: Peppige Tischdeko<\/a><\/p>\n","protected":false},"author":1,"featured_media":0,"comment_status":"open","ping_status":"open","sticky":false,"template":"","format":"standard","meta":{"_metis_text_type":"","_metis_text_length":2233,"_post_count":0,"footnotes":""},"categories":[12,26,21,47],"tags":[],"class_list":["post-340","post","type-post","status-publish","format-standard","hentry","category-deko-ideen","category-karneval","category-kinderfeste-partys","category-upcyceltes"],"_links":{"self":[{"href":"https:\/\/www.sabine-seyffert.de\/blog\/wp-json\/wp\/v2\/posts\/340","targetHints":{"allow":["GET"]}}],"collection":[{"href":"https:\/\/www.sabine-seyffert.de\/blog\/wp-json\/wp\/v2\/posts"}],"about":[{"href":"https:\/\/www.sabine-seyffert.de\/blog\/wp-json\/wp\/v2\/types\/post"}],"author":[{"embeddable":true,"href":"https:\/\/www.sabine-seyffert.de\/blog\/wp-json\/wp\/v2\/users\/1"}],"replies":[{"embeddable":true,"href":"https:\/\/www.sabine-seyffert.de\/blog\/wp-json\/wp\/v2\/comments?post=340"}],"version-history":[{"count":9,"href":"https:\/\/www.sabine-seyffert.de\/blog\/wp-json\/wp\/v2\/posts\/340\/revisions"}],"predecessor-version":[{"id":9926,"href":"https:\/\/www.sabine-seyffert.de\/blog\/wp-json\/wp\/v2\/posts\/340\/revisions\/9926"}],"wp:attachment":[{"href":"https:\/\/www.sabine-seyffert.de\/blog\/wp-json\/wp\/v2\/media?parent=340"}],"wp:term":[{"taxonomy":"category","embeddable":true,"href":"https:\/\/www.sabine-seyffert.de\/blog\/wp-json\/wp\/v2\/categories?post=340"},{"taxonomy":"post_tag","embeddable":true,"href":"https:\/\/www.sabine-seyffert.de\/blog\/wp-json\/wp\/v2\/tags?post=340"}],"curies":[{"name":"wp","href":"https:\/\/api.w.org\/{rel}","templated":true}]}}