{"id":3388,"date":"2013-12-10T07:41:16","date_gmt":"2013-12-10T05:41:16","guid":{"rendered":"http:\/\/www.sabine-seyffert.de\/blog\/?p=3388"},"modified":"2017-03-03T19:17:11","modified_gmt":"2017-03-03T17:17:11","slug":"viele-sterne-nur-fur-dich","status":"publish","type":"post","link":"https:\/\/www.sabine-seyffert.de\/blog\/viele-sterne-nur-fur-dich\/","title":{"rendered":"Viele Sterne, nur f\u00fcr dich"},"content":{"rendered":"<p style=\"text-align: justify;\"><img loading=\"lazy\" decoding=\"async\" src=\"https:\/\/ssl-vg03.met.vgwort.de\/na\/81af146e2a394d82bb046a4543e8279a\" alt=\"\" width=\"1\" height=\"1\" \/>Nachdem ich beim Weihnachtsbasteln in der Schule nicht nur kleine sondern auch gro\u00dfe Leute mit <a href=\"http:\/\/www.sabine-seyffert.de\/blog\/?p=3339\" target=\"_blank\">meinen Sternenketten<\/a> verzaubert habe, haben wir in der letzten Woche ein spontanes Nikolausbasteln veranstaltet. Also allerhand Papier, Stanzer, N\u00e4hmaschine und weiteres Material gepackt sowie einen Teller mit selbstgemachten Weihnachtspl\u00e4tzchen. Voll beladen wie <a href=\"http:\/\/www.sabine-seyffert.de\/blog\/?p=3354\" target=\"_blank\">der Nikolaus<\/a> wanderten wir durch die Nachbarschaft.<\/p>\n<p><a href=\"http:\/\/www.sabine-seyffert.de\/blog\/wp-content\/uploads\/2013\/12\/Name-1.jpg\"><img loading=\"lazy\" decoding=\"async\" class=\"size-full wp-image-3389 aligncenter\" src=\"http:\/\/www.sabine-seyffert.de\/blog\/wp-content\/uploads\/2013\/12\/Name-1.jpg\" alt=\"Name 1\" width=\"600\" height=\"800\" srcset=\"https:\/\/www.sabine-seyffert.de\/blog\/wp-content\/uploads\/2013\/12\/Name-1.jpg 600w, https:\/\/www.sabine-seyffert.de\/blog\/wp-content\/uploads\/2013\/12\/Name-1-225x300.jpg 225w\" sizes=\"auto, (max-width: 600px) 100vw, 600px\" \/><\/a><\/p>\n<p style=\"text-align: justify;\">Auf dem Tisch sammelten sich zahlreiche Bastelmaterialien. Von den vielen Kindern wurde fr\u00f6hlich gestanzt. Stern f\u00fcr Stern sammelte sich an und jeder stellte f\u00fcr sich seine eigene <a href=\"http:\/\/www.sabine-seyffert.de\/blog\/?p=3339\" target=\"_blank\">Sternenkette<\/a> zusammen. Weil es deutlich schneller geht, flatterte Stern nach Stern durch meine N\u00e4hmaschine\u2026<\/p>\n<p style=\"text-align: center;\"><a href=\"http:\/\/www.sabine-seyffert.de\/blog\/wp-content\/uploads\/2013\/12\/Name-2.jpg\"><img loading=\"lazy\" decoding=\"async\" class=\"alignnone size-full wp-image-3390\" src=\"http:\/\/www.sabine-seyffert.de\/blog\/wp-content\/uploads\/2013\/12\/Name-2.jpg\" alt=\"Name 2\" width=\"600\" height=\"800\" srcset=\"https:\/\/www.sabine-seyffert.de\/blog\/wp-content\/uploads\/2013\/12\/Name-2.jpg 600w, https:\/\/www.sabine-seyffert.de\/blog\/wp-content\/uploads\/2013\/12\/Name-2-225x300.jpg 225w\" sizes=\"auto, (max-width: 600px) 100vw, 600px\" \/><\/a><\/p>\n<p style=\"text-align: justify;\">Eine Kette nach der n\u00e4chsten schm\u00fcckten bereits Fenster und T\u00fcr. Bis meine Freundin meinte, sie br\u00e4uchte dringend noch ein paar Girlanden als Geschenk. Wir t\u00fcftelten eine Weile mit verschiedenen Farben, Formen und Material herum und \u2013 zack \u2013 hatten wir gemeinsam eine Namensgirlande kreiert, die sogar ein bisschen weihnachtlich ist.<\/p>\n<p style=\"text-align: center;\"><a href=\"http:\/\/www.sabine-seyffert.de\/blog\/wp-content\/uploads\/2013\/12\/Name-3.jpg\"><img loading=\"lazy\" decoding=\"async\" class=\"alignnone size-full wp-image-3391\" src=\"http:\/\/www.sabine-seyffert.de\/blog\/wp-content\/uploads\/2013\/12\/Name-3.jpg\" alt=\"Name 3\" width=\"600\" height=\"800\" srcset=\"https:\/\/www.sabine-seyffert.de\/blog\/wp-content\/uploads\/2013\/12\/Name-3.jpg 600w, https:\/\/www.sabine-seyffert.de\/blog\/wp-content\/uploads\/2013\/12\/Name-3-225x300.jpg 225w\" sizes=\"auto, (max-width: 600px) 100vw, 600px\" \/><\/a><\/p>\n<p style=\"text-align: justify;\"><strong>Das wird gebraucht:<\/strong><br \/>\nEine Sternvorlage (in unserem Fall der viel genutzte Motivstanzer Stern XXL in 7,5 cm), Mini Sternlocher, wei\u00dfer Tonkarton, Kreisstanzer 2,5 cm Durchmesser, farbiges Tonpapier, Buchstabenstempel, Stempelkissen, Klebstift<\/p>\n<p style=\"text-align: center;\"><a href=\"http:\/\/www.sabine-seyffert.de\/blog\/wp-content\/uploads\/2013\/12\/Name-4.jpg\"><img loading=\"lazy\" decoding=\"async\" class=\"alignnone size-full wp-image-3392\" src=\"http:\/\/www.sabine-seyffert.de\/blog\/wp-content\/uploads\/2013\/12\/Name-4.jpg\" alt=\"Name 4\" width=\"800\" height=\"600\" srcset=\"https:\/\/www.sabine-seyffert.de\/blog\/wp-content\/uploads\/2013\/12\/Name-4.jpg 800w, https:\/\/www.sabine-seyffert.de\/blog\/wp-content\/uploads\/2013\/12\/Name-4-300x225.jpg 300w\" sizes=\"auto, (max-width: 800px) 100vw, 800px\" \/><\/a><\/p>\n<p style=\"text-align: justify;\"><strong>So wird\u2019s gemacht:<\/strong><br \/>\nAuf dem wei\u00dfen Tonkarton stanzt man so viele Sterne, wie man f\u00fcr den gew\u00fcnschten Namen ben\u00f6tigt. In gleicher St\u00fcckzahl stanzt man wei\u00dfe Mini Sterne aus sowie doppelt so viele, farbige Kreise.<br \/>\nAls erstes n\u00e4ht man die Sterne mit Hilfe der N\u00e4hmaschine zusammen. Daf\u00fcr zieht man etwa 10 cm Garn heraus um daraus sp\u00e4ter eine Aufh\u00e4ngung machen zu k\u00f6nnen.<\/p>\n<p style=\"text-align: center;\"><a href=\"http:\/\/www.sabine-seyffert.de\/blog\/wp-content\/uploads\/2013\/12\/Name-5.jpg\"><img loading=\"lazy\" decoding=\"async\" class=\"alignnone size-full wp-image-3393\" src=\"http:\/\/www.sabine-seyffert.de\/blog\/wp-content\/uploads\/2013\/12\/Name-5.jpg\" alt=\"Name 5\" width=\"600\" height=\"800\" srcset=\"https:\/\/www.sabine-seyffert.de\/blog\/wp-content\/uploads\/2013\/12\/Name-5.jpg 600w, https:\/\/www.sabine-seyffert.de\/blog\/wp-content\/uploads\/2013\/12\/Name-5-225x300.jpg 225w\" sizes=\"auto, (max-width: 600px) 100vw, 600px\" \/><\/a><\/p>\n<p style=\"text-align: justify;\">Dann legt man Stern f\u00fcr Stern mit kleinem Abstand unter die Maschine und schneidet nach dem letzten Stern das Garn b\u00fcndig ab.<br \/>\nNun stempelt man jeweils einen Buchstaben des Namens auf die farbigen Kreise. Das macht man am besten <span style=\"text-decoration: underline;\">vor<\/span> dem Aufkleben, da man so notfalls die R\u00fcckseite zum Stempeln nutzen kann, falls beim Stempeln etwas verschmiert.<br \/>\nAuf die restlichen Kreise klebt man mittig einen kleinen, wei\u00dfen Stern.<\/p>\n<p style=\"text-align: center;\"><a href=\"http:\/\/www.sabine-seyffert.de\/blog\/wp-content\/uploads\/2013\/12\/Name-6.jpg\"><img loading=\"lazy\" decoding=\"async\" class=\"alignnone size-full wp-image-3394\" src=\"http:\/\/www.sabine-seyffert.de\/blog\/wp-content\/uploads\/2013\/12\/Name-6.jpg\" alt=\"Name 6\" width=\"800\" height=\"600\" srcset=\"https:\/\/www.sabine-seyffert.de\/blog\/wp-content\/uploads\/2013\/12\/Name-6.jpg 800w, https:\/\/www.sabine-seyffert.de\/blog\/wp-content\/uploads\/2013\/12\/Name-6-300x225.jpg 300w\" sizes=\"auto, (max-width: 800px) 100vw, 800px\" \/><\/a><\/p>\n<p style=\"text-align: justify;\">Anschlie\u00dfend klebt man auf die Vorderseite der ans Garn gen\u00e4hten Sterne die Kreise mit Buchstaben, so dass diese den Vornamen ergeben. Auf die R\u00fcckseite der Sternenkette klebt man die restlichen Kreise, die mit den kleinen Sternen beklebt wurden.<\/p>\n<p style=\"text-align: center;\"><a href=\"http:\/\/www.sabine-seyffert.de\/blog\/wp-content\/uploads\/2013\/12\/Name-65.jpg\"><img loading=\"lazy\" decoding=\"async\" class=\"alignnone size-full wp-image-3395\" src=\"http:\/\/www.sabine-seyffert.de\/blog\/wp-content\/uploads\/2013\/12\/Name-65.jpg\" alt=\"Name 6,5\" width=\"600\" height=\"800\" srcset=\"https:\/\/www.sabine-seyffert.de\/blog\/wp-content\/uploads\/2013\/12\/Name-65.jpg 600w, https:\/\/www.sabine-seyffert.de\/blog\/wp-content\/uploads\/2013\/12\/Name-65-225x300.jpg 225w\" sizes=\"auto, (max-width: 600px) 100vw, 600px\" \/><\/a><\/p>\n<p style=\"text-align: justify;\"><strong>Ein kleiner Tipp:<\/strong><br \/>\nWer keine N\u00e4hmaschine besitzt, kann die Sterne auch jeweils doppelt stanzen und dazwischen, wie <a href=\"http:\/\/www.sabine-seyffert.de\/blog\/?p=2726\" target=\"_blank\">hier<\/a> oder <a href=\"http:\/\/www.sabine-seyffert.de\/blog\/?p=3339\" target=\"_blank\">hier<\/a>, etwas Garn oder Satinband kleben.<\/p>\n<p style=\"text-align: center;\"><a href=\"http:\/\/www.sabine-seyffert.de\/blog\/wp-content\/uploads\/2013\/12\/Name-7.jpg\"><img loading=\"lazy\" decoding=\"async\" class=\"alignnone size-full wp-image-3396\" src=\"http:\/\/www.sabine-seyffert.de\/blog\/wp-content\/uploads\/2013\/12\/Name-7.jpg\" alt=\"Name 7\" width=\"800\" height=\"600\" srcset=\"https:\/\/www.sabine-seyffert.de\/blog\/wp-content\/uploads\/2013\/12\/Name-7.jpg 800w, https:\/\/www.sabine-seyffert.de\/blog\/wp-content\/uploads\/2013\/12\/Name-7-300x225.jpg 300w\" sizes=\"auto, (max-width: 800px) 100vw, 800px\" \/><\/a><\/p>\n<p>An <a href=\"http:\/\/www.creadienstag.de\/2013\/12\/103.html\" target=\"_blank\">diesem Ort<\/a> tummeln sich bestimmt auch diesen Dienstag wieder zahlreiche Ideen!<\/p>\n<p><a href=\"http:\/\/www.sabine-seyffert.de\/blog\/?page_id=32#urheberrecht\">urheberrechtlich gesch\u00fctzt<\/a>, \u00a9 Sabine Seyffert<\/p>\n","protected":false},"excerpt":{"rendered":"<p>Nachdem ich beim Weihnachtsbasteln in der Schule nicht nur kleine sondern auch gro\u00dfe Leute mit meinen Sternenketten verzaubert habe, haben wir in der letzten Woche ein spontanes Nikolausbasteln veranstaltet. Also allerhand Papier, Stanzer, N\u00e4hmaschine und weiteres Material gepackt sowie einen Teller mit selbstgemachten Weihnachtspl\u00e4tzchen. Voll beladen wie der Nikolaus wanderten wir durch die Nachbarschaft. Auf&#8230; <a href=\"https:\/\/www.sabine-seyffert.de\/blog\/viele-sterne-nur-fur-dich\/\" class=\"more-link\">Read more: Viele Sterne, nur f\u00fcr dich<\/a><\/p>\n","protected":false},"author":2,"featured_media":0,"comment_status":"open","ping_status":"open","sticky":false,"template":"","format":"standard","meta":{"_metis_text_type":"","_metis_text_length":2597,"_post_count":0,"footnotes":""},"categories":[41,12,36],"tags":[],"class_list":["post-3388","post","type-post","status-publish","format-standard","hentry","category-weihnachten","category-deko-ideen","category-klitzekleine-geschenkideen"],"_links":{"self":[{"href":"https:\/\/www.sabine-seyffert.de\/blog\/wp-json\/wp\/v2\/posts\/3388","targetHints":{"allow":["GET"]}}],"collection":[{"href":"https:\/\/www.sabine-seyffert.de\/blog\/wp-json\/wp\/v2\/posts"}],"about":[{"href":"https:\/\/www.sabine-seyffert.de\/blog\/wp-json\/wp\/v2\/types\/post"}],"author":[{"embeddable":true,"href":"https:\/\/www.sabine-seyffert.de\/blog\/wp-json\/wp\/v2\/users\/2"}],"replies":[{"embeddable":true,"href":"https:\/\/www.sabine-seyffert.de\/blog\/wp-json\/wp\/v2\/comments?post=3388"}],"version-history":[{"count":10,"href":"https:\/\/www.sabine-seyffert.de\/blog\/wp-json\/wp\/v2\/posts\/3388\/revisions"}],"predecessor-version":[{"id":9782,"href":"https:\/\/www.sabine-seyffert.de\/blog\/wp-json\/wp\/v2\/posts\/3388\/revisions\/9782"}],"wp:attachment":[{"href":"https:\/\/www.sabine-seyffert.de\/blog\/wp-json\/wp\/v2\/media?parent=3388"}],"wp:term":[{"taxonomy":"category","embeddable":true,"href":"https:\/\/www.sabine-seyffert.de\/blog\/wp-json\/wp\/v2\/categories?post=3388"},{"taxonomy":"post_tag","embeddable":true,"href":"https:\/\/www.sabine-seyffert.de\/blog\/wp-json\/wp\/v2\/tags?post=3388"}],"curies":[{"name":"wp","href":"https:\/\/api.w.org\/{rel}","templated":true}]}}