{"id":3339,"date":"2013-12-03T21:28:20","date_gmt":"2013-12-03T19:28:20","guid":{"rendered":"http:\/\/www.sabine-seyffert.de\/blog\/?p=3339"},"modified":"2017-03-03T19:20:11","modified_gmt":"2017-03-03T17:20:11","slug":"ganz-viele-bunte-sterne","status":"publish","type":"post","link":"https:\/\/www.sabine-seyffert.de\/blog\/ganz-viele-bunte-sterne\/","title":{"rendered":"Ganz viele bunte Sterne"},"content":{"rendered":"<p style=\"text-align: center;\"><img loading=\"lazy\" decoding=\"async\" src=\"https:\/\/ssl-vg03.met.vgwort.de\/na\/8576e4ebc8224f76b1919a7c51e80e13\" alt=\"\" width=\"1\" height=\"1\" \/><a href=\"http:\/\/www.sabine-seyffert.de\/blog\/wp-content\/uploads\/2013\/12\/Sternenkette-2.jpg\"><img loading=\"lazy\" decoding=\"async\" class=\"alignnone size-full wp-image-3340\" src=\"http:\/\/www.sabine-seyffert.de\/blog\/wp-content\/uploads\/2013\/12\/Sternenkette-2.jpg\" alt=\"Sternenkette 2\" width=\"800\" height=\"600\" srcset=\"https:\/\/www.sabine-seyffert.de\/blog\/wp-content\/uploads\/2013\/12\/Sternenkette-2.jpg 800w, https:\/\/www.sabine-seyffert.de\/blog\/wp-content\/uploads\/2013\/12\/Sternenkette-2-300x225.jpg 300w\" sizes=\"auto, (max-width: 800px) 100vw, 800px\" \/><\/a><\/p>\n<p style=\"text-align: justify;\">Wie gut, dass die <a href=\"http:\/\/www.sabine-seyffert.de\/blog\/?p=3304\" target=\"_blank\">Weihnachtspost schon verschickt<\/a> und allerhand <a href=\"http:\/\/www.sabine-seyffert.de\/blog\/?p=3318\" target=\"_blank\">Weihnachtspl\u00e4tzchen<\/a> bereits gebacken sind. Denn kaum hat der Dezember begonnen, so folgt ein Termin dem n\u00e4chsten.<\/p>\n<p style=\"text-align: center;\"><a href=\"http:\/\/www.sabine-seyffert.de\/blog\/wp-content\/uploads\/2013\/12\/Sternenkette-3.jpg\"><img loading=\"lazy\" decoding=\"async\" class=\"alignnone size-full wp-image-3341\" src=\"http:\/\/www.sabine-seyffert.de\/blog\/wp-content\/uploads\/2013\/12\/Sternenkette-3.jpg\" alt=\"Sternenkette 3\" width=\"800\" height=\"682\" srcset=\"https:\/\/www.sabine-seyffert.de\/blog\/wp-content\/uploads\/2013\/12\/Sternenkette-3.jpg 800w, https:\/\/www.sabine-seyffert.de\/blog\/wp-content\/uploads\/2013\/12\/Sternenkette-3-300x255.jpg 300w\" sizes=\"auto, (max-width: 800px) 100vw, 800px\" \/><\/a><\/p>\n<p style=\"text-align: justify;\">Nach einer Einladung am ersten Advent bei lieben Freunden, war ich gestern bei <a href=\"http:\/\/flottelottablau.blogspot.de\/2013\/12\/2-turchen.html\" target=\"_blank\">Lotta<\/a> zu Gast und bin auch heute schon wieder unterwegs. Sonja feiert mit ihrem <a href=\"http:\/\/www.wertvoll-blog.de\/2013\/12\/geburtstagswoche-sternengirlande-diy.html\" target=\"_blank\">Blog Wert-voll<\/a> Geburtstag. Daher habe ich mich riesig \u00fcber ihre Einladung gefreut und mir eine kreative Werkelei ausgedacht, die nicht nur zu einem lustigen Geburtstagsfest passt, sondern ebenso gut in die Weihnachtszeit.<\/p>\n<p style=\"text-align: center;\"><a href=\"http:\/\/www.sabine-seyffert.de\/blog\/wp-content\/uploads\/2013\/12\/Sternenkette-6.jpg\"><img loading=\"lazy\" decoding=\"async\" class=\"alignnone size-full wp-image-3342\" src=\"http:\/\/www.sabine-seyffert.de\/blog\/wp-content\/uploads\/2013\/12\/Sternenkette-6.jpg\" alt=\"Sternenkette 6\" width=\"600\" height=\"800\" srcset=\"https:\/\/www.sabine-seyffert.de\/blog\/wp-content\/uploads\/2013\/12\/Sternenkette-6.jpg 600w, https:\/\/www.sabine-seyffert.de\/blog\/wp-content\/uploads\/2013\/12\/Sternenkette-6-225x300.jpg 225w\" sizes=\"auto, (max-width: 600px) 100vw, 600px\" \/><\/a><\/p>\n<p style=\"text-align: justify;\">Diese kinderleichten Sternenketten sind wirklich ganz schnell gemacht. Spontan hatte ich diese Idee bei einer weihnachtlichen Bastelaktion gestern in der Schule angeboten. Die bunten Sternengirlanden waren so beliebt, dass die Kinder der ersten Klassen munter ein ganzes Sternenmeer in verschiedenen Gr\u00f6\u00dfen aus bunten Papierresten gestanzt haben. Ein kunterbuntes Upcycling, was selbst Kinder ohne gro\u00dfe Hilfe umsetzen k\u00f6nnen. Unz\u00e4hlige dieser bunten Girlanden schm\u00fccken nun auch dort die R\u00e4ume. Leider habe ich vor lauter Basteleifer vergessen Fotos zu machen. In jedem Fall gefiel diese Idee allen ausgesprochen gut.<\/p>\n<p style=\"text-align: center;\"><a href=\"http:\/\/www.sabine-seyffert.de\/blog\/wp-content\/uploads\/2013\/12\/Sternenkette-7.jpg\"><img loading=\"lazy\" decoding=\"async\" class=\"alignnone size-full wp-image-3343\" src=\"http:\/\/www.sabine-seyffert.de\/blog\/wp-content\/uploads\/2013\/12\/Sternenkette-7.jpg\" alt=\"Sternenkette 7\" width=\"517\" height=\"800\" srcset=\"https:\/\/www.sabine-seyffert.de\/blog\/wp-content\/uploads\/2013\/12\/Sternenkette-7.jpg 517w, https:\/\/www.sabine-seyffert.de\/blog\/wp-content\/uploads\/2013\/12\/Sternenkette-7-193x300.jpg 193w\" sizes=\"auto, (max-width: 517px) 100vw, 517px\" \/><\/a><\/p>\n<p style=\"text-align: justify;\">Alternativ kann man die Sterne nat\u00fcrlich auch aus Glanzpapier, Goldfolie o.\u00e4. herstellen, f\u00fcr diejenigen, die es nicht so bunt m\u00f6gen. Der Fantasie sind hierbei keine Grenzen gesetzt. Ebenso kann man die Sterne auch in unterschiedlichen Gr\u00f6\u00dfen als Girlande verarbeiten oder leicht versetzt doppelt legen. In dem Fall klappt es sogar mit d\u00fcnnem Transparentpapier, wie gestern in der Schule ausprobiert. So sieht es auch als Fensterschmuck sehr dekorativ aus.<\/p>\n<p style=\"text-align: center;\"><a href=\"http:\/\/www.sabine-seyffert.de\/blog\/wp-content\/uploads\/2013\/12\/Sternenkette-silber-1.jpg\"><img loading=\"lazy\" decoding=\"async\" class=\"alignnone size-full wp-image-3344\" src=\"http:\/\/www.sabine-seyffert.de\/blog\/wp-content\/uploads\/2013\/12\/Sternenkette-silber-1.jpg\" alt=\"Sternenkette silber 1\" width=\"800\" height=\"600\" srcset=\"https:\/\/www.sabine-seyffert.de\/blog\/wp-content\/uploads\/2013\/12\/Sternenkette-silber-1.jpg 800w, https:\/\/www.sabine-seyffert.de\/blog\/wp-content\/uploads\/2013\/12\/Sternenkette-silber-1-300x225.jpg 300w\" sizes=\"auto, (max-width: 800px) 100vw, 800px\" \/><\/a><\/p>\n<p style=\"text-align: justify;\">Die detaillierte Anleitung gibt es als Gastbeitrag von mir bei Sonja, der ich auf diesem Wege noch einmal ganz herzlich f\u00fcr die nette Einladung zur Geburtstagsfeier danke!<\/p>\n<p style=\"text-align: center;\"><a href=\"http:\/\/www.sabine-seyffert.de\/blog\/wp-content\/uploads\/2013\/12\/Sternenkette-silber-3.jpg\"><img loading=\"lazy\" decoding=\"async\" class=\"alignnone size-full wp-image-3346\" src=\"http:\/\/www.sabine-seyffert.de\/blog\/wp-content\/uploads\/2013\/12\/Sternenkette-silber-3.jpg\" alt=\"Sternenkette silber 3\" width=\"800\" height=\"600\" srcset=\"https:\/\/www.sabine-seyffert.de\/blog\/wp-content\/uploads\/2013\/12\/Sternenkette-silber-3.jpg 800w, https:\/\/www.sabine-seyffert.de\/blog\/wp-content\/uploads\/2013\/12\/Sternenkette-silber-3-300x225.jpg 300w\" sizes=\"auto, (max-width: 800px) 100vw, 800px\" \/><\/a><\/p>\n<p style=\"text-align: justify;\">Abendliche Gr\u00fc\u00dfe mit reichlich Sternenglanz,<\/p>\n<p style=\"text-align: justify;\">Sabine<\/p>\n<p style=\"text-align: justify;\">PS: Wie jeden Dienstag tummeln sich bei <a href=\"http:\/\/www.creadienstag.de\/2013\/12\/102.html\" target=\"_blank\">Anke<\/a> mal wieder zahlreiche Ideen \ud83d\ude42<\/p>\n<p style=\"text-align: justify;\"><a href=\"http:\/\/www.sabine-seyffert.de\/blog\/?page_id=32#urheberrecht\">urheberrechtlich gesch\u00fctzt<\/a>, \u00a9 Sabine Seyffert<\/p>\n","protected":false},"excerpt":{"rendered":"<p>Wie gut, dass die Weihnachtspost schon verschickt und allerhand Weihnachtspl\u00e4tzchen bereits gebacken sind. Denn kaum hat der Dezember begonnen, so folgt ein Termin dem n\u00e4chsten. Nach einer Einladung am ersten Advent bei lieben Freunden, war ich gestern bei Lotta zu Gast und bin auch heute schon wieder unterwegs. Sonja feiert mit ihrem Blog Wert-voll Geburtstag&#8230;. <a href=\"https:\/\/www.sabine-seyffert.de\/blog\/ganz-viele-bunte-sterne\/\" class=\"more-link\">Read more: Ganz viele bunte Sterne<\/a><\/p>\n","protected":false},"author":2,"featured_media":0,"comment_status":"open","ping_status":"open","sticky":false,"template":"","format":"standard","meta":{"_metis_text_type":"","_metis_text_length":1979,"_post_count":0,"footnotes":""},"categories":[41,32,42],"tags":[],"class_list":["post-3339","post","type-post","status-publish","format-standard","hentry","category-weihnachten","category-kreatives-fur-kleine-kinderhande","category-zu-gast-bei"],"_links":{"self":[{"href":"https:\/\/www.sabine-seyffert.de\/blog\/wp-json\/wp\/v2\/posts\/3339","targetHints":{"allow":["GET"]}}],"collection":[{"href":"https:\/\/www.sabine-seyffert.de\/blog\/wp-json\/wp\/v2\/posts"}],"about":[{"href":"https:\/\/www.sabine-seyffert.de\/blog\/wp-json\/wp\/v2\/types\/post"}],"author":[{"embeddable":true,"href":"https:\/\/www.sabine-seyffert.de\/blog\/wp-json\/wp\/v2\/users\/2"}],"replies":[{"embeddable":true,"href":"https:\/\/www.sabine-seyffert.de\/blog\/wp-json\/wp\/v2\/comments?post=3339"}],"version-history":[{"count":9,"href":"https:\/\/www.sabine-seyffert.de\/blog\/wp-json\/wp\/v2\/posts\/3339\/revisions"}],"predecessor-version":[{"id":9786,"href":"https:\/\/www.sabine-seyffert.de\/blog\/wp-json\/wp\/v2\/posts\/3339\/revisions\/9786"}],"wp:attachment":[{"href":"https:\/\/www.sabine-seyffert.de\/blog\/wp-json\/wp\/v2\/media?parent=3339"}],"wp:term":[{"taxonomy":"category","embeddable":true,"href":"https:\/\/www.sabine-seyffert.de\/blog\/wp-json\/wp\/v2\/categories?post=3339"},{"taxonomy":"post_tag","embeddable":true,"href":"https:\/\/www.sabine-seyffert.de\/blog\/wp-json\/wp\/v2\/tags?post=3339"}],"curies":[{"name":"wp","href":"https:\/\/api.w.org\/{rel}","templated":true}]}}