{"id":3282,"date":"2013-11-28T13:20:36","date_gmt":"2013-11-28T11:20:36","guid":{"rendered":"http:\/\/www.sabine-seyffert.de\/blog\/?p=3282"},"modified":"2017-03-03T19:22:04","modified_gmt":"2017-03-03T17:22:04","slug":"adventskalender-co","status":"publish","type":"post","link":"https:\/\/www.sabine-seyffert.de\/blog\/adventskalender-co\/","title":{"rendered":"Adventskalender &#038; Co."},"content":{"rendered":"<p style=\"text-align: justify;\"><img loading=\"lazy\" decoding=\"async\" src=\"https:\/\/ssl-vg03.met.vgwort.de\/na\/ef845535cf9043f3b32eb064f013c93e\" alt=\"\" width=\"1\" height=\"1\" \/>Was w\u00e4re die Weihnachtszeit ohne einen Adventskalender? F\u00fcr viele sicher undenkbar, denn dieser geh\u00f6rt einfach dazu. Allerdings kann man beim Packen der zahlreichen P\u00e4ckchen schon ins Schwitzen geraten. Vor allem, wenn es so viele sind wie bei uns. Somit an dieser Stelle einige Ideen, Gedanken &amp; Anregungen:<\/p>\n<p style=\"text-align: center;\"><a href=\"http:\/\/www.sabine-seyffert.de\/blog\/wp-content\/uploads\/2013\/11\/Adventskalender-0.jpg\"><img loading=\"lazy\" decoding=\"async\" class=\"alignnone size-full wp-image-3283\" src=\"http:\/\/www.sabine-seyffert.de\/blog\/wp-content\/uploads\/2013\/11\/Adventskalender-0.jpg\" alt=\"Adventskalender 0\" width=\"820\" height=\"620\" srcset=\"https:\/\/www.sabine-seyffert.de\/blog\/wp-content\/uploads\/2013\/11\/Adventskalender-0.jpg 820w, https:\/\/www.sabine-seyffert.de\/blog\/wp-content\/uploads\/2013\/11\/Adventskalender-0-300x226.jpg 300w\" sizes=\"auto, (max-width: 820px) 100vw, 820px\" \/><\/a><\/p>\n<p style=\"text-align: justify;\">* Auch wenn der ein oder andere nun schmunzeln muss \u2013 das Thema Adventskalender habe ich das ganze Jahr \u00fcber im Hinterkopf. Das erspart mir jede Menge Stress! Immer wenn ich unterwegs bin oder beim Einkaufen etwas Sch\u00f6nes entdecke, greife ich zu, denn das n\u00e4chste Weihnachtsfest kommt bestimmt. So wandern Monat f\u00fcr Monat nette Kleinigkeiten in eine gro\u00dfe Kiste, die sich bis November reichlich f\u00fcllt. So brauche ich kurz vor Dezember nicht erst los zu zuziehen um 5 x 24 P\u00e4ckchen zu organisieren und f\u00fcr jeden etwas Passendes zu finden, sondern habe alles bereits parat!<\/p>\n<p style=\"text-align: center;\"><a href=\"http:\/\/www.sabine-seyffert.de\/blog\/wp-content\/uploads\/2013\/11\/Adventskalender-1.jpg\"><img loading=\"lazy\" decoding=\"async\" class=\"alignnone size-full wp-image-3284\" src=\"http:\/\/www.sabine-seyffert.de\/blog\/wp-content\/uploads\/2013\/11\/Adventskalender-1.jpg\" alt=\"Adventskalender 1\" width=\"820\" height=\"620\" srcset=\"https:\/\/www.sabine-seyffert.de\/blog\/wp-content\/uploads\/2013\/11\/Adventskalender-1.jpg 820w, https:\/\/www.sabine-seyffert.de\/blog\/wp-content\/uploads\/2013\/11\/Adventskalender-1-300x226.jpg 300w\" sizes=\"auto, (max-width: 820px) 100vw, 820px\" \/><\/a><\/p>\n<p style=\"text-align: justify;\">* In der Regel h\u00e4ngt unser Adventskalender bereits Mitte November. Zum einen entspannt dies die Vorweihnachtszeit und zum anderen genie\u00dfen alle den Anblick. So lohnt sich die M\u00fche und von der netten Deko hat man auf diese Weise auch l\u00e4nger etwas.<\/p>\n<p style=\"text-align: justify;\">* F\u00fcr unseren Kalender habe ich seinerzeit in einer Weberei Leinens\u00e4ckchen bestellt. Das schlichte Leinen kann man ganz wunderbar mit Holzsternen oder bunten B\u00e4ndern verzieren und die jedes Jahr aufs Neue nutzen. Das spart Zeit, Geld und auch die Umwelt freut es, wenn kein Verpackungsm\u00fcll anf\u00e4llt.<\/p>\n<p style=\"text-align: center;\"><a href=\"http:\/\/www.sabine-seyffert.de\/blog\/wp-content\/uploads\/2013\/11\/Adventskalender-2.jpg\"><img loading=\"lazy\" decoding=\"async\" class=\"alignnone size-full wp-image-3285\" src=\"http:\/\/www.sabine-seyffert.de\/blog\/wp-content\/uploads\/2013\/11\/Adventskalender-2.jpg\" alt=\"Adventskalender 2\" width=\"820\" height=\"620\" srcset=\"https:\/\/www.sabine-seyffert.de\/blog\/wp-content\/uploads\/2013\/11\/Adventskalender-2.jpg 820w, https:\/\/www.sabine-seyffert.de\/blog\/wp-content\/uploads\/2013\/11\/Adventskalender-2-300x226.jpg 300w\" sizes=\"auto, (max-width: 820px) 100vw, 820px\" \/><\/a><\/p>\n<p style=\"text-align: justify;\">* \u00dcberraschungen &amp; kleine Heimlichkeiten sind in der Weihnachtszeit f\u00fcr jeden sch\u00f6n. Wie w\u00e4re es die Anzahl der Kalendert\u00fcrchen auf alle Familienmitglieder aufzuteilen, so dass jeder jedem im Laufe der 24 Tage eine kleine Freude macht? Jeder freut sich \u00fcber seine P\u00e4ckchen und darf selbst auch den anderen eine Freude machen. Und zu guter Letzt verteilt sich die Arbeit auf mehreren Schultern.<\/p>\n<p style=\"text-align: justify;\">* Wie w\u00e4re es zur Abwechslung mal mit folgender Idee: Statt einem Kalender mit 24 kleinen P\u00e4ckchen gibt es alternativ 4 gr\u00f6\u00dfere Geschenke, die jeweils zu den Adventssonntagen ausgepackt werden d\u00fcrfen.<\/p>\n<p style=\"text-align: center;\"><a href=\"http:\/\/www.sabine-seyffert.de\/blog\/wp-content\/uploads\/2013\/11\/Adventskalender-3.jpg\"><img loading=\"lazy\" decoding=\"async\" class=\"alignnone size-full wp-image-3286\" src=\"http:\/\/www.sabine-seyffert.de\/blog\/wp-content\/uploads\/2013\/11\/Adventskalender-3.jpg\" alt=\"Adventskalender 3\" width=\"820\" height=\"670\" srcset=\"https:\/\/www.sabine-seyffert.de\/blog\/wp-content\/uploads\/2013\/11\/Adventskalender-3.jpg 820w, https:\/\/www.sabine-seyffert.de\/blog\/wp-content\/uploads\/2013\/11\/Adventskalender-3-300x245.jpg 300w\" sizes=\"auto, (max-width: 820px) 100vw, 820px\" \/><\/a><\/p>\n<p style=\"text-align: justify;\">* Wenn ich an Weihnachten zur\u00fcckdenke, erinnere ich mich sehr gerne an Lesestunden auf dem Sofa. F\u00fcr alle, denen es geht wie mir, ist vielleicht ein Adventskalender in \u201eBuchform\u201c das Richtige. Gem\u00fctlich bei Kerzenschein, kuschelig in eine warme Decke gepackt sitzen alle Beisammen, genie\u00dfen einen hei\u00dfen Kakao und ein paar selbstgebackene Kekse. Dabei kann man dann t\u00e4glich einer sch\u00f6nen Geschichte oder einem Weihnachtsm\u00e4rchen lauschen\u2026<br \/>\nDies muss nicht ein unbedingt ein spezielles Adventskalenderbuch sein, wie es sie heute auch zu kaufen gibt. Vielleicht darf sich reihum jeder eine Lieblingsgeschichte aussuchen, die vorgelesen wird?<\/p>\n<p style=\"text-align: center;\"><a href=\"http:\/\/www.sabine-seyffert.de\/blog\/wp-content\/uploads\/2013\/11\/Adventskalender-4.jpg\"><img loading=\"lazy\" decoding=\"async\" class=\"alignnone size-full wp-image-3287\" src=\"http:\/\/www.sabine-seyffert.de\/blog\/wp-content\/uploads\/2013\/11\/Adventskalender-4.jpg\" alt=\"Adventskalender 4\" width=\"820\" height=\"620\" srcset=\"https:\/\/www.sabine-seyffert.de\/blog\/wp-content\/uploads\/2013\/11\/Adventskalender-4.jpg 820w, https:\/\/www.sabine-seyffert.de\/blog\/wp-content\/uploads\/2013\/11\/Adventskalender-4-300x226.jpg 300w\" sizes=\"auto, (max-width: 820px) 100vw, 820px\" \/><\/a><\/p>\n<p style=\"text-align: justify;\">* Die Weihnachtszeit ist f\u00fcr mich mit viel Gem\u00fctlichkeit verbunden, die ich gerne mit meiner Familie verbringe. So kann man die P\u00e4ckchen eines Adventskalenders auch mit Ideen f\u00fcr gemeinsame Aktionen f\u00fcllen: Ein Spielnachmittag, ein gemeinsamer Spaziergang im Wald, ein Ausflug auf einen sch\u00f6nen Weihnachtsmarkt, ein entspannter Nachmittag mit Vorlesen bei Kerzenschein, gemeinsames Pl\u00e4tzchenbacken, einen Tannenbaum besorgen, das Haus gemeinsam schm\u00fccken, weihnachtliche Basteleien, der Besuch einer weihnachtlichen Ausstellung, ein Theaterbesuch u.v.m. Das alles macht die Weihnachtszeit zu etwas ganz Besonderem und in dem Fall dann auch den Adventskalender!<\/p>\n<p style=\"text-align: justify;\">Wie haltet Ihr es denn mit Euren Adventskalendern? Ich bin sehr gespannt \ud83d\ude42<\/p>\n<p><a href=\"http:\/\/www.sabine-seyffert.de\/blog\/?page_id=32#urheberrecht\">urheberrechtlich gesch\u00fctzt<\/a>, \u00a9 Sabine Seyffert<\/p>\n","protected":false},"excerpt":{"rendered":"<p>Was w\u00e4re die Weihnachtszeit ohne einen Adventskalender? F\u00fcr viele sicher undenkbar, denn dieser geh\u00f6rt einfach dazu. Allerdings kann man beim Packen der zahlreichen P\u00e4ckchen schon ins Schwitzen geraten. Vor allem, wenn es so viele sind wie bei uns. Somit an dieser Stelle einige Ideen, Gedanken &amp; Anregungen: * Auch wenn der ein oder andere nun&#8230; <a href=\"https:\/\/www.sabine-seyffert.de\/blog\/adventskalender-co\/\" class=\"more-link\">Read more: Adventskalender &#038; Co.<\/a><\/p>\n","protected":false},"author":2,"featured_media":0,"comment_status":"open","ping_status":"open","sticky":false,"template":"","format":"standard","meta":{"_metis_text_type":"","_metis_text_length":3449,"_post_count":0,"footnotes":""},"categories":[41],"tags":[],"class_list":["post-3282","post","type-post","status-publish","format-standard","hentry","category-weihnachten"],"_links":{"self":[{"href":"https:\/\/www.sabine-seyffert.de\/blog\/wp-json\/wp\/v2\/posts\/3282","targetHints":{"allow":["GET"]}}],"collection":[{"href":"https:\/\/www.sabine-seyffert.de\/blog\/wp-json\/wp\/v2\/posts"}],"about":[{"href":"https:\/\/www.sabine-seyffert.de\/blog\/wp-json\/wp\/v2\/types\/post"}],"author":[{"embeddable":true,"href":"https:\/\/www.sabine-seyffert.de\/blog\/wp-json\/wp\/v2\/users\/2"}],"replies":[{"embeddable":true,"href":"https:\/\/www.sabine-seyffert.de\/blog\/wp-json\/wp\/v2\/comments?post=3282"}],"version-history":[{"count":17,"href":"https:\/\/www.sabine-seyffert.de\/blog\/wp-json\/wp\/v2\/posts\/3282\/revisions"}],"predecessor-version":[{"id":9789,"href":"https:\/\/www.sabine-seyffert.de\/blog\/wp-json\/wp\/v2\/posts\/3282\/revisions\/9789"}],"wp:attachment":[{"href":"https:\/\/www.sabine-seyffert.de\/blog\/wp-json\/wp\/v2\/media?parent=3282"}],"wp:term":[{"taxonomy":"category","embeddable":true,"href":"https:\/\/www.sabine-seyffert.de\/blog\/wp-json\/wp\/v2\/categories?post=3282"},{"taxonomy":"post_tag","embeddable":true,"href":"https:\/\/www.sabine-seyffert.de\/blog\/wp-json\/wp\/v2\/tags?post=3282"}],"curies":[{"name":"wp","href":"https:\/\/api.w.org\/{rel}","templated":true}]}}