{"id":3219,"date":"2013-11-20T09:48:50","date_gmt":"2013-11-20T07:48:50","guid":{"rendered":"http:\/\/www.sabine-seyffert.de\/blog\/?p=3219"},"modified":"2015-09-21T18:35:23","modified_gmt":"2015-09-21T16:35:23","slug":"mein-12-blick-im-november","status":"publish","type":"post","link":"https:\/\/www.sabine-seyffert.de\/blog\/mein-12-blick-im-november\/","title":{"rendered":"Mein 12. Blick im November"},"content":{"rendered":"<p style=\"text-align: center;\"><img loading=\"lazy\" decoding=\"async\" src=\"https:\/\/ssl-vg03.met.vgwort.de\/na\/dce1b0097f9d456cb6cd1eceace19107\" alt=\"\" width=\"1\" height=\"1\" \/><a href=\"http:\/\/www.sabine-seyffert.de\/blog\/wp-content\/uploads\/2013\/11\/Novemberblick-1.jpg\"><img loading=\"lazy\" decoding=\"async\" class=\"alignnone size-full wp-image-3220\" src=\"http:\/\/www.sabine-seyffert.de\/blog\/wp-content\/uploads\/2013\/11\/Novemberblick-1.jpg\" alt=\"Novemberblick 1\" width=\"800\" height=\"600\" srcset=\"https:\/\/www.sabine-seyffert.de\/blog\/wp-content\/uploads\/2013\/11\/Novemberblick-1.jpg 800w, https:\/\/www.sabine-seyffert.de\/blog\/wp-content\/uploads\/2013\/11\/Novemberblick-1-300x225.jpg 300w\" sizes=\"auto, (max-width: 800px) 100vw, 800px\" \/><\/a><\/p>\n<p style=\"text-align: justify;\">Der Herbst macht sich breit und der Wind fegt immer mehr die Bl\u00e4tter von den B\u00e4umen. So l\u00e4sst er sich auch an meinem 12. Blick sp\u00fcren und vor allem deutlich sehen. Noch tragen zwar die B\u00e4ume einige Bl\u00e4tter, aber es wird lichter und so kann man die beiden markanten Stellen dieses Blicks auch wieder auf Anhieb erkennen.<\/p>\n<p style=\"text-align: center;\"><a href=\"http:\/\/www.sabine-seyffert.de\/blog\/wp-content\/uploads\/2013\/11\/12.-Blick-1-Oktober.jpg\"><img loading=\"lazy\" decoding=\"async\" class=\"alignnone size-full wp-image-3221\" src=\"http:\/\/www.sabine-seyffert.de\/blog\/wp-content\/uploads\/2013\/11\/12.-Blick-1-Oktober.jpg\" alt=\"12. Blick 1 Oktober\" width=\"600\" height=\"800\" srcset=\"https:\/\/www.sabine-seyffert.de\/blog\/wp-content\/uploads\/2013\/11\/12.-Blick-1-Oktober.jpg 600w, https:\/\/www.sabine-seyffert.de\/blog\/wp-content\/uploads\/2013\/11\/12.-Blick-1-Oktober-225x300.jpg 225w\" sizes=\"auto, (max-width: 600px) 100vw, 600px\" \/><\/a><\/p>\n<p style=\"text-align: justify;\">Links der Baum, dessen Stamm sich wie eine Stimmgabel teilt und rechts im Bild der Baum, der wie ein gro\u00dfer Torbogen zur rechten Seite hinauf w\u00e4chst.<\/p>\n<p style=\"text-align: justify;\"><a href=\"http:\/\/www.sabine-seyffert.de\/blog\/wp-content\/uploads\/2013\/11\/12.-Blick-1-gesamt-klein.jpg\"><img loading=\"lazy\" decoding=\"async\" class=\"alignnone size-full wp-image-3222\" src=\"http:\/\/www.sabine-seyffert.de\/blog\/wp-content\/uploads\/2013\/11\/12.-Blick-1-gesamt-klein.jpg\" alt=\"12. Blick 1 gesamt klein\" width=\"800\" height=\"800\" srcset=\"https:\/\/www.sabine-seyffert.de\/blog\/wp-content\/uploads\/2013\/11\/12.-Blick-1-gesamt-klein.jpg 800w, https:\/\/www.sabine-seyffert.de\/blog\/wp-content\/uploads\/2013\/11\/12.-Blick-1-gesamt-klein-150x150.jpg 150w, https:\/\/www.sabine-seyffert.de\/blog\/wp-content\/uploads\/2013\/11\/12.-Blick-1-gesamt-klein-300x300.jpg 300w\" sizes=\"auto, (max-width: 800px) 100vw, 800px\" \/><\/a><br \/>\nDurch den doch recht grauen und meist nassen November sieht dieser Fleck Erde schon fast ein wenig trostlos aus.<\/p>\n<p style=\"text-align: center;\"><a href=\"http:\/\/www.sabine-seyffert.de\/blog\/wp-content\/uploads\/2013\/11\/Novemberblick-2.jpg\"><img loading=\"lazy\" decoding=\"async\" class=\"alignnone size-full wp-image-3223\" src=\"http:\/\/www.sabine-seyffert.de\/blog\/wp-content\/uploads\/2013\/11\/Novemberblick-2.jpg\" alt=\"Novemberblick 2\" width=\"800\" height=\"600\" srcset=\"https:\/\/www.sabine-seyffert.de\/blog\/wp-content\/uploads\/2013\/11\/Novemberblick-2.jpg 800w, https:\/\/www.sabine-seyffert.de\/blog\/wp-content\/uploads\/2013\/11\/Novemberblick-2-300x225.jpg 300w\" sizes=\"auto, (max-width: 800px) 100vw, 800px\" \/><\/a><\/p>\n<p style=\"text-align: justify;\">Meine Tochter hat sich f\u00fcr den Spaziergang mit einem Fernglas bewaffnet um nach Rehen Ausschau zu halten. Allerdings haben wir wohl eine Hundespaziergangszeit erwischt, so dass wir keins der scheuen Waldbewohner entdecken k\u00f6nnen.<\/p>\n<p style=\"text-align: center;\"><a href=\"http:\/\/www.sabine-seyffert.de\/blog\/wp-content\/uploads\/2013\/11\/Novemberblick-3.jpg\"><img loading=\"lazy\" decoding=\"async\" class=\"alignnone size-full wp-image-3224\" src=\"http:\/\/www.sabine-seyffert.de\/blog\/wp-content\/uploads\/2013\/11\/Novemberblick-3.jpg\" alt=\"Novemberblick 3\" width=\"800\" height=\"600\" srcset=\"https:\/\/www.sabine-seyffert.de\/blog\/wp-content\/uploads\/2013\/11\/Novemberblick-3.jpg 800w, https:\/\/www.sabine-seyffert.de\/blog\/wp-content\/uploads\/2013\/11\/Novemberblick-3-300x225.jpg 300w\" sizes=\"auto, (max-width: 800px) 100vw, 800px\" \/><\/a><\/p>\n<p style=\"text-align: justify;\">Wir spazieren weiter und haben einen \u201enebeligen\u201c Blick auf Wiesen und Felder. Dort ist der Wind schon so eisig wie im Winter.<\/p>\n<p style=\"text-align: center;\"><a href=\"http:\/\/www.sabine-seyffert.de\/blog\/wp-content\/uploads\/2013\/11\/Novemberblick-4.jpg\"><img loading=\"lazy\" decoding=\"async\" class=\"alignnone size-full wp-image-3225\" src=\"http:\/\/www.sabine-seyffert.de\/blog\/wp-content\/uploads\/2013\/11\/Novemberblick-4.jpg\" alt=\"Novemberblick 4\" width=\"600\" height=\"800\" srcset=\"https:\/\/www.sabine-seyffert.de\/blog\/wp-content\/uploads\/2013\/11\/Novemberblick-4.jpg 600w, https:\/\/www.sabine-seyffert.de\/blog\/wp-content\/uploads\/2013\/11\/Novemberblick-4-225x300.jpg 225w\" sizes=\"auto, (max-width: 600px) 100vw, 600px\" \/><\/a><\/p>\n<p style=\"text-align: justify;\">Ein St\u00fcck weiter kommen wir an meinen zweiten 12. Blick, das geheimnisvolle Guckloch. Auch hier hinter sieht es schon etwas trist und nach dem bald einkehrenden Winter aus. Trotz der Tatsache, dass die meisten B\u00e4ume kaum noch Bl\u00e4tter tragen, ist es recht duster.<\/p>\n<p style=\"text-align: center;\"><a href=\"http:\/\/www.sabine-seyffert.de\/blog\/wp-content\/uploads\/2013\/11\/12.-Blick-Guckloch-Oktober-13.jpg\"><img loading=\"lazy\" decoding=\"async\" class=\"alignnone size-full wp-image-3226\" src=\"http:\/\/www.sabine-seyffert.de\/blog\/wp-content\/uploads\/2013\/11\/12.-Blick-Guckloch-Oktober-13.jpg\" alt=\"12. Blick Guckloch Oktober 13\" width=\"600\" height=\"800\" srcset=\"https:\/\/www.sabine-seyffert.de\/blog\/wp-content\/uploads\/2013\/11\/12.-Blick-Guckloch-Oktober-13.jpg 600w, https:\/\/www.sabine-seyffert.de\/blog\/wp-content\/uploads\/2013\/11\/12.-Blick-Guckloch-Oktober-13-225x300.jpg 225w\" sizes=\"auto, (max-width: 600px) 100vw, 600px\" \/><\/a><\/p>\n<p style=\"text-align: justify;\">Um die Stimmung etwas aufzuhellen, gibt es eine kleine \u00dcberraschung an dieser Stelle. Meine Tochter war doch etwas traurig, dass wir in der letzten Zeit keine Rehe mehr im Wald entdeckt haben und es uns nicht ein einziges Mal gelungen ist, ein solches zu fotografieren.<\/p>\n<p style=\"text-align: center;\"><a href=\"http:\/\/www.sabine-seyffert.de\/blog\/wp-content\/uploads\/2013\/11\/November-Reh2-klein.jpg\"><img loading=\"lazy\" decoding=\"async\" class=\"alignnone size-full wp-image-3227\" src=\"http:\/\/www.sabine-seyffert.de\/blog\/wp-content\/uploads\/2013\/11\/November-Reh2-klein.jpg\" alt=\"November Reh2 klein\" width=\"600\" height=\"800\" srcset=\"https:\/\/www.sabine-seyffert.de\/blog\/wp-content\/uploads\/2013\/11\/November-Reh2-klein.jpg 600w, https:\/\/www.sabine-seyffert.de\/blog\/wp-content\/uploads\/2013\/11\/November-Reh2-klein-225x300.jpg 225w\" sizes=\"auto, (max-width: 600px) 100vw, 600px\" \/><\/a><\/p>\n<p style=\"text-align: justify;\">Daher kam sie vor ein paar Tagen voller Stolz zu mir und pr\u00e4sentierte mir ein gemaltes Reh. Vielleicht k\u00f6nnte ich das ja irgendwie ins Foto kriegen? Ich kann es nicht, aber eine meiner \u00e4lteren T\u00f6chter konnte es und somit gibt es also als November Highlight das Gucklochbild samt Reh bei mir.<\/p>\n<p style=\"text-align: justify;\"><a href=\"http:\/\/www.sabine-seyffert.de\/blog\/wp-content\/uploads\/2013\/11\/12.-Blick-2-gesamt-klein.jpg\"><img loading=\"lazy\" decoding=\"async\" class=\"alignnone size-full wp-image-3228\" src=\"http:\/\/www.sabine-seyffert.de\/blog\/wp-content\/uploads\/2013\/11\/12.-Blick-2-gesamt-klein.jpg\" alt=\"12. Blick 2 gesamt klein\" width=\"800\" height=\"800\" srcset=\"https:\/\/www.sabine-seyffert.de\/blog\/wp-content\/uploads\/2013\/11\/12.-Blick-2-gesamt-klein.jpg 800w, https:\/\/www.sabine-seyffert.de\/blog\/wp-content\/uploads\/2013\/11\/12.-Blick-2-gesamt-klein-150x150.jpg 150w, https:\/\/www.sabine-seyffert.de\/blog\/wp-content\/uploads\/2013\/11\/12.-Blick-2-gesamt-klein-300x300.jpg 300w\" sizes=\"auto, (max-width: 800px) 100vw, 800px\" \/><\/a><\/p>\n<p style=\"text-align: justify;\">Wer meinen 12. Blick mit allen Fotos und Berichten nochmals seit Januar 2013 verfolgen m\u00f6chte, findet <a href=\"http:\/\/www.sabine-seyffert.de\/blog\/?cat=35\" target=\"_blank\">hier<\/a> alle Infos. Und die gesamte \u00dcbersicht dieser Fotoaktion h\u00e4lt <a href=\"http:\/\/tabea-heinicker.blogspot.de\/2013\/11\/vorletzt-zeigt-her-eure-fotos.html\" target=\"_blank\">Tabea<\/a> f\u00fcr alle bereit!<\/p>\n<p style=\"text-align: center;\"><a href=\"http:\/\/www.sabine-seyffert.de\/blog\/wp-content\/uploads\/2013\/11\/November-Reh-klein.jpg\"><img loading=\"lazy\" decoding=\"async\" class=\"alignnone size-full wp-image-3229\" src=\"http:\/\/www.sabine-seyffert.de\/blog\/wp-content\/uploads\/2013\/11\/November-Reh-klein.jpg\" alt=\"November Reh klein\" width=\"600\" height=\"800\" srcset=\"https:\/\/www.sabine-seyffert.de\/blog\/wp-content\/uploads\/2013\/11\/November-Reh-klein.jpg 600w, https:\/\/www.sabine-seyffert.de\/blog\/wp-content\/uploads\/2013\/11\/November-Reh-klein-225x300.jpg 225w\" sizes=\"auto, (max-width: 600px) 100vw, 600px\" \/><\/a><br \/>\n<a href=\"http:\/\/www.sabine-seyffert.de\/blog\/?page_id=32#urheberrecht\">urheberrechtlich gesch\u00fctzt<\/a>, \u00a9 Sabine Seyffert<\/p>\n","protected":false},"excerpt":{"rendered":"<p>Der Herbst macht sich breit und der Wind fegt immer mehr die Bl\u00e4tter von den B\u00e4umen. So l\u00e4sst er sich auch an meinem 12. Blick sp\u00fcren und vor allem deutlich sehen. Noch tragen zwar die B\u00e4ume einige Bl\u00e4tter, aber es wird lichter und so kann man die beiden markanten Stellen dieses Blicks auch wieder auf&#8230; <a href=\"https:\/\/www.sabine-seyffert.de\/blog\/mein-12-blick-im-november\/\" class=\"more-link\">Read more: Mein 12. Blick im November<\/a><\/p>\n","protected":false},"author":2,"featured_media":0,"comment_status":"open","ping_status":"open","sticky":false,"template":"","format":"standard","meta":{"_metis_text_type":"","_metis_text_length":2000,"_post_count":0,"footnotes":""},"categories":[25],"tags":[],"class_list":["post-3219","post","type-post","status-publish","format-standard","hentry","category-herbst"],"_links":{"self":[{"href":"https:\/\/www.sabine-seyffert.de\/blog\/wp-json\/wp\/v2\/posts\/3219","targetHints":{"allow":["GET"]}}],"collection":[{"href":"https:\/\/www.sabine-seyffert.de\/blog\/wp-json\/wp\/v2\/posts"}],"about":[{"href":"https:\/\/www.sabine-seyffert.de\/blog\/wp-json\/wp\/v2\/types\/post"}],"author":[{"embeddable":true,"href":"https:\/\/www.sabine-seyffert.de\/blog\/wp-json\/wp\/v2\/users\/2"}],"replies":[{"embeddable":true,"href":"https:\/\/www.sabine-seyffert.de\/blog\/wp-json\/wp\/v2\/comments?post=3219"}],"version-history":[{"count":7,"href":"https:\/\/www.sabine-seyffert.de\/blog\/wp-json\/wp\/v2\/posts\/3219\/revisions"}],"predecessor-version":[{"id":6134,"href":"https:\/\/www.sabine-seyffert.de\/blog\/wp-json\/wp\/v2\/posts\/3219\/revisions\/6134"}],"wp:attachment":[{"href":"https:\/\/www.sabine-seyffert.de\/blog\/wp-json\/wp\/v2\/media?parent=3219"}],"wp:term":[{"taxonomy":"category","embeddable":true,"href":"https:\/\/www.sabine-seyffert.de\/blog\/wp-json\/wp\/v2\/categories?post=3219"},{"taxonomy":"post_tag","embeddable":true,"href":"https:\/\/www.sabine-seyffert.de\/blog\/wp-json\/wp\/v2\/tags?post=3219"}],"curies":[{"name":"wp","href":"https:\/\/api.w.org\/{rel}","templated":true}]}}