{"id":3191,"date":"2013-11-19T07:16:13","date_gmt":"2013-11-19T05:16:13","guid":{"rendered":"http:\/\/www.sabine-seyffert.de\/blog\/?p=3191"},"modified":"2017-03-03T19:23:43","modified_gmt":"2017-03-03T17:23:43","slug":"danke-lieber-herbst","status":"publish","type":"post","link":"https:\/\/www.sabine-seyffert.de\/blog\/danke-lieber-herbst\/","title":{"rendered":"Danke, lieber Herbst!"},"content":{"rendered":"<p style=\"text-align: center;\"><img loading=\"lazy\" decoding=\"async\" src=\"https:\/\/ssl-vg03.met.vgwort.de\/na\/58864c74173e4bfb9f68112f3b575a21\" alt=\"\" width=\"1\" height=\"1\" \/><a href=\"http:\/\/www.sabine-seyffert.de\/blog\/wp-content\/uploads\/2013\/11\/Herz-1.jpg\"><img loading=\"lazy\" decoding=\"async\" class=\"alignnone size-full wp-image-3192\" src=\"http:\/\/www.sabine-seyffert.de\/blog\/wp-content\/uploads\/2013\/11\/Herz-1.jpg\" alt=\"Herz 1\" width=\"800\" height=\"600\" srcset=\"https:\/\/www.sabine-seyffert.de\/blog\/wp-content\/uploads\/2013\/11\/Herz-1.jpg 800w, https:\/\/www.sabine-seyffert.de\/blog\/wp-content\/uploads\/2013\/11\/Herz-1-300x225.jpg 300w\" sizes=\"auto, (max-width: 800px) 100vw, 800px\" \/><\/a><\/p>\n<p style=\"text-align: justify;\">In der letzten Woche war ich bei einer Freundin eingeladen. Als ich dort ankam, fiel mein Blick gleich auf einen kleinen Baum, der im Vorgarten stand.<\/p>\n<p style=\"text-align: center;\"><a href=\"http:\/\/www.sabine-seyffert.de\/blog\/wp-content\/uploads\/2013\/11\/Herz-2.jpg\"><img loading=\"lazy\" decoding=\"async\" class=\"alignnone size-full wp-image-3193\" src=\"http:\/\/www.sabine-seyffert.de\/blog\/wp-content\/uploads\/2013\/11\/Herz-2.jpg\" alt=\"Herz 2\" width=\"800\" height=\"600\" srcset=\"https:\/\/www.sabine-seyffert.de\/blog\/wp-content\/uploads\/2013\/11\/Herz-2.jpg 800w, https:\/\/www.sabine-seyffert.de\/blog\/wp-content\/uploads\/2013\/11\/Herz-2-300x225.jpg 300w\" sizes=\"auto, (max-width: 800px) 100vw, 800px\" \/><\/a><\/p>\n<p style=\"text-align: justify;\">Dieser war voller roter Bl\u00e4tter und ganz wunderbar anzusehen. Das leuchtende Rot schien dem nass-grauen Novemberwetter regelrecht zu trotzen und auch auf dem Boden tummelten sich die bunten Bl\u00e4tter in gr\u00f6\u00dferen Mengen.<\/p>\n<p style=\"text-align: center;\"><a href=\"http:\/\/www.sabine-seyffert.de\/blog\/wp-content\/uploads\/2013\/11\/Herz-3.jpg\"><img loading=\"lazy\" decoding=\"async\" class=\"alignnone size-full wp-image-3194\" src=\"http:\/\/www.sabine-seyffert.de\/blog\/wp-content\/uploads\/2013\/11\/Herz-3.jpg\" alt=\"Herz 3\" width=\"800\" height=\"600\" srcset=\"https:\/\/www.sabine-seyffert.de\/blog\/wp-content\/uploads\/2013\/11\/Herz-3.jpg 800w, https:\/\/www.sabine-seyffert.de\/blog\/wp-content\/uploads\/2013\/11\/Herz-3-300x225.jpg 300w\" sizes=\"auto, (max-width: 800px) 100vw, 800px\" \/><\/a><\/p>\n<p style=\"text-align: justify;\"><strong>Das wird gebraucht:<\/strong><br \/>\nEine T\u00fcte voll dunkelroter, kleiner Bl\u00e4tter, Draht, eine Lochzange und etwas Geduld<\/p>\n<p style=\"text-align: center;\"><a href=\"http:\/\/www.sabine-seyffert.de\/blog\/wp-content\/uploads\/2013\/11\/Herz-4.jpg\"><img loading=\"lazy\" decoding=\"async\" class=\"alignnone size-full wp-image-3195\" src=\"http:\/\/www.sabine-seyffert.de\/blog\/wp-content\/uploads\/2013\/11\/Herz-4.jpg\" alt=\"Herz 4\" width=\"800\" height=\"600\" srcset=\"https:\/\/www.sabine-seyffert.de\/blog\/wp-content\/uploads\/2013\/11\/Herz-4.jpg 800w, https:\/\/www.sabine-seyffert.de\/blog\/wp-content\/uploads\/2013\/11\/Herz-4-300x225.jpg 300w\" sizes=\"auto, (max-width: 800px) 100vw, 800px\" \/><\/a><\/p>\n<p style=\"text-align: justify;\"><strong>So wird\u2019s gemacht:<\/strong><br \/>\nAls ich meiner Freundin erz\u00e4hlte, dass ich von den roten Bl\u00e4ttern so fasziniert sei und aus \u00e4hnlichen, aber deutlich gr\u00f6\u00dferen bereits einen Kranz gewerkelt h\u00e4tte, bekam ich freudestrahlend eine T\u00fcte in die Hand gedr\u00fcckt. Der Nachbar w\u00fcrde sein Auto schon woanders parken, wegen der Bl\u00e4tterflut, ich d\u00fcrfe mitnehmen soviel ich wolle.<\/p>\n<p style=\"text-align: center;\"><a href=\"http:\/\/www.sabine-seyffert.de\/blog\/wp-content\/uploads\/2013\/11\/Herz-5.jpg\"><img loading=\"lazy\" decoding=\"async\" class=\"alignnone size-full wp-image-3196\" src=\"http:\/\/www.sabine-seyffert.de\/blog\/wp-content\/uploads\/2013\/11\/Herz-5.jpg\" alt=\"Herz 5\" width=\"800\" height=\"600\" srcset=\"https:\/\/www.sabine-seyffert.de\/blog\/wp-content\/uploads\/2013\/11\/Herz-5.jpg 800w, https:\/\/www.sabine-seyffert.de\/blog\/wp-content\/uploads\/2013\/11\/Herz-5-300x225.jpg 300w\" sizes=\"auto, (max-width: 800px) 100vw, 800px\" \/><\/a><\/p>\n<p style=\"text-align: justify;\">Also packte ich auf dem Heimweg die T\u00fcte voll und begann zu Hause gleich mit dem Werkeln. Als ich den Draht aus dem Schrank holen wollte, fiel mir eine zum Herz gebogene Drahtform in die Hand, an der mal eine kleine Blume entlang gerankt war.<\/p>\n<p style=\"text-align: center;\"><a href=\"http:\/\/www.sabine-seyffert.de\/blog\/wp-content\/uploads\/2013\/11\/Herz-6.jpg\"><img loading=\"lazy\" decoding=\"async\" class=\"alignnone size-full wp-image-3197\" src=\"http:\/\/www.sabine-seyffert.de\/blog\/wp-content\/uploads\/2013\/11\/Herz-6.jpg\" alt=\"Herz 6\" width=\"800\" height=\"600\" srcset=\"https:\/\/www.sabine-seyffert.de\/blog\/wp-content\/uploads\/2013\/11\/Herz-6.jpg 800w, https:\/\/www.sabine-seyffert.de\/blog\/wp-content\/uploads\/2013\/11\/Herz-6-300x225.jpg 300w\" sizes=\"auto, (max-width: 800px) 100vw, 800px\" \/><\/a><\/p>\n<p style=\"text-align: justify;\">Nachdem diese jedoch die warme Heizungsluft seinerzeit nicht \u00fcberlebt hat, konnte ich mich jedoch nicht von der Form nicht trennen. Diese schien regelrecht auf den Herbst und die roten Bl\u00e4tter gewartet zu haben und bekam in diesem Fall den Vorzug. Alternativ kann man aus dem Draht aber auch ein Herz biegen.<\/p>\n<p style=\"text-align: center;\"><a href=\"http:\/\/www.sabine-seyffert.de\/blog\/wp-content\/uploads\/2013\/11\/Herz-7.jpg\"><img loading=\"lazy\" decoding=\"async\" class=\"alignnone size-full wp-image-3198\" src=\"http:\/\/www.sabine-seyffert.de\/blog\/wp-content\/uploads\/2013\/11\/Herz-7.jpg\" alt=\"Herz 7\" width=\"800\" height=\"600\" srcset=\"https:\/\/www.sabine-seyffert.de\/blog\/wp-content\/uploads\/2013\/11\/Herz-7.jpg 800w, https:\/\/www.sabine-seyffert.de\/blog\/wp-content\/uploads\/2013\/11\/Herz-7-300x225.jpg 300w\" sizes=\"auto, (max-width: 800px) 100vw, 800px\" \/><\/a><\/p>\n<p style=\"text-align: justify;\">So habe ich wie bei meinem Kranz immer einen Schwung Bl\u00e4tter aufeinander gelegt und mittig mit der Lochzange ein Loch hinein gestanzt. So lie\u00dfen sich die Bl\u00e4tter ganz prima auf das Drahtherz schieben. An der gebogenen Stelle oben, war es etwas kniffeliger, aber wenn die Bl\u00e4tter noch frisch sind, klappt auch dies mit etwas Geduld.<\/p>\n<p style=\"text-align: center;\"><a href=\"http:\/\/www.sabine-seyffert.de\/blog\/wp-content\/uploads\/2013\/11\/Herz-8.jpg\"><img loading=\"lazy\" decoding=\"async\" class=\"alignnone size-full wp-image-3199\" src=\"http:\/\/www.sabine-seyffert.de\/blog\/wp-content\/uploads\/2013\/11\/Herz-8.jpg\" alt=\"Herz 8\" width=\"800\" height=\"600\" srcset=\"https:\/\/www.sabine-seyffert.de\/blog\/wp-content\/uploads\/2013\/11\/Herz-8.jpg 800w, https:\/\/www.sabine-seyffert.de\/blog\/wp-content\/uploads\/2013\/11\/Herz-8-300x225.jpg 300w\" sizes=\"auto, (max-width: 800px) 100vw, 800px\" \/><\/a><\/p>\n<p style=\"text-align: justify;\">Die Stiele habe ich hierbei nicht abgeschnitten, da die Bl\u00e4tter wirklich klein waren und nur die Gr\u00f6\u00dfe von einem Efeublatt hatten. Von der Form her sieht es wie ein Ahorn aus, aber in so klein kenne ich diesen nicht. Vielleicht wei\u00df jemand was f\u00fcr ein Baum diese traumhaften Bl\u00e4tter tr\u00e4gt?<\/p>\n<p style=\"text-align: center;\"><a href=\"http:\/\/www.sabine-seyffert.de\/blog\/wp-content\/uploads\/2013\/11\/Herz-9.jpg\"><img loading=\"lazy\" decoding=\"async\" class=\"alignnone size-full wp-image-3200\" src=\"http:\/\/www.sabine-seyffert.de\/blog\/wp-content\/uploads\/2013\/11\/Herz-9.jpg\" alt=\"Herz 9\" width=\"800\" height=\"600\" srcset=\"https:\/\/www.sabine-seyffert.de\/blog\/wp-content\/uploads\/2013\/11\/Herz-9.jpg 800w, https:\/\/www.sabine-seyffert.de\/blog\/wp-content\/uploads\/2013\/11\/Herz-9-300x225.jpg 300w\" sizes=\"auto, (max-width: 800px) 100vw, 800px\" \/><\/a><\/p>\n<p style=\"text-align: justify;\">Mit diesem leuchtenden kleinen Bl\u00e4tterherz verabschiede ich mich langsam vom Herbst und sage Danke, f\u00fcr all die herbstlichen Sch\u00e4tze und wunderbaren Impressionen, die wir trotz reichlich Regen in den letzten Wochen sammeln und genie\u00dfen konnten!<\/p>\n<p style=\"text-align: center;\"><a href=\"http:\/\/www.sabine-seyffert.de\/blog\/wp-content\/uploads\/2013\/11\/Herz-10.jpg\"><img loading=\"lazy\" decoding=\"async\" class=\"alignnone size-full wp-image-3201\" src=\"http:\/\/www.sabine-seyffert.de\/blog\/wp-content\/uploads\/2013\/11\/Herz-10.jpg\" alt=\"Herz 10\" width=\"600\" height=\"800\" srcset=\"https:\/\/www.sabine-seyffert.de\/blog\/wp-content\/uploads\/2013\/11\/Herz-10.jpg 600w, https:\/\/www.sabine-seyffert.de\/blog\/wp-content\/uploads\/2013\/11\/Herz-10-225x300.jpg 225w\" sizes=\"auto, (max-width: 600px) 100vw, 600px\" \/><\/a><\/p>\n<p style=\"text-align: justify;\">\u00dcbrigens, allen Unkenrufen zum Trotz, der <a href=\"http:\/\/www.sabine-seyffert.de\/blog\/?p=2948\" target=\"_blank\">gro\u00dfe Bl\u00e4tterkranz<\/a> h\u00e4lt sich pr\u00e4chtig und ziert immer noch unseren Tisch. So \u201egetrocknet\u201c gef\u00e4llt er mir sogar noch etwas besser.<\/p>\n<p style=\"text-align: center;\"><a href=\"http:\/\/www.sabine-seyffert.de\/blog\/wp-content\/uploads\/2013\/11\/Herz-11-KRanz-rund.jpg\"><img loading=\"lazy\" decoding=\"async\" class=\"alignnone size-full wp-image-3202\" src=\"http:\/\/www.sabine-seyffert.de\/blog\/wp-content\/uploads\/2013\/11\/Herz-11-KRanz-rund.jpg\" alt=\"Herz 11 KRanz rund\" width=\"800\" height=\"639\" srcset=\"https:\/\/www.sabine-seyffert.de\/blog\/wp-content\/uploads\/2013\/11\/Herz-11-KRanz-rund.jpg 800w, https:\/\/www.sabine-seyffert.de\/blog\/wp-content\/uploads\/2013\/11\/Herz-11-KRanz-rund-300x239.jpg 300w\" sizes=\"auto, (max-width: 800px) 100vw, 800px\" \/><\/a><\/p>\n<p style=\"text-align: justify;\">Weitere kreative Sachen findet Ihr u.a. in <a href=\"http:\/\/www.sabine-seyffert.de\/blog\/?cat=12\" target=\"_blank\">dieser Rubrik<\/a> oder auch\u00a0 <a href=\"http:\/\/www.creadienstag.de\/2013\/11\/100.html\" target=\"_blank\">hier<\/a>.<\/p>\n<p style=\"text-align: justify;\"><a href=\"http:\/\/www.sabine-seyffert.de\/blog\/?page_id=32#urheberrecht\">urheberrechtlich gesch\u00fctzt<\/a>, \u00a9 Sabine Seyffert<\/p>\n","protected":false},"excerpt":{"rendered":"<p>In der letzten Woche war ich bei einer Freundin eingeladen. Als ich dort ankam, fiel mein Blick gleich auf einen kleinen Baum, der im Vorgarten stand. Dieser war voller roter Bl\u00e4tter und ganz wunderbar anzusehen. Das leuchtende Rot schien dem nass-grauen Novemberwetter regelrecht zu trotzen und auch auf dem Boden tummelten sich die bunten Bl\u00e4tter&#8230; <a href=\"https:\/\/www.sabine-seyffert.de\/blog\/danke-lieber-herbst\/\" class=\"more-link\">Read more: Danke, lieber Herbst!<\/a><\/p>\n","protected":false},"author":2,"featured_media":0,"comment_status":"open","ping_status":"open","sticky":false,"template":"","format":"standard","meta":{"_metis_text_type":"","_metis_text_length":2535,"_post_count":0,"footnotes":""},"categories":[12,25],"tags":[],"class_list":["post-3191","post","type-post","status-publish","format-standard","hentry","category-deko-ideen","category-herbst"],"_links":{"self":[{"href":"https:\/\/www.sabine-seyffert.de\/blog\/wp-json\/wp\/v2\/posts\/3191","targetHints":{"allow":["GET"]}}],"collection":[{"href":"https:\/\/www.sabine-seyffert.de\/blog\/wp-json\/wp\/v2\/posts"}],"about":[{"href":"https:\/\/www.sabine-seyffert.de\/blog\/wp-json\/wp\/v2\/types\/post"}],"author":[{"embeddable":true,"href":"https:\/\/www.sabine-seyffert.de\/blog\/wp-json\/wp\/v2\/users\/2"}],"replies":[{"embeddable":true,"href":"https:\/\/www.sabine-seyffert.de\/blog\/wp-json\/wp\/v2\/comments?post=3191"}],"version-history":[{"count":17,"href":"https:\/\/www.sabine-seyffert.de\/blog\/wp-json\/wp\/v2\/posts\/3191\/revisions"}],"predecessor-version":[{"id":9790,"href":"https:\/\/www.sabine-seyffert.de\/blog\/wp-json\/wp\/v2\/posts\/3191\/revisions\/9790"}],"wp:attachment":[{"href":"https:\/\/www.sabine-seyffert.de\/blog\/wp-json\/wp\/v2\/media?parent=3191"}],"wp:term":[{"taxonomy":"category","embeddable":true,"href":"https:\/\/www.sabine-seyffert.de\/blog\/wp-json\/wp\/v2\/categories?post=3191"},{"taxonomy":"post_tag","embeddable":true,"href":"https:\/\/www.sabine-seyffert.de\/blog\/wp-json\/wp\/v2\/tags?post=3191"}],"curies":[{"name":"wp","href":"https:\/\/api.w.org\/{rel}","templated":true}]}}