{"id":3168,"date":"2013-11-16T08:55:22","date_gmt":"2013-11-16T06:55:22","guid":{"rendered":"http:\/\/www.sabine-seyffert.de\/blog\/?p=3168"},"modified":"2015-05-23T17:59:48","modified_gmt":"2015-05-23T15:59:48","slug":"herbsthimmel-ein-lichtblick","status":"publish","type":"post","link":"https:\/\/www.sabine-seyffert.de\/blog\/herbsthimmel-ein-lichtblick\/","title":{"rendered":"Herbsthimmel &#038; ein Lichtblick"},"content":{"rendered":"<p style=\"text-align: center;\"><img loading=\"lazy\" decoding=\"async\" src=\"https:\/\/ssl-vg03.met.vgwort.de\/na\/ce92d6ffc0df4f0e8530dddf04b7f0c6\" alt=\"\" width=\"1\" height=\"1\" \/><br \/>\n<a href=\"http:\/\/www.sabine-seyffert.de\/blog\/wp-content\/uploads\/2013\/11\/Herbsthimmel-8.jpg\"><img loading=\"lazy\" decoding=\"async\" class=\"alignnone size-full wp-image-3169\" src=\"http:\/\/www.sabine-seyffert.de\/blog\/wp-content\/uploads\/2013\/11\/Herbsthimmel-8.jpg\" alt=\"Herbsthimmel 8\" width=\"800\" height=\"600\" srcset=\"https:\/\/www.sabine-seyffert.de\/blog\/wp-content\/uploads\/2013\/11\/Herbsthimmel-8.jpg 800w, https:\/\/www.sabine-seyffert.de\/blog\/wp-content\/uploads\/2013\/11\/Herbsthimmel-8-300x225.jpg 300w\" sizes=\"auto, (max-width: 800px) 100vw, 800px\" \/><\/a><\/p>\n<p style=\"text-align: justify;\">Die Schulferien liegen nun zwar hinter uns, dennoch m\u00f6chte ich es nicht missen euch noch ein paar herbstliche Impressionen von dort mit auf den Weg zu geben. Denn diese sind so wunderbar, dass ich sie gerne teile.<\/p>\n<p style=\"text-align: center;\"><a href=\"http:\/\/www.sabine-seyffert.de\/blog\/wp-content\/uploads\/2013\/11\/Herbsthimmel-1.jpg\"><img loading=\"lazy\" decoding=\"async\" class=\"alignnone size-full wp-image-3170\" src=\"http:\/\/www.sabine-seyffert.de\/blog\/wp-content\/uploads\/2013\/11\/Herbsthimmel-1.jpg\" alt=\"Herbsthimmel 1\" width=\"600\" height=\"800\" srcset=\"https:\/\/www.sabine-seyffert.de\/blog\/wp-content\/uploads\/2013\/11\/Herbsthimmel-1.jpg 600w, https:\/\/www.sabine-seyffert.de\/blog\/wp-content\/uploads\/2013\/11\/Herbsthimmel-1-225x300.jpg 225w\" sizes=\"auto, (max-width: 600px) 100vw, 600px\" \/><\/a><\/p>\n<p style=\"text-align: justify;\">So haben wir in der ersten Ferienwoche mal wieder den <a href=\"http:\/\/zoo-wuppertal.de\/\" target=\"_blank\">Zoo<\/a> besucht. Der Herbsthimmel zeigte sich an dem Tag wirklich \u201ehimmlisch\u201c sch\u00f6n, so dass mein Blick zumindest gef\u00fchlt, \u00f6fter nach oben schweifte als geradeaus\u2026<\/p>\n<p style=\"text-align: center;\"><a href=\"http:\/\/www.sabine-seyffert.de\/blog\/wp-content\/uploads\/2013\/11\/Herbsthimmel-2.jpg\"><img loading=\"lazy\" decoding=\"async\" class=\"alignnone size-full wp-image-3171\" src=\"http:\/\/www.sabine-seyffert.de\/blog\/wp-content\/uploads\/2013\/11\/Herbsthimmel-2.jpg\" alt=\"Herbsthimmel 2\" width=\"800\" height=\"600\" srcset=\"https:\/\/www.sabine-seyffert.de\/blog\/wp-content\/uploads\/2013\/11\/Herbsthimmel-2.jpg 800w, https:\/\/www.sabine-seyffert.de\/blog\/wp-content\/uploads\/2013\/11\/Herbsthimmel-2-300x225.jpg 300w\" sizes=\"auto, (max-width: 800px) 100vw, 800px\" \/><\/a><\/p>\n<p style=\"text-align: justify;\">Im Zoo haben wir an einer Kinderf\u00fchrung teilgenommen, die w\u00e4hrend der Ferienzeit des \u00d6fteren angeboten wird. Diese dauerte eine Stunde und war nicht nur f\u00fcr Kinder ausgesprochen interessant.<\/p>\n<p><a href=\"http:\/\/www.sabine-seyffert.de\/blog\/wp-content\/uploads\/2013\/11\/Herbsthimmel-4.jpg\"><img loading=\"lazy\" decoding=\"async\" class=\"size-full wp-image-3172 aligncenter\" src=\"http:\/\/www.sabine-seyffert.de\/blog\/wp-content\/uploads\/2013\/11\/Herbsthimmel-4.jpg\" alt=\"Herbsthimmel 4\" width=\"600\" height=\"800\" srcset=\"https:\/\/www.sabine-seyffert.de\/blog\/wp-content\/uploads\/2013\/11\/Herbsthimmel-4.jpg 600w, https:\/\/www.sabine-seyffert.de\/blog\/wp-content\/uploads\/2013\/11\/Herbsthimmel-4-225x300.jpg 225w\" sizes=\"auto, (max-width: 600px) 100vw, 600px\" \/><\/a><\/p>\n<p style=\"text-align: justify;\">Denn hierbei erf\u00e4hrt man allerhand Interessantes zu den Tieren, die den jeweiligen Schwerpunkt der besagten Kinderf\u00fchrung bilden.<\/p>\n<p style=\"text-align: center;\"><a href=\"http:\/\/www.sabine-seyffert.de\/blog\/wp-content\/uploads\/2013\/11\/Herbsthimmel-5.jpg\"><img loading=\"lazy\" decoding=\"async\" class=\"alignnone size-full wp-image-3173\" src=\"http:\/\/www.sabine-seyffert.de\/blog\/wp-content\/uploads\/2013\/11\/Herbsthimmel-5.jpg\" alt=\"Herbsthimmel 5\" width=\"800\" height=\"600\" srcset=\"https:\/\/www.sabine-seyffert.de\/blog\/wp-content\/uploads\/2013\/11\/Herbsthimmel-5.jpg 800w, https:\/\/www.sabine-seyffert.de\/blog\/wp-content\/uploads\/2013\/11\/Herbsthimmel-5-300x225.jpg 300w\" sizes=\"auto, (max-width: 800px) 100vw, 800px\" \/><\/a><\/p>\n<p style=\"text-align: justify;\">Mein Highlight auf diesem Ausflug war die fantastische Farbe der B\u00e4ume in ihrem wundervoll herbstlichen Bl\u00e4tterkleid.<\/p>\n<p style=\"text-align: center;\"><a href=\"http:\/\/www.sabine-seyffert.de\/blog\/wp-content\/uploads\/2013\/11\/Herbsthimmel-6.jpg\"><img loading=\"lazy\" decoding=\"async\" class=\"alignnone size-full wp-image-3174\" src=\"http:\/\/www.sabine-seyffert.de\/blog\/wp-content\/uploads\/2013\/11\/Herbsthimmel-6.jpg\" alt=\"Herbsthimmel 6\" width=\"800\" height=\"600\" srcset=\"https:\/\/www.sabine-seyffert.de\/blog\/wp-content\/uploads\/2013\/11\/Herbsthimmel-6.jpg 800w, https:\/\/www.sabine-seyffert.de\/blog\/wp-content\/uploads\/2013\/11\/Herbsthimmel-6-300x225.jpg 300w\" sizes=\"auto, (max-width: 800px) 100vw, 800px\" \/><\/a><\/p>\n<p style=\"text-align: justify;\">Ich konnte mich daran einfach nicht satt sehen<\/p>\n<p style=\"text-align: center;\"><a href=\"http:\/\/www.sabine-seyffert.de\/blog\/wp-content\/uploads\/2013\/11\/Herbsthimmel-7.jpg\"><img loading=\"lazy\" decoding=\"async\" class=\"alignnone size-full wp-image-3175\" src=\"http:\/\/www.sabine-seyffert.de\/blog\/wp-content\/uploads\/2013\/11\/Herbsthimmel-7.jpg\" alt=\"Herbsthimmel 7\" width=\"800\" height=\"600\" srcset=\"https:\/\/www.sabine-seyffert.de\/blog\/wp-content\/uploads\/2013\/11\/Herbsthimmel-7.jpg 800w, https:\/\/www.sabine-seyffert.de\/blog\/wp-content\/uploads\/2013\/11\/Herbsthimmel-7-300x225.jpg 300w\" sizes=\"auto, (max-width: 800px) 100vw, 800px\" \/><\/a><\/p>\n<p style=\"text-align: justify;\">Und bevor das Bl\u00e4tterkleid der B\u00e4ume nun ganz verwelkt,\u00a0verweht oder sonst wie vom Herbstwind davon getragen wird, schicke ich ein paar besonders sch\u00f6ne Himmelsbilder zu Euch und auch <a href=\"http:\/\/dieraumfee.blogspot.de\/2013\/11\/in-heaven-no-87-abendstimmung.html\" target=\"_blank\">hier<\/a> hin!<\/p>\n<p style=\"text-align: center;\"><a href=\"http:\/\/www.sabine-seyffert.de\/blog\/wp-content\/uploads\/2013\/11\/Herbsthimmel-Wasser-3.jpg\"><img loading=\"lazy\" decoding=\"async\" class=\"alignnone size-full wp-image-3176\" src=\"http:\/\/www.sabine-seyffert.de\/blog\/wp-content\/uploads\/2013\/11\/Herbsthimmel-Wasser-3.jpg\" alt=\"Herbsthimmel Wasser 3\" width=\"800\" height=\"600\" srcset=\"https:\/\/www.sabine-seyffert.de\/blog\/wp-content\/uploads\/2013\/11\/Herbsthimmel-Wasser-3.jpg 800w, https:\/\/www.sabine-seyffert.de\/blog\/wp-content\/uploads\/2013\/11\/Herbsthimmel-Wasser-3-300x225.jpg 300w\" sizes=\"auto, (max-width: 800px) 100vw, 800px\" \/><\/a><\/p>\n<p style=\"text-align: justify;\">Nachdem ein paar recht anstrengende Tage hinter mir liegen, habe ich mich riesig \u00fcber ein kleines \u00dcberraschungsp\u00e4ckchen von <a href=\"http:\/\/ichliebediesentag.blogspot.de\/\" target=\"_blank\">Steffi<\/a> gefreut. Im Inneren schlummerte ein wahrhaft herzlicher Herzensgru\u00df. Der liebevoll gestaltete \u201eLichtblick\u201c schm\u00fcckt nun meine Fensterbank und ich erfreu mich t\u00e4glich an dem warmen Licht.<\/p>\n<p style=\"text-align: center;\"><a href=\"http:\/\/www.sabine-seyffert.de\/blog\/wp-content\/uploads\/2013\/11\/Steffi-21.jpg\"><img loading=\"lazy\" decoding=\"async\" class=\"alignnone size-full wp-image-3177\" src=\"http:\/\/www.sabine-seyffert.de\/blog\/wp-content\/uploads\/2013\/11\/Steffi-21.jpg\" alt=\"Steffi 21\" width=\"800\" height=\"589\" srcset=\"https:\/\/www.sabine-seyffert.de\/blog\/wp-content\/uploads\/2013\/11\/Steffi-21.jpg 800w, https:\/\/www.sabine-seyffert.de\/blog\/wp-content\/uploads\/2013\/11\/Steffi-21-300x220.jpg 300w\" sizes=\"auto, (max-width: 800px) 100vw, 800px\" \/><\/a><\/p>\n<p style=\"text-align: justify;\">Damit dieses nicht erlischt, gab es gleich noch ein paar Kerzen als Ersatz und eine kleines \u201e<a href=\"http:\/\/ichliebediesentag.blogspot.de\/2013\/11\/zundholzer-streichholzer-schwefelholzer.html\" target=\"_blank\">Aufheller-Geschenk<\/a>\u201c. In dieser mit einem tollen Stern geschm\u00fcckten Schachtel befinden sich allerhand Streichh\u00f6lzer. So toll verpackt, dass die Schachtel sich auch gut als kleine Deko macht. Und wenn die H\u00f6lzer leer sind, kann man die Schachtel einfach mit neuen Z\u00fcndh\u00f6lzern wieder auff\u00fcllen<\/p>\n<p style=\"text-align: center;\"><a href=\"http:\/\/www.sabine-seyffert.de\/blog\/wp-content\/uploads\/2013\/11\/Steffi-5.jpg\"><img loading=\"lazy\" decoding=\"async\" class=\"alignnone size-full wp-image-3178\" src=\"http:\/\/www.sabine-seyffert.de\/blog\/wp-content\/uploads\/2013\/11\/Steffi-5.jpg\" alt=\"Steffi 5\" width=\"600\" height=\"800\" srcset=\"https:\/\/www.sabine-seyffert.de\/blog\/wp-content\/uploads\/2013\/11\/Steffi-5.jpg 600w, https:\/\/www.sabine-seyffert.de\/blog\/wp-content\/uploads\/2013\/11\/Steffi-5-225x300.jpg 225w\" sizes=\"auto, (max-width: 600px) 100vw, 600px\" \/><\/a><\/p>\n<p style=\"text-align: justify;\">Habt ein gem\u00fctliches Wochenende \ud83d\ude42<\/p>\n<p style=\"text-align: justify;\"><a href=\"http:\/\/www.sabine-seyffert.de\/blog\/?page_id=32#urheberrecht\">urheberrrechtlich gesch\u00fctzt<\/a>, \u00a9 Sabine Seyffert<\/p>\n","protected":false},"excerpt":{"rendered":"<p>Die Schulferien liegen nun zwar hinter uns, dennoch m\u00f6chte ich es nicht missen euch noch ein paar herbstliche Impressionen von dort mit auf den Weg zu geben. Denn diese sind so wunderbar, dass ich sie gerne teile. So haben wir in der ersten Ferienwoche mal wieder den Zoo besucht. Der Herbsthimmel zeigte sich an dem&#8230; <a href=\"https:\/\/www.sabine-seyffert.de\/blog\/herbsthimmel-ein-lichtblick\/\" class=\"more-link\">Read more: Herbsthimmel &#038; ein Lichtblick<\/a><\/p>\n","protected":false},"author":2,"featured_media":0,"comment_status":"open","ping_status":"open","sticky":false,"template":"","format":"standard","meta":{"_metis_text_type":"","_metis_text_length":1890,"_post_count":0,"footnotes":""},"categories":[25,37],"tags":[],"class_list":["post-3168","post","type-post","status-publish","format-standard","hentry","category-herbst","category-himmlisches"],"_links":{"self":[{"href":"https:\/\/www.sabine-seyffert.de\/blog\/wp-json\/wp\/v2\/posts\/3168","targetHints":{"allow":["GET"]}}],"collection":[{"href":"https:\/\/www.sabine-seyffert.de\/blog\/wp-json\/wp\/v2\/posts"}],"about":[{"href":"https:\/\/www.sabine-seyffert.de\/blog\/wp-json\/wp\/v2\/types\/post"}],"author":[{"embeddable":true,"href":"https:\/\/www.sabine-seyffert.de\/blog\/wp-json\/wp\/v2\/users\/2"}],"replies":[{"embeddable":true,"href":"https:\/\/www.sabine-seyffert.de\/blog\/wp-json\/wp\/v2\/comments?post=3168"}],"version-history":[{"count":11,"href":"https:\/\/www.sabine-seyffert.de\/blog\/wp-json\/wp\/v2\/posts\/3168\/revisions"}],"predecessor-version":[{"id":5649,"href":"https:\/\/www.sabine-seyffert.de\/blog\/wp-json\/wp\/v2\/posts\/3168\/revisions\/5649"}],"wp:attachment":[{"href":"https:\/\/www.sabine-seyffert.de\/blog\/wp-json\/wp\/v2\/media?parent=3168"}],"wp:term":[{"taxonomy":"category","embeddable":true,"href":"https:\/\/www.sabine-seyffert.de\/blog\/wp-json\/wp\/v2\/categories?post=3168"},{"taxonomy":"post_tag","embeddable":true,"href":"https:\/\/www.sabine-seyffert.de\/blog\/wp-json\/wp\/v2\/tags?post=3168"}],"curies":[{"name":"wp","href":"https:\/\/api.w.org\/{rel}","templated":true}]}}