{"id":31323,"date":"2026-03-15T06:00:38","date_gmt":"2026-03-15T04:00:38","guid":{"rendered":"https:\/\/www.sabine-seyffert.de\/blog\/?p=31323"},"modified":"2025-09-06T18:43:53","modified_gmt":"2025-09-06T16:43:53","slug":"diy-geschenk-anhaenger-fuer-ostern-pfiffige-osterhasen","status":"publish","type":"post","link":"https:\/\/www.sabine-seyffert.de\/blog\/diy-geschenk-anhaenger-fuer-ostern-pfiffige-osterhasen\/","title":{"rendered":"DIY Geschenk Anh\u00e4nger f\u00fcr Ostern: Pfiffige Osterhasen"},"content":{"rendered":"<p style=\"text-align: justify;\"><img loading=\"lazy\" decoding=\"async\" src=\"https:\/\/vg04.met.vgwort.de\/na\/16b7331e1c0a466397c0b7df0d189658\" alt=\"\" width=\"1\" height=\"1\" \/>In der Osterzeit werden nicht nur Osternester oder T\u00fcten mit bunten Eiern und kleinen \u00dcberraschungen versteckt, sondern auch hier und da kleinere Oster\u00fcberraschungen sch\u00f6n verpackt. Daher habe ich nach der <a href=\"https:\/\/www.sabine-seyffert.de\/blog\/?p=31305\" target=\"_blank\" rel=\"noopener\">kunterbunten Hasenpost<\/a> eine witzige und vor allen Dingen ganz nachhaltige Verpackungsidee f\u00fcr euch. Mit diesen selbst gemachten Geschenkanh\u00e4ngern k\u00f6nnt ihr im Nu die fertigen Osternester oder andere Geschenke \u00f6sterlich verzieren. Au\u00dferdem ist diese Bastelidee so blitzschnell gemacht, dass ihr diese auch Last Minute anfertigen und f\u00fcr die Ostertage basteln k\u00f6nnt. Wie gef\u00e4llt euch das?<\/p>\n<p style=\"text-align: center;\"><a href=\"https:\/\/www.sabine-seyffert.de\/blog\/wp-content\/uploads\/2025\/09\/Osterhase-Anhaenger-Hase-Sabine-Seyffert.de-22.jpg\"><img loading=\"lazy\" decoding=\"async\" class=\"alignnone size-full wp-image-31325\" src=\"https:\/\/www.sabine-seyffert.de\/blog\/wp-content\/uploads\/2025\/09\/Osterhase-Anhaenger-Hase-Sabine-Seyffert.de-22.jpg\" alt=\"\" width=\"800\" height=\"600\" srcset=\"https:\/\/www.sabine-seyffert.de\/blog\/wp-content\/uploads\/2025\/09\/Osterhase-Anhaenger-Hase-Sabine-Seyffert.de-22.jpg 800w, https:\/\/www.sabine-seyffert.de\/blog\/wp-content\/uploads\/2025\/09\/Osterhase-Anhaenger-Hase-Sabine-Seyffert.de-22-300x225.jpg 300w, https:\/\/www.sabine-seyffert.de\/blog\/wp-content\/uploads\/2025\/09\/Osterhase-Anhaenger-Hase-Sabine-Seyffert.de-22-768x576.jpg 768w\" sizes=\"auto, (max-width: 800px) 100vw, 800px\" \/><\/a><\/p>\n<p style=\"text-align: justify;\"><strong>Das wird gebraucht:<\/strong><br \/>\nPappe \/ ein leerer Karton, ein scharfes Bastelmesser \/ Cutter, eine Bastelschere, Deckwei\u00df oder Bastelfarbe in wei\u00df und einer anderen Farbe eurer Wahl, eine kleinere Papprolle (alternativ eine leere Klorolle), Pinsel, Streichholz \/ Zahnstocher, Bastelkleber \/ Klebestift, eine Handvoll Pistazienschalen, eine Hei\u00dfklebepistole samt Klebepatrone, Kordel oder d\u00fcnnes Geschenkband, eine Lochzange, eine Malunterlage und einen <a href=\"https:\/\/www.sabine-seyffert.de\/blog\/?p=12310\" target=\"_blank\" rel=\"noopener\">Bastelkittel<\/a><\/p>\n<p style=\"text-align: center;\"><a href=\"https:\/\/www.sabine-seyffert.de\/blog\/wp-content\/uploads\/2025\/09\/Osterhase-Anhaenger-Hase-Sabine-Seyffert.de_.jpg\"><img loading=\"lazy\" decoding=\"async\" class=\"alignnone size-full wp-image-31326\" src=\"https:\/\/www.sabine-seyffert.de\/blog\/wp-content\/uploads\/2025\/09\/Osterhase-Anhaenger-Hase-Sabine-Seyffert.de_.jpg\" alt=\"\" width=\"800\" height=\"600\" srcset=\"https:\/\/www.sabine-seyffert.de\/blog\/wp-content\/uploads\/2025\/09\/Osterhase-Anhaenger-Hase-Sabine-Seyffert.de_.jpg 800w, https:\/\/www.sabine-seyffert.de\/blog\/wp-content\/uploads\/2025\/09\/Osterhase-Anhaenger-Hase-Sabine-Seyffert.de_-300x225.jpg 300w, https:\/\/www.sabine-seyffert.de\/blog\/wp-content\/uploads\/2025\/09\/Osterhase-Anhaenger-Hase-Sabine-Seyffert.de_-768x576.jpg 768w\" sizes=\"auto, (max-width: 800px) 100vw, 800px\" \/><\/a><\/p>\n<p style=\"text-align: justify;\"><strong>So wird\u2019s gemacht:<\/strong><br \/>\nSchneidet euch aus einem leeren Pappkarton einen Schwung an Geschenkanh\u00e4ngern in Form und Gr\u00f6\u00dfe eurer Wahl.<\/p>\n<p style=\"text-align: center;\"><a href=\"https:\/\/www.sabine-seyffert.de\/blog\/wp-content\/uploads\/2025\/09\/Osterhase-Anhaenger-Hase-Sabine-Seyffert.de-9.jpg\"><img loading=\"lazy\" decoding=\"async\" class=\"alignnone size-full wp-image-31332\" src=\"https:\/\/www.sabine-seyffert.de\/blog\/wp-content\/uploads\/2025\/09\/Osterhase-Anhaenger-Hase-Sabine-Seyffert.de-9.jpg\" alt=\"\" width=\"800\" height=\"600\" srcset=\"https:\/\/www.sabine-seyffert.de\/blog\/wp-content\/uploads\/2025\/09\/Osterhase-Anhaenger-Hase-Sabine-Seyffert.de-9.jpg 800w, https:\/\/www.sabine-seyffert.de\/blog\/wp-content\/uploads\/2025\/09\/Osterhase-Anhaenger-Hase-Sabine-Seyffert.de-9-300x225.jpg 300w, https:\/\/www.sabine-seyffert.de\/blog\/wp-content\/uploads\/2025\/09\/Osterhase-Anhaenger-Hase-Sabine-Seyffert.de-9-768x576.jpg 768w\" sizes=\"auto, (max-width: 800px) 100vw, 800px\" \/><\/a><\/p>\n<p style=\"text-align: justify;\">Ob rechteckig, rund, oval oder als breiter Wimpel ist vollkommen egal. Wichtig ist nur, dass von der Gr\u00f6\u00dfe her die Papprolle \/ Klorolle von der Gr\u00f6\u00dfe her gut drauf passt.<\/p>\n<p style=\"text-align: center;\"><a href=\"https:\/\/www.sabine-seyffert.de\/blog\/wp-content\/uploads\/2025\/09\/Osterhase-Anhaenger-Hase-Sabine-Seyffert.de-8.jpg\"><img loading=\"lazy\" decoding=\"async\" class=\"alignnone size-full wp-image-31333\" src=\"https:\/\/www.sabine-seyffert.de\/blog\/wp-content\/uploads\/2025\/09\/Osterhase-Anhaenger-Hase-Sabine-Seyffert.de-8.jpg\" alt=\"\" width=\"800\" height=\"600\" srcset=\"https:\/\/www.sabine-seyffert.de\/blog\/wp-content\/uploads\/2025\/09\/Osterhase-Anhaenger-Hase-Sabine-Seyffert.de-8.jpg 800w, https:\/\/www.sabine-seyffert.de\/blog\/wp-content\/uploads\/2025\/09\/Osterhase-Anhaenger-Hase-Sabine-Seyffert.de-8-300x225.jpg 300w, https:\/\/www.sabine-seyffert.de\/blog\/wp-content\/uploads\/2025\/09\/Osterhase-Anhaenger-Hase-Sabine-Seyffert.de-8-768x576.jpg 768w\" sizes=\"auto, (max-width: 800px) 100vw, 800px\" \/><\/a><\/p>\n<p style=\"text-align: justify;\">Bestreicht den unteren Rand der Papprolle mit Deckwei\u00df (oder wei\u00dfer Bastelfarbe) und stempelt damit einen runden Abdruck bzw. Kreis auf die Pappanh\u00e4nger.<\/p>\n<p style=\"text-align: center;\"><a href=\"https:\/\/www.sabine-seyffert.de\/blog\/wp-content\/uploads\/2025\/09\/Osterhase-Anhaenger-Hase-Sabine-Seyffert.de-7.jpg\"><img loading=\"lazy\" decoding=\"async\" class=\"alignnone size-full wp-image-31334\" src=\"https:\/\/www.sabine-seyffert.de\/blog\/wp-content\/uploads\/2025\/09\/Osterhase-Anhaenger-Hase-Sabine-Seyffert.de-7.jpg\" alt=\"\" width=\"800\" height=\"600\" srcset=\"https:\/\/www.sabine-seyffert.de\/blog\/wp-content\/uploads\/2025\/09\/Osterhase-Anhaenger-Hase-Sabine-Seyffert.de-7.jpg 800w, https:\/\/www.sabine-seyffert.de\/blog\/wp-content\/uploads\/2025\/09\/Osterhase-Anhaenger-Hase-Sabine-Seyffert.de-7-300x225.jpg 300w, https:\/\/www.sabine-seyffert.de\/blog\/wp-content\/uploads\/2025\/09\/Osterhase-Anhaenger-Hase-Sabine-Seyffert.de-7-768x576.jpg 768w\" sizes=\"auto, (max-width: 800px) 100vw, 800px\" \/><\/a><\/p>\n<p style=\"text-align: justify;\">Ab besten wiederholt man den Vorgang bei jedem Stempelvorgang, damit die Kreis auch sch\u00f6n sichtbar werden. Danach bestreicht ihr pro Hase zwei Pistazienschalen von au\u00dfen mit wei\u00dfer Farbe.<\/p>\n<p>&nbsp;<\/p>\n<p style=\"text-align: justify;\"><a href=\"https:\/\/www.sabine-seyffert.de\/blog\/wp-content\/uploads\/2025\/09\/Osterhase-Anhaenger-Hase-Sabine-Seyffert.de-6.jpg\"><img loading=\"lazy\" decoding=\"async\" class=\"size-full wp-image-31335 aligncenter\" src=\"https:\/\/www.sabine-seyffert.de\/blog\/wp-content\/uploads\/2025\/09\/Osterhase-Anhaenger-Hase-Sabine-Seyffert.de-6.jpg\" alt=\"\" width=\"800\" height=\"600\" srcset=\"https:\/\/www.sabine-seyffert.de\/blog\/wp-content\/uploads\/2025\/09\/Osterhase-Anhaenger-Hase-Sabine-Seyffert.de-6.jpg 800w, https:\/\/www.sabine-seyffert.de\/blog\/wp-content\/uploads\/2025\/09\/Osterhase-Anhaenger-Hase-Sabine-Seyffert.de-6-300x225.jpg 300w, https:\/\/www.sabine-seyffert.de\/blog\/wp-content\/uploads\/2025\/09\/Osterhase-Anhaenger-Hase-Sabine-Seyffert.de-6-768x576.jpg 768w\" sizes=\"auto, (max-width: 800px) 100vw, 800px\" \/><\/a><\/p>\n<p style=\"text-align: justify;\">Nachdem die Farbe getrocknet ist, f\u00fcllt die Schalen innen mit etwas zusammengekn\u00fclltem Zeitungspapier und klebt diese als Ohren \u00fcber den runden Abdruck. Daf\u00fcr benutzt ihr am besten eine Hei\u00dfklebepistole. Es funktioniert auch mit fl\u00fcssigem Bastelkleber, hier m\u00fcsstet ihr allerdings allerhand Zeit zum Trocknen mit einplanen.<\/p>\n<p style=\"text-align: center;\"><a href=\"https:\/\/www.sabine-seyffert.de\/blog\/wp-content\/uploads\/2025\/09\/Osterhase-Anhaenger-Hase-Sabine-Seyffert.de-5.jpg\"><img loading=\"lazy\" decoding=\"async\" class=\"alignnone size-full wp-image-31336\" src=\"https:\/\/www.sabine-seyffert.de\/blog\/wp-content\/uploads\/2025\/09\/Osterhase-Anhaenger-Hase-Sabine-Seyffert.de-5.jpg\" alt=\"\" width=\"800\" height=\"600\" srcset=\"https:\/\/www.sabine-seyffert.de\/blog\/wp-content\/uploads\/2025\/09\/Osterhase-Anhaenger-Hase-Sabine-Seyffert.de-5.jpg 800w, https:\/\/www.sabine-seyffert.de\/blog\/wp-content\/uploads\/2025\/09\/Osterhase-Anhaenger-Hase-Sabine-Seyffert.de-5-300x225.jpg 300w, https:\/\/www.sabine-seyffert.de\/blog\/wp-content\/uploads\/2025\/09\/Osterhase-Anhaenger-Hase-Sabine-Seyffert.de-5-768x576.jpg 768w\" sizes=\"auto, (max-width: 800px) 100vw, 800px\" \/><\/a><\/p>\n<p style=\"text-align: justify;\">Augen, Wangen und Nase k\u00f6nnt ihr mit Bastelfarbe, Papierresten, Lackstift oder anderen Stiften eurer Wahl gestalten. Und wer Lust hast darf auch noch ein zartes allover Muster um den Hasenkopf herum tupfen. Hierbei leisten Streichholz, Pinselstiel und Zahnstocher gute Dienste.<\/p>\n<p style=\"text-align: center;\"><a href=\"https:\/\/www.sabine-seyffert.de\/blog\/wp-content\/uploads\/2025\/09\/Osterhase-Anhaenger-Hase-Sabine-Seyffert.de-4.jpg\"><img loading=\"lazy\" decoding=\"async\" class=\"alignnone size-full wp-image-31337\" src=\"https:\/\/www.sabine-seyffert.de\/blog\/wp-content\/uploads\/2025\/09\/Osterhase-Anhaenger-Hase-Sabine-Seyffert.de-4.jpg\" alt=\"\" width=\"800\" height=\"600\" srcset=\"https:\/\/www.sabine-seyffert.de\/blog\/wp-content\/uploads\/2025\/09\/Osterhase-Anhaenger-Hase-Sabine-Seyffert.de-4.jpg 800w, https:\/\/www.sabine-seyffert.de\/blog\/wp-content\/uploads\/2025\/09\/Osterhase-Anhaenger-Hase-Sabine-Seyffert.de-4-300x225.jpg 300w, https:\/\/www.sabine-seyffert.de\/blog\/wp-content\/uploads\/2025\/09\/Osterhase-Anhaenger-Hase-Sabine-Seyffert.de-4-768x576.jpg 768w\" sizes=\"auto, (max-width: 800px) 100vw, 800px\" \/><\/a><\/p>\n<p style=\"text-align: justify;\">Zu guter Letzt stecht ihr mit Hilfe der Lochzange oben mittig kleine \u00d6ffnungen in die Geschenkanh\u00e4nger, schneidet ein St\u00fcck Kordel ab, f\u00e4delt dieses hindurch und verknotet die Enden.<\/p>\n<p style=\"text-align: center;\"><a href=\"https:\/\/www.sabine-seyffert.de\/blog\/wp-content\/uploads\/2025\/09\/Osterhase-Anhaenger-Hase-Sabine-Seyffert.de-20.jpg\"><img loading=\"lazy\" decoding=\"async\" class=\"alignnone size-full wp-image-31331\" src=\"https:\/\/www.sabine-seyffert.de\/blog\/wp-content\/uploads\/2025\/09\/Osterhase-Anhaenger-Hase-Sabine-Seyffert.de-20.jpg\" alt=\"\" width=\"800\" height=\"600\" srcset=\"https:\/\/www.sabine-seyffert.de\/blog\/wp-content\/uploads\/2025\/09\/Osterhase-Anhaenger-Hase-Sabine-Seyffert.de-20.jpg 800w, https:\/\/www.sabine-seyffert.de\/blog\/wp-content\/uploads\/2025\/09\/Osterhase-Anhaenger-Hase-Sabine-Seyffert.de-20-300x225.jpg 300w, https:\/\/www.sabine-seyffert.de\/blog\/wp-content\/uploads\/2025\/09\/Osterhase-Anhaenger-Hase-Sabine-Seyffert.de-20-768x576.jpg 768w\" sizes=\"auto, (max-width: 800px) 100vw, 800px\" \/><\/a><\/p>\n<p style=\"text-align: justify;\"><strong>Ein kleiner Tipp:<\/strong><br \/>\nWer mag kann die kleinen Geschenkanh\u00e4nger nat\u00fcrlich auch noch mit Namen oder einem kurzen Ostergru\u00df bestempeln oder beschriften.<\/p>\n<p style=\"text-align: center;\"><a href=\"https:\/\/www.sabine-seyffert.de\/blog\/wp-content\/uploads\/2025\/09\/Osterhase-Anhaenger-Hase-Sabine-Seyffert.de-21.jpg\"><img loading=\"lazy\" decoding=\"async\" class=\"alignnone size-full wp-image-31330\" src=\"https:\/\/www.sabine-seyffert.de\/blog\/wp-content\/uploads\/2025\/09\/Osterhase-Anhaenger-Hase-Sabine-Seyffert.de-21.jpg\" alt=\"\" width=\"800\" height=\"600\" srcset=\"https:\/\/www.sabine-seyffert.de\/blog\/wp-content\/uploads\/2025\/09\/Osterhase-Anhaenger-Hase-Sabine-Seyffert.de-21.jpg 800w, https:\/\/www.sabine-seyffert.de\/blog\/wp-content\/uploads\/2025\/09\/Osterhase-Anhaenger-Hase-Sabine-Seyffert.de-21-300x225.jpg 300w, https:\/\/www.sabine-seyffert.de\/blog\/wp-content\/uploads\/2025\/09\/Osterhase-Anhaenger-Hase-Sabine-Seyffert.de-21-768x576.jpg 768w\" sizes=\"auto, (max-width: 800px) 100vw, 800px\" \/><\/a><\/p>\n<p style=\"text-align: justify;\">Falls ihr auf der Suche nach weiteren Geschenkideen rund um die Osterzeit seid, st\u00f6bert gerne mal durch folgende DIY Ideen, die ich auch mit detaillierter Bastelanleitung im Folgenden verlinkt habe:<\/p>\n<p style=\"text-align: center;\"><a href=\"https:\/\/www.sabine-seyffert.de\/blog\/wp-content\/uploads\/2025\/09\/Osterhase-Anhaenger-Hase-Sabine-Seyffert.de-14.jpg\"><img loading=\"lazy\" decoding=\"async\" class=\"alignnone size-full wp-image-31329\" src=\"https:\/\/www.sabine-seyffert.de\/blog\/wp-content\/uploads\/2025\/09\/Osterhase-Anhaenger-Hase-Sabine-Seyffert.de-14.jpg\" alt=\"\" width=\"600\" height=\"800\" srcset=\"https:\/\/www.sabine-seyffert.de\/blog\/wp-content\/uploads\/2025\/09\/Osterhase-Anhaenger-Hase-Sabine-Seyffert.de-14.jpg 600w, https:\/\/www.sabine-seyffert.de\/blog\/wp-content\/uploads\/2025\/09\/Osterhase-Anhaenger-Hase-Sabine-Seyffert.de-14-225x300.jpg 225w\" sizes=\"auto, (max-width: 600px) 100vw, 600px\" \/><\/a><\/p>\n<p>* <a href=\"https:\/\/www.sabine-seyffert.de\/blog\/?p=29922\" target=\"_blank\" rel=\"noopener\">S\u00fc\u00dfe L\u00f6ffel Hasen<\/a><br \/>\n* <a href=\"https:\/\/www.sabine-seyffert.de\/blog\/?p=12095\" target=\"_blank\" rel=\"noopener\">Spiegelei Kekse<\/a><br \/>\n* <a href=\"https:\/\/www.sabine-seyffert.de\/blog\/?p=19216\" target=\"_blank\" rel=\"noopener\">Osternest aus Tetrapak<\/a><br \/>\n* <a href=\"https:\/\/www.sabine-seyffert.de\/blog\/?p=22626\" target=\"_blank\" rel=\"noopener\">S\u00fc\u00dfes K\u00fcken Windlicht<\/a><br \/>\n* <a href=\"https:\/\/www.sabine-seyffert.de\/blog\/?p=25297\" target=\"_blank\" rel=\"noopener\">Hasen Windlicht<\/a><br \/>\n* <a href=\"https:\/\/www.sabine-seyffert.de\/blog\/?p=14312\" target=\"_blank\" rel=\"noopener\">Osterkekse als kleines Mitbringsel<\/a><br \/>\n* <a href=\"https:\/\/www.sabine-seyffert.de\/blog\/?p=22553\" target=\"_blank\" rel=\"noopener\">Ein leuchtendes K\u00fcken<\/a><br \/>\n* <a href=\"https:\/\/www.sabine-seyffert.de\/blog\/?p=25367\" target=\"_blank\" rel=\"noopener\">Selbst gemachte Osterkerzen<\/a><br \/>\n* <a href=\"https:\/\/www.sabine-seyffert.de\/blog\/?p=10091\" target=\"_blank\" rel=\"noopener\">Zuckers\u00fc\u00dfe Mohrr\u00fcben<\/a><br \/>\n* <a href=\"https:\/\/www.sabine-seyffert.de\/blog\/?p=16310\" target=\"_blank\" rel=\"noopener\">Osterschokolade<\/a><\/p>\n<p style=\"text-align: center;\"><a href=\"https:\/\/www.sabine-seyffert.de\/blog\/wp-content\/uploads\/2025\/09\/Osterhase-Anhaenger-Hase-Sabine-Seyffert.de-17.jpg\"><img loading=\"lazy\" decoding=\"async\" class=\"alignnone size-full wp-image-31328\" src=\"https:\/\/www.sabine-seyffert.de\/blog\/wp-content\/uploads\/2025\/09\/Osterhase-Anhaenger-Hase-Sabine-Seyffert.de-17.jpg\" alt=\"\" width=\"600\" height=\"800\" srcset=\"https:\/\/www.sabine-seyffert.de\/blog\/wp-content\/uploads\/2025\/09\/Osterhase-Anhaenger-Hase-Sabine-Seyffert.de-17.jpg 600w, https:\/\/www.sabine-seyffert.de\/blog\/wp-content\/uploads\/2025\/09\/Osterhase-Anhaenger-Hase-Sabine-Seyffert.de-17-225x300.jpg 225w\" sizes=\"auto, (max-width: 600px) 100vw, 600px\" \/><\/a><\/p>\n<p style=\"text-align: justify;\">Weitere DIY Ideen rund um die Osterzeit findet ihr \u00fcbrigens in <a href=\"https:\/\/www.sabine-seyffert.de\/blog\/?cat=57\" target=\"_blank\" rel=\"noopener\">dieser Blog Kategorie<\/a>, kreative Bastelideen mit Anleitung f\u00fcr Kinder gibt es in <a href=\"https:\/\/www.sabine-seyffert.de\/blog\/?cat=32\" target=\"_blank\" rel=\"noopener\">dieser Rubrik<\/a>, selbst gemachte Geschenk Verpackungen zu ganz unterschiedlichen Anl\u00e4ssen sind in <a href=\"https:\/\/www.sabine-seyffert.de\/blog\/?cat=49\" target=\"_blank\" rel=\"noopener\">diesem Blog Ordner<\/a>, alles zum Thema Upcycling <a href=\"https:\/\/www.sabine-seyffert.de\/blog\/?cat=47\" target=\"_blank\" rel=\"noopener\">hier<\/a> und andere kreative Sachen auch an <a href=\"https:\/\/de.pinterest.com\/diysabineseyffert\/\" target=\"_blank\" rel=\"noopener\">meinen Pinnw\u00e4nden<\/a>.<\/p>\n<p style=\"text-align: center;\"><a href=\"https:\/\/www.sabine-seyffert.de\/blog\/wp-content\/uploads\/2025\/09\/Osterhase-Anhaenger-Hase-Sabine-Seyffert.de-18.jpg\"><img loading=\"lazy\" decoding=\"async\" class=\"alignnone size-full wp-image-31327\" src=\"https:\/\/www.sabine-seyffert.de\/blog\/wp-content\/uploads\/2025\/09\/Osterhase-Anhaenger-Hase-Sabine-Seyffert.de-18.jpg\" alt=\"\" width=\"600\" height=\"800\" srcset=\"https:\/\/www.sabine-seyffert.de\/blog\/wp-content\/uploads\/2025\/09\/Osterhase-Anhaenger-Hase-Sabine-Seyffert.de-18.jpg 600w, https:\/\/www.sabine-seyffert.de\/blog\/wp-content\/uploads\/2025\/09\/Osterhase-Anhaenger-Hase-Sabine-Seyffert.de-18-225x300.jpg 225w\" sizes=\"auto, (max-width: 600px) 100vw, 600px\" \/><\/a><\/p>\n<p style=\"text-align: justify;\"><a href=\"https:\/\/www.sabine-seyffert.de\/blog\/?page_id=32#urheberrecht\">urheberrechtlich gesch\u00fctzt<\/a>, \u00a9 Sabine Seyffert<\/p>\n","protected":false},"excerpt":{"rendered":"<p>In der Osterzeit werden nicht nur Osternester oder T\u00fcten mit bunten Eiern und kleinen \u00dcberraschungen versteckt, sondern auch hier und da kleinere Oster\u00fcberraschungen sch\u00f6n verpackt. Daher habe ich nach der kunterbunten Hasenpost eine witzige und vor allen Dingen ganz nachhaltige Verpackungsidee f\u00fcr euch. Mit diesen selbst gemachten Geschenkanh\u00e4ngern k\u00f6nnt ihr im Nu die fertigen Osternester&#8230; <a href=\"https:\/\/www.sabine-seyffert.de\/blog\/diy-geschenk-anhaenger-fuer-ostern-pfiffige-osterhasen\/\" class=\"more-link\">Read more: DIY Geschenk Anh\u00e4nger f\u00fcr Ostern: Pfiffige Osterhasen<\/a><\/p>\n","protected":false},"author":2,"featured_media":0,"comment_status":"open","ping_status":"open","sticky":false,"template":"","format":"standard","meta":{"_metis_text_type":"standard","_metis_text_length":3452,"_post_count":0,"footnotes":""},"categories":[32,23,49,57,47],"tags":[],"class_list":["post-31323","post","type-post","status-publish","format-standard","hentry","category-kreatives-fur-kleine-kinderhande","category-fruhling","category-verpackungsideen","category-ostern","category-upcyceltes"],"_links":{"self":[{"href":"https:\/\/www.sabine-seyffert.de\/blog\/wp-json\/wp\/v2\/posts\/31323","targetHints":{"allow":["GET"]}}],"collection":[{"href":"https:\/\/www.sabine-seyffert.de\/blog\/wp-json\/wp\/v2\/posts"}],"about":[{"href":"https:\/\/www.sabine-seyffert.de\/blog\/wp-json\/wp\/v2\/types\/post"}],"author":[{"embeddable":true,"href":"https:\/\/www.sabine-seyffert.de\/blog\/wp-json\/wp\/v2\/users\/2"}],"replies":[{"embeddable":true,"href":"https:\/\/www.sabine-seyffert.de\/blog\/wp-json\/wp\/v2\/comments?post=31323"}],"version-history":[{"count":3,"href":"https:\/\/www.sabine-seyffert.de\/blog\/wp-json\/wp\/v2\/posts\/31323\/revisions"}],"predecessor-version":[{"id":31339,"href":"https:\/\/www.sabine-seyffert.de\/blog\/wp-json\/wp\/v2\/posts\/31323\/revisions\/31339"}],"wp:attachment":[{"href":"https:\/\/www.sabine-seyffert.de\/blog\/wp-json\/wp\/v2\/media?parent=31323"}],"wp:term":[{"taxonomy":"category","embeddable":true,"href":"https:\/\/www.sabine-seyffert.de\/blog\/wp-json\/wp\/v2\/categories?post=31323"},{"taxonomy":"post_tag","embeddable":true,"href":"https:\/\/www.sabine-seyffert.de\/blog\/wp-json\/wp\/v2\/tags?post=31323"}],"curies":[{"name":"wp","href":"https:\/\/api.w.org\/{rel}","templated":true}]}}