{"id":3122,"date":"2013-11-09T13:28:23","date_gmt":"2013-11-09T11:28:23","guid":{"rendered":"http:\/\/www.sabine-seyffert.de\/blog\/?p=3122"},"modified":"2017-03-03T19:26:13","modified_gmt":"2017-03-03T17:26:13","slug":"herbstliche-fuchsjagd","status":"publish","type":"post","link":"https:\/\/www.sabine-seyffert.de\/blog\/herbstliche-fuchsjagd\/","title":{"rendered":"Herbstliche Fuchsjagd"},"content":{"rendered":"<p style=\"text-align: center;\"><img loading=\"lazy\" decoding=\"async\" src=\"https:\/\/ssl-vg03.met.vgwort.de\/na\/a7cc8e4ee46e4a1488303e483c499c1f\" alt=\"\" width=\"1\" height=\"1\" \/><a href=\"http:\/\/www.sabine-seyffert.de\/blog\/wp-content\/uploads\/2013\/11\/Fuchs-12.jpg\"><img loading=\"lazy\" decoding=\"async\" class=\"alignnone size-full wp-image-3124\" src=\"http:\/\/www.sabine-seyffert.de\/blog\/wp-content\/uploads\/2013\/11\/Fuchs-12.jpg\" alt=\"Fuchs 12\" width=\"800\" height=\"600\" srcset=\"https:\/\/www.sabine-seyffert.de\/blog\/wp-content\/uploads\/2013\/11\/Fuchs-12.jpg 800w, https:\/\/www.sabine-seyffert.de\/blog\/wp-content\/uploads\/2013\/11\/Fuchs-12-300x225.jpg 300w\" sizes=\"auto, (max-width: 800px) 100vw, 800px\" \/><\/a><\/p>\n<p style=\"text-align: justify;\">Seit <a href=\"http:\/\/www.sabine-seyffert.de\/blog\/?p=2456\" target=\"_blank\">langem schon<\/a> hatte ich meiner Tochter versprochen, dass wir uns auf eine <a href=\"http:\/\/www.vohwinkel.net\/geschichte\/fuechse.htm\" target=\"_blank\">Fuchsjagd<\/a> begeben werden. In den Herbstferien konnte ich mein Versprechen endlich einl\u00f6sen. Selbst das schmuddelige Ferienwetter hatte erbarmen und zeigte sich am besagten Nachmittag trocken.<\/p>\n<p style=\"text-align: justify;\"><a href=\"http:\/\/www.sabine-seyffert.de\/blog\/wp-content\/uploads\/2013\/11\/Fuchs-9.jpg\"><img loading=\"lazy\" decoding=\"async\" class=\"alignnone size-full wp-image-3123\" src=\"http:\/\/www.sabine-seyffert.de\/blog\/wp-content\/uploads\/2013\/11\/Fuchs-9.jpg\" alt=\"Fuchs 9\" width=\"800\" height=\"524\" srcset=\"https:\/\/www.sabine-seyffert.de\/blog\/wp-content\/uploads\/2013\/11\/Fuchs-9.jpg 800w, https:\/\/www.sabine-seyffert.de\/blog\/wp-content\/uploads\/2013\/11\/Fuchs-9-300x196.jpg 300w\" sizes=\"auto, (max-width: 800px) 100vw, 800px\" \/><\/a><br \/>\nMit Fotoapparat bewaffnet spazierten wir durch den <a href=\"http:\/\/www.vohwinkel.net\/\" target=\"_blank\">Stadtteil Vohwinkel<\/a> hindurch, ganz aufmerksam und mit wachen Augen. Den ersten Fuchs, den wir finden konnten, spazierte gleich als ganze Fuchsfamilie durch die Stadt. Und zwar genau an der Ausfahrt des Postparkplatzes, seitlich an der Mauer.<\/p>\n<p style=\"text-align: justify;\"><a href=\"http:\/\/www.sabine-seyffert.de\/blog\/wp-content\/uploads\/2013\/11\/Fuchs-1.jpg\"><img loading=\"lazy\" decoding=\"async\" class=\"alignnone size-full wp-image-3125\" src=\"http:\/\/www.sabine-seyffert.de\/blog\/wp-content\/uploads\/2013\/11\/Fuchs-1.jpg\" alt=\"Fuchs 1\" width=\"800\" height=\"578\" srcset=\"https:\/\/www.sabine-seyffert.de\/blog\/wp-content\/uploads\/2013\/11\/Fuchs-1.jpg 800w, https:\/\/www.sabine-seyffert.de\/blog\/wp-content\/uploads\/2013\/11\/Fuchs-1-300x216.jpg 300w\" sizes=\"auto, (max-width: 800px) 100vw, 800px\" \/><\/a><br \/>\nDiese F\u00fcchse fielen bei wachem Blick recht gut ins Auge, was bei den folgenden Tieren schon kniffeliger war.<\/p>\n<p style=\"text-align: center;\"><a href=\"http:\/\/www.sabine-seyffert.de\/blog\/wp-content\/uploads\/2013\/11\/Fuchs-2.jpg\"><img loading=\"lazy\" decoding=\"async\" class=\"alignnone size-full wp-image-3126\" src=\"http:\/\/www.sabine-seyffert.de\/blog\/wp-content\/uploads\/2013\/11\/Fuchs-2.jpg\" alt=\"Fuchs 2\" width=\"800\" height=\"600\" srcset=\"https:\/\/www.sabine-seyffert.de\/blog\/wp-content\/uploads\/2013\/11\/Fuchs-2.jpg 800w, https:\/\/www.sabine-seyffert.de\/blog\/wp-content\/uploads\/2013\/11\/Fuchs-2-300x225.jpg 300w\" sizes=\"auto, (max-width: 800px) 100vw, 800px\" \/><\/a><\/p>\n<p style=\"text-align: justify;\">Der n\u00e4chste Fuchs samt seiner zwei Kinder schm\u00fcckt eine Hauswand am Lienhardtplatz, gleich neben dem Eingang zum Kinderarzt. Da hat sich die Fuchsmutter ihren Platz ja bestens ausgesucht und ist hier offenbar in guten H\u00e4nden!<\/p>\n<p style=\"text-align: center;\"><a href=\"http:\/\/www.sabine-seyffert.de\/blog\/wp-content\/uploads\/2013\/11\/Fuchs-3.jpg\"><img loading=\"lazy\" decoding=\"async\" class=\"alignnone size-full wp-image-3127\" src=\"http:\/\/www.sabine-seyffert.de\/blog\/wp-content\/uploads\/2013\/11\/Fuchs-3.jpg\" alt=\"Fuchs 3\" width=\"800\" height=\"600\" srcset=\"https:\/\/www.sabine-seyffert.de\/blog\/wp-content\/uploads\/2013\/11\/Fuchs-3.jpg 800w, https:\/\/www.sabine-seyffert.de\/blog\/wp-content\/uploads\/2013\/11\/Fuchs-3-300x225.jpg 300w\" sizes=\"auto, (max-width: 800px) 100vw, 800px\" \/><\/a><\/p>\n<p style=\"text-align: justify;\">Auf der gegen\u00fcberliegenden Seite, in der Gr\u00e4fratherstrasse schleicht sich ein Fuchs im Eingang einer Apotheke entlang. Dieser scheint ein ganz gelehrtes Exemplar zu sein, denn ein Stethoskop ziert seinen Hals!<\/p>\n<p style=\"text-align: center;\"><a href=\"http:\/\/www.sabine-seyffert.de\/blog\/wp-content\/uploads\/2013\/11\/Fuchs-4.jpg\"><img loading=\"lazy\" decoding=\"async\" class=\"alignnone size-full wp-image-3128\" src=\"http:\/\/www.sabine-seyffert.de\/blog\/wp-content\/uploads\/2013\/11\/Fuchs-4.jpg\" alt=\"Fuchs 4\" width=\"600\" height=\"800\" srcset=\"https:\/\/www.sabine-seyffert.de\/blog\/wp-content\/uploads\/2013\/11\/Fuchs-4.jpg 600w, https:\/\/www.sabine-seyffert.de\/blog\/wp-content\/uploads\/2013\/11\/Fuchs-4-225x300.jpg 225w\" sizes=\"auto, (max-width: 600px) 100vw, 600px\" \/><\/a><\/p>\n<p style=\"text-align: justify;\">Ein belesener Fuchs ist uns gleich am Rathaus begegnet. Vielleicht ist er auf dem Weg in die Bibliothek, die sich im Rathaus befindet\u2026<\/p>\n<p style=\"text-align: center;\"><a href=\"http:\/\/www.sabine-seyffert.de\/blog\/wp-content\/uploads\/2013\/11\/Fuchs.jpg\"><img loading=\"lazy\" decoding=\"async\" class=\"alignnone size-full wp-image-3129\" src=\"http:\/\/www.sabine-seyffert.de\/blog\/wp-content\/uploads\/2013\/11\/Fuchs.jpg\" alt=\"Fuchs\" width=\"600\" height=\"800\" srcset=\"https:\/\/www.sabine-seyffert.de\/blog\/wp-content\/uploads\/2013\/11\/Fuchs.jpg 600w, https:\/\/www.sabine-seyffert.de\/blog\/wp-content\/uploads\/2013\/11\/Fuchs-225x300.jpg 225w\" sizes=\"auto, (max-width: 600px) 100vw, 600px\" \/><\/a><\/p>\n<p style=\"text-align: justify;\">Den n\u00e4chsten Fuchs mussten wir suchen. Irgendwie hatten wir in Erinnerung das er sich an der Schwebebahn Endstation irgendwo herumtreibt, aber den genauen Ort kannten wir nicht.<\/p>\n<p style=\"text-align: justify;\"><a href=\"http:\/\/www.sabine-seyffert.de\/blog\/wp-content\/uploads\/2013\/11\/Fuchs-5.jpg\"><img loading=\"lazy\" decoding=\"async\" class=\"alignnone size-full wp-image-3130\" src=\"http:\/\/www.sabine-seyffert.de\/blog\/wp-content\/uploads\/2013\/11\/Fuchs-5.jpg\" alt=\"Fuchs 5\" width=\"800\" height=\"600\" srcset=\"https:\/\/www.sabine-seyffert.de\/blog\/wp-content\/uploads\/2013\/11\/Fuchs-5.jpg 800w, https:\/\/www.sabine-seyffert.de\/blog\/wp-content\/uploads\/2013\/11\/Fuchs-5-300x225.jpg 300w\" sizes=\"auto, (max-width: 800px) 100vw, 800px\" \/><\/a><br \/>\nEtwas einsam bewacht er den Eingang zur Schwebebahn, der im Moment jedoch durch ein Gitter versperrt ist, weil die Schwebebahn nach ihrem Unfall immer noch nicht wieder f\u00e4hrt. Vielleicht war gerade das unser Gl\u00fcck, denn so haben wir das Tier entdeckt, was sonst schnell zwischen den zahlreichen Passagieren am Aufgang verschwindet.<\/p>\n<p style=\"text-align: center;\"><a href=\"http:\/\/www.sabine-seyffert.de\/blog\/wp-content\/uploads\/2013\/11\/Fuchs-6.jpg\"><img loading=\"lazy\" decoding=\"async\" class=\"alignnone size-full wp-image-3131\" src=\"http:\/\/www.sabine-seyffert.de\/blog\/wp-content\/uploads\/2013\/11\/Fuchs-6.jpg\" alt=\"Fuchs 6\" width=\"800\" height=\"600\" srcset=\"https:\/\/www.sabine-seyffert.de\/blog\/wp-content\/uploads\/2013\/11\/Fuchs-6.jpg 800w, https:\/\/www.sabine-seyffert.de\/blog\/wp-content\/uploads\/2013\/11\/Fuchs-6-300x225.jpg 300w\" sizes=\"auto, (max-width: 800px) 100vw, 800px\" \/><\/a><\/p>\n<p style=\"text-align: justify;\">Den letzten Fuchs haben wir an der Treppe zum Park &amp; Ride Parkplatz erwischt, die direkt gegen\u00fcber der Polizeiwache liegt.<\/p>\n<p style=\"text-align: center;\"><a href=\"http:\/\/www.sabine-seyffert.de\/blog\/wp-content\/uploads\/2013\/11\/Fuchs-7.jpg\"><img loading=\"lazy\" decoding=\"async\" class=\"alignnone size-full wp-image-3132\" src=\"http:\/\/www.sabine-seyffert.de\/blog\/wp-content\/uploads\/2013\/11\/Fuchs-7.jpg\" alt=\"Fuchs 7\" width=\"800\" height=\"600\" srcset=\"https:\/\/www.sabine-seyffert.de\/blog\/wp-content\/uploads\/2013\/11\/Fuchs-7.jpg 800w, https:\/\/www.sabine-seyffert.de\/blog\/wp-content\/uploads\/2013\/11\/Fuchs-7-300x225.jpg 300w\" sizes=\"auto, (max-width: 800px) 100vw, 800px\" \/><\/a><\/p>\n<p style=\"text-align: justify;\">Rundum eine ganz lustige Besch\u00e4ftigung, die gerade Kindern gro\u00dfen Spa\u00df macht. Leider haben wir nicht alle F\u00fcchse im Stadtteil finden k\u00f6nnen.<\/p>\n<p style=\"text-align: center;\"><a href=\"http:\/\/www.sabine-seyffert.de\/blog\/wp-content\/uploads\/2013\/11\/Fuchs-8.jpg\"><img loading=\"lazy\" decoding=\"async\" class=\"alignnone size-full wp-image-3133\" src=\"http:\/\/www.sabine-seyffert.de\/blog\/wp-content\/uploads\/2013\/11\/Fuchs-8.jpg\" alt=\"Fuchs 8\" width=\"800\" height=\"600\" srcset=\"https:\/\/www.sabine-seyffert.de\/blog\/wp-content\/uploads\/2013\/11\/Fuchs-8.jpg 800w, https:\/\/www.sabine-seyffert.de\/blog\/wp-content\/uploads\/2013\/11\/Fuchs-8-300x225.jpg 300w\" sizes=\"auto, (max-width: 800px) 100vw, 800px\" \/><\/a><\/p>\n<p style=\"text-align: justify;\">Aber dennoch hat die Fuchsjagd an der frischen Luft gut getan. Und ein paar herbstliche Sonnenstrahlen und wunderbare Himmelsblicke konnten wir dabei ebenfalls sammeln\u2026<\/p>\n<p style=\"text-align: center;\"><a href=\"http:\/\/www.sabine-seyffert.de\/blog\/wp-content\/uploads\/2013\/11\/Fuchs-10.jpg\"><img loading=\"lazy\" decoding=\"async\" class=\"alignnone size-full wp-image-3134\" src=\"http:\/\/www.sabine-seyffert.de\/blog\/wp-content\/uploads\/2013\/11\/Fuchs-10.jpg\" alt=\"Fuchs 10\" width=\"600\" height=\"627\" srcset=\"https:\/\/www.sabine-seyffert.de\/blog\/wp-content\/uploads\/2013\/11\/Fuchs-10.jpg 600w, https:\/\/www.sabine-seyffert.de\/blog\/wp-content\/uploads\/2013\/11\/Fuchs-10-287x300.jpg 287w\" sizes=\"auto, (max-width: 600px) 100vw, 600px\" \/><\/a><\/p>\n<p style=\"text-align: justify;\">Vielleicht gibt es in euren St\u00e4dten \u00e4hnliche Dinge, die man auf einem herbstlichen Spaziergang sammeln und suchen kann. In jedem Fall w\u00fcnsche ich Euch allen ein sch\u00f6nes Wochenende \ud83d\ude42<\/p>\n<p style=\"text-align: center;\"><a href=\"http:\/\/www.sabine-seyffert.de\/blog\/wp-content\/uploads\/2013\/11\/Fuchs-11.jpg\"><img loading=\"lazy\" decoding=\"async\" class=\"alignnone size-full wp-image-3135\" src=\"http:\/\/www.sabine-seyffert.de\/blog\/wp-content\/uploads\/2013\/11\/Fuchs-11.jpg\" alt=\"Fuchs 11\" width=\"800\" height=\"579\" srcset=\"https:\/\/www.sabine-seyffert.de\/blog\/wp-content\/uploads\/2013\/11\/Fuchs-11.jpg 800w, https:\/\/www.sabine-seyffert.de\/blog\/wp-content\/uploads\/2013\/11\/Fuchs-11-300x217.jpg 300w\" sizes=\"auto, (max-width: 800px) 100vw, 800px\" \/><\/a><br \/>\n<a href=\"http:\/\/www.sabine-seyffert.de\/blog\/?page_id=32#urheberrecht\">urheberrechtlich gesch\u00fctzt<\/a>, \u00a9 Sabine Seyffert<\/p>\n","protected":false},"excerpt":{"rendered":"<p>Seit langem schon hatte ich meiner Tochter versprochen, dass wir uns auf eine Fuchsjagd begeben werden. In den Herbstferien konnte ich mein Versprechen endlich einl\u00f6sen. Selbst das schmuddelige Ferienwetter hatte erbarmen und zeigte sich am besagten Nachmittag trocken. Mit Fotoapparat bewaffnet spazierten wir durch den Stadtteil Vohwinkel hindurch, ganz aufmerksam und mit wachen Augen. Den&#8230; <a href=\"https:\/\/www.sabine-seyffert.de\/blog\/herbstliche-fuchsjagd\/\" class=\"more-link\">Read more: Herbstliche Fuchsjagd<\/a><\/p>\n","protected":false},"author":2,"featured_media":0,"comment_status":"open","ping_status":"open","sticky":false,"template":"","format":"standard","meta":{"_metis_text_type":"","_metis_text_length":2417,"_post_count":0,"footnotes":""},"categories":[39,25],"tags":[],"class_list":["post-3122","post","type-post","status-publish","format-standard","hentry","category-ausfluge-co","category-herbst"],"_links":{"self":[{"href":"https:\/\/www.sabine-seyffert.de\/blog\/wp-json\/wp\/v2\/posts\/3122","targetHints":{"allow":["GET"]}}],"collection":[{"href":"https:\/\/www.sabine-seyffert.de\/blog\/wp-json\/wp\/v2\/posts"}],"about":[{"href":"https:\/\/www.sabine-seyffert.de\/blog\/wp-json\/wp\/v2\/types\/post"}],"author":[{"embeddable":true,"href":"https:\/\/www.sabine-seyffert.de\/blog\/wp-json\/wp\/v2\/users\/2"}],"replies":[{"embeddable":true,"href":"https:\/\/www.sabine-seyffert.de\/blog\/wp-json\/wp\/v2\/comments?post=3122"}],"version-history":[{"count":12,"href":"https:\/\/www.sabine-seyffert.de\/blog\/wp-json\/wp\/v2\/posts\/3122\/revisions"}],"predecessor-version":[{"id":9792,"href":"https:\/\/www.sabine-seyffert.de\/blog\/wp-json\/wp\/v2\/posts\/3122\/revisions\/9792"}],"wp:attachment":[{"href":"https:\/\/www.sabine-seyffert.de\/blog\/wp-json\/wp\/v2\/media?parent=3122"}],"wp:term":[{"taxonomy":"category","embeddable":true,"href":"https:\/\/www.sabine-seyffert.de\/blog\/wp-json\/wp\/v2\/categories?post=3122"},{"taxonomy":"post_tag","embeddable":true,"href":"https:\/\/www.sabine-seyffert.de\/blog\/wp-json\/wp\/v2\/tags?post=3122"}],"curies":[{"name":"wp","href":"https:\/\/api.w.org\/{rel}","templated":true}]}}