{"id":3082,"date":"2013-11-05T07:17:26","date_gmt":"2013-11-05T05:17:26","guid":{"rendered":"http:\/\/www.sabine-seyffert.de\/blog\/?p=3082"},"modified":"2018-10-26T10:07:20","modified_gmt":"2018-10-26T08:07:20","slug":"kleiner-kafer-leuchte-mir","status":"publish","type":"post","link":"https:\/\/www.sabine-seyffert.de\/blog\/kleiner-kafer-leuchte-mir\/","title":{"rendered":"Kleiner K\u00e4fer leuchte mir\u2026"},"content":{"rendered":"<p style=\"text-align: justify;\"><img loading=\"lazy\" decoding=\"async\" src=\"https:\/\/ssl-vg03.met.vgwort.de\/na\/77f76df3e4024362872b9ff549335ed0\" alt=\"\" width=\"1\" height=\"1\" \/>Was andere so an kreativen Dingen gewerkelt haben findet man Meine Tochter scheint die Laternenzeit ebenso zu lieben wie ich. Wir haben eine lange Liste mit Laternen, die wir unbedingt basteln wollen. Also kommt die n\u00e4chste Idee an die Reihe, die sich besonders f\u00fcr j\u00fcngere Kinder gut eignet, weil sie recht klein und am Stab nicht so schwer ist.<\/p>\n<p style=\"text-align: center;\"><a href=\"http:\/\/www.sabine-seyffert.de\/blog\/wp-content\/uploads\/2013\/11\/K\u00e4fer-1.jpg\"><img loading=\"lazy\" decoding=\"async\" class=\"alignnone size-full wp-image-3083\" src=\"http:\/\/www.sabine-seyffert.de\/blog\/wp-content\/uploads\/2013\/11\/K\u00e4fer-1.jpg\" alt=\"K\u00e4fer 1\" width=\"600\" height=\"800\" srcset=\"https:\/\/www.sabine-seyffert.de\/blog\/wp-content\/uploads\/2013\/11\/K\u00e4fer-1.jpg 600w, https:\/\/www.sabine-seyffert.de\/blog\/wp-content\/uploads\/2013\/11\/K\u00e4fer-1-225x300.jpg 225w\" sizes=\"auto, (max-width: 600px) 100vw, 600px\" \/><\/a><\/p>\n<p style=\"text-align: justify;\"><strong>Das wird gebraucht:<\/strong><br \/>\n1 runde Sp\u00fcliflasche, 1 Notizzettel, Stift, Tapetenkleister, kleinen Schneebesen, Wasser, Schere, schwarze Strohseide, ein schwarzer Edding, rotes Transparentpapier, 1 schwarzer Pfeiffenputzer, 4 schwarze Perlen, ein scharfes Messer, Lochzange, ein St\u00fcck d\u00fcnnen Draht<\/p>\n<p style=\"text-align: center;\"><a href=\"http:\/\/www.sabine-seyffert.de\/blog\/wp-content\/uploads\/2013\/11\/K\u00e4fer-2.jpg\"><img loading=\"lazy\" decoding=\"async\" class=\"alignnone size-full wp-image-3084\" src=\"http:\/\/www.sabine-seyffert.de\/blog\/wp-content\/uploads\/2013\/11\/K\u00e4fer-2.jpg\" alt=\"K\u00e4fer 2\" width=\"800\" height=\"600\" srcset=\"https:\/\/www.sabine-seyffert.de\/blog\/wp-content\/uploads\/2013\/11\/K\u00e4fer-2.jpg 800w, https:\/\/www.sabine-seyffert.de\/blog\/wp-content\/uploads\/2013\/11\/K\u00e4fer-2-300x225.jpg 300w\" sizes=\"auto, (max-width: 800px) 100vw, 800px\" \/><\/a><\/p>\n<p style=\"text-align: justify;\"><strong>So wird\u2019s gemacht:<\/strong><br \/>\nWie schon <a href=\"http:\/\/www.sabine-seyffert.de\/blog\/?p=3017\" target=\"_blank\" rel=\"noopener\">beim Pinguin<\/a>, habe ich vor dem Werkeln auf einen Notizzettel die Form der Sp\u00fcliflasche gezeichnet. Und in diesen Umriss gemalt, <em>wie<\/em> der K\u00e4fer aussehen soll. Diesen habe ich mit dem wasserfesten Edding auf die Flasche gemalt.<\/p>\n<p style=\"text-align: center;\"><a href=\"http:\/\/www.sabine-seyffert.de\/blog\/wp-content\/uploads\/2013\/11\/K\u00e4fer-3.jpg\"><img loading=\"lazy\" decoding=\"async\" class=\"alignnone size-full wp-image-3085\" src=\"http:\/\/www.sabine-seyffert.de\/blog\/wp-content\/uploads\/2013\/11\/K\u00e4fer-3.jpg\" alt=\"K\u00e4fer 3\" width=\"800\" height=\"600\" srcset=\"https:\/\/www.sabine-seyffert.de\/blog\/wp-content\/uploads\/2013\/11\/K\u00e4fer-3.jpg 800w, https:\/\/www.sabine-seyffert.de\/blog\/wp-content\/uploads\/2013\/11\/K\u00e4fer-3-300x225.jpg 300w\" sizes=\"auto, (max-width: 800px) 100vw, 800px\" \/><\/a><\/p>\n<p style=\"text-align: justify;\">In gewohnter Art und Weise r\u00fchrt man sich als Kleber ein paar Essl\u00f6ffel Tapetenkleister in eine Sch\u00fcssel und vermischt diesen mit warmem Wasser.<\/p>\n<p style=\"text-align: center;\"><a href=\"http:\/\/www.sabine-seyffert.de\/blog\/wp-content\/uploads\/2013\/11\/K\u00e4fer-5.jpg\"><img loading=\"lazy\" decoding=\"async\" class=\"alignnone size-full wp-image-3086\" src=\"http:\/\/www.sabine-seyffert.de\/blog\/wp-content\/uploads\/2013\/11\/K\u00e4fer-5.jpg\" alt=\"K\u00e4fer 5\" width=\"799\" height=\"646\" srcset=\"https:\/\/www.sabine-seyffert.de\/blog\/wp-content\/uploads\/2013\/11\/K\u00e4fer-5.jpg 799w, https:\/\/www.sabine-seyffert.de\/blog\/wp-content\/uploads\/2013\/11\/K\u00e4fer-5-300x242.jpg 300w\" sizes=\"auto, (max-width: 799px) 100vw, 799px\" \/><\/a><\/p>\n<p style=\"text-align: justify;\">Das Ganze r\u00fchre ich mit einem kleinen Schneebesen gut durch, bis keine Kl\u00fcmpchen mehr zu sehen sind. Den Kleister l\u00e4sst man am besten ein paar Minuten ziehen. Ggf. muss noch etwas Wasser oder Pulver dazu gegeben werden.<\/p>\n<p style=\"text-align: center;\"><a href=\"http:\/\/www.sabine-seyffert.de\/blog\/wp-content\/uploads\/2013\/11\/K\u00e4fer-6.jpg\"><img loading=\"lazy\" decoding=\"async\" class=\"alignnone size-full wp-image-3087\" src=\"http:\/\/www.sabine-seyffert.de\/blog\/wp-content\/uploads\/2013\/11\/K\u00e4fer-6.jpg\" alt=\"K\u00e4fer 6\" width=\"800\" height=\"600\" srcset=\"https:\/\/www.sabine-seyffert.de\/blog\/wp-content\/uploads\/2013\/11\/K\u00e4fer-6.jpg 800w, https:\/\/www.sabine-seyffert.de\/blog\/wp-content\/uploads\/2013\/11\/K\u00e4fer-6-300x225.jpg 300w\" sizes=\"auto, (max-width: 800px) 100vw, 800px\" \/><\/a><\/p>\n<p style=\"text-align: justify;\">W\u00e4hrenddessen schneidet man aus dem Transparentpapier kleine Schnipsel. F\u00fcr Kopf, Po &amp; Fl\u00fcgelumriss haben wir schmale kleine Streifen aus der Strohseide geschnitten sowie einige schwarze Punkte.<\/p>\n<p style=\"text-align: center;\"><a href=\"http:\/\/www.sabine-seyffert.de\/blog\/wp-content\/uploads\/2013\/11\/K\u00e4fer-7.jpg\"><img loading=\"lazy\" decoding=\"async\" class=\"alignnone size-full wp-image-3088\" src=\"http:\/\/www.sabine-seyffert.de\/blog\/wp-content\/uploads\/2013\/11\/K\u00e4fer-7.jpg\" alt=\"K\u00e4fer 7\" width=\"800\" height=\"600\" srcset=\"https:\/\/www.sabine-seyffert.de\/blog\/wp-content\/uploads\/2013\/11\/K\u00e4fer-7.jpg 800w, https:\/\/www.sabine-seyffert.de\/blog\/wp-content\/uploads\/2013\/11\/K\u00e4fer-7-300x225.jpg 300w\" sizes=\"auto, (max-width: 800px) 100vw, 800px\" \/><\/a><\/p>\n<p style=\"text-align: justify;\">Den K\u00f6rper haben wir rundum mit rotem Papier beklebt. Wenn keine kahlen Stellen mehr sichtbar sind, kann man den K\u00e4fer Kopf sowie den \u201ePo\u201c bzw. den unteren Flaschenrand, mit schwarzem Papier bekleben.<\/p>\n<p style=\"text-align: center;\"><a href=\"http:\/\/www.sabine-seyffert.de\/blog\/wp-content\/uploads\/2013\/11\/K\u00e4fer-8.jpg\"><img loading=\"lazy\" decoding=\"async\" class=\"alignnone size-full wp-image-3089\" src=\"http:\/\/www.sabine-seyffert.de\/blog\/wp-content\/uploads\/2013\/11\/K\u00e4fer-8.jpg\" alt=\"K\u00e4fer 8\" width=\"600\" height=\"688\" srcset=\"https:\/\/www.sabine-seyffert.de\/blog\/wp-content\/uploads\/2013\/11\/K\u00e4fer-8.jpg 600w, https:\/\/www.sabine-seyffert.de\/blog\/wp-content\/uploads\/2013\/11\/K\u00e4fer-8-261x300.jpg 261w\" sizes=\"auto, (max-width: 600px) 100vw, 600px\" \/><\/a><\/p>\n<p style=\"text-align: justify;\">Den mittigen Umriss der Fl\u00fcgel (auf beiden Flaschenseiten) habe ich zum Schluss geklebt. Ebenso die Punkte. Jetzt sollte der Kleister, am besten \u00fcber Nacht, g\u00e4nzlich trocknen.<\/p>\n<p style=\"text-align: center;\"><a href=\"http:\/\/www.sabine-seyffert.de\/blog\/wp-content\/uploads\/2013\/11\/K\u00e4fer-9.jpg\"><img loading=\"lazy\" decoding=\"async\" class=\"alignnone size-full wp-image-3090\" src=\"http:\/\/www.sabine-seyffert.de\/blog\/wp-content\/uploads\/2013\/11\/K\u00e4fer-9.jpg\" alt=\"K\u00e4fer 9\" width=\"600\" height=\"648\" srcset=\"https:\/\/www.sabine-seyffert.de\/blog\/wp-content\/uploads\/2013\/11\/K\u00e4fer-9.jpg 600w, https:\/\/www.sabine-seyffert.de\/blog\/wp-content\/uploads\/2013\/11\/K\u00e4fer-9-277x300.jpg 277w\" sizes=\"auto, (max-width: 600px) 100vw, 600px\" \/><\/a><\/p>\n<p style=\"text-align: justify;\">Am n\u00e4chsten Tag kann man den oberen Flaschenhals mit einem scharfen Messer abtrennen und die R\u00e4nder mit einer Schere etwas s\u00e4ubern. Nun braucht man am oberen Rand auf der Vor- und R\u00fcckseite zwei kleine L\u00f6cher sowie seitlich am Rand je eins.<\/p>\n<p style=\"text-align: center;\"><a href=\"http:\/\/www.sabine-seyffert.de\/blog\/wp-content\/uploads\/2013\/11\/K\u00e4fer-10.jpg\"><img loading=\"lazy\" decoding=\"async\" class=\"alignnone size-full wp-image-3091\" src=\"http:\/\/www.sabine-seyffert.de\/blog\/wp-content\/uploads\/2013\/11\/K\u00e4fer-10.jpg\" alt=\"K\u00e4fer 10\" width=\"800\" height=\"531\" srcset=\"https:\/\/www.sabine-seyffert.de\/blog\/wp-content\/uploads\/2013\/11\/K\u00e4fer-10.jpg 800w, https:\/\/www.sabine-seyffert.de\/blog\/wp-content\/uploads\/2013\/11\/K\u00e4fer-10-300x199.jpg 300w\" sizes=\"auto, (max-width: 800px) 100vw, 800px\" \/><\/a><\/p>\n<p style=\"text-align: justify;\">Auf der Vor- und R\u00fcckseite steckt man jeweils ein St\u00fcck Pfeiffenputzer hindurch, an dessen Ende man je eine dicke Holzperle steckt. So hat der K\u00e4fer auf jeder Seite zwei kleine F\u00fchler, die fr\u00f6hlich hin- und herwippen.<\/p>\n<p style=\"text-align: center;\"><a href=\"http:\/\/www.sabine-seyffert.de\/blog\/wp-content\/uploads\/2013\/11\/K\u00e4fer-11.jpg\"><img loading=\"lazy\" decoding=\"async\" class=\"alignnone size-full wp-image-3092\" src=\"http:\/\/www.sabine-seyffert.de\/blog\/wp-content\/uploads\/2013\/11\/K\u00e4fer-11.jpg\" alt=\"K\u00e4fer 11\" width=\"800\" height=\"600\" srcset=\"https:\/\/www.sabine-seyffert.de\/blog\/wp-content\/uploads\/2013\/11\/K\u00e4fer-11.jpg 800w, https:\/\/www.sabine-seyffert.de\/blog\/wp-content\/uploads\/2013\/11\/K\u00e4fer-11-300x225.jpg 300w\" sizes=\"auto, (max-width: 800px) 100vw, 800px\" \/><\/a><\/p>\n<p style=\"text-align: justify;\">Durch die beiden noch freien \u00d6ffnungen steckt man ein kleines St\u00fcck Draht, damit man den K\u00e4fer daran an den Laternenstab h\u00e4ngen kann.<\/p>\n<p style=\"text-align: center;\"><a href=\"http:\/\/www.sabine-seyffert.de\/blog\/wp-content\/uploads\/2013\/11\/K\u00e4fer-12.jpg\"><img loading=\"lazy\" decoding=\"async\" class=\"alignnone size-full wp-image-3093\" src=\"http:\/\/www.sabine-seyffert.de\/blog\/wp-content\/uploads\/2013\/11\/K\u00e4fer-12.jpg\" alt=\"K\u00e4fer 12\" width=\"800\" height=\"600\" srcset=\"https:\/\/www.sabine-seyffert.de\/blog\/wp-content\/uploads\/2013\/11\/K\u00e4fer-12.jpg 800w, https:\/\/www.sabine-seyffert.de\/blog\/wp-content\/uploads\/2013\/11\/K\u00e4fer-12-300x225.jpg 300w\" sizes=\"auto, (max-width: 800px) 100vw, 800px\" \/><\/a><\/p>\n<p><a href=\"http:\/\/www.creadienstag.de\/2013\/11\/098.html\" target=\"_blank\" rel=\"noopener\">hier<\/a>.<\/p>\n<p style=\"text-align: center;\"><a href=\"http:\/\/www.sabine-seyffert.de\/blog\/wp-content\/uploads\/2013\/11\/K\u00e4fer-13.jpg\"><img loading=\"lazy\" decoding=\"async\" class=\"alignnone size-full wp-image-3094\" src=\"http:\/\/www.sabine-seyffert.de\/blog\/wp-content\/uploads\/2013\/11\/K\u00e4fer-13.jpg\" alt=\"K\u00e4fer 13\" width=\"600\" height=\"800\" srcset=\"https:\/\/www.sabine-seyffert.de\/blog\/wp-content\/uploads\/2013\/11\/K\u00e4fer-13.jpg 600w, https:\/\/www.sabine-seyffert.de\/blog\/wp-content\/uploads\/2013\/11\/K\u00e4fer-13-225x300.jpg 225w\" sizes=\"auto, (max-width: 600px) 100vw, 600px\" \/><\/a><br \/>\n<a href=\"http:\/\/www.sabine-seyffert.de\/blog\/?page_id=32#urheberrecht\">urheberrechtlich gesch\u00fctzt<\/a>, \u00a9 Sabine Seyffert<\/p>\n","protected":false},"excerpt":{"rendered":"<p>Was andere so an kreativen Dingen gewerkelt haben findet man Meine Tochter scheint die Laternenzeit ebenso zu lieben wie ich. Wir haben eine lange Liste mit Laternen, die wir unbedingt basteln wollen. Also kommt die n\u00e4chste Idee an die Reihe, die sich besonders f\u00fcr j\u00fcngere Kinder gut eignet, weil sie recht klein und am Stab&#8230; <a href=\"https:\/\/www.sabine-seyffert.de\/blog\/kleiner-kafer-leuchte-mir\/\" class=\"more-link\">Read more: Kleiner K\u00e4fer leuchte mir\u2026<\/a><\/p>\n","protected":false},"author":2,"featured_media":0,"comment_status":"open","ping_status":"open","sticky":false,"template":"","format":"standard","meta":{"_metis_text_type":"","_metis_text_length":2474,"_post_count":0,"footnotes":""},"categories":[32,25,54,47],"tags":[],"class_list":["post-3082","post","type-post","status-publish","format-standard","hentry","category-kreatives-fur-kleine-kinderhande","category-herbst","category-laterne-co","category-upcyceltes"],"_links":{"self":[{"href":"https:\/\/www.sabine-seyffert.de\/blog\/wp-json\/wp\/v2\/posts\/3082","targetHints":{"allow":["GET"]}}],"collection":[{"href":"https:\/\/www.sabine-seyffert.de\/blog\/wp-json\/wp\/v2\/posts"}],"about":[{"href":"https:\/\/www.sabine-seyffert.de\/blog\/wp-json\/wp\/v2\/types\/post"}],"author":[{"embeddable":true,"href":"https:\/\/www.sabine-seyffert.de\/blog\/wp-json\/wp\/v2\/users\/2"}],"replies":[{"embeddable":true,"href":"https:\/\/www.sabine-seyffert.de\/blog\/wp-json\/wp\/v2\/comments?post=3082"}],"version-history":[{"count":9,"href":"https:\/\/www.sabine-seyffert.de\/blog\/wp-json\/wp\/v2\/posts\/3082\/revisions"}],"predecessor-version":[{"id":13512,"href":"https:\/\/www.sabine-seyffert.de\/blog\/wp-json\/wp\/v2\/posts\/3082\/revisions\/13512"}],"wp:attachment":[{"href":"https:\/\/www.sabine-seyffert.de\/blog\/wp-json\/wp\/v2\/media?parent=3082"}],"wp:term":[{"taxonomy":"category","embeddable":true,"href":"https:\/\/www.sabine-seyffert.de\/blog\/wp-json\/wp\/v2\/categories?post=3082"},{"taxonomy":"post_tag","embeddable":true,"href":"https:\/\/www.sabine-seyffert.de\/blog\/wp-json\/wp\/v2\/tags?post=3082"}],"curies":[{"name":"wp","href":"https:\/\/api.w.org\/{rel}","templated":true}]}}