{"id":3038,"date":"2013-11-01T16:48:40","date_gmt":"2013-11-01T14:48:40","guid":{"rendered":"http:\/\/www.sabine-seyffert.de\/blog\/?p=3038"},"modified":"2017-03-03T19:30:03","modified_gmt":"2017-03-03T17:30:03","slug":"auf-entdeckungstour-im-sinneswald","status":"publish","type":"post","link":"https:\/\/www.sabine-seyffert.de\/blog\/auf-entdeckungstour-im-sinneswald\/","title":{"rendered":"Auf Entdeckungstour im SinnesWald\u2026"},"content":{"rendered":"<p style=\"text-align: center;\"><img loading=\"lazy\" decoding=\"async\" src=\"https:\/\/ssl-vg03.met.vgwort.de\/na\/0636312a24d2408e97e717cce7443266\" alt=\"\" width=\"1\" height=\"1\" \/><br \/>\n<a href=\"http:\/\/www.sabine-seyffert.de\/blog\/wp-content\/uploads\/2013\/11\/Sinneswald-1.jpg\"><img loading=\"lazy\" decoding=\"async\" class=\"alignnone size-full wp-image-3040\" src=\"http:\/\/www.sabine-seyffert.de\/blog\/wp-content\/uploads\/2013\/11\/Sinneswald-1.jpg\" alt=\"Sinneswald 1\" width=\"800\" height=\"600\" srcset=\"https:\/\/www.sabine-seyffert.de\/blog\/wp-content\/uploads\/2013\/11\/Sinneswald-1.jpg 800w, https:\/\/www.sabine-seyffert.de\/blog\/wp-content\/uploads\/2013\/11\/Sinneswald-1-300x225.jpg 300w\" sizes=\"auto, (max-width: 800px) 100vw, 800px\" \/><\/a><\/p>\n<p style=\"text-align: justify;\">Wie gut, wenn man Ferien hat und der Regen eine kurze Pause macht. Die beste Gelegenheit f\u00fcr einen spannenden Ausflug ins herbstliche Bunt.<br \/>\nMit etwas Proviant f\u00fcr Unterwegs haben wir uns auf den Weg nach Leichlingen gemacht. Gemeinsam schlenderten Klein und Gro\u00df durch die Natur. Immer am Bach entlang in den Wald.<\/p>\n<p style=\"text-align: center;\"><a href=\"http:\/\/www.sabine-seyffert.de\/blog\/wp-content\/uploads\/2013\/11\/Sinneswald-2.jpg\"><img loading=\"lazy\" decoding=\"async\" class=\"alignnone size-full wp-image-3041\" src=\"http:\/\/www.sabine-seyffert.de\/blog\/wp-content\/uploads\/2013\/11\/Sinneswald-2.jpg\" alt=\"Sinneswald 2\" width=\"600\" height=\"800\" srcset=\"https:\/\/www.sabine-seyffert.de\/blog\/wp-content\/uploads\/2013\/11\/Sinneswald-2.jpg 600w, https:\/\/www.sabine-seyffert.de\/blog\/wp-content\/uploads\/2013\/11\/Sinneswald-2-225x300.jpg 225w\" sizes=\"auto, (max-width: 600px) 100vw, 600px\" \/><\/a><\/p>\n<p style=\"text-align: justify;\">Dann ging die Sonne auf \u2013 im wahrsten Sinne des Wortes. Mitten im Wald, riesig gro\u00df, in warmen gelb und herrlich strahlend. Ein ganz wunderbarer Anblick so zwischen den B\u00e4umen und dem vielen Herbstlaub\u2026<\/p>\n<p style=\"text-align: center;\"><a href=\"http:\/\/www.sabine-seyffert.de\/blog\/wp-content\/uploads\/2013\/11\/Sinneswald-3.jpg\"><img loading=\"lazy\" decoding=\"async\" class=\"alignnone size-full wp-image-3039\" src=\"http:\/\/www.sabine-seyffert.de\/blog\/wp-content\/uploads\/2013\/11\/Sinneswald-3.jpg\" alt=\"Sinneswald 3\" width=\"800\" height=\"600\" srcset=\"https:\/\/www.sabine-seyffert.de\/blog\/wp-content\/uploads\/2013\/11\/Sinneswald-3.jpg 800w, https:\/\/www.sabine-seyffert.de\/blog\/wp-content\/uploads\/2013\/11\/Sinneswald-3-300x225.jpg 300w\" sizes=\"auto, (max-width: 800px) 100vw, 800px\" \/><\/a><span style=\"font-size: 10px;\">Kunstwerk &#8220;Die Sonne&#8221; von <a href=\"http:\/\/spinnerei-braun-brudes.de\/index.php?option=com_content&amp;view=article&amp;id=186:sohnius-ralf&amp;catid=19&amp;Itemid=172\" target=\"_blank\">Ralf Sohnius <\/a><\/span><\/p>\n<p style=\"text-align: justify;\">Noch ein kleines St\u00fcck den Weg entlang und dann liegt er zur rechten Hand, der zauberhafte SinnesWald, der uns bei jedem Besuch immer wieder in seinen Bann zieht. Allein das Grundst\u00fcck ist so m\u00e4rchenhaft \u201everwunschen\u201c:<\/p>\n<p style=\"text-align: center;\"><a href=\"http:\/\/www.sabine-seyffert.de\/blog\/wp-content\/uploads\/2013\/11\/Sinneswald-5.jpg\"><img loading=\"lazy\" decoding=\"async\" class=\"alignnone size-full wp-image-3042\" src=\"http:\/\/www.sabine-seyffert.de\/blog\/wp-content\/uploads\/2013\/11\/Sinneswald-5.jpg\" alt=\"Sinneswald 5\" width=\"800\" height=\"600\" srcset=\"https:\/\/www.sabine-seyffert.de\/blog\/wp-content\/uploads\/2013\/11\/Sinneswald-5.jpg 800w, https:\/\/www.sabine-seyffert.de\/blog\/wp-content\/uploads\/2013\/11\/Sinneswald-5-300x225.jpg 300w\" sizes=\"auto, (max-width: 800px) 100vw, 800px\" \/> <\/a><span style=\"font-size: 9px;\">Kunstwerk &#8220;N = \u00d6 + \u00d6 + S&#8221; von <a href=\"http:\/\/spinnerei-braun-brudes.de\/index.php?option=com_content&amp;view=article&amp;id=18:berthpeter&amp;catid=19&amp;Itemid=172\" target=\"_blank\">Peter Berth<\/a><\/span><\/p>\n<p style=\"text-align: justify;\">Ein pl\u00e4tschernder Bach, der sich am Rand hindurchschl\u00e4ngelt, ein kleiner Teich, auf dem es gleich mehrere, kleine Inseln gibt, hier und dort weiches Moos zwischen dem tolle Kr\u00e4uter wachsen und unz\u00e4hlige Pfade, Treppchen und Wege, die sich durch den Wald schl\u00e4ngeln und allerhand kunstvolles f\u00fcr die Besucher bereit halten.<\/p>\n<p style=\"text-align: center;\"><a href=\"http:\/\/www.sabine-seyffert.de\/blog\/wp-content\/uploads\/2013\/11\/Sinneswald-6.jpg\"><img loading=\"lazy\" decoding=\"async\" class=\"alignnone size-full wp-image-3049\" src=\"http:\/\/www.sabine-seyffert.de\/blog\/wp-content\/uploads\/2013\/11\/Sinneswald-6.jpg\" alt=\"Sinneswald 6\" width=\"800\" height=\"600\" srcset=\"https:\/\/www.sabine-seyffert.de\/blog\/wp-content\/uploads\/2013\/11\/Sinneswald-6.jpg 800w, https:\/\/www.sabine-seyffert.de\/blog\/wp-content\/uploads\/2013\/11\/Sinneswald-6-300x225.jpg 300w\" sizes=\"auto, (max-width: 800px) 100vw, 800px\" \/><\/a><span style=\"font-size: 9px;\">&#8220;Frau Brennemann und Frau Takeyashi am Strand&#8221; von<a href=\"http:\/\/www.yvonnevanhuelsen.de\/\" target=\"_blank\"> Yvonne van Huelsen<\/a><\/span><\/p>\n<p style=\"text-align: justify;\">In diesem Jahr hat die \u201eAusstellung\u201c das <a href=\"http:\/\/spinnerei-braun-brudes.de\/index.php?option=com_content&amp;view=category&amp;layout=blog&amp;id=27&amp;Itemid=389\" target=\"_blank\">Thema Nachhaltigkeit<\/a>. Das ein oder andere der dort ausgestellten Kunstwerke erinnerte mich gleich an Ninas wunderbaren <a href=\"http:\/\/zepideh.blogspot.de\/\" target=\"_blank\">Upcyling Dienstag<\/a>. So manche Werkelei aus <a href=\"http:\/\/www.pinterest.com\/upcycling\/\" target=\"_blank\">Ninas Galerie<\/a> w\u00e4re auch hier wunderbar aufgehoben!<\/p>\n<p style=\"text-align: center;\"><a href=\"http:\/\/www.sabine-seyffert.de\/blog\/wp-content\/uploads\/2013\/11\/Sinneswald-9.jpg\"><img loading=\"lazy\" decoding=\"async\" class=\"alignnone size-full wp-image-3043\" src=\"http:\/\/www.sabine-seyffert.de\/blog\/wp-content\/uploads\/2013\/11\/Sinneswald-9.jpg\" alt=\"Sinneswald 9\" width=\"800\" height=\"600\" srcset=\"https:\/\/www.sabine-seyffert.de\/blog\/wp-content\/uploads\/2013\/11\/Sinneswald-9.jpg 800w, https:\/\/www.sabine-seyffert.de\/blog\/wp-content\/uploads\/2013\/11\/Sinneswald-9-300x225.jpg 300w\" sizes=\"auto, (max-width: 800px) 100vw, 800px\" \/><\/a><span style=\"font-size: 9px;\">Kunstwerk &#8220;Sonnenringe&#8221; von <a href=\"http:\/\/spinnerei-braun-brudes.de\/index.php?option=com_content&amp;view=article&amp;id=28:gille-jacqueline&amp;catid=19&amp;Itemid=172\" target=\"_blank\">Jacqueline Gille <\/a><\/span><\/p>\n<p style=\"text-align: justify;\">In dem Teich schwimmen kunterbunte \u201eSonnenringe\u201c, die aus Plastikt\u00fcten und Folien gestaltet wurden.<\/p>\n<p style=\"text-align: center;\"><a href=\"http:\/\/www.sabine-seyffert.de\/blog\/wp-content\/uploads\/2013\/11\/Sinneswald-11.jpg\"><img loading=\"lazy\" decoding=\"async\" class=\"alignnone size-full wp-image-3044\" src=\"http:\/\/www.sabine-seyffert.de\/blog\/wp-content\/uploads\/2013\/11\/Sinneswald-11.jpg\" alt=\"Sinneswald 11\" width=\"800\" height=\"600\" srcset=\"https:\/\/www.sabine-seyffert.de\/blog\/wp-content\/uploads\/2013\/11\/Sinneswald-11.jpg 800w, https:\/\/www.sabine-seyffert.de\/blog\/wp-content\/uploads\/2013\/11\/Sinneswald-11-300x225.jpg 300w\" sizes=\"auto, (max-width: 800px) 100vw, 800px\" \/><\/a><\/p>\n<p style=\"text-align: justify;\">Dann wandern wir auf leisen Sohlen eine kleine Treppe den Berg nach oben. Dort erwartet uns eine kleine H\u00f6hle, mitten in einem Felsen. Um diese zu erkunden k\u00f6nnen die Besucher des SinnesWaldes die dort bereit liegenden Taschenlampen nutzen. Eine h\u00f6chst spannende Angelegenheit, nicht nur f\u00fcr kleine Leute!<\/p>\n<p style=\"text-align: center;\"><a href=\"http:\/\/www.sabine-seyffert.de\/blog\/wp-content\/uploads\/2013\/11\/Sinneswald-8.jpg\"><img loading=\"lazy\" decoding=\"async\" class=\"alignnone size-full wp-image-3045\" src=\"http:\/\/www.sabine-seyffert.de\/blog\/wp-content\/uploads\/2013\/11\/Sinneswald-8.jpg\" alt=\"Sinneswald 8\" width=\"800\" height=\"600\" srcset=\"https:\/\/www.sabine-seyffert.de\/blog\/wp-content\/uploads\/2013\/11\/Sinneswald-8.jpg 800w, https:\/\/www.sabine-seyffert.de\/blog\/wp-content\/uploads\/2013\/11\/Sinneswald-8-300x225.jpg 300w\" sizes=\"auto, (max-width: 800px) 100vw, 800px\" \/><\/a><span style=\"font-size: 9px;\">Kunstwerk &#8220;Auf den zweiten Blick&#8221; von <a href=\"http:\/\/www.eddajende.de\/\" target=\"_blank\">Edda Jende<\/a><\/span><\/p>\n<p style=\"text-align: justify;\">Die Kunstwerke sind an ganz verschiedenen Stellen auf dem Gel\u00e4nde zu finden und scheinen f\u00fcr den jeweiligen Ort wie gemacht zu sein. Dar\u00fcber muss ich bei jedem Besuch aufs Neue staunen, denn die Themen bzw. Kunstobjekte wechseln ja in jedem Jahr.<\/p>\n<p style=\"text-align: center;\"><a href=\"http:\/\/www.sabine-seyffert.de\/blog\/wp-content\/uploads\/2013\/11\/Sinneswald-7.jpg\"><img loading=\"lazy\" decoding=\"async\" class=\"alignnone size-full wp-image-3046\" src=\"http:\/\/www.sabine-seyffert.de\/blog\/wp-content\/uploads\/2013\/11\/Sinneswald-7.jpg\" alt=\"Sinneswald 7\" width=\"800\" height=\"600\" srcset=\"https:\/\/www.sabine-seyffert.de\/blog\/wp-content\/uploads\/2013\/11\/Sinneswald-7.jpg 800w, https:\/\/www.sabine-seyffert.de\/blog\/wp-content\/uploads\/2013\/11\/Sinneswald-7-300x225.jpg 300w\" sizes=\"auto, (max-width: 800px) 100vw, 800px\" \/><\/a><\/p>\n<p style=\"text-align: justify;\">Besonders beliebt ist die riesige Baumschaukel, mit der man so wunderbar durch das viele Gr\u00fcn im Wald schaukeln kann.<\/p>\n<p style=\"text-align: center;\"><a href=\"http:\/\/www.sabine-seyffert.de\/blog\/wp-content\/uploads\/2013\/11\/Sinneswald-13.jpg\"><img loading=\"lazy\" decoding=\"async\" class=\"alignnone size-full wp-image-3047\" src=\"http:\/\/www.sabine-seyffert.de\/blog\/wp-content\/uploads\/2013\/11\/Sinneswald-13.jpg\" alt=\"Sinneswald 13\" width=\"800\" height=\"600\" srcset=\"https:\/\/www.sabine-seyffert.de\/blog\/wp-content\/uploads\/2013\/11\/Sinneswald-13.jpg 800w, https:\/\/www.sabine-seyffert.de\/blog\/wp-content\/uploads\/2013\/11\/Sinneswald-13-300x225.jpg 300w\" sizes=\"auto, (max-width: 800px) 100vw, 800px\" \/><\/a><\/p>\n<p style=\"text-align: justify;\">Nachdem alle Pfade erkundet waren, gab es eine gem\u00fctliche Picknick Pause, damit sich alle f\u00fcr den Heimweg st\u00e4rken konnten. Unsere j\u00fcngste Tochter verk\u00fcndete uns dabei, dass ihr n\u00e4chster Kindergeburtstag im SinnesWald stattfinden m\u00fcsste \u2013 ganz klar!<\/p>\n<p style=\"text-align: center;\"><a href=\"http:\/\/www.sabine-seyffert.de\/blog\/wp-content\/uploads\/2013\/11\/Sinneswald-14.jpg\"><img loading=\"lazy\" decoding=\"async\" class=\"alignnone size-full wp-image-3048\" src=\"http:\/\/www.sabine-seyffert.de\/blog\/wp-content\/uploads\/2013\/11\/Sinneswald-14.jpg\" alt=\"Sinneswald 14\" width=\"800\" height=\"600\" srcset=\"https:\/\/www.sabine-seyffert.de\/blog\/wp-content\/uploads\/2013\/11\/Sinneswald-14.jpg 800w, https:\/\/www.sabine-seyffert.de\/blog\/wp-content\/uploads\/2013\/11\/Sinneswald-14-300x225.jpg 300w\" sizes=\"auto, (max-width: 800px) 100vw, 800px\" \/><\/a><\/p>\n<p style=\"text-align: justify;\">So schnell lassen sich selbst kleine Leute f\u00fcr Kunst begeistern \u2013 wer in der N\u00e4he wohnt oder neugierig geworden ist, der findet alle Infos zur Anreise, den Ausstellungen, K\u00fcnstlern <a href=\"http:\/\/www.spinnerei-braun-brudes.de\/\" target=\"_blank\">hier<\/a>.<\/p>\n<p style=\"text-align: center;\"><a href=\"http:\/\/www.sabine-seyffert.de\/blog\/wp-content\/uploads\/2013\/11\/Sinneswald-10.jpg\"><img loading=\"lazy\" decoding=\"async\" class=\"alignnone size-full wp-image-3050\" src=\"http:\/\/www.sabine-seyffert.de\/blog\/wp-content\/uploads\/2013\/11\/Sinneswald-10.jpg\" alt=\"Sinneswald 10\" width=\"800\" height=\"600\" srcset=\"https:\/\/www.sabine-seyffert.de\/blog\/wp-content\/uploads\/2013\/11\/Sinneswald-10.jpg 800w, https:\/\/www.sabine-seyffert.de\/blog\/wp-content\/uploads\/2013\/11\/Sinneswald-10-300x225.jpg 300w\" sizes=\"auto, (max-width: 800px) 100vw, 800px\" \/><\/a><span style=\"font-size: 9px;\">&#8220;Medusa&#8221; von Inga Beitz <\/span><\/p>\n<p style=\"text-align: justify;\">An dieser Stelle ein herzlicher Dank an die Betreiber des <a href=\"http:\/\/sinneswald.net\/\" target=\"_blank\">SinnesWaldes Wicze Braun + Wolfgang Brudes<\/a>, die mir erlaubt haben meine Fotos, mit Hinweisen zu den jeweiligen K\u00fcnstlern versehen, auf meinen Blog stellen zu d\u00fcrfen \ud83d\ude42<\/p>\n<p style=\"text-align: justify;\">Ich w\u00fcnsche allen einen wunderbaren Start in den November!<\/p>\n<p style=\"text-align: justify;\">Ein kleiner Nachtrag: Ich erhielt gerade die Info, da\u00df der SinnesWald wird mit gro\u00dfem &#8220;W&#8221; geschrieben wird und habe hoffentlich alle Stelle entsprechend korrigiert.<\/p>\n<p style=\"text-align: justify;\"><a href=\"http:\/\/www.sabine-seyffert.de\/blog\/?page_id=32#urheberrecht\">urheberrechtlich gesch\u00fctzt<\/a>, \u00a9 Sabine Seyffert<\/p>\n","protected":false},"excerpt":{"rendered":"<p>Wie gut, wenn man Ferien hat und der Regen eine kurze Pause macht. Die beste Gelegenheit f\u00fcr einen spannenden Ausflug ins herbstliche Bunt. Mit etwas Proviant f\u00fcr Unterwegs haben wir uns auf den Weg nach Leichlingen gemacht. Gemeinsam schlenderten Klein und Gro\u00df durch die Natur. Immer am Bach entlang in den Wald. Dann ging die&#8230; <a href=\"https:\/\/www.sabine-seyffert.de\/blog\/auf-entdeckungstour-im-sinneswald\/\" class=\"more-link\">Read more: Auf Entdeckungstour im SinnesWald\u2026<\/a><\/p>\n","protected":false},"author":2,"featured_media":0,"comment_status":"open","ping_status":"open","sticky":false,"template":"","format":"standard","meta":{"_metis_text_type":"","_metis_text_length":3367,"_post_count":0,"footnotes":""},"categories":[39,25],"tags":[],"class_list":["post-3038","post","type-post","status-publish","format-standard","hentry","category-ausfluge-co","category-herbst"],"_links":{"self":[{"href":"https:\/\/www.sabine-seyffert.de\/blog\/wp-json\/wp\/v2\/posts\/3038","targetHints":{"allow":["GET"]}}],"collection":[{"href":"https:\/\/www.sabine-seyffert.de\/blog\/wp-json\/wp\/v2\/posts"}],"about":[{"href":"https:\/\/www.sabine-seyffert.de\/blog\/wp-json\/wp\/v2\/types\/post"}],"author":[{"embeddable":true,"href":"https:\/\/www.sabine-seyffert.de\/blog\/wp-json\/wp\/v2\/users\/2"}],"replies":[{"embeddable":true,"href":"https:\/\/www.sabine-seyffert.de\/blog\/wp-json\/wp\/v2\/comments?post=3038"}],"version-history":[{"count":14,"href":"https:\/\/www.sabine-seyffert.de\/blog\/wp-json\/wp\/v2\/posts\/3038\/revisions"}],"predecessor-version":[{"id":9797,"href":"https:\/\/www.sabine-seyffert.de\/blog\/wp-json\/wp\/v2\/posts\/3038\/revisions\/9797"}],"wp:attachment":[{"href":"https:\/\/www.sabine-seyffert.de\/blog\/wp-json\/wp\/v2\/media?parent=3038"}],"wp:term":[{"taxonomy":"category","embeddable":true,"href":"https:\/\/www.sabine-seyffert.de\/blog\/wp-json\/wp\/v2\/categories?post=3038"},{"taxonomy":"post_tag","embeddable":true,"href":"https:\/\/www.sabine-seyffert.de\/blog\/wp-json\/wp\/v2\/tags?post=3038"}],"curies":[{"name":"wp","href":"https:\/\/api.w.org\/{rel}","templated":true}]}}