{"id":2985,"date":"2013-10-25T09:29:29","date_gmt":"2013-10-25T07:29:29","guid":{"rendered":"http:\/\/www.sabine-seyffert.de\/blog\/?p=2985"},"modified":"2015-09-21T19:05:08","modified_gmt":"2015-09-21T17:05:08","slug":"kreative-herbstgruse","status":"publish","type":"post","link":"https:\/\/www.sabine-seyffert.de\/blog\/kreative-herbstgruse\/","title":{"rendered":"Kreative Herbstgr\u00fc\u00dfe"},"content":{"rendered":"<p style=\"text-align: justify;\"><img loading=\"lazy\" decoding=\"async\" src=\"https:\/\/ssl-vg03.met.vgwort.de\/na\/911ce14b32874baaa42ff0fd8bdaabaf\" alt=\"\" width=\"1\" height=\"1\" \/>Das Bloggen allerhand Zeit kostet, wei\u00df wohl jeder von Euch. So sitzt man nicht selten eine ganze Zeit an den eigentlichen Ideen f\u00fcr einen Post. Aber ebenso dauert das Schreiben, Fotografieren und Bearbeiten der Bilder eine ganze Weile. Aber es macht einfach Spa\u00df, riesengro\u00dfen Spa\u00df wenn so zahlreiche R\u00fcckmeldungen zu den Basteleien eintrudeln, Leser Rezepte ausprobiert und ebenfalls f\u00fcr lecker befunden haben oder sich einfach an den Anregungen und Ideen erfreuen. Allein die Ideen mit <a href=\"http:\/\/www.sabine-seyffert.de\/blog\/?p=2903\" target=\"_blank\">den leuchtenden H\u00e4usern<\/a> und dem <a href=\"http:\/\/www.sabine-seyffert.de\/blog\/?p=2948\" target=\"_blank\">Bl\u00e4tterkranz<\/a> haben eine wahre Flut an wundervollen Kommentaren eingebracht, dass ich wirklich \u00fcberw\u00e4ltigt bin und mich sehr freue.<\/p>\n<p style=\"text-align: center;\"><a href=\"http:\/\/www.sabine-seyffert.de\/blog\/wp-content\/uploads\/2013\/10\/Mickey1.jpg\"><img loading=\"lazy\" decoding=\"async\" class=\"alignnone size-full wp-image-2986\" src=\"http:\/\/www.sabine-seyffert.de\/blog\/wp-content\/uploads\/2013\/10\/Mickey1.jpg\" alt=\"Mickey1\" width=\"800\" height=\"600\" srcset=\"https:\/\/www.sabine-seyffert.de\/blog\/wp-content\/uploads\/2013\/10\/Mickey1.jpg 800w, https:\/\/www.sabine-seyffert.de\/blog\/wp-content\/uploads\/2013\/10\/Mickey1-300x225.jpg 300w\" sizes=\"auto, (max-width: 800px) 100vw, 800px\" \/><\/a><\/p>\n<p style=\"text-align: justify;\">Genauso freut es mich, wenn man mit anderen \u00fcber den Blog hinaus auch hier und da in Kontakt steht oder sogar \u00fcberrascht wird. So vor kurzem geschehen. Denn da flatterte ein ganz liebevoll gestalteter Briefumschlag von Mickey und ihrem <a href=\"http:\/\/de-hansedeern.blogspot.de\/\" target=\"_blank\">Blog Hansedeern<\/a> ins Haus.<\/p>\n<p style=\"text-align: center;\"><a href=\"http:\/\/www.sabine-seyffert.de\/blog\/wp-content\/uploads\/2013\/10\/Mickey3.jpg\"><img loading=\"lazy\" decoding=\"async\" class=\"alignnone size-full wp-image-2987\" src=\"http:\/\/www.sabine-seyffert.de\/blog\/wp-content\/uploads\/2013\/10\/Mickey3.jpg\" alt=\"Mickey3\" width=\"800\" height=\"600\" srcset=\"https:\/\/www.sabine-seyffert.de\/blog\/wp-content\/uploads\/2013\/10\/Mickey3.jpg 800w, https:\/\/www.sabine-seyffert.de\/blog\/wp-content\/uploads\/2013\/10\/Mickey3-300x225.jpg 300w\" sizes=\"auto, (max-width: 800px) 100vw, 800px\" \/><\/a><\/p>\n<p style=\"text-align: justify;\">Der war so sch\u00f6n, dass ich ihn erst allen zeigen musste, bevor ich mich getraut habe diesen vorsichtig zu \u00f6ffnen.<\/p>\n<p style=\"text-align: center;\"><a href=\"http:\/\/www.sabine-seyffert.de\/blog\/wp-content\/uploads\/2013\/10\/Mickey2.jpg\"><img loading=\"lazy\" decoding=\"async\" class=\"alignnone size-full wp-image-2988\" src=\"http:\/\/www.sabine-seyffert.de\/blog\/wp-content\/uploads\/2013\/10\/Mickey2.jpg\" alt=\"Mickey2\" width=\"800\" height=\"600\" srcset=\"https:\/\/www.sabine-seyffert.de\/blog\/wp-content\/uploads\/2013\/10\/Mickey2.jpg 800w, https:\/\/www.sabine-seyffert.de\/blog\/wp-content\/uploads\/2013\/10\/Mickey2-300x225.jpg 300w\" sizes=\"auto, (max-width: 800px) 100vw, 800px\" \/><\/a><\/p>\n<p style=\"text-align: justify;\">Der Clou war, dass der Umschlag sogar meine \u201eLieblingsinsel der Ruhe\u201c abbildet\u2026 Das mit der Post geschickte Lesezeichen wird hier sicherlich ganz rege zum Einsatz kommen, versprochen!<\/p>\n<p style=\"text-align: center;\"><a href=\"http:\/\/www.sabine-seyffert.de\/blog\/wp-content\/uploads\/2013\/10\/Dania-1.jpg\"><img loading=\"lazy\" decoding=\"async\" class=\"alignnone size-full wp-image-2989\" src=\"http:\/\/www.sabine-seyffert.de\/blog\/wp-content\/uploads\/2013\/10\/Dania-1.jpg\" alt=\"Dania 1\" width=\"800\" height=\"600\" srcset=\"https:\/\/www.sabine-seyffert.de\/blog\/wp-content\/uploads\/2013\/10\/Dania-1.jpg 800w, https:\/\/www.sabine-seyffert.de\/blog\/wp-content\/uploads\/2013\/10\/Dania-1-300x225.jpg 300w\" sizes=\"auto, (max-width: 800px) 100vw, 800px\" \/><\/a><\/p>\n<p style=\"text-align: justify;\">Aber es gab noch weitere \u00dcberraschungen, n\u00e4mlich ein ganz herzerw\u00e4rmender Gru\u00df in Form eines kleinen Kunstwerkes. Dieser flatterte aus weiter Ferne zu mir in den Briefkasten: \u201eHerbstleuchten\u201c von <a href=\"http:\/\/krokodilina.blogspot.de\/\" target=\"_blank\">Dania alias Krokodilina<\/a>.<\/p>\n<p style=\"text-align: center;\"><a href=\"http:\/\/www.sabine-seyffert.de\/blog\/wp-content\/uploads\/2013\/10\/Dania-2.jpg\"><img loading=\"lazy\" decoding=\"async\" class=\"alignnone size-full wp-image-2990\" src=\"http:\/\/www.sabine-seyffert.de\/blog\/wp-content\/uploads\/2013\/10\/Dania-2.jpg\" alt=\"Dania 2\" width=\"800\" height=\"600\" srcset=\"https:\/\/www.sabine-seyffert.de\/blog\/wp-content\/uploads\/2013\/10\/Dania-2.jpg 800w, https:\/\/www.sabine-seyffert.de\/blog\/wp-content\/uploads\/2013\/10\/Dania-2-300x225.jpg 300w\" sizes=\"auto, (max-width: 800px) 100vw, 800px\" \/><\/a><\/p>\n<p style=\"text-align: justify;\">Die kleine Schachtel bescherte mir nicht nur einen bunten Bl\u00e4tterseegen, sondern ein Teelicht samt Streichh\u00f6lzern f\u00fcr gem\u00fctliche, wohlig warme und sicher auch erhellende Stunden im Herbst.<\/p>\n<p style=\"text-align: center;\"><a href=\"http:\/\/www.sabine-seyffert.de\/blog\/wp-content\/uploads\/2013\/10\/Dania-3.jpg\"><img loading=\"lazy\" decoding=\"async\" class=\"alignnone size-full wp-image-2991\" src=\"http:\/\/www.sabine-seyffert.de\/blog\/wp-content\/uploads\/2013\/10\/Dania-3.jpg\" alt=\"Dania 3\" width=\"800\" height=\"600\" srcset=\"https:\/\/www.sabine-seyffert.de\/blog\/wp-content\/uploads\/2013\/10\/Dania-3.jpg 800w, https:\/\/www.sabine-seyffert.de\/blog\/wp-content\/uploads\/2013\/10\/Dania-3-300x225.jpg 300w\" sizes=\"auto, (max-width: 800px) 100vw, 800px\" \/><\/a><\/p>\n<p style=\"text-align: justify;\">Der Deckel der Schachtel ist als eine Art Leporello gearbeitet und l\u00e4sst sich auseinanderfalten, so dass das herbstliche Leuchten richtiggehend lebendig wird. Und zwar als kleiner Laternenumzug, der zeitlich gesehen, kurz bevor steht.<\/p>\n<p style=\"text-align: center;\"><a href=\"http:\/\/www.sabine-seyffert.de\/blog\/wp-content\/uploads\/2013\/10\/Dania-4.jpg\"><img loading=\"lazy\" decoding=\"async\" class=\"alignnone size-full wp-image-2992\" src=\"http:\/\/www.sabine-seyffert.de\/blog\/wp-content\/uploads\/2013\/10\/Dania-4.jpg\" alt=\"Dania 4\" width=\"600\" height=\"800\" srcset=\"https:\/\/www.sabine-seyffert.de\/blog\/wp-content\/uploads\/2013\/10\/Dania-4.jpg 600w, https:\/\/www.sabine-seyffert.de\/blog\/wp-content\/uploads\/2013\/10\/Dania-4-225x300.jpg 225w\" sizes=\"auto, (max-width: 600px) 100vw, 600px\" \/><\/a><\/p>\n<p style=\"text-align: justify;\">Ich danke Euch von ganzen Herzen und freue mich sehr \u00fcber jeden Besuch, jedes nette Wort und jede R\u00fcckmeldung von eurer Seite, lieben Dank!<\/p>\n<p style=\"text-align: justify;\">Herbstliche Gr\u00fc\u00dfe und allen einen ganz wundervollen Start ins Wochenende\u2026<\/p>\n<p><a href=\"http:\/\/www.sabine-seyffert.de\/blog\/?page_id=32#urheberrecht\">urheberrechtlich gesch\u00fctzt<\/a>, \u00a9 Sabine Seyffert<\/p>\n","protected":false},"excerpt":{"rendered":"<p>Das Bloggen allerhand Zeit kostet, wei\u00df wohl jeder von Euch. So sitzt man nicht selten eine ganze Zeit an den eigentlichen Ideen f\u00fcr einen Post. Aber ebenso dauert das Schreiben, Fotografieren und Bearbeiten der Bilder eine ganze Weile. Aber es macht einfach Spa\u00df, riesengro\u00dfen Spa\u00df wenn so zahlreiche R\u00fcckmeldungen zu den Basteleien eintrudeln, Leser Rezepte&#8230; <a href=\"https:\/\/www.sabine-seyffert.de\/blog\/kreative-herbstgruse\/\" class=\"more-link\">Read more: Kreative Herbstgr\u00fc\u00dfe<\/a><\/p>\n","protected":false},"author":2,"featured_media":0,"comment_status":"open","ping_status":"open","sticky":false,"template":"","format":"standard","meta":{"_metis_text_type":"","_metis_text_length":2116,"_post_count":0,"footnotes":""},"categories":[25],"tags":[],"class_list":["post-2985","post","type-post","status-publish","format-standard","hentry","category-herbst"],"_links":{"self":[{"href":"https:\/\/www.sabine-seyffert.de\/blog\/wp-json\/wp\/v2\/posts\/2985","targetHints":{"allow":["GET"]}}],"collection":[{"href":"https:\/\/www.sabine-seyffert.de\/blog\/wp-json\/wp\/v2\/posts"}],"about":[{"href":"https:\/\/www.sabine-seyffert.de\/blog\/wp-json\/wp\/v2\/types\/post"}],"author":[{"embeddable":true,"href":"https:\/\/www.sabine-seyffert.de\/blog\/wp-json\/wp\/v2\/users\/2"}],"replies":[{"embeddable":true,"href":"https:\/\/www.sabine-seyffert.de\/blog\/wp-json\/wp\/v2\/comments?post=2985"}],"version-history":[{"count":7,"href":"https:\/\/www.sabine-seyffert.de\/blog\/wp-json\/wp\/v2\/posts\/2985\/revisions"}],"predecessor-version":[{"id":6159,"href":"https:\/\/www.sabine-seyffert.de\/blog\/wp-json\/wp\/v2\/posts\/2985\/revisions\/6159"}],"wp:attachment":[{"href":"https:\/\/www.sabine-seyffert.de\/blog\/wp-json\/wp\/v2\/media?parent=2985"}],"wp:term":[{"taxonomy":"category","embeddable":true,"href":"https:\/\/www.sabine-seyffert.de\/blog\/wp-json\/wp\/v2\/categories?post=2985"},{"taxonomy":"post_tag","embeddable":true,"href":"https:\/\/www.sabine-seyffert.de\/blog\/wp-json\/wp\/v2\/tags?post=2985"}],"curies":[{"name":"wp","href":"https:\/\/api.w.org\/{rel}","templated":true}]}}