{"id":2948,"date":"2013-10-22T07:06:05","date_gmt":"2013-10-22T05:06:05","guid":{"rendered":"http:\/\/www.sabine-seyffert.de\/blog\/?p=2948"},"modified":"2017-03-03T19:33:23","modified_gmt":"2017-03-03T17:33:23","slug":"herbstlich-bunt-und-sehr-gemutlich","status":"publish","type":"post","link":"https:\/\/www.sabine-seyffert.de\/blog\/herbstlich-bunt-und-sehr-gemutlich\/","title":{"rendered":"Herbstlich bunt und sehr gem\u00fctlich"},"content":{"rendered":"<p style=\"text-align: justify;\"><img loading=\"lazy\" decoding=\"async\" src=\"https:\/\/ssl-vg03.met.vgwort.de\/na\/534b146edf34445b97e6d7defcb74413\" alt=\"\" width=\"1\" height=\"1\" \/><br \/>\nZum Ferienstart haben wir <a href=\"http:\/\/www.sabine-seyffert.de\/blog\/?p=2931\" target=\"_blank\">einen Spaziergang<\/a> unternommen und sogar etwas Herbstsonne tanken k\u00f6nnen. Dabei wurden allerhand <a href=\"http:\/\/www.sabine-seyffert.de\/blog\/?p=2931\" target=\"_blank\">herbstliche Sch\u00e4tze<\/a> gefunden. Den gr\u00f6\u00dften Schatz haben wir gleich eine Strasse weiter entdeckt und uns reichlich damit beladen. Ein gro\u00dfer Berg Ahornbl\u00e4tter lag direkt vor unseren F\u00fc\u00dfen und wollte aufgesammelt werden.<\/p>\n<p style=\"text-align: center;\"><a href=\"http:\/\/www.sabine-seyffert.de\/blog\/wp-content\/uploads\/2013\/10\/Baum-Ahorn-1.jpg\"><img loading=\"lazy\" decoding=\"async\" class=\"alignnone size-full wp-image-8723\" src=\"http:\/\/www.sabine-seyffert.de\/blog\/wp-content\/uploads\/2013\/10\/Baum-Ahorn-1.jpg\" alt=\"baum-ahorn-1\" width=\"600\" height=\"800\" srcset=\"https:\/\/www.sabine-seyffert.de\/blog\/wp-content\/uploads\/2013\/10\/Baum-Ahorn-1.jpg 600w, https:\/\/www.sabine-seyffert.de\/blog\/wp-content\/uploads\/2013\/10\/Baum-Ahorn-1-225x300.jpg 225w\" sizes=\"auto, (max-width: 600px) 100vw, 600px\" \/><\/a><\/p>\n<p style=\"text-align: justify;\"><strong>Das wird gebraucht:<\/strong><br \/>\nMind. 2 gro\u00dfe T\u00fcten voller Herbstlaub, Draht, Zange, Schere, Lochzange, eine dicke Kerze oder ein breites Geschenkband<\/p>\n<p style=\"text-align: center;\"><a href=\"http:\/\/www.sabine-seyffert.de\/blog\/wp-content\/uploads\/2013\/10\/Baum-Ahorn-3.jpg\"><img loading=\"lazy\" decoding=\"async\" class=\"alignnone size-full wp-image-8724\" src=\"http:\/\/www.sabine-seyffert.de\/blog\/wp-content\/uploads\/2013\/10\/Baum-Ahorn-3.jpg\" alt=\"baum-ahorn-3\" width=\"600\" height=\"800\" srcset=\"https:\/\/www.sabine-seyffert.de\/blog\/wp-content\/uploads\/2013\/10\/Baum-Ahorn-3.jpg 600w, https:\/\/www.sabine-seyffert.de\/blog\/wp-content\/uploads\/2013\/10\/Baum-Ahorn-3-225x300.jpg 225w\" sizes=\"auto, (max-width: 600px) 100vw, 600px\" \/><\/a><\/p>\n<p style=\"text-align: justify;\"><strong>So wird\u2019s gemacht:<\/strong><br \/>\nBei <a href=\"http:\/\/naturkinder.typepad.com\/naturkinder\/\" target=\"_blank\">Caro \/ Naturkinder<\/a> habe ich vor l\u00e4ngerer Zeit einen Kranz aus rotem Wein entdeckt und bewundert, da mir die Farbe so gut gefiel. Auch bei Nicole und ihrem Blog <a href=\"http:\/\/zauberpunkt.blogspot.ch\/\" target=\"_blank\">Zauberpunkt <\/a>ist mir ein \u00e4hnlicher Kranz, jedoch mit gefaltenen Bl\u00e4ttern, vor kurzem begegnet.<\/p>\n<p style=\"text-align: center;\"><a href=\"http:\/\/www.sabine-seyffert.de\/blog\/wp-content\/uploads\/2013\/10\/Baum-Ahorn-2.jpg\"><img loading=\"lazy\" decoding=\"async\" class=\"alignnone size-full wp-image-8726\" src=\"http:\/\/www.sabine-seyffert.de\/blog\/wp-content\/uploads\/2013\/10\/Baum-Ahorn-2.jpg\" alt=\"baum-ahorn-2\" width=\"600\" height=\"800\" srcset=\"https:\/\/www.sabine-seyffert.de\/blog\/wp-content\/uploads\/2013\/10\/Baum-Ahorn-2.jpg 600w, https:\/\/www.sabine-seyffert.de\/blog\/wp-content\/uploads\/2013\/10\/Baum-Ahorn-2-225x300.jpg 225w\" sizes=\"auto, (max-width: 600px) 100vw, 600px\" \/><\/a><\/p>\n<p style=\"text-align: justify;\">Mir sind schon einige Stellen bekannt, an denen Wein die W\u00e4nde empor klettert. F\u00fcrchte jedoch, dass keiner der Besitzer erfreut w\u00e4re, wenn ich t\u00fctenweise der roten Bl\u00e4tter davon entfernen w\u00fcrde.<\/p>\n<p style=\"text-align: center;\"><a href=\"http:\/\/www.sabine-seyffert.de\/blog\/wp-content\/uploads\/2013\/10\/Kranz-3.jpg\"><img loading=\"lazy\" decoding=\"async\" class=\"alignnone size-full wp-image-8727\" src=\"http:\/\/www.sabine-seyffert.de\/blog\/wp-content\/uploads\/2013\/10\/Kranz-3.jpg\" alt=\"kranz-3\" width=\"600\" height=\"800\" srcset=\"https:\/\/www.sabine-seyffert.de\/blog\/wp-content\/uploads\/2013\/10\/Kranz-3.jpg 600w, https:\/\/www.sabine-seyffert.de\/blog\/wp-content\/uploads\/2013\/10\/Kranz-3-225x300.jpg 225w\" sizes=\"auto, (max-width: 600px) 100vw, 600px\" \/><\/a><\/p>\n<p style=\"text-align: justify;\">Da kam der Baum in der Nachbarschaft wie gerufen, zumal sich die Bl\u00e4tter auf dem Gehweg t\u00fcrmten.<\/p>\n<p style=\"text-align: center;\"><a href=\"http:\/\/www.sabine-seyffert.de\/blog\/wp-content\/uploads\/2013\/10\/Kranz-6.jpg\"><img loading=\"lazy\" decoding=\"async\" class=\"alignnone size-full wp-image-8728\" src=\"http:\/\/www.sabine-seyffert.de\/blog\/wp-content\/uploads\/2013\/10\/Kranz-6.jpg\" alt=\"kranz-6\" width=\"600\" height=\"800\" srcset=\"https:\/\/www.sabine-seyffert.de\/blog\/wp-content\/uploads\/2013\/10\/Kranz-6.jpg 600w, https:\/\/www.sabine-seyffert.de\/blog\/wp-content\/uploads\/2013\/10\/Kranz-6-225x300.jpg 225w\" sizes=\"auto, (max-width: 600px) 100vw, 600px\" \/><\/a><\/p>\n<p style=\"text-align: justify;\">Anfangs sammelten wir nur Bl\u00e4tter, die einen perfekten Farbverlauf hatten. Beim Basteln selbst mussten wir jedoch schnell nochmals f\u00fcr Nachschub sorgen, da eine T\u00fcte Laub nicht ausreichte und so wanderten die auf dem Fu\u00dfweg liegende Bl\u00e4tter einfach mit beiden H\u00e4nden -ohne vorheriges Begutachten- in den Beutel\u2026<\/p>\n<p style=\"text-align: center;\"><a href=\"http:\/\/www.sabine-seyffert.de\/blog\/wp-content\/uploads\/2013\/10\/Kranz-7.jpg\"><img loading=\"lazy\" decoding=\"async\" class=\"alignnone size-full wp-image-8729\" src=\"http:\/\/www.sabine-seyffert.de\/blog\/wp-content\/uploads\/2013\/10\/Kranz-7.jpg\" alt=\"kranz-7\" width=\"800\" height=\"600\" srcset=\"https:\/\/www.sabine-seyffert.de\/blog\/wp-content\/uploads\/2013\/10\/Kranz-7.jpg 800w, https:\/\/www.sabine-seyffert.de\/blog\/wp-content\/uploads\/2013\/10\/Kranz-7-300x225.jpg 300w, https:\/\/www.sabine-seyffert.de\/blog\/wp-content\/uploads\/2013\/10\/Kranz-7-768x576.jpg 768w\" sizes=\"auto, (max-width: 800px) 100vw, 800px\" \/><\/a><\/p>\n<p style=\"text-align: justify;\">Vom Draht habe ich mit der Zange die ben\u00f6tigte L\u00e4nge abgeknipst und am Ende mit einer kleinen Schlaufe versehen.<\/p>\n<p style=\"text-align: center;\"><a href=\"http:\/\/www.sabine-seyffert.de\/blog\/wp-content\/uploads\/2013\/10\/Kranz-10.jpg\"><img loading=\"lazy\" decoding=\"async\" class=\"alignnone size-full wp-image-8730\" src=\"http:\/\/www.sabine-seyffert.de\/blog\/wp-content\/uploads\/2013\/10\/Kranz-10.jpg\" alt=\"kranz-10\" width=\"800\" height=\"600\" srcset=\"https:\/\/www.sabine-seyffert.de\/blog\/wp-content\/uploads\/2013\/10\/Kranz-10.jpg 800w, https:\/\/www.sabine-seyffert.de\/blog\/wp-content\/uploads\/2013\/10\/Kranz-10-300x225.jpg 300w, https:\/\/www.sabine-seyffert.de\/blog\/wp-content\/uploads\/2013\/10\/Kranz-10-768x576.jpg 768w\" sizes=\"auto, (max-width: 800px) 100vw, 800px\" \/><\/a><\/p>\n<p style=\"text-align: justify;\">Das F\u00e4deln klappt am besten mit Hilfe einer Lochzange, die verhindert, dass das Laub einrei\u00dft. Dazu habe ich immer einen Schwung der bunten Bl\u00e4tter (5-6 St\u00fcck) aufeinander gelegt und mittig mit der Lochzange gelocht. So kann man diese wunderbar auf den Draht stecken.<\/p>\n<p style=\"text-align: center;\"><a href=\"http:\/\/www.sabine-seyffert.de\/blog\/wp-content\/uploads\/2013\/10\/Kranz-8.jpg\"><img loading=\"lazy\" decoding=\"async\" class=\"alignnone size-full wp-image-8731\" src=\"http:\/\/www.sabine-seyffert.de\/blog\/wp-content\/uploads\/2013\/10\/Kranz-8.jpg\" alt=\"kranz-8\" width=\"800\" height=\"600\" srcset=\"https:\/\/www.sabine-seyffert.de\/blog\/wp-content\/uploads\/2013\/10\/Kranz-8.jpg 800w, https:\/\/www.sabine-seyffert.de\/blog\/wp-content\/uploads\/2013\/10\/Kranz-8-300x225.jpg 300w, https:\/\/www.sabine-seyffert.de\/blog\/wp-content\/uploads\/2013\/10\/Kranz-8-768x576.jpg 768w\" sizes=\"auto, (max-width: 800px) 100vw, 800px\" \/><\/a><\/p>\n<p style=\"text-align: justify;\">Meine Tochter hat von allen Bl\u00e4ttern die langen Stiele abgeschnitten. Als der Draht mit reichlich buntem Herbstlaub best\u00fcckt war, habe ich das Drahtende durch die andere Schlaufe gef\u00e4delt und ebenfalls zu einer Schlaufe gebogen, so dass die Enden ineinander verhakt sind.<\/p>\n<p style=\"text-align: center;\"><a href=\"http:\/\/www.sabine-seyffert.de\/blog\/wp-content\/uploads\/2013\/10\/Kranz-5.jpg\"><img loading=\"lazy\" decoding=\"async\" class=\"alignnone size-full wp-image-8732\" src=\"http:\/\/www.sabine-seyffert.de\/blog\/wp-content\/uploads\/2013\/10\/Kranz-5.jpg\" alt=\"kranz-5\" width=\"600\" height=\"800\" srcset=\"https:\/\/www.sabine-seyffert.de\/blog\/wp-content\/uploads\/2013\/10\/Kranz-5.jpg 600w, https:\/\/www.sabine-seyffert.de\/blog\/wp-content\/uploads\/2013\/10\/Kranz-5-225x300.jpg 225w\" sizes=\"auto, (max-width: 600px) 100vw, 600px\" \/><\/a><\/p>\n<p style=\"text-align: justify;\">Mit einer dicken Kerze versehen macht sich der bunte Herbstkranz perfekt als Tischdeko.\u00a0 Unser Kranz ist jedoch so riesig geworden, dass er auf dem Tisch reichlich Platz einnimmt. So haben wir ihn kurzerhand als T\u00fcrkranz verwendet.<\/p>\n<p style=\"text-align: center;\"><a href=\"http:\/\/www.sabine-seyffert.de\/blog\/wp-content\/uploads\/2013\/10\/Kranz-2.jpg\"><img loading=\"lazy\" decoding=\"async\" class=\"alignnone size-full wp-image-8733\" src=\"http:\/\/www.sabine-seyffert.de\/blog\/wp-content\/uploads\/2013\/10\/Kranz-2.jpg\" alt=\"kranz-2\" width=\"600\" height=\"800\" srcset=\"https:\/\/www.sabine-seyffert.de\/blog\/wp-content\/uploads\/2013\/10\/Kranz-2.jpg 600w, https:\/\/www.sabine-seyffert.de\/blog\/wp-content\/uploads\/2013\/10\/Kranz-2-225x300.jpg 225w\" sizes=\"auto, (max-width: 600px) 100vw, 600px\" \/><\/a><\/p>\n<p style=\"text-align: justify;\">Und weil ich bei Sarah von <a href=\"http:\/\/sinnvoll-erleben.blogspot.ch\/\" target=\"_blank\">Sinnvoll erleben &#8211; sinnvoller leben<\/a> immer die monatlichen Kr\u00e4nze bewundere, freue ich mich nun auch mal ein eigenes Exemplar gewerkelt zu haben.<\/p>\n<p style=\"text-align: center;\"><a href=\"http:\/\/www.sabine-seyffert.de\/blog\/wp-content\/uploads\/2013\/10\/Kranz-1.jpg\"><img loading=\"lazy\" decoding=\"async\" class=\"alignnone size-full wp-image-8734\" src=\"http:\/\/www.sabine-seyffert.de\/blog\/wp-content\/uploads\/2013\/10\/Kranz-1.jpg\" alt=\"kranz-1\" width=\"600\" height=\"800\" srcset=\"https:\/\/www.sabine-seyffert.de\/blog\/wp-content\/uploads\/2013\/10\/Kranz-1.jpg 600w, https:\/\/www.sabine-seyffert.de\/blog\/wp-content\/uploads\/2013\/10\/Kranz-1-225x300.jpg 225w\" sizes=\"auto, (max-width: 600px) 100vw, 600px\" \/><\/a><\/p>\n<p style=\"text-align: justify;\">Den Kranz schick ich zum <a href=\"http:\/\/www.creadienstag.de\/2013\/10\/096.html\" target=\"_blank\">Creadienstag<\/a>!<\/p>\n<p><a href=\"http:\/\/www.sabine-seyffert.de\/blog\/?page_id=32#urheberrecht\">urheberrechtlich gesch\u00fctzt<\/a>, \u00a9 Sabine Seyffert<\/p>\n","protected":false},"excerpt":{"rendered":"<p>Zum Ferienstart haben wir einen Spaziergang unternommen und sogar etwas Herbstsonne tanken k\u00f6nnen. Dabei wurden allerhand herbstliche Sch\u00e4tze gefunden. Den gr\u00f6\u00dften Schatz haben wir gleich eine Strasse weiter entdeckt und uns reichlich damit beladen. Ein gro\u00dfer Berg Ahornbl\u00e4tter lag direkt vor unseren F\u00fc\u00dfen und wollte aufgesammelt werden. Das wird gebraucht: Mind. 2 gro\u00dfe T\u00fcten voller&#8230; <a href=\"https:\/\/www.sabine-seyffert.de\/blog\/herbstlich-bunt-und-sehr-gemutlich\/\" class=\"more-link\">Read more: Herbstlich bunt und sehr gem\u00fctlich<\/a><\/p>\n","protected":false},"author":2,"featured_media":0,"comment_status":"open","ping_status":"open","sticky":false,"template":"","format":"standard","meta":{"_metis_text_type":"","_metis_text_length":2507,"_post_count":0,"footnotes":""},"categories":[32,12,25],"tags":[],"class_list":["post-2948","post","type-post","status-publish","format-standard","hentry","category-kreatives-fur-kleine-kinderhande","category-deko-ideen","category-herbst"],"_links":{"self":[{"href":"https:\/\/www.sabine-seyffert.de\/blog\/wp-json\/wp\/v2\/posts\/2948","targetHints":{"allow":["GET"]}}],"collection":[{"href":"https:\/\/www.sabine-seyffert.de\/blog\/wp-json\/wp\/v2\/posts"}],"about":[{"href":"https:\/\/www.sabine-seyffert.de\/blog\/wp-json\/wp\/v2\/types\/post"}],"author":[{"embeddable":true,"href":"https:\/\/www.sabine-seyffert.de\/blog\/wp-json\/wp\/v2\/users\/2"}],"replies":[{"embeddable":true,"href":"https:\/\/www.sabine-seyffert.de\/blog\/wp-json\/wp\/v2\/comments?post=2948"}],"version-history":[{"count":24,"href":"https:\/\/www.sabine-seyffert.de\/blog\/wp-json\/wp\/v2\/posts\/2948\/revisions"}],"predecessor-version":[{"id":8725,"href":"https:\/\/www.sabine-seyffert.de\/blog\/wp-json\/wp\/v2\/posts\/2948\/revisions\/8725"}],"wp:attachment":[{"href":"https:\/\/www.sabine-seyffert.de\/blog\/wp-json\/wp\/v2\/media?parent=2948"}],"wp:term":[{"taxonomy":"category","embeddable":true,"href":"https:\/\/www.sabine-seyffert.de\/blog\/wp-json\/wp\/v2\/categories?post=2948"},{"taxonomy":"post_tag","embeddable":true,"href":"https:\/\/www.sabine-seyffert.de\/blog\/wp-json\/wp\/v2\/tags?post=2948"}],"curies":[{"name":"wp","href":"https:\/\/api.w.org\/{rel}","templated":true}]}}