{"id":2931,"date":"2013-10-20T09:24:38","date_gmt":"2013-10-20T07:24:38","guid":{"rendered":"http:\/\/www.sabine-seyffert.de\/blog\/?p=2931"},"modified":"2015-09-21T18:35:43","modified_gmt":"2015-09-21T16:35:43","slug":"mein-12-blick-im-oktober","status":"publish","type":"post","link":"https:\/\/www.sabine-seyffert.de\/blog\/mein-12-blick-im-oktober\/","title":{"rendered":"Mein 12. Blick im Oktober"},"content":{"rendered":"<p style=\"text-align: justify;\"><img loading=\"lazy\" decoding=\"async\" src=\"https:\/\/ssl-vg03.met.vgwort.de\/na\/91ce12c0c74447389b72cbc3a9fe3d38\" alt=\"\" width=\"1\" height=\"1\" \/><br \/>\nEs ist Freitag und der letzte Schultag vor den Herbstferien. Nachdem ich am Morgen \u00fcber <a href=\"http:\/\/www.sabine-seyffert.de\/blog\/?p=2921\" target=\"_blank\">ruhige und gelassene Kinder<\/a> berichtet habe, f\u00e4llt mir ein, dass ich meinen 12. Blick f\u00fcr Oktober ganz vergessen habe.<\/p>\n<p style=\"text-align: justify;\"><a href=\"http:\/\/www.sabine-seyffert.de\/blog\/wp-content\/uploads\/2013\/10\/Tunnel-Himmel-2.jpg\"><img loading=\"lazy\" decoding=\"async\" class=\"alignnone size-full wp-image-2933\" src=\"http:\/\/www.sabine-seyffert.de\/blog\/wp-content\/uploads\/2013\/10\/Tunnel-Himmel-2.jpg\" alt=\"Tunnel Himmel 2\" width=\"800\" height=\"538\" srcset=\"https:\/\/www.sabine-seyffert.de\/blog\/wp-content\/uploads\/2013\/10\/Tunnel-Himmel-2.jpg 800w, https:\/\/www.sabine-seyffert.de\/blog\/wp-content\/uploads\/2013\/10\/Tunnel-Himmel-2-300x201.jpg 300w\" sizes=\"auto, (max-width: 800px) 100vw, 800px\" \/><\/a><\/p>\n<p style=\"text-align: justify;\">Aber lassen wir es ruhig und entspannt angehen \u2013 schlie\u00dflich liegen zwei Wochen Schulferien vor und ein rundum gelungener Schulstart hinter uns.<\/p>\n<p style=\"text-align: center;\"><a href=\"http:\/\/www.sabine-seyffert.de\/blog\/wp-content\/uploads\/2013\/10\/12-Blick-c.jpg\"><img loading=\"lazy\" decoding=\"async\" class=\"alignnone size-full wp-image-2934\" src=\"http:\/\/www.sabine-seyffert.de\/blog\/wp-content\/uploads\/2013\/10\/12-Blick-c.jpg\" alt=\"12 Blick c\" width=\"600\" height=\"800\" srcset=\"https:\/\/www.sabine-seyffert.de\/blog\/wp-content\/uploads\/2013\/10\/12-Blick-c.jpg 600w, https:\/\/www.sabine-seyffert.de\/blog\/wp-content\/uploads\/2013\/10\/12-Blick-c-225x300.jpg 225w\" sizes=\"auto, (max-width: 600px) 100vw, 600px\" \/><\/a><\/p>\n<p style=\"text-align: justify;\">So stehen meine Kinder am Mittag mit mir in der K\u00fcche, wo wir gemeinsam kochen. Da sich der Herbst heute zum Ferienstart von seiner besten Seite zeigt, geht es gleich nach dem Mittagessen in den Wald: Herbstliche Sch\u00e4tze sammeln und meinen 12. Blick einfangen\u2026<\/p>\n<p style=\"text-align: center;\"><a href=\"http:\/\/www.sabine-seyffert.de\/blog\/wp-content\/uploads\/2013\/10\/12-Blick-Start.jpg\"><img loading=\"lazy\" decoding=\"async\" class=\"alignnone size-full wp-image-2935\" src=\"http:\/\/www.sabine-seyffert.de\/blog\/wp-content\/uploads\/2013\/10\/12-Blick-Start.jpg\" alt=\"12 Blick Start\" width=\"600\" height=\"800\" srcset=\"https:\/\/www.sabine-seyffert.de\/blog\/wp-content\/uploads\/2013\/10\/12-Blick-Start.jpg 600w, https:\/\/www.sabine-seyffert.de\/blog\/wp-content\/uploads\/2013\/10\/12-Blick-Start-225x300.jpg 225w\" sizes=\"auto, (max-width: 600px) 100vw, 600px\" \/><\/a><\/p>\n<p style=\"text-align: justify;\">An der ersten Stelle wurde etwas \u201ePlatz geschaffen\u201c und das Gr\u00fcn, was im Sommer so hoch wucherte, offenbar gestutzt. So schaut zumindest der untere Teil bereits im Oktober etwas kahl aus. Die Laterne ist daher wieder besser zu sehen und so langsam verf\u00e4rben sich auch hier die Bl\u00e4tter, wenn auch erst in den hohen Baumwipfeln.<\/p>\n<p style=\"text-align: center;\"><a href=\"http:\/\/www.sabine-seyffert.de\/blog\/wp-content\/uploads\/2013\/10\/12.-Blick-1.jpg\"><img loading=\"lazy\" decoding=\"async\" class=\"alignnone size-full wp-image-2936\" src=\"http:\/\/www.sabine-seyffert.de\/blog\/wp-content\/uploads\/2013\/10\/12.-Blick-1.jpg\" alt=\"12. Blick 1\" width=\"600\" height=\"800\" srcset=\"https:\/\/www.sabine-seyffert.de\/blog\/wp-content\/uploads\/2013\/10\/12.-Blick-1.jpg 600w, https:\/\/www.sabine-seyffert.de\/blog\/wp-content\/uploads\/2013\/10\/12.-Blick-1-225x300.jpg 225w\" sizes=\"auto, (max-width: 600px) 100vw, 600px\" \/><\/a><\/p>\n<p style=\"text-align: justify;\">Fr\u00f6hlich spazieren meine J\u00fcngste und ich durch den Wald, sammeln hier und dort was der Herbst uns so reichlich schenkt und genie\u00dfen die wunderbare, goldene Herbstsonne samt blauem Himmel. Das tut gut und man hat das Gef\u00fchl, nochmals so richtig auftanken zu k\u00f6nnen.<\/p>\n<p style=\"text-align: center;\"><a href=\"http:\/\/www.sabine-seyffert.de\/blog\/wp-content\/uploads\/2013\/10\/12.-Blick-1-gesamt-korrekt-klein.jpg\"><img loading=\"lazy\" decoding=\"async\" class=\"alignnone size-full wp-image-2937\" src=\"http:\/\/www.sabine-seyffert.de\/blog\/wp-content\/uploads\/2013\/10\/12.-Blick-1-gesamt-korrekt-klein.jpg\" alt=\"12. Blick 1 gesamt korrekt klein\" width=\"900\" height=\"594\" srcset=\"https:\/\/www.sabine-seyffert.de\/blog\/wp-content\/uploads\/2013\/10\/12.-Blick-1-gesamt-korrekt-klein.jpg 900w, https:\/\/www.sabine-seyffert.de\/blog\/wp-content\/uploads\/2013\/10\/12.-Blick-1-gesamt-korrekt-klein-300x198.jpg 300w\" sizes=\"auto, (max-width: 900px) 100vw, 900px\" \/><\/a><\/p>\n<p style=\"text-align: justify;\">Mitten im Wald hat jemand offenbar versucht ein winterliches Quartier einzurichten&#8230;<\/p>\n<p style=\"text-align: center;\"><a href=\"http:\/\/www.sabine-seyffert.de\/blog\/wp-content\/uploads\/2013\/10\/12-Blick-b.jpg\"><img loading=\"lazy\" decoding=\"async\" class=\"alignnone size-full wp-image-2932\" src=\"http:\/\/www.sabine-seyffert.de\/blog\/wp-content\/uploads\/2013\/10\/12-Blick-b.jpg\" alt=\"12 Blick b\" width=\"600\" height=\"800\" srcset=\"https:\/\/www.sabine-seyffert.de\/blog\/wp-content\/uploads\/2013\/10\/12-Blick-b.jpg 600w, https:\/\/www.sabine-seyffert.de\/blog\/wp-content\/uploads\/2013\/10\/12-Blick-b-225x300.jpg 225w\" sizes=\"auto, (max-width: 600px) 100vw, 600px\" \/><\/a><\/p>\n<p style=\"text-align: justify;\">Hier und dort sind die B\u00e4ume schon rundum herbstlich bunt und leuchten im Licht der Sonne einfach fantastisch. Selbst bei meinem zweiten Blick erhaschen wir ein kleines bisschen Sonne um diese Tageszeit. Von daher mal ganz spannend, weil die meisten Bilder im Laufe des Jahres meist am fr\u00fchen Morgen entstanden sind.<\/p>\n<p style=\"text-align: center;\"><a href=\"http:\/\/www.sabine-seyffert.de\/blog\/wp-content\/uploads\/2013\/10\/12-Blick-2.jpg\"><img loading=\"lazy\" decoding=\"async\" class=\"alignnone size-full wp-image-2938\" src=\"http:\/\/www.sabine-seyffert.de\/blog\/wp-content\/uploads\/2013\/10\/12-Blick-2.jpg\" alt=\"12 Blick 2\" width=\"600\" height=\"800\" srcset=\"https:\/\/www.sabine-seyffert.de\/blog\/wp-content\/uploads\/2013\/10\/12-Blick-2.jpg 600w, https:\/\/www.sabine-seyffert.de\/blog\/wp-content\/uploads\/2013\/10\/12-Blick-2-225x300.jpg 225w\" sizes=\"auto, (max-width: 600px) 100vw, 600px\" \/><\/a><\/p>\n<p style=\"text-align: justify;\">Meine Tochter \u201eermahnt\u201c mich h\u00f6flich ganz leise zu sein, in der Hoffnung, dass sich <a href=\"http:\/\/www.sabine-seyffert.de\/blog\/?cat=35\" target=\"_blank\">das Reh<\/a> wieder zeigt. Aber unsere T\u00fcte mit den Herbstsch\u00e4tzen knistert offenbar zu ger\u00e4uschvoll, kein Tier weit und breit in Sicht. Vielleicht beim n\u00e4chsten Mal!<\/p>\n<p style=\"text-align: justify;\"><a href=\"http:\/\/www.sabine-seyffert.de\/blog\/wp-content\/uploads\/2013\/10\/12-Blick-2-Gesamt-korrekt.jpg\"><img loading=\"lazy\" decoding=\"async\" class=\"alignnone size-full wp-image-2939\" src=\"http:\/\/www.sabine-seyffert.de\/blog\/wp-content\/uploads\/2013\/10\/12-Blick-2-Gesamt-korrekt.jpg\" alt=\"12 Blick 2 Gesamt korrekt\" width=\"912\" height=\"600\" srcset=\"https:\/\/www.sabine-seyffert.de\/blog\/wp-content\/uploads\/2013\/10\/12-Blick-2-Gesamt-korrekt.jpg 912w, https:\/\/www.sabine-seyffert.de\/blog\/wp-content\/uploads\/2013\/10\/12-Blick-2-Gesamt-korrekt-300x197.jpg 300w\" sizes=\"auto, (max-width: 912px) 100vw, 912px\" \/><\/a><\/p>\n<p style=\"text-align: justify;\">Was wir mit den gesammelten Herbstsachen alles angestellt habt, davon werde ich sicher berichten und meine bisherigen Blicke kann man <a href=\"http:\/\/www.sabine-seyffert.de\/blog\/?cat=35\" target=\"_blank\">hier<\/a> nachlesen.<\/p>\n<p style=\"text-align: center;\"><a href=\"http:\/\/www.sabine-seyffert.de\/blog\/wp-content\/uploads\/2013\/10\/12-Blick-d.jpg\"><img loading=\"lazy\" decoding=\"async\" class=\"alignnone size-full wp-image-2940\" src=\"http:\/\/www.sabine-seyffert.de\/blog\/wp-content\/uploads\/2013\/10\/12-Blick-d.jpg\" alt=\"12 Blick d\" width=\"600\" height=\"800\" srcset=\"https:\/\/www.sabine-seyffert.de\/blog\/wp-content\/uploads\/2013\/10\/12-Blick-d.jpg 600w, https:\/\/www.sabine-seyffert.de\/blog\/wp-content\/uploads\/2013\/10\/12-Blick-d-225x300.jpg 225w\" sizes=\"auto, (max-width: 600px) 100vw, 600px\" \/><\/a><\/p>\n<p style=\"text-align: justify;\">Ich w\u00fcnsche allen ganz erholsame Herbstferien!<\/p>\n<p style=\"text-align: center;\"><a href=\"http:\/\/www.sabine-seyffert.de\/blog\/wp-content\/uploads\/2013\/10\/12-Blick-e.jpg\"><img loading=\"lazy\" decoding=\"async\" class=\"alignnone size-full wp-image-2941\" src=\"http:\/\/www.sabine-seyffert.de\/blog\/wp-content\/uploads\/2013\/10\/12-Blick-e.jpg\" alt=\"12 Blick e\" width=\"600\" height=\"800\" srcset=\"https:\/\/www.sabine-seyffert.de\/blog\/wp-content\/uploads\/2013\/10\/12-Blick-e.jpg 600w, https:\/\/www.sabine-seyffert.de\/blog\/wp-content\/uploads\/2013\/10\/12-Blick-e-225x300.jpg 225w\" sizes=\"auto, (max-width: 600px) 100vw, 600px\" \/><\/a><\/p>\n<p style=\"text-align: justify;\">Bei <a href=\"http:\/\/tabea-heinicker.blogspot.de\/2013\/10\/zwei-handvoll-zeigt-her-eure-fotos.html\" target=\"_blank\">Tabea Heinicker<\/a> gibt es die Bilder Sammlung aller Teilnehmer. Wer mag, schaut dort vorbei \ud83d\ude42<\/p>\n<p style=\"text-align: center;\"><a href=\"http:\/\/www.sabine-seyffert.de\/blog\/wp-content\/uploads\/2013\/10\/12-Blick-a.jpg\"><img loading=\"lazy\" decoding=\"async\" class=\"alignnone size-full wp-image-2942\" src=\"http:\/\/www.sabine-seyffert.de\/blog\/wp-content\/uploads\/2013\/10\/12-Blick-a.jpg\" alt=\"12 Blick a\" width=\"800\" height=\"600\" srcset=\"https:\/\/www.sabine-seyffert.de\/blog\/wp-content\/uploads\/2013\/10\/12-Blick-a.jpg 800w, https:\/\/www.sabine-seyffert.de\/blog\/wp-content\/uploads\/2013\/10\/12-Blick-a-300x225.jpg 300w\" sizes=\"auto, (max-width: 800px) 100vw, 800px\" \/><\/a><\/p>\n<p><a href=\"http:\/\/www.sabine-seyffert.de\/blog\/?page_id=32#urheberrecht\">urheberrechtlich gesch\u00fctzt<\/a>, \u00a9 Sabine Seyffert<\/p>\n","protected":false},"excerpt":{"rendered":"<p>Es ist Freitag und der letzte Schultag vor den Herbstferien. Nachdem ich am Morgen \u00fcber ruhige und gelassene Kinder berichtet habe, f\u00e4llt mir ein, dass ich meinen 12. Blick f\u00fcr Oktober ganz vergessen habe. Aber lassen wir es ruhig und entspannt angehen \u2013 schlie\u00dflich liegen zwei Wochen Schulferien vor und ein rundum gelungener Schulstart hinter&#8230; <a href=\"https:\/\/www.sabine-seyffert.de\/blog\/mein-12-blick-im-oktober\/\" class=\"more-link\">Read more: Mein 12. Blick im Oktober<\/a><\/p>\n","protected":false},"author":2,"featured_media":0,"comment_status":"open","ping_status":"open","sticky":false,"template":"","format":"standard","meta":{"_metis_text_type":"","_metis_text_length":2195,"_post_count":0,"footnotes":""},"categories":[25],"tags":[],"class_list":["post-2931","post","type-post","status-publish","format-standard","hentry","category-herbst"],"_links":{"self":[{"href":"https:\/\/www.sabine-seyffert.de\/blog\/wp-json\/wp\/v2\/posts\/2931","targetHints":{"allow":["GET"]}}],"collection":[{"href":"https:\/\/www.sabine-seyffert.de\/blog\/wp-json\/wp\/v2\/posts"}],"about":[{"href":"https:\/\/www.sabine-seyffert.de\/blog\/wp-json\/wp\/v2\/types\/post"}],"author":[{"embeddable":true,"href":"https:\/\/www.sabine-seyffert.de\/blog\/wp-json\/wp\/v2\/users\/2"}],"replies":[{"embeddable":true,"href":"https:\/\/www.sabine-seyffert.de\/blog\/wp-json\/wp\/v2\/comments?post=2931"}],"version-history":[{"count":5,"href":"https:\/\/www.sabine-seyffert.de\/blog\/wp-json\/wp\/v2\/posts\/2931\/revisions"}],"predecessor-version":[{"id":6135,"href":"https:\/\/www.sabine-seyffert.de\/blog\/wp-json\/wp\/v2\/posts\/2931\/revisions\/6135"}],"wp:attachment":[{"href":"https:\/\/www.sabine-seyffert.de\/blog\/wp-json\/wp\/v2\/media?parent=2931"}],"wp:term":[{"taxonomy":"category","embeddable":true,"href":"https:\/\/www.sabine-seyffert.de\/blog\/wp-json\/wp\/v2\/categories?post=2931"},{"taxonomy":"post_tag","embeddable":true,"href":"https:\/\/www.sabine-seyffert.de\/blog\/wp-json\/wp\/v2\/tags?post=2931"}],"curies":[{"name":"wp","href":"https:\/\/api.w.org\/{rel}","templated":true}]}}