{"id":2921,"date":"2013-10-18T08:22:13","date_gmt":"2013-10-18T06:22:13","guid":{"rendered":"http:\/\/www.sabine-seyffert.de\/blog\/?p=2921"},"modified":"2018-01-16T11:59:01","modified_gmt":"2018-01-16T09:59:01","slug":"mehr-ruhe-gelassenheit-fur-kinder","status":"publish","type":"post","link":"https:\/\/www.sabine-seyffert.de\/blog\/mehr-ruhe-gelassenheit-fur-kinder\/","title":{"rendered":"Mehr Ruhe &#038; Gelassenheit f\u00fcr Kinder"},"content":{"rendered":"<p style=\"text-align: justify;\"><img loading=\"lazy\" decoding=\"async\" src=\"https:\/\/ssl-vg03.met.vgwort.de\/na\/cb65c91a942a44cb870ca3d71bb5c117\" alt=\"\" width=\"1\" height=\"1\" \/>Ganz entspannt durch den Alltag \u2013 ohne Hast und Eile? Keinen Schulstress mehr und auch die Angst vor der n\u00e4chsten Klassenarbeit ist mit einem mal fast nicht mehr da? Das w\u00e4re nicht nur aus Sicht vieler Kinder einfach wunderbar. Aber die Schule kann man gl\u00fccklicherweise nicht abschaffen und auch die Zeit leider nicht anhalten. Jedoch k\u00f6nnen Kinder mit guter Anleitung einen Weg zu mehr innerer Ruhe und Gelassenheit finden. Wie beispielsweise mit der Entspannungsmethode des Autogenen Trainings. Denn diese ist gerade f\u00fcr Kinder wunderbar geeignet und recht einfach zu erlernen.<\/p>\n<p style=\"text-align: center;\">\u00a0<a href=\"http:\/\/www.sabine-seyffert.de\/blog\/wp-content\/uploads\/2013\/10\/Nieke-Herbst-1.jpg\"><img loading=\"lazy\" decoding=\"async\" class=\"alignnone size-full wp-image-2922\" src=\"http:\/\/www.sabine-seyffert.de\/blog\/wp-content\/uploads\/2013\/10\/Nieke-Herbst-1.jpg\" alt=\"Nieke Herbst 1\" width=\"600\" height=\"800\" srcset=\"https:\/\/www.sabine-seyffert.de\/blog\/wp-content\/uploads\/2013\/10\/Nieke-Herbst-1.jpg 600w, https:\/\/www.sabine-seyffert.de\/blog\/wp-content\/uploads\/2013\/10\/Nieke-Herbst-1-225x300.jpg 225w\" sizes=\"auto, (max-width: 600px) 100vw, 600px\" \/><\/a><\/p>\n<p style=\"text-align: justify;\">In meinen Entspannungskursen f\u00fcr Kinder habe ich immer wieder erlebt, wie schnell sich die Kinder mit dem Autogenen Training zurecht finden und daraus schon in k\u00fcrzester Zeit neue Kraft sch\u00f6pfen k\u00f6nnen. Besonders gut gef\u00e4llt mir dabei, dass die Kinder diese Entspannungsmethode ganz eigenst\u00e4ndig und in der Regel ohne fremde Hilfe, zu Hause und in ihrem Alltag, umsetzen k\u00f6nnen. Wie hilfreich und wohltuende die \u00dcbungen sind, merken die Kinder meist gleich nach der ersten \u00dcbungseinheit.<\/p>\n<p style=\"text-align: center;\">\u00a0<a href=\"http:\/\/www.sabine-seyffert.de\/blog\/wp-content\/uploads\/2013\/10\/Nieke-Herbst-3.jpg\"><img loading=\"lazy\" decoding=\"async\" class=\"alignnone size-full wp-image-2923\" src=\"http:\/\/www.sabine-seyffert.de\/blog\/wp-content\/uploads\/2013\/10\/Nieke-Herbst-3.jpg\" alt=\"Nieke Herbst 3\" width=\"600\" height=\"868\" srcset=\"https:\/\/www.sabine-seyffert.de\/blog\/wp-content\/uploads\/2013\/10\/Nieke-Herbst-3.jpg 600w, https:\/\/www.sabine-seyffert.de\/blog\/wp-content\/uploads\/2013\/10\/Nieke-Herbst-3-207x300.jpg 207w\" sizes=\"auto, (max-width: 600px) 100vw, 600px\" \/><\/a><\/p>\n<p style=\"text-align: justify;\">Die gr\u00f6\u00dfte Schwierigkeit besteht sicher darin, sich im t\u00e4glichen Trubel <span style=\"text-decoration: underline;\">regelm\u00e4\u00dfig<\/span> Freir\u00e4ume zu schaffen um die erlernten \u00dcbungen des Autogenen Trainings auch umzusetzen. Dabei kann beispielsweise ein Kurs zum Autogenen Training, der sich an Kinder und deren Altersgruppe richtet, sehr helfen und den Start erleichtern. Ich selbst habe das Autogene Training sehr sch\u00e4tzen gelernt und praktiziere diese Entspannungsmethode nun schon seit \u00fcber 20 Jahren mit Kindern in verschiedenen Altersstufen.<\/p>\n<p style=\"text-align: justify;\">\u00a0Wer neugierig geworden ist oder f\u00fcr seine eigenen Kinder auf der Suche nach etwas mehr Ruhe und Gelassenheit ist finde weitere Informationen in meinem Buch \u201e<a href=\"http:\/\/sabine-seyffert.de\/buch1.php?i=69&amp;q=\" target=\"_blank\" rel=\"noopener\">Autogenes Training f\u00fcr Kinder<\/a>\u201c das als <a href=\"http:\/\/herder.de\/suche\/exp\/details?k_tnr=6589&amp;sort=1&amp;query_start=&amp;titel=Autogenes%20Training%20f%FCr%20Kinder\" target=\"_blank\" rel=\"noopener\">Taschenbuch im Herder Verlag<\/a> erschienen ist.<\/p>\n<p style=\"text-align: center;\">\u00a0<a href=\"http:\/\/www.sabine-seyffert.de\/blog\/wp-content\/uploads\/2013\/10\/at-herder.jpg\"><img loading=\"lazy\" decoding=\"async\" class=\"alignnone size-full wp-image-2924\" src=\"http:\/\/www.sabine-seyffert.de\/blog\/wp-content\/uploads\/2013\/10\/at-herder.jpg\" alt=\"at-herder\" width=\"170\" height=\"269\" \/><\/a><\/p>\n<p style=\"text-align: justify;\">Wie verschafft ihr und euren Kindern Ruhe und Gelassenheit im trubeligen Alltag? Beherrscht ihr auch eine Entspannungsmethode, wenn ja, welche? Ich freue mich \u00fcber eure Erfahrungen und Entspannungstipps!<\/p>\n<p><a href=\"http:\/\/www.sabine-seyffert.de\/blog\/?page_id=32#urheberrecht\">urheberrechtlich gesch\u00fctzt<\/a>, \u00a9 Sabine Seyffert<\/p>\n","protected":false},"excerpt":{"rendered":"<p>Ganz entspannt durch den Alltag \u2013 ohne Hast und Eile? Keinen Schulstress mehr und auch die Angst vor der n\u00e4chsten Klassenarbeit ist mit einem mal fast nicht mehr da? Das w\u00e4re nicht nur aus Sicht vieler Kinder einfach wunderbar. Aber die Schule kann man gl\u00fccklicherweise nicht abschaffen und auch die Zeit leider nicht anhalten. Jedoch&#8230; <a href=\"https:\/\/www.sabine-seyffert.de\/blog\/mehr-ruhe-gelassenheit-fur-kinder\/\" class=\"more-link\">Read more: Mehr Ruhe &#038; Gelassenheit f\u00fcr Kinder<\/a><\/p>\n","protected":false},"author":2,"featured_media":0,"comment_status":"open","ping_status":"open","sticky":false,"template":"","format":"standard","meta":{"_metis_text_type":"","_metis_text_length":2060,"_post_count":0,"footnotes":""},"categories":[20,52],"tags":[],"class_list":["post-2921","post","type-post","status-publish","format-standard","hentry","category-bucher","category-familie"],"_links":{"self":[{"href":"https:\/\/www.sabine-seyffert.de\/blog\/wp-json\/wp\/v2\/posts\/2921","targetHints":{"allow":["GET"]}}],"collection":[{"href":"https:\/\/www.sabine-seyffert.de\/blog\/wp-json\/wp\/v2\/posts"}],"about":[{"href":"https:\/\/www.sabine-seyffert.de\/blog\/wp-json\/wp\/v2\/types\/post"}],"author":[{"embeddable":true,"href":"https:\/\/www.sabine-seyffert.de\/blog\/wp-json\/wp\/v2\/users\/2"}],"replies":[{"embeddable":true,"href":"https:\/\/www.sabine-seyffert.de\/blog\/wp-json\/wp\/v2\/comments?post=2921"}],"version-history":[{"count":8,"href":"https:\/\/www.sabine-seyffert.de\/blog\/wp-json\/wp\/v2\/posts\/2921\/revisions"}],"predecessor-version":[{"id":11746,"href":"https:\/\/www.sabine-seyffert.de\/blog\/wp-json\/wp\/v2\/posts\/2921\/revisions\/11746"}],"wp:attachment":[{"href":"https:\/\/www.sabine-seyffert.de\/blog\/wp-json\/wp\/v2\/media?parent=2921"}],"wp:term":[{"taxonomy":"category","embeddable":true,"href":"https:\/\/www.sabine-seyffert.de\/blog\/wp-json\/wp\/v2\/categories?post=2921"},{"taxonomy":"post_tag","embeddable":true,"href":"https:\/\/www.sabine-seyffert.de\/blog\/wp-json\/wp\/v2\/tags?post=2921"}],"curies":[{"name":"wp","href":"https:\/\/api.w.org\/{rel}","templated":true}]}}