{"id":292,"date":"2013-02-04T22:12:25","date_gmt":"2013-02-04T20:12:25","guid":{"rendered":"http:\/\/www.sabine-seyffert.de\/blog\/?p=292"},"modified":"2017-03-06T20:59:19","modified_gmt":"2017-03-06T18:59:19","slug":"herrlich-entspannt-durchs-ganze-jahr","status":"publish","type":"post","link":"https:\/\/www.sabine-seyffert.de\/blog\/herrlich-entspannt-durchs-ganze-jahr\/","title":{"rendered":"Herrlich entspannt durchs ganze Jahr\u2026"},"content":{"rendered":"<p style=\"text-align: justify;\"><img loading=\"lazy\" decoding=\"async\" src=\"https:\/\/ssl-vg03.met.vgwort.de\/na\/9fa0e731037f463f9187bdc816656034\" alt=\"\" width=\"1\" height=\"1\" \/>Seit vielen Jahren schreibe ich nun B\u00fccher in denen sich vieles um das bedeutsame Thema Entspannung dreht. So gibt es auf dem Buchmarkt inzwischen auch eine gro\u00dfe Auswahl an \u201eEntspannungsliteratur\u201c. Was ich bislang jedenfalls nicht finden konnte war es Buch, dass nicht nur ein Entspannungselement behandelt, sondern wirklich umfassend, so dass man diese Ideen als nettes \u201eKompaktpaket\u201c ein- und umsetzen kann ohne sich erst passendes \u201eBeiwerk\u201c zu besorgen.<br \/>\nDaher kam mir die Idee zu einem Buch, das genau dies tut: Von Fr\u00fchlingstanz bis Schneeflockenmassage h\u00e4lt eine Vielzahl an Entspannungsr\u00e4tseln, Mitmachgeschichten, Massagen und Fantasiereisen f\u00fcr Kinder bereit. Und zwar in 12 Kapitel aufgeteilt, von Januar bis Dezember, so dass die Kinder bewegt, ausgeglichen und entspannt durchs ganze Jahr hindurch kommen!<\/p>\n<p style=\"text-align: center;\"><a href=\"http:\/\/www.sabine-seyffert.de\/blog\/herrlich-entspannt-durchs-ganze-jahr\/9783589247004_cover2d_4c_b300\/\" rel=\"attachment wp-att-293\"><img loading=\"lazy\" decoding=\"async\" class=\"alignnone size-full wp-image-293\" src=\"http:\/\/www.sabine-seyffert.de\/blog\/wp-content\/uploads\/2013\/02\/9783589247004_COVER2D_4C_B300.png\" alt=\"9783589247004_COVER2D_4C_B300\" width=\"300\" height=\"426\" srcset=\"https:\/\/www.sabine-seyffert.de\/blog\/wp-content\/uploads\/2013\/02\/9783589247004_COVER2D_4C_B300.png 300w, https:\/\/www.sabine-seyffert.de\/blog\/wp-content\/uploads\/2013\/02\/9783589247004_COVER2D_4C_B300-211x300.png 211w\" sizes=\"auto, (max-width: 300px) 100vw, 300px\" \/><\/a><\/p>\n<p>In der Einleitung werden die jeweiligen Entspannungsbereiche wie Entspannungsr\u00e4tsel, Mitmachgeschichten, Massagen und Fantasiereisen im Detail erkl\u00e4rt. So das auch Unge\u00fcbte und Neulinge sich in das Thema der Entspannungsp\u00e4dagogik mit Kindern einlesen k\u00f6nnen und fundierte Informationen erhalten.<br \/>\nDie im Buch enthaltenen Ideen lassen sich vielschichtig einsetzen: Ob mit den Kleinsten in der Spielgruppe, beim Mutter-Kind-Turnen, im Kindergarten, Hort oder der Grundschule. Ein Gro\u00dfteil der \u00dcbungen lassen sich nach eigenen Vorstellungen oder Ideen der Kinder ab\u00e4ndern und variieren. Bei j\u00fcngeren Kindern kann man diese nach Bedarf verk\u00fcrzen, bei ge\u00fcbten Kindern fantasievoll ausschm\u00fccken und erg\u00e4nzen. Gerade bei den Mitmachgeschichten und Massagen lassen sich spontan Anregungen, W\u00fcnsche und Ideen der Kinder mit einbauen, die das Ganze noch lebendiger machen und den Kindern so viel Freude bereiten. Auch diejenigen, die anleiten, werden die Kraft der Ruhe sp\u00fcren und diese Entspannungseinheiten genie\u00dfen.<\/p>\n<p>Wer neugierig geworden ist kann das Buch\u00a0direkt beim Cornelsen Verlag bestellen: <a href=\"http:\/\/www.cornelsen.de\/home\/katalog\/titel\/9783589247004\" target=\"_blank\">\u201eVon Fr\u00fchlingstanz bis Schneeflockenmassage\u201c ISBN 978-3-589-24700-4<\/a><\/p>\n<p>Wer Lust hat mir von seinen Erfahrungen mit dem Buch zu berichten ist dazu herzlich eingeladen!<\/p>\n<p>Herzliche Gr\u00fc\u00dfe,<\/p>\n<p>Sabine Seyffert<\/p>\n<p>P.S.: Zwei praktische \u00dcbungseinheiten aus diesem Buch gibt es <a href=\" http:\/\/www.sabine-seyffert.de\/blog\/?p=285\" target=\"_blank\">hier<\/a> und <a href=\"http:\/\/www.sabine-seyffert.de\/blog\/?p=278\" target=\"_blank\">dort<\/a> zu sehen!<br \/>\n<a href=\"http:\/\/www.sabine-seyffert.de\/blog\/?page_id=32#urheberrecht\">urherrechtlich gesch\u00fctzt<\/a>, \u00a9 Sabine Seyffert<\/p>\n","protected":false},"excerpt":{"rendered":"<p>Seit vielen Jahren schreibe ich nun B\u00fccher in denen sich vieles um das bedeutsame Thema Entspannung dreht. So gibt es auf dem Buchmarkt inzwischen auch eine gro\u00dfe Auswahl an \u201eEntspannungsliteratur\u201c. Was ich bislang jedenfalls nicht finden konnte war es Buch, dass nicht nur ein Entspannungselement behandelt, sondern wirklich umfassend, so dass man diese Ideen als&#8230; <a href=\"https:\/\/www.sabine-seyffert.de\/blog\/herrlich-entspannt-durchs-ganze-jahr\/\" class=\"more-link\">Read more: Herrlich entspannt durchs ganze Jahr\u2026<\/a><\/p>\n","protected":false},"author":1,"featured_media":0,"comment_status":"open","ping_status":"open","sticky":false,"template":"","format":"standard","meta":{"_metis_text_type":"","_metis_text_length":2233,"_post_count":0,"footnotes":""},"categories":[20],"tags":[],"class_list":["post-292","post","type-post","status-publish","format-standard","hentry","category-bucher"],"_links":{"self":[{"href":"https:\/\/www.sabine-seyffert.de\/blog\/wp-json\/wp\/v2\/posts\/292","targetHints":{"allow":["GET"]}}],"collection":[{"href":"https:\/\/www.sabine-seyffert.de\/blog\/wp-json\/wp\/v2\/posts"}],"about":[{"href":"https:\/\/www.sabine-seyffert.de\/blog\/wp-json\/wp\/v2\/types\/post"}],"author":[{"embeddable":true,"href":"https:\/\/www.sabine-seyffert.de\/blog\/wp-json\/wp\/v2\/users\/1"}],"replies":[{"embeddable":true,"href":"https:\/\/www.sabine-seyffert.de\/blog\/wp-json\/wp\/v2\/comments?post=292"}],"version-history":[{"count":13,"href":"https:\/\/www.sabine-seyffert.de\/blog\/wp-json\/wp\/v2\/posts\/292\/revisions"}],"predecessor-version":[{"id":9932,"href":"https:\/\/www.sabine-seyffert.de\/blog\/wp-json\/wp\/v2\/posts\/292\/revisions\/9932"}],"wp:attachment":[{"href":"https:\/\/www.sabine-seyffert.de\/blog\/wp-json\/wp\/v2\/media?parent=292"}],"wp:term":[{"taxonomy":"category","embeddable":true,"href":"https:\/\/www.sabine-seyffert.de\/blog\/wp-json\/wp\/v2\/categories?post=292"},{"taxonomy":"post_tag","embeddable":true,"href":"https:\/\/www.sabine-seyffert.de\/blog\/wp-json\/wp\/v2\/tags?post=292"}],"curies":[{"name":"wp","href":"https:\/\/api.w.org\/{rel}","templated":true}]}}