{"id":2903,"date":"2013-10-15T06:17:32","date_gmt":"2013-10-15T04:17:32","guid":{"rendered":"http:\/\/www.sabine-seyffert.de\/blog\/?p=2903"},"modified":"2022-12-02T19:55:15","modified_gmt":"2022-12-02T17:55:15","slug":"wenn-es-drausen-fruher-dunkel-wird","status":"publish","type":"post","link":"https:\/\/www.sabine-seyffert.de\/blog\/wenn-es-drausen-fruher-dunkel-wird\/","title":{"rendered":"Wenn es Drau\u00dfen fr\u00fcher dunkel wird\u2026"},"content":{"rendered":"<p style=\"text-align: justify;\"><img loading=\"lazy\" decoding=\"async\" src=\"https:\/\/ssl-vg03.met.vgwort.de\/na\/08be4e8bafc944858d210ebcf7ee9900\" alt=\"\" width=\"1\" height=\"1\" \/>,,, ist es sicherlich Herbst. Und das Gem\u00fctliche an dieser Jahreszeit ist vor allem das helle Kerzenlicht und die leuchtenden Fenster der H\u00e4user, die man bei einem abendlichen Spaziergang bewundern kann.<\/p>\n<p style=\"text-align: center;\"><a href=\"http:\/\/www.sabine-seyffert.de\/blog\/wp-content\/uploads\/2013\/10\/H\u00e4user-1.jpg\"><img loading=\"lazy\" decoding=\"async\" class=\"alignnone size-full wp-image-2904\" src=\"http:\/\/www.sabine-seyffert.de\/blog\/wp-content\/uploads\/2013\/10\/H\u00e4user-1.jpg\" alt=\"H\u00e4user 1\" width=\"800\" height=\"586\" srcset=\"https:\/\/www.sabine-seyffert.de\/blog\/wp-content\/uploads\/2013\/10\/H\u00e4user-1.jpg 800w, https:\/\/www.sabine-seyffert.de\/blog\/wp-content\/uploads\/2013\/10\/H\u00e4user-1-300x219.jpg 300w\" sizes=\"auto, (max-width: 800px) 100vw, 800px\" \/><\/a><\/p>\n<p style=\"text-align: justify;\">So haben wir ein St\u00fcck dieser herbstlichen Gem\u00fctlichkeit auch bei uns einziehen lassen und f\u00fcr die K\u00fcchent\u00fcr eine neue Deko gebastelt, da der <a href=\"http:\/\/www.sabine-seyffert.de\/blog\/?p=2197\" target=\"_blank\" rel=\"noopener\">Ferienplan<\/a> sowie die <a href=\"http:\/\/www.sabine-seyffert.de\/blog\/?p=2591\" target=\"_blank\" rel=\"noopener\">Schult\u00fctengirlande<\/a> der Einschulung wieder verschwunden sind.<\/p>\n<p style=\"text-align: center;\"><a href=\"http:\/\/www.sabine-seyffert.de\/blog\/wp-content\/uploads\/2013\/10\/H\u00e4user-2.jpg\"><img loading=\"lazy\" decoding=\"async\" class=\"alignnone size-full wp-image-2905\" src=\"http:\/\/www.sabine-seyffert.de\/blog\/wp-content\/uploads\/2013\/10\/H\u00e4user-2.jpg\" alt=\"H\u00e4user 2\" width=\"800\" height=\"600\" srcset=\"https:\/\/www.sabine-seyffert.de\/blog\/wp-content\/uploads\/2013\/10\/H\u00e4user-2.jpg 800w, https:\/\/www.sabine-seyffert.de\/blog\/wp-content\/uploads\/2013\/10\/H\u00e4user-2-300x225.jpg 300w\" sizes=\"auto, (max-width: 800px) 100vw, 800px\" \/><\/a><\/p>\n<p style=\"text-align: justify;\"><strong>Das wird gebraucht:<\/strong><br \/>\nEin gro\u00dfer Bogen wei\u00dfes Tonpapier, ein Bastelmesser, Bleistift, Schere, Klebstoff, Transparentpapier, eine dicke Unterlage<\/p>\n<p style=\"text-align: center;\"><a href=\"http:\/\/www.sabine-seyffert.de\/blog\/wp-content\/uploads\/2013\/10\/H\u00e4user-3.jpg\"><img loading=\"lazy\" decoding=\"async\" class=\"alignnone size-full wp-image-2906\" src=\"http:\/\/www.sabine-seyffert.de\/blog\/wp-content\/uploads\/2013\/10\/H\u00e4user-3.jpg\" alt=\"H\u00e4user 3\" width=\"800\" height=\"600\" srcset=\"https:\/\/www.sabine-seyffert.de\/blog\/wp-content\/uploads\/2013\/10\/H\u00e4user-3.jpg 800w, https:\/\/www.sabine-seyffert.de\/blog\/wp-content\/uploads\/2013\/10\/H\u00e4user-3-300x225.jpg 300w\" sizes=\"auto, (max-width: 800px) 100vw, 800px\" \/><\/a><\/p>\n<p style=\"text-align: justify;\"><strong>So wird\u2019s gemacht:<\/strong><br \/>\nEigentlich w\u00e4re \u201eSchwarz\u201c die passendere Farbe f\u00fcr die dunkle Jahreszeit und die abendlich wirkende Stadt gewesen. Aber so dunkel wollte ich es im Moment noch nicht haben und das wei\u00df passt einfach besser zur K\u00fcche, somit gibt es bei uns die leuchtende Stadt eben in dieser Farbvariante.<\/p>\n<p style=\"text-align: center;\"><a href=\"http:\/\/www.sabine-seyffert.de\/blog\/wp-content\/uploads\/2013\/10\/H\u00e4user-4.jpg\"><img loading=\"lazy\" decoding=\"async\" class=\"alignnone size-full wp-image-2907\" src=\"http:\/\/www.sabine-seyffert.de\/blog\/wp-content\/uploads\/2013\/10\/H\u00e4user-4.jpg\" alt=\"H\u00e4user 4\" width=\"800\" height=\"600\" srcset=\"https:\/\/www.sabine-seyffert.de\/blog\/wp-content\/uploads\/2013\/10\/H\u00e4user-4.jpg 800w, https:\/\/www.sabine-seyffert.de\/blog\/wp-content\/uploads\/2013\/10\/H\u00e4user-4-300x225.jpg 300w\" sizes=\"auto, (max-width: 800px) 100vw, 800px\" \/><\/a><\/p>\n<p style=\"text-align: justify;\">Als erstes habe ich mit dem Bleistift verschiedene H\u00e4user und Geb\u00e4ude auf das Tonpapier gezeichnet. So kann man es notfalls wegradieren, falls der Entwurf mal daneben geht. Jedes Geb\u00e4ude braucht man doppelt um sowohl die Vor- als auch die R\u00fcckseite als netten Augenfang zu haben.<\/p>\n<p style=\"text-align: center;\"><a href=\"http:\/\/www.sabine-seyffert.de\/blog\/wp-content\/uploads\/2013\/10\/H\u00e4user-5.jpg\"><img loading=\"lazy\" decoding=\"async\" class=\"alignnone size-full wp-image-2908\" src=\"http:\/\/www.sabine-seyffert.de\/blog\/wp-content\/uploads\/2013\/10\/H\u00e4user-5.jpg\" alt=\"H\u00e4user 5\" width=\"600\" height=\"817\" srcset=\"https:\/\/www.sabine-seyffert.de\/blog\/wp-content\/uploads\/2013\/10\/H\u00e4user-5.jpg 600w, https:\/\/www.sabine-seyffert.de\/blog\/wp-content\/uploads\/2013\/10\/H\u00e4user-5-220x300.jpg 220w\" sizes=\"auto, (max-width: 600px) 100vw, 600px\" \/><\/a><\/p>\n<p style=\"text-align: justify;\">Meine Tochter ging mir dabei tatkr\u00e4ftig zur Hand und schnitt die Geb\u00e4ude aus.<\/p>\n<p style=\"text-align: center;\"><a href=\"http:\/\/www.sabine-seyffert.de\/blog\/wp-content\/uploads\/2013\/10\/H\u00e4user-6.jpg\"><img loading=\"lazy\" decoding=\"async\" class=\"alignnone size-full wp-image-2909\" src=\"http:\/\/www.sabine-seyffert.de\/blog\/wp-content\/uploads\/2013\/10\/H\u00e4user-6.jpg\" alt=\"H\u00e4user 6\" width=\"800\" height=\"600\" srcset=\"https:\/\/www.sabine-seyffert.de\/blog\/wp-content\/uploads\/2013\/10\/H\u00e4user-6.jpg 800w, https:\/\/www.sabine-seyffert.de\/blog\/wp-content\/uploads\/2013\/10\/H\u00e4user-6-300x225.jpg 300w\" sizes=\"auto, (max-width: 800px) 100vw, 800px\" \/><\/a><\/p>\n<p style=\"text-align: justify;\">Die H\u00e4user allein sind noch nicht herbstlich und leuchten tun sie ebenfalls nicht. Daher bin ich ihnen mit einem Bastelmesser zu Leibe ger\u00fcckt und habe allerhand T\u00fcren, Fenster, B\u00f6gen hineingeritzt, damit Licht durchfallen kann.<\/p>\n<p style=\"text-align: center;\"><a href=\"http:\/\/www.sabine-seyffert.de\/blog\/wp-content\/uploads\/2013\/10\/H\u00e4user-7.jpg\"><img loading=\"lazy\" decoding=\"async\" class=\"alignnone size-full wp-image-2910\" src=\"http:\/\/www.sabine-seyffert.de\/blog\/wp-content\/uploads\/2013\/10\/H\u00e4user-7.jpg\" alt=\"H\u00e4user 7\" width=\"800\" height=\"600\" srcset=\"https:\/\/www.sabine-seyffert.de\/blog\/wp-content\/uploads\/2013\/10\/H\u00e4user-7.jpg 800w, https:\/\/www.sabine-seyffert.de\/blog\/wp-content\/uploads\/2013\/10\/H\u00e4user-7-300x225.jpg 300w\" sizes=\"auto, (max-width: 800px) 100vw, 800px\" \/><\/a><\/p>\n<p style=\"text-align: justify;\">Damit beide Geb\u00e4udeh\u00e4lften auch wirklich identisch sind, habe ich beim Werkeln der Fenster etc. immer die passenden H\u00e4user aufeinander gelegt. Dabei muss man das Papier gut festhalten und aufpassen dass nichts verrutscht.<\/p>\n<p style=\"text-align: center;\"><a href=\"http:\/\/www.sabine-seyffert.de\/blog\/wp-content\/uploads\/2013\/10\/H\u00e4user-11.jpg\"><img loading=\"lazy\" decoding=\"async\" class=\"alignnone size-full wp-image-2914\" src=\"http:\/\/www.sabine-seyffert.de\/blog\/wp-content\/uploads\/2013\/10\/H\u00e4user-11.jpg\" alt=\"H\u00e4user 11\" width=\"800\" height=\"600\" srcset=\"https:\/\/www.sabine-seyffert.de\/blog\/wp-content\/uploads\/2013\/10\/H\u00e4user-11.jpg 800w, https:\/\/www.sabine-seyffert.de\/blog\/wp-content\/uploads\/2013\/10\/H\u00e4user-11-300x225.jpg 300w\" sizes=\"auto, (max-width: 800px) 100vw, 800px\" \/><\/a><\/p>\n<p style=\"text-align: justify;\">Anschlie\u00dfend bestreicht man die Haush\u00e4lften von Innen mit etwas Kleber und legt d\u00fcnnes Transparentpapier dazwischen.<\/p>\n<p style=\"text-align: center;\"><a href=\"http:\/\/www.sabine-seyffert.de\/blog\/wp-content\/uploads\/2013\/10\/H\u00e4user-8.jpg\"><img loading=\"lazy\" decoding=\"async\" class=\"alignnone size-full wp-image-2911\" src=\"http:\/\/www.sabine-seyffert.de\/blog\/wp-content\/uploads\/2013\/10\/H\u00e4user-8.jpg\" alt=\"H\u00e4user 8\" width=\"800\" height=\"600\" srcset=\"https:\/\/www.sabine-seyffert.de\/blog\/wp-content\/uploads\/2013\/10\/H\u00e4user-8.jpg 800w, https:\/\/www.sabine-seyffert.de\/blog\/wp-content\/uploads\/2013\/10\/H\u00e4user-8-300x225.jpg 300w\" sizes=\"auto, (max-width: 800px) 100vw, 800px\" \/><\/a><\/p>\n<p style=\"text-align: justify;\">Nachdem alle Geb\u00e4ude auf diese Weise fertig gestellt sind, kann man diese als Bord\u00fcre an ein Fenster kleben oder wie in unserem Fall auch eine Glast\u00fcr damit schm\u00fccken. Wenn die Sonne scheint oder das Licht einer Lampe durch die H\u00e4user f\u00e4llt, gibt es ein tolles Lichtspiel und eine ganz gem\u00fctliche Atmosph\u00e4re\u2026<\/p>\n<p><a href=\"http:\/\/www.sabine-seyffert.de\/blog\/wp-content\/uploads\/2013\/10\/H\u00e4user-9.jpg\"><img loading=\"lazy\" decoding=\"async\" class=\"alignnone size-full wp-image-2912\" src=\"http:\/\/www.sabine-seyffert.de\/blog\/wp-content\/uploads\/2013\/10\/H\u00e4user-9.jpg\" alt=\"H\u00e4user 9\" width=\"800\" height=\"600\" srcset=\"https:\/\/www.sabine-seyffert.de\/blog\/wp-content\/uploads\/2013\/10\/H\u00e4user-9.jpg 800w, https:\/\/www.sabine-seyffert.de\/blog\/wp-content\/uploads\/2013\/10\/H\u00e4user-9-300x225.jpg 300w\" sizes=\"auto, (max-width: 800px) 100vw, 800px\" \/><\/a><\/p>\n<p>Weitere Ideen findet man dienstags <a href=\"http:\/\/www.creadienstag.de\/2013\/10\/095.html\" target=\"_blank\" rel=\"noopener\">hier<\/a>!<br \/>\n<a href=\"http:\/\/www.sabine-seyffert.de\/blog\/?page_id=32#urheberrecht\">urheberrechtlich gesch\u00fctzt<\/a>, \u00a9 Sabine Seyffert<a href=\"http:\/\/www.sabine-seyffert.de\/blog\/wp-content\/uploads\/2013\/10\/H\u00e4user-10.jpg\"><img loading=\"lazy\" decoding=\"async\" class=\"alignnone size-full wp-image-2913\" src=\"http:\/\/www.sabine-seyffert.de\/blog\/wp-content\/uploads\/2013\/10\/H\u00e4user-10.jpg\" alt=\"H\u00e4user 10\" width=\"800\" height=\"600\" srcset=\"https:\/\/www.sabine-seyffert.de\/blog\/wp-content\/uploads\/2013\/10\/H\u00e4user-10.jpg 800w, https:\/\/www.sabine-seyffert.de\/blog\/wp-content\/uploads\/2013\/10\/H\u00e4user-10-300x225.jpg 300w\" sizes=\"auto, (max-width: 800px) 100vw, 800px\" \/><\/a><\/p>\n","protected":false},"excerpt":{"rendered":"<p>,,, ist es sicherlich Herbst. Und das Gem\u00fctliche an dieser Jahreszeit ist vor allem das helle Kerzenlicht und die leuchtenden Fenster der H\u00e4user, die man bei einem abendlichen Spaziergang bewundern kann. So haben wir ein St\u00fcck dieser herbstlichen Gem\u00fctlichkeit auch bei uns einziehen lassen und f\u00fcr die K\u00fcchent\u00fcr eine neue Deko gebastelt, da der Ferienplan&#8230; <a href=\"https:\/\/www.sabine-seyffert.de\/blog\/wenn-es-drausen-fruher-dunkel-wird\/\" class=\"more-link\">Read more: Wenn es Drau\u00dfen fr\u00fcher dunkel wird\u2026<\/a><\/p>\n","protected":false},"author":2,"featured_media":0,"comment_status":"open","ping_status":"open","sticky":false,"template":"","format":"standard","meta":{"_metis_text_type":"","_metis_text_length":2199,"_post_count":0,"footnotes":""},"categories":[12,25],"tags":[],"class_list":["post-2903","post","type-post","status-publish","format-standard","hentry","category-deko-ideen","category-herbst"],"_links":{"self":[{"href":"https:\/\/www.sabine-seyffert.de\/blog\/wp-json\/wp\/v2\/posts\/2903","targetHints":{"allow":["GET"]}}],"collection":[{"href":"https:\/\/www.sabine-seyffert.de\/blog\/wp-json\/wp\/v2\/posts"}],"about":[{"href":"https:\/\/www.sabine-seyffert.de\/blog\/wp-json\/wp\/v2\/types\/post"}],"author":[{"embeddable":true,"href":"https:\/\/www.sabine-seyffert.de\/blog\/wp-json\/wp\/v2\/users\/2"}],"replies":[{"embeddable":true,"href":"https:\/\/www.sabine-seyffert.de\/blog\/wp-json\/wp\/v2\/comments?post=2903"}],"version-history":[{"count":8,"href":"https:\/\/www.sabine-seyffert.de\/blog\/wp-json\/wp\/v2\/posts\/2903\/revisions"}],"predecessor-version":[{"id":24555,"href":"https:\/\/www.sabine-seyffert.de\/blog\/wp-json\/wp\/v2\/posts\/2903\/revisions\/24555"}],"wp:attachment":[{"href":"https:\/\/www.sabine-seyffert.de\/blog\/wp-json\/wp\/v2\/media?parent=2903"}],"wp:term":[{"taxonomy":"category","embeddable":true,"href":"https:\/\/www.sabine-seyffert.de\/blog\/wp-json\/wp\/v2\/categories?post=2903"},{"taxonomy":"post_tag","embeddable":true,"href":"https:\/\/www.sabine-seyffert.de\/blog\/wp-json\/wp\/v2\/tags?post=2903"}],"curies":[{"name":"wp","href":"https:\/\/api.w.org\/{rel}","templated":true}]}}