{"id":2883,"date":"2013-10-14T06:39:54","date_gmt":"2013-10-14T04:39:54","guid":{"rendered":"http:\/\/www.sabine-seyffert.de\/blog\/?p=2883"},"modified":"2017-03-03T19:36:30","modified_gmt":"2017-03-03T17:36:30","slug":"uberbackener-fenchel","status":"publish","type":"post","link":"https:\/\/www.sabine-seyffert.de\/blog\/uberbackener-fenchel\/","title":{"rendered":"\u00dcberbackener Fenchel"},"content":{"rendered":"<p style=\"text-align: justify;\"><img loading=\"lazy\" decoding=\"async\" src=\"https:\/\/ssl-vg03.met.vgwort.de\/na\/0bbacca53c124c8a9bcc5114f0c96772\" alt=\"\" width=\"1\" height=\"1\" \/><strong>Das wird gebraucht:<\/strong><br \/>\n2-3 gro\u00dfe Fenchel Knollen, 1 gro\u00dfe Dose Tomaten, etwas Tomatenmark, 2 Zwiebeln, ein paar Knoblauchzehen, Honig, etwas Oliven\u00f6l oder Margarine, Oliven, Rosmarin, Thymian, Oregano, Salz, Pfeffer, 1 T\u00fcte geriebener K\u00e4se und Kartoffeln<\/p>\n<p style=\"text-align: center;\"><a href=\"http:\/\/www.sabine-seyffert.de\/blog\/wp-content\/uploads\/2013\/10\/Fenchel-1.jpg\"><img loading=\"lazy\" decoding=\"async\" class=\"alignnone size-full wp-image-2884\" src=\"http:\/\/www.sabine-seyffert.de\/blog\/wp-content\/uploads\/2013\/10\/Fenchel-1.jpg\" alt=\"Fenchel 1\" width=\"800\" height=\"600\" srcset=\"https:\/\/www.sabine-seyffert.de\/blog\/wp-content\/uploads\/2013\/10\/Fenchel-1.jpg 800w, https:\/\/www.sabine-seyffert.de\/blog\/wp-content\/uploads\/2013\/10\/Fenchel-1-300x225.jpg 300w\" sizes=\"auto, (max-width: 800px) 100vw, 800px\" \/><\/a><\/p>\n<p style=\"text-align: justify;\"><strong>So wird\u2019s gemacht:<\/strong><br \/>\nZuerst schneidet man von dem Fenchel die Stiele und den unteren Teil ab. Damit es schneller geht, teile ich den Fenchel meist in zwei H\u00e4lften.<\/p>\n<p style=\"text-align: center;\"><a href=\"http:\/\/www.sabine-seyffert.de\/blog\/wp-content\/uploads\/2013\/10\/Fenchel-2.jpg\"><img loading=\"lazy\" decoding=\"async\" class=\"alignnone size-full wp-image-2885\" src=\"http:\/\/www.sabine-seyffert.de\/blog\/wp-content\/uploads\/2013\/10\/Fenchel-2.jpg\" alt=\"Fenchel 2\" width=\"800\" height=\"600\" srcset=\"https:\/\/www.sabine-seyffert.de\/blog\/wp-content\/uploads\/2013\/10\/Fenchel-2.jpg 800w, https:\/\/www.sabine-seyffert.de\/blog\/wp-content\/uploads\/2013\/10\/Fenchel-2-300x225.jpg 300w\" sizes=\"auto, (max-width: 800px) 100vw, 800px\" \/><\/a><\/p>\n<p style=\"text-align: justify;\">Dann lasse ich diesen eine Zeit kochen, bis er bissfest ist. Mit Hilfe eines Schauml\u00f6ffels hebe ich den Fenchel aus dem Wasser und nutze dieses noch um die Kartoffeln darin zu kochen.<\/p>\n<p style=\"text-align: center;\"><a href=\"http:\/\/www.sabine-seyffert.de\/blog\/wp-content\/uploads\/2013\/10\/Fenchel-3.jpg\"><img loading=\"lazy\" decoding=\"async\" class=\"alignnone size-full wp-image-2886\" src=\"http:\/\/www.sabine-seyffert.de\/blog\/wp-content\/uploads\/2013\/10\/Fenchel-3.jpg\" alt=\"Fenchel 3\" width=\"800\" height=\"600\" srcset=\"https:\/\/www.sabine-seyffert.de\/blog\/wp-content\/uploads\/2013\/10\/Fenchel-3.jpg 800w, https:\/\/www.sabine-seyffert.de\/blog\/wp-content\/uploads\/2013\/10\/Fenchel-3-300x225.jpg 300w\" sizes=\"auto, (max-width: 800px) 100vw, 800px\" \/><\/a><\/p>\n<p style=\"text-align: justify;\">Das Gem\u00fcse lege ich in eine gro\u00dfe, gefettete Auflaufform. Nun kann man mit der So\u00dfe starten.<\/p>\n<p style=\"text-align: center;\"><a href=\"http:\/\/www.sabine-seyffert.de\/blog\/wp-content\/uploads\/2013\/10\/Fenchel-4.jpg\"><img loading=\"lazy\" decoding=\"async\" class=\"alignnone size-full wp-image-2887\" src=\"http:\/\/www.sabine-seyffert.de\/blog\/wp-content\/uploads\/2013\/10\/Fenchel-4.jpg\" alt=\"Fenchel 4\" width=\"800\" height=\"600\" srcset=\"https:\/\/www.sabine-seyffert.de\/blog\/wp-content\/uploads\/2013\/10\/Fenchel-4.jpg 800w, https:\/\/www.sabine-seyffert.de\/blog\/wp-content\/uploads\/2013\/10\/Fenchel-4-300x225.jpg 300w\" sizes=\"auto, (max-width: 800px) 100vw, 800px\" \/><\/a><\/p>\n<p style=\"text-align: justify;\">Dazu erhitzt man das Fett in einem Topf und sch\u00e4lt die Zwiebeln, die man in gro\u00dfe St\u00fcck teilt und darin leicht anbr\u00e4t. (Das l\u00e4sst man Kinder besser nicht sehen, denn bei den meisten sind Zwiebeln im Essen sicher tabu\u2026)<\/p>\n<p style=\"text-align: center;\"><a href=\"http:\/\/www.sabine-seyffert.de\/blog\/wp-content\/uploads\/2013\/10\/Fenchel-5.jpg\"><img loading=\"lazy\" decoding=\"async\" class=\"alignnone size-full wp-image-2888\" src=\"http:\/\/www.sabine-seyffert.de\/blog\/wp-content\/uploads\/2013\/10\/Fenchel-5.jpg\" alt=\"Fenchel 5\" width=\"800\" height=\"600\" srcset=\"https:\/\/www.sabine-seyffert.de\/blog\/wp-content\/uploads\/2013\/10\/Fenchel-5.jpg 800w, https:\/\/www.sabine-seyffert.de\/blog\/wp-content\/uploads\/2013\/10\/Fenchel-5-300x225.jpg 300w\" sizes=\"auto, (max-width: 800px) 100vw, 800px\" \/><\/a><\/p>\n<p style=\"text-align: justify;\">Zum Schluss gebe ich den Knoblauch hinzu sowie die Tomaten aus der Dose. Dies w\u00fcrze ich mich reichlich Kr\u00e4utern, Gew\u00fcrzen und etwas Honig.<\/p>\n<p style=\"text-align: center;\"><a href=\"http:\/\/www.sabine-seyffert.de\/blog\/wp-content\/uploads\/2013\/10\/Fenchel-6.jpg\"><img loading=\"lazy\" decoding=\"async\" class=\"alignnone size-full wp-image-2890\" src=\"http:\/\/www.sabine-seyffert.de\/blog\/wp-content\/uploads\/2013\/10\/Fenchel-6.jpg\" alt=\"Fenchel 6\" width=\"800\" height=\"600\" srcset=\"https:\/\/www.sabine-seyffert.de\/blog\/wp-content\/uploads\/2013\/10\/Fenchel-6.jpg 800w, https:\/\/www.sabine-seyffert.de\/blog\/wp-content\/uploads\/2013\/10\/Fenchel-6-300x225.jpg 300w\" sizes=\"auto, (max-width: 800px) 100vw, 800px\" \/><\/a><\/p>\n<p style=\"text-align: justify;\">Und weil Kinder Zwiebeln im Essen nicht ausstehen k\u00f6nnen, St\u00fccke in der So\u00dfe erst recht nicht und auch Knoblauch sowie sichtbare Kr\u00e4uter erfahrungsgem\u00e4\u00df nicht gut ankommen, p\u00fcriert man das Ganze nun zu einer feinen So\u00dfe \u2013 und simsalabim \u2013 es schmeckt allen gro\u00dfartig!<\/p>\n<p style=\"text-align: center;\"><a href=\"http:\/\/www.sabine-seyffert.de\/blog\/wp-content\/uploads\/2013\/10\/Fenchel-7.jpg\"><img loading=\"lazy\" decoding=\"async\" class=\"alignnone size-full wp-image-2889\" src=\"http:\/\/www.sabine-seyffert.de\/blog\/wp-content\/uploads\/2013\/10\/Fenchel-7.jpg\" alt=\"Fenchel 7\" width=\"800\" height=\"600\" srcset=\"https:\/\/www.sabine-seyffert.de\/blog\/wp-content\/uploads\/2013\/10\/Fenchel-7.jpg 800w, https:\/\/www.sabine-seyffert.de\/blog\/wp-content\/uploads\/2013\/10\/Fenchel-7-300x225.jpg 300w\" sizes=\"auto, (max-width: 800px) 100vw, 800px\" \/><\/a><\/p>\n<p style=\"text-align: justify;\">Die So\u00dfe gebe ich \u00fcber den Fenchel, streue einige in Scheiben geschnittene Oliven dar\u00fcber und lass den geriebenen K\u00e4se dar\u00fcber rieseln. Dann ab in den Ofen damit. Bei 200\u00b0 Grad schwitzt der K\u00e4se munter vor sich. Und wenn die Kartoffeln gar sind, sollte auch der Fenchel fertig sein. Warm waren er &amp; die So\u00dfe ja bereits.<\/p>\n<p style=\"text-align: center;\"><a href=\"http:\/\/www.sabine-seyffert.de\/blog\/wp-content\/uploads\/2013\/10\/Fenchel-8.jpg\"><img loading=\"lazy\" decoding=\"async\" class=\"alignnone size-full wp-image-2891\" src=\"http:\/\/www.sabine-seyffert.de\/blog\/wp-content\/uploads\/2013\/10\/Fenchel-8.jpg\" alt=\"Fenchel 8\" width=\"800\" height=\"622\" srcset=\"https:\/\/www.sabine-seyffert.de\/blog\/wp-content\/uploads\/2013\/10\/Fenchel-8.jpg 800w, https:\/\/www.sabine-seyffert.de\/blog\/wp-content\/uploads\/2013\/10\/Fenchel-8-300x233.jpg 300w\" sizes=\"auto, (max-width: 800px) 100vw, 800px\" \/><\/a><\/p>\n<p style=\"text-align: justify;\"><strong>Ein kleiner Tipp:<\/strong><br \/>\nBei uns schreit nat\u00fcrlich nicht jeder am Tisch \u201eHurra\u201c wenn es Fenchel gibt. Auch ich brauche diesen <span style=\"text-decoration: underline;\">nicht<\/span> regelm\u00e4\u00dfig auf meinem Teller. Aber die Kartoffeln mit der w\u00fcrzigen Tomatenso\u00dfe essen alle, da dank P\u00fcrierstab niemand mehr sieht, was da alles Gutes drin steckt\u2026 Somit kann die o.g. Menge Fenchel variieren und richtet sich immer an die Personenanzahl, die diesen auch isst.<\/p>\n<p style=\"text-align: center;\"><a href=\"http:\/\/www.sabine-seyffert.de\/blog\/wp-content\/uploads\/2013\/10\/Fenchel-9.jpg\"><img loading=\"lazy\" decoding=\"async\" class=\"alignnone size-full wp-image-2892\" src=\"http:\/\/www.sabine-seyffert.de\/blog\/wp-content\/uploads\/2013\/10\/Fenchel-9.jpg\" alt=\"Fenchel 9\" width=\"800\" height=\"600\" srcset=\"https:\/\/www.sabine-seyffert.de\/blog\/wp-content\/uploads\/2013\/10\/Fenchel-9.jpg 800w, https:\/\/www.sabine-seyffert.de\/blog\/wp-content\/uploads\/2013\/10\/Fenchel-9-300x225.jpg 300w\" sizes=\"auto, (max-width: 800px) 100vw, 800px\" \/><\/a><\/p>\n<p>Wer noch mehr herzhafte Rezepte sucht wird <a href=\"http:\/\/www.sabine-seyffert.de\/blog\/?cat=30\" target=\"_blank\">hier<\/a> oder auch <a href=\"http:\/\/nozdesign.blogspot.de\/2013\/10\/my-monday-mhhhhhh-43.html\" target=\"_blank\">hier<\/a> f\u00fcndig!<\/p>\n<p><a href=\"http:\/\/www.sabine-seyffert.de\/blog\/?page_id=32#urheberrecht\">urheberrrechtlich gesch\u00fctzt<\/a>, \u00a9 Sabine Seyffert<\/p>\n","protected":false},"excerpt":{"rendered":"<p>Das wird gebraucht: 2-3 gro\u00dfe Fenchel Knollen, 1 gro\u00dfe Dose Tomaten, etwas Tomatenmark, 2 Zwiebeln, ein paar Knoblauchzehen, Honig, etwas Oliven\u00f6l oder Margarine, Oliven, Rosmarin, Thymian, Oregano, Salz, Pfeffer, 1 T\u00fcte geriebener K\u00e4se und Kartoffeln So wird\u2019s gemacht: Zuerst schneidet man von dem Fenchel die Stiele und den unteren Teil ab. Damit es schneller geht,&#8230; <a href=\"https:\/\/www.sabine-seyffert.de\/blog\/uberbackener-fenchel\/\" class=\"more-link\">Read more: \u00dcberbackener Fenchel<\/a><\/p>\n","protected":false},"author":2,"featured_media":0,"comment_status":"open","ping_status":"open","sticky":false,"template":"","format":"standard","meta":{"_metis_text_type":"","_metis_text_length":2157,"_post_count":0,"footnotes":""},"categories":[30],"tags":[],"class_list":["post-2883","post","type-post","status-publish","format-standard","hentry","category-rezepte-herzhaft"],"_links":{"self":[{"href":"https:\/\/www.sabine-seyffert.de\/blog\/wp-json\/wp\/v2\/posts\/2883","targetHints":{"allow":["GET"]}}],"collection":[{"href":"https:\/\/www.sabine-seyffert.de\/blog\/wp-json\/wp\/v2\/posts"}],"about":[{"href":"https:\/\/www.sabine-seyffert.de\/blog\/wp-json\/wp\/v2\/types\/post"}],"author":[{"embeddable":true,"href":"https:\/\/www.sabine-seyffert.de\/blog\/wp-json\/wp\/v2\/users\/2"}],"replies":[{"embeddable":true,"href":"https:\/\/www.sabine-seyffert.de\/blog\/wp-json\/wp\/v2\/comments?post=2883"}],"version-history":[{"count":9,"href":"https:\/\/www.sabine-seyffert.de\/blog\/wp-json\/wp\/v2\/posts\/2883\/revisions"}],"predecessor-version":[{"id":9802,"href":"https:\/\/www.sabine-seyffert.de\/blog\/wp-json\/wp\/v2\/posts\/2883\/revisions\/9802"}],"wp:attachment":[{"href":"https:\/\/www.sabine-seyffert.de\/blog\/wp-json\/wp\/v2\/media?parent=2883"}],"wp:term":[{"taxonomy":"category","embeddable":true,"href":"https:\/\/www.sabine-seyffert.de\/blog\/wp-json\/wp\/v2\/categories?post=2883"},{"taxonomy":"post_tag","embeddable":true,"href":"https:\/\/www.sabine-seyffert.de\/blog\/wp-json\/wp\/v2\/tags?post=2883"}],"curies":[{"name":"wp","href":"https:\/\/api.w.org\/{rel}","templated":true}]}}