{"id":2801,"date":"2013-10-04T19:41:45","date_gmt":"2013-10-04T17:41:45","guid":{"rendered":"http:\/\/www.sabine-seyffert.de\/blog\/?p=2801"},"modified":"2018-06-26T08:25:18","modified_gmt":"2018-06-26T06:25:18","slug":"auf-der-burg-pirou","status":"publish","type":"post","link":"https:\/\/www.sabine-seyffert.de\/blog\/auf-der-burg-pirou\/","title":{"rendered":"Auf der Burg Pirou"},"content":{"rendered":"<p><Bevor hier die Herbstferien beginnen noch ein kleiner Ausflug, den wir im Sommer in Frankreich unternommen haben:\n\n\n<p style=\"text-align: center;\"><img loading=\"lazy\" decoding=\"async\" src=\"https:\/\/ssl-vg03.met.vgwort.de\/na\/6ec03ca1a6134922856c850ad593ac53\" alt=\"\" width=\"1\" height=\"1\" \/>Weitere spannende Ausflugsziele in der N\u00e4he: Der <a href=\"http:\/\/www.sabine-seyffert.de\/blog\/wp-content\/uploads\/2013\/10\/Pirou-1.jpg\"><img loading=\"lazy\" decoding=\"async\" class=\"alignnone size-full wp-image-2802\" src=\"http:\/\/www.sabine-seyffert.de\/blog\/wp-content\/uploads\/2013\/10\/Pirou-1.jpg\" alt=\"Pirou 1\" width=\"600\" height=\"800\" srcset=\"https:\/\/www.sabine-seyffert.de\/blog\/wp-content\/uploads\/2013\/10\/Pirou-1.jpg 600w, https:\/\/www.sabine-seyffert.de\/blog\/wp-content\/uploads\/2013\/10\/Pirou-1-225x300.jpg 225w\" sizes=\"auto, (max-width: 600px) 100vw, 600px\" \/><\/a><\/p>\n<p>Der letzte Urlaubstag ist da und das Wetter nicht mehr ganz so bilderbuchm\u00e4\u00dfig wie bisher. Also eine ideale Gelegenheit nochmals einen kleinen Ausflug in eine der Nachbarst\u00e4dte zu machen. Wir entscheiden uns f\u00fcr <a href=\"https:\/\/de.wikipedia.org\/wiki\/Burg_Pirou\" target=\"_blank\" rel=\"noopener\">Pirou<\/a>.<\/p>\n<p style=\"text-align: center;\"><a href=\"http:\/\/www.sabine-seyffert.de\/blog\/wp-content\/uploads\/2013\/10\/Pirou-2.jpg\"><img loading=\"lazy\" decoding=\"async\" class=\"alignnone size-full wp-image-2803\" src=\"http:\/\/www.sabine-seyffert.de\/blog\/wp-content\/uploads\/2013\/10\/Pirou-2.jpg\" alt=\"Pirou 2\" width=\"797\" height=\"544\" srcset=\"https:\/\/www.sabine-seyffert.de\/blog\/wp-content\/uploads\/2013\/10\/Pirou-2.jpg 797w, https:\/\/www.sabine-seyffert.de\/blog\/wp-content\/uploads\/2013\/10\/Pirou-2-300x204.jpg 300w\" sizes=\"auto, (max-width: 797px) 100vw, 797px\" \/><\/a><\/p>\n<p>Diese Stadt liegt nur ein paar Autominuten entfernt und dort wollen wir der Burg Pirou bzw. dem Chateau de Pirou, die aus dem 12. Jahrhundert stammt, einen Besuch abstatten.<\/p>\n<p style=\"text-align: center;\"><a href=\"http:\/\/www.sabine-seyffert.de\/blog\/wp-content\/uploads\/2013\/10\/Pirou-3.jpg\"><img loading=\"lazy\" decoding=\"async\" class=\"alignnone size-full wp-image-2804\" src=\"http:\/\/www.sabine-seyffert.de\/blog\/wp-content\/uploads\/2013\/10\/Pirou-3.jpg\" alt=\"Pirou 3\" width=\"600\" height=\"800\" srcset=\"https:\/\/www.sabine-seyffert.de\/blog\/wp-content\/uploads\/2013\/10\/Pirou-3.jpg 600w, https:\/\/www.sabine-seyffert.de\/blog\/wp-content\/uploads\/2013\/10\/Pirou-3-225x300.jpg 225w\" sizes=\"auto, (max-width: 600px) 100vw, 600px\" \/><\/a><\/p>\n<p>Vom Parkplatz aus schl\u00e4ngelt sich der Weg an zwei Wachh\u00e4usern vorbei, durch ein gro\u00dfes Tor und dann liegt die Burg, die rundum von Wasser umgeben ist, bereits vor einem.<\/p>\n<p style=\"text-align: center;\"><a href=\"http:\/\/www.sabine-seyffert.de\/blog\/wp-content\/uploads\/2013\/10\/Pirou-4.jpg\"><img loading=\"lazy\" decoding=\"async\" class=\"alignnone size-full wp-image-2805\" src=\"http:\/\/www.sabine-seyffert.de\/blog\/wp-content\/uploads\/2013\/10\/Pirou-4.jpg\" alt=\"Pirou 4\" width=\"600\" height=\"800\" srcset=\"https:\/\/www.sabine-seyffert.de\/blog\/wp-content\/uploads\/2013\/10\/Pirou-4.jpg 600w, https:\/\/www.sabine-seyffert.de\/blog\/wp-content\/uploads\/2013\/10\/Pirou-4-225x300.jpg 225w\" sizes=\"auto, (max-width: 600px) 100vw, 600px\" \/><\/a><\/p>\n<p>In dem kleinen Kassenh\u00e4uschen muss man die Tickets kaufen und wir erhalten f\u00fcr den Besuch sogar eine Mappe mit Informationen in unserer Sprache.<\/p>\n<p style=\"text-align: center;\"><a href=\"http:\/\/www.sabine-seyffert.de\/blog\/wp-content\/uploads\/2013\/10\/Pirou-5.jpg\"><img loading=\"lazy\" decoding=\"async\" class=\"alignnone size-full wp-image-2806\" src=\"http:\/\/www.sabine-seyffert.de\/blog\/wp-content\/uploads\/2013\/10\/Pirou-5.jpg\" alt=\"Pirou 5\" width=\"800\" height=\"600\" srcset=\"https:\/\/www.sabine-seyffert.de\/blog\/wp-content\/uploads\/2013\/10\/Pirou-5.jpg 800w, https:\/\/www.sabine-seyffert.de\/blog\/wp-content\/uploads\/2013\/10\/Pirou-5-300x225.jpg 300w\" sizes=\"auto, (max-width: 800px) 100vw, 800px\" \/><\/a><\/p>\n<p>Mehrere Teile dieser Burganlage wurden zerst\u00f6rt, jedoch regelm\u00e4\u00dfig instand gesetzt. Seit Mitte der 90er Jahre wird die Burganlage St\u00fcck f\u00fcr St\u00fcck restauriert.<\/p>\n<p style=\"text-align: center;\"><a href=\"http:\/\/www.sabine-seyffert.de\/blog\/wp-content\/uploads\/2013\/10\/Pirou-6.jpg\"><img loading=\"lazy\" decoding=\"async\" class=\"alignnone size-full wp-image-2807\" src=\"http:\/\/www.sabine-seyffert.de\/blog\/wp-content\/uploads\/2013\/10\/Pirou-6.jpg\" alt=\"Pirou 6\" width=\"600\" height=\"800\" srcset=\"https:\/\/www.sabine-seyffert.de\/blog\/wp-content\/uploads\/2013\/10\/Pirou-6.jpg 600w, https:\/\/www.sabine-seyffert.de\/blog\/wp-content\/uploads\/2013\/10\/Pirou-6-225x300.jpg 225w\" sizes=\"auto, (max-width: 600px) 100vw, 600px\" \/><\/a><\/p>\n<p>Bevor man die eigentliche Burg \u00fcber eine schmale Br\u00fccke betritt, kommt man an B\u00e4ckerei, Kelterei, einem Wachturm, dem Gerichtssaal, der Karren Halle und\u00a0einer Kappelle vorbei, die man ebenfalls besichtigen kann. Die gesamte Decke der kleinen Kappelle wurde aus F\u00e4ssern geschaffen und w\u00f6lbt sich entsprechend.<\/p>\n<p style=\"text-align: center;\"><a href=\"http:\/\/www.sabine-seyffert.de\/blog\/wp-content\/uploads\/2013\/10\/Pirou-7.jpg\"><img loading=\"lazy\" decoding=\"async\" class=\"alignnone size-full wp-image-2808\" src=\"http:\/\/www.sabine-seyffert.de\/blog\/wp-content\/uploads\/2013\/10\/Pirou-7.jpg\" alt=\"Pirou 7\" width=\"800\" height=\"600\" srcset=\"https:\/\/www.sabine-seyffert.de\/blog\/wp-content\/uploads\/2013\/10\/Pirou-7.jpg 800w, https:\/\/www.sabine-seyffert.de\/blog\/wp-content\/uploads\/2013\/10\/Pirou-7-300x225.jpg 300w\" sizes=\"auto, (max-width: 800px) 100vw, 800px\" \/><\/a><\/p>\n<p>Die Burg sieht von Au\u00dfen wirklich m\u00e4rchenhaft aus. Sich vorzustellen, in dem hohen Eckturm h\u00e4tte Rapunzel gelebt, f\u00e4llt nicht schwer. Bei jedem Blick dort hinauf hatte ich insgeheim gehofft, ihren langen Zopf zu entdecken, der f\u00fcr den Prinzen von ganz oben hinunter gelassen wird&#8230;<\/p>\n<p style=\"text-align: center;\"><a href=\"http:\/\/www.sabine-seyffert.de\/blog\/wp-content\/uploads\/2013\/10\/Pirou-8.jpg\"><img loading=\"lazy\" decoding=\"async\" class=\"alignnone size-full wp-image-2809\" src=\"http:\/\/www.sabine-seyffert.de\/blog\/wp-content\/uploads\/2013\/10\/Pirou-8.jpg\" alt=\"Pirou 8\" width=\"800\" height=\"600\" srcset=\"https:\/\/www.sabine-seyffert.de\/blog\/wp-content\/uploads\/2013\/10\/Pirou-8.jpg 800w, https:\/\/www.sabine-seyffert.de\/blog\/wp-content\/uploads\/2013\/10\/Pirou-8-300x225.jpg 300w\" sizes=\"auto, (max-width: 800px) 100vw, 800px\" \/><\/a><\/p>\n<p>Wobei in dem Fall der Prinz wohl einen fahrbaren Untersatz in Form eines Bootes h\u00e4tte haben m\u00fcssen, da die Burg als solche von einem k\u00fcnstlich angelegten Wassergraben umschlossen wird.<\/p>\n<p style=\"text-align: center;\"><a href=\"http:\/\/www.sabine-seyffert.de\/blog\/wp-content\/uploads\/2013\/10\/Pirou-9.jpg\"><img loading=\"lazy\" decoding=\"async\" class=\"alignnone size-full wp-image-2810\" src=\"http:\/\/www.sabine-seyffert.de\/blog\/wp-content\/uploads\/2013\/10\/Pirou-9.jpg\" alt=\"Pirou 9\" width=\"600\" height=\"800\" srcset=\"https:\/\/www.sabine-seyffert.de\/blog\/wp-content\/uploads\/2013\/10\/Pirou-9.jpg 600w, https:\/\/www.sabine-seyffert.de\/blog\/wp-content\/uploads\/2013\/10\/Pirou-9-225x300.jpg 225w\" sizes=\"auto, (max-width: 600px) 100vw, 600px\" \/><\/a><\/p>\n<p style=\"text-align: justify;\">In der Burg selbst kann man bis oben aufs Dach hinauf klettern. Was bei meiner H\u00f6henangst nicht ganz einfach war.<\/p>\n<p style=\"text-align: center;\"><a href=\"http:\/\/www.sabine-seyffert.de\/blog\/wp-content\/uploads\/2013\/10\/Pirou-10.jpg\"><img loading=\"lazy\" decoding=\"async\" class=\"alignnone size-full wp-image-2811\" src=\"http:\/\/www.sabine-seyffert.de\/blog\/wp-content\/uploads\/2013\/10\/Pirou-10.jpg\" alt=\"Pirou 10\" width=\"800\" height=\"600\" srcset=\"https:\/\/www.sabine-seyffert.de\/blog\/wp-content\/uploads\/2013\/10\/Pirou-10.jpg 800w, https:\/\/www.sabine-seyffert.de\/blog\/wp-content\/uploads\/2013\/10\/Pirou-10-300x225.jpg 300w\" sizes=\"auto, (max-width: 800px) 100vw, 800px\" \/><\/a><\/p>\n<p style=\"text-align: justify;\">Jedoch waren die steilen Treppchen und Pfade dorthin so niedrig, eng und schmal, dass man nicht einfach kehrt machen konnte, da von oben bereits die n\u00e4chsten Burgbesucher wieder nach unten wollten.<\/p>\n<p style=\"text-align: center;\"><a href=\"http:\/\/www.sabine-seyffert.de\/blog\/wp-content\/uploads\/2013\/10\/Pirou-11.jpg\"><img loading=\"lazy\" decoding=\"async\" class=\"alignnone size-full wp-image-2812\" src=\"http:\/\/www.sabine-seyffert.de\/blog\/wp-content\/uploads\/2013\/10\/Pirou-11.jpg\" alt=\"Pirou 11\" width=\"600\" height=\"800\" srcset=\"https:\/\/www.sabine-seyffert.de\/blog\/wp-content\/uploads\/2013\/10\/Pirou-11.jpg 600w, https:\/\/www.sabine-seyffert.de\/blog\/wp-content\/uploads\/2013\/10\/Pirou-11-225x300.jpg 225w\" sizes=\"auto, (max-width: 600px) 100vw, 600px\" \/><\/a><\/p>\n<p style=\"text-align: justify;\">Eh ich mich versah, stand ich schon auf dem Dach, dem Himmel ganz nah&#8230;<\/p>\n<p style=\"text-align: center;\"><a href=\"http:\/\/www.sabine-seyffert.de\/blog\/wp-content\/uploads\/2013\/10\/Pirou-12.jpg\"><img loading=\"lazy\" decoding=\"async\" class=\"alignnone size-full wp-image-2813\" src=\"http:\/\/www.sabine-seyffert.de\/blog\/wp-content\/uploads\/2013\/10\/Pirou-12.jpg\" alt=\"Pirou 12\" width=\"800\" height=\"600\" srcset=\"https:\/\/www.sabine-seyffert.de\/blog\/wp-content\/uploads\/2013\/10\/Pirou-12.jpg 800w, https:\/\/www.sabine-seyffert.de\/blog\/wp-content\/uploads\/2013\/10\/Pirou-12-300x225.jpg 300w\" sizes=\"auto, (max-width: 800px) 100vw, 800px\" \/><\/a><\/p>\n<p><a href=\"http:\/\/www.sabine-seyffert.de\/blog\/?p=2613\" target=\"_blank\" rel=\"noopener\">Mont St. Michel<\/a>, die zauberhaften Strandh\u00e4user in der D\u00fcnenlandschaft von <a href=\"http:\/\/www.sabine-seyffert.de\/blog\/?p=2749\" target=\"_blank\" rel=\"noopener\">Gouville<\/a> zur mer oder auch der Garten von Christian Dior, den man im wundersch\u00f6nen <a href=\"http:\/\/www.sabine-seyffert.de\/blog\/?p=2527\">Granville<\/a> findet!<br \/>\n<a href=\"http:\/\/www.sabine-seyffert.de\/blog\/?page_id=32#urheberrecht\">urheberrechtlich gesch\u00fctzt<\/a>, \u00a9 Sabine Seyffert<\/p>\n","protected":false},"excerpt":{"rendered":"","protected":false},"author":2,"featured_media":0,"comment_status":"open","ping_status":"open","sticky":false,"template":"","format":"standard","meta":{"_metis_text_type":"","_metis_text_length":0,"_post_count":0,"footnotes":""},"categories":[39,24],"tags":[],"class_list":["post-2801","post","type-post","status-publish","format-standard","hentry","category-ausfluge-co","category-sommer"],"_links":{"self":[{"href":"https:\/\/www.sabine-seyffert.de\/blog\/wp-json\/wp\/v2\/posts\/2801","targetHints":{"allow":["GET"]}}],"collection":[{"href":"https:\/\/www.sabine-seyffert.de\/blog\/wp-json\/wp\/v2\/posts"}],"about":[{"href":"https:\/\/www.sabine-seyffert.de\/blog\/wp-json\/wp\/v2\/types\/post"}],"author":[{"embeddable":true,"href":"https:\/\/www.sabine-seyffert.de\/blog\/wp-json\/wp\/v2\/users\/2"}],"replies":[{"embeddable":true,"href":"https:\/\/www.sabine-seyffert.de\/blog\/wp-json\/wp\/v2\/comments?post=2801"}],"version-history":[{"count":9,"href":"https:\/\/www.sabine-seyffert.de\/blog\/wp-json\/wp\/v2\/posts\/2801\/revisions"}],"predecessor-version":[{"id":12810,"href":"https:\/\/www.sabine-seyffert.de\/blog\/wp-json\/wp\/v2\/posts\/2801\/revisions\/12810"}],"wp:attachment":[{"href":"https:\/\/www.sabine-seyffert.de\/blog\/wp-json\/wp\/v2\/media?parent=2801"}],"wp:term":[{"taxonomy":"category","embeddable":true,"href":"https:\/\/www.sabine-seyffert.de\/blog\/wp-json\/wp\/v2\/categories?post=2801"},{"taxonomy":"post_tag","embeddable":true,"href":"https:\/\/www.sabine-seyffert.de\/blog\/wp-json\/wp\/v2\/tags?post=2801"}],"curies":[{"name":"wp","href":"https:\/\/api.w.org\/{rel}","templated":true}]}}