{"id":2780,"date":"2013-10-01T06:17:53","date_gmt":"2013-10-01T04:17:53","guid":{"rendered":"http:\/\/www.sabine-seyffert.de\/blog\/?p=2780"},"modified":"2023-10-08T18:19:24","modified_gmt":"2023-10-08T16:19:24","slug":"gruselige-geschenkverpackung","status":"publish","type":"post","link":"https:\/\/www.sabine-seyffert.de\/blog\/gruselige-geschenkverpackung\/","title":{"rendered":"Gruselige Geschenkverpackung"},"content":{"rendered":"<p style=\"text-align: justify;\"><img loading=\"lazy\" decoding=\"async\" src=\"https:\/\/ssl-vg03.met.vgwort.de\/na\/7dbbb134099e4fe1b7788998e6a4a26b\" alt=\"\" width=\"1\" height=\"1\" \/>Vor kurzem flatterte eine gespenstische Einladung zu einer Gruselparty ins Haus. Diese pfiffige Einladung hat uns so gut gefallen, dass wir uns kurzerhand eine passende, stimmungsvolle Verpackung f\u00fcr das Geschenk ausgedacht haben.<\/p>\n<p style=\"text-align: center;\"><a href=\"http:\/\/www.sabine-seyffert.de\/blog\/wp-content\/uploads\/2013\/09\/Gruselverpackung-0.jpg\"><img loading=\"lazy\" decoding=\"async\" class=\"alignnone size-full wp-image-2781\" src=\"http:\/\/www.sabine-seyffert.de\/blog\/wp-content\/uploads\/2013\/09\/Gruselverpackung-0.jpg\" alt=\"Gruselverpackung 0\" width=\"800\" height=\"600\" srcset=\"https:\/\/www.sabine-seyffert.de\/blog\/wp-content\/uploads\/2013\/09\/Gruselverpackung-0.jpg 800w, https:\/\/www.sabine-seyffert.de\/blog\/wp-content\/uploads\/2013\/09\/Gruselverpackung-0-300x225.jpg 300w\" sizes=\"auto, (max-width: 800px) 100vw, 800px\" \/><\/a><\/p>\n<p style=\"text-align: justify;\"><strong>Das wird gebraucht:<\/strong><br \/>\nEine leere 1 Liter Milcht\u00fcte, schwarzes Tonpapier, eine Schere, ein scharfes Bastelmesser, doppelseitiges Klebeband, schwarzes Seidenpapier, 1 wei\u00dfes Blatt Papier, wei\u00dfes Transparentpapier (ersatzweise Butterbrotpapier), einen wei\u00dfen Buntstift, ein kleines St\u00fcck grauer Tonkarton, Klebstoff<\/p>\n<p style=\"text-align: center;\"><a href=\"http:\/\/www.sabine-seyffert.de\/blog\/wp-content\/uploads\/2013\/09\/Gruselverpackung-1.jpg\"><img loading=\"lazy\" decoding=\"async\" class=\"alignnone size-full wp-image-2782\" src=\"http:\/\/www.sabine-seyffert.de\/blog\/wp-content\/uploads\/2013\/09\/Gruselverpackung-1.jpg\" alt=\"Gruselverpackung 1\" width=\"600\" height=\"644\" srcset=\"https:\/\/www.sabine-seyffert.de\/blog\/wp-content\/uploads\/2013\/09\/Gruselverpackung-1.jpg 600w, https:\/\/www.sabine-seyffert.de\/blog\/wp-content\/uploads\/2013\/09\/Gruselverpackung-1-279x300.jpg 279w\" sizes=\"auto, (max-width: 600px) 100vw, 600px\" \/><\/a><\/p>\n<p style=\"text-align: justify;\"><strong>So wird\u2019s gemacht:<\/strong><br \/>\nNormalerweise wandern bei den meisten Leuten leere Milcht\u00fcten in den M\u00fcll. Nicht so bei uns. Seitdem meine Tochter im Kindergarten ein \u201eM\u00fcllprojekt\u201c als Thema hatte, werden diese regelm\u00e4\u00dfig f\u00fcr spannende Upcycling Basteleien genutzt.<\/p>\n<p style=\"text-align: center;\"><a href=\"http:\/\/www.sabine-seyffert.de\/blog\/wp-content\/uploads\/2013\/09\/Gruselverpackung-2.jpg\"><img loading=\"lazy\" decoding=\"async\" class=\"alignnone size-full wp-image-2783\" src=\"http:\/\/www.sabine-seyffert.de\/blog\/wp-content\/uploads\/2013\/09\/Gruselverpackung-2.jpg\" alt=\"Gruselverpackung 2\" width=\"800\" height=\"559\" srcset=\"https:\/\/www.sabine-seyffert.de\/blog\/wp-content\/uploads\/2013\/09\/Gruselverpackung-2.jpg 800w, https:\/\/www.sabine-seyffert.de\/blog\/wp-content\/uploads\/2013\/09\/Gruselverpackung-2-300x209.jpg 300w\" sizes=\"auto, (max-width: 800px) 100vw, 800px\" \/><\/a><\/p>\n<p style=\"text-align: justify;\">Diesmal sollte die T\u00fcte als Geschenkverpackung dienen und sich mit Hilfe von schwarzem Tonpapier in eine Gespensterburg verwandeln.<\/p>\n<p style=\"text-align: center;\"><a href=\"http:\/\/www.sabine-seyffert.de\/blog\/wp-content\/uploads\/2013\/09\/Gruselverpackung-3.jpg\"><img loading=\"lazy\" decoding=\"async\" class=\"alignnone size-full wp-image-2784\" src=\"http:\/\/www.sabine-seyffert.de\/blog\/wp-content\/uploads\/2013\/09\/Gruselverpackung-3.jpg\" alt=\"Gruselverpackung 3\" width=\"800\" height=\"600\" srcset=\"https:\/\/www.sabine-seyffert.de\/blog\/wp-content\/uploads\/2013\/09\/Gruselverpackung-3.jpg 800w, https:\/\/www.sabine-seyffert.de\/blog\/wp-content\/uploads\/2013\/09\/Gruselverpackung-3-300x225.jpg 300w\" sizes=\"auto, (max-width: 800px) 100vw, 800px\" \/><\/a><\/p>\n<p style=\"text-align: justify;\">Dazu klappt man oben erst einmal beide Ecken hoch und schneidet diese an beiden Seiten ab. Dann trennt man mit Hilfe der Schere den Deckel oben ganz ab.<\/p>\n<p style=\"text-align: center;\"><a href=\"http:\/\/www.sabine-seyffert.de\/blog\/wp-content\/uploads\/2013\/09\/Gruselverpackung-4.jpg\"><img loading=\"lazy\" decoding=\"async\" class=\"alignnone size-full wp-image-2785\" src=\"http:\/\/www.sabine-seyffert.de\/blog\/wp-content\/uploads\/2013\/09\/Gruselverpackung-4.jpg\" alt=\"Gruselverpackung 4\" width=\"600\" height=\"818\" srcset=\"https:\/\/www.sabine-seyffert.de\/blog\/wp-content\/uploads\/2013\/09\/Gruselverpackung-4.jpg 600w, https:\/\/www.sabine-seyffert.de\/blog\/wp-content\/uploads\/2013\/09\/Gruselverpackung-4-220x300.jpg 220w\" sizes=\"auto, (max-width: 600px) 100vw, 600px\" \/><\/a><\/p>\n<p style=\"text-align: justify;\">Nun legt man die T\u00fcte auf das schwarze Tonpapier und zeichnet sich am besten mit dem wei\u00dfen Stift die Vorlage auf, die man braucht um die T\u00fcte darin \u201eeinzukleiden\u201c.<\/p>\n<p style=\"text-align: center;\"><a href=\"http:\/\/www.sabine-seyffert.de\/blog\/wp-content\/uploads\/2013\/09\/Gruselverpackung-5.jpg\"><img loading=\"lazy\" decoding=\"async\" class=\"alignnone size-full wp-image-2786\" src=\"http:\/\/www.sabine-seyffert.de\/blog\/wp-content\/uploads\/2013\/09\/Gruselverpackung-5.jpg\" alt=\"Gruselverpackung 5\" width=\"600\" height=\"800\" srcset=\"https:\/\/www.sabine-seyffert.de\/blog\/wp-content\/uploads\/2013\/09\/Gruselverpackung-5.jpg 600w, https:\/\/www.sabine-seyffert.de\/blog\/wp-content\/uploads\/2013\/09\/Gruselverpackung-5-225x300.jpg 225w\" sizes=\"auto, (max-width: 600px) 100vw, 600px\" \/><\/a><\/p>\n<p style=\"text-align: justify;\">Dann klebt man auf alle 4 R\u00e4nder ein St\u00fcck doppeltes Klebeband, zieht diese ab und rollt die Milcht\u00fcte in dem Tonpapier ein. Als n\u00e4chstes haben wir in den oberen Rand Burgzinnen geschnitten.<\/p>\n<p style=\"text-align: center;\"><a href=\"http:\/\/www.sabine-seyffert.de\/blog\/wp-content\/uploads\/2013\/09\/Gruselverpackung-6.jpg\"><img loading=\"lazy\" decoding=\"async\" class=\"alignnone size-full wp-image-2787\" src=\"http:\/\/www.sabine-seyffert.de\/blog\/wp-content\/uploads\/2013\/09\/Gruselverpackung-6.jpg\" alt=\"Gruselverpackung 6\" width=\"800\" height=\"600\" srcset=\"https:\/\/www.sabine-seyffert.de\/blog\/wp-content\/uploads\/2013\/09\/Gruselverpackung-6.jpg 800w, https:\/\/www.sabine-seyffert.de\/blog\/wp-content\/uploads\/2013\/09\/Gruselverpackung-6-300x225.jpg 300w\" sizes=\"auto, (max-width: 800px) 100vw, 800px\" \/><\/a><\/p>\n<p style=\"text-align: justify;\">F\u00fcr das Burgtor und die Fenster ritzt man mit dem Bastelmesser kleine \u00d6ffnungen in den Karton. Das funktioniert am Besten mit Hilfe eines Erwachsenen, denn das Bastelmesser ist scharf und die Papier- und Kartonschicht recht dick.<\/p>\n<p style=\"text-align: center;\"><a href=\"http:\/\/www.sabine-seyffert.de\/blog\/wp-content\/uploads\/2013\/09\/Gruselverpackung-7.jpg\"><img loading=\"lazy\" decoding=\"async\" class=\"alignnone size-full wp-image-2788\" src=\"http:\/\/www.sabine-seyffert.de\/blog\/wp-content\/uploads\/2013\/09\/Gruselverpackung-7.jpg\" alt=\"Gruselverpackung 7\" width=\"600\" height=\"654\" srcset=\"https:\/\/www.sabine-seyffert.de\/blog\/wp-content\/uploads\/2013\/09\/Gruselverpackung-7.jpg 600w, https:\/\/www.sabine-seyffert.de\/blog\/wp-content\/uploads\/2013\/09\/Gruselverpackung-7-275x300.jpg 275w\" sizes=\"auto, (max-width: 600px) 100vw, 600px\" \/><\/a><\/p>\n<p style=\"text-align: justify;\">Von Innen werden alle \u00d6ffnungen seitlich mit doppelseitigem Klebeband versehen und jeweils etwas wei\u00dfes Transparentpapier dahinter geklebt.<\/p>\n<p style=\"text-align: justify;\"><a href=\"http:\/\/www.sabine-seyffert.de\/blog\/wp-content\/uploads\/2013\/09\/Gruselverpackung-8.jpg\"><img loading=\"lazy\" decoding=\"async\" class=\"alignnone size-full wp-image-2789\" src=\"http:\/\/www.sabine-seyffert.de\/blog\/wp-content\/uploads\/2013\/09\/Gruselverpackung-8.jpg\" alt=\"Gruselverpackung 8\" width=\"800\" height=\"662\" srcset=\"https:\/\/www.sabine-seyffert.de\/blog\/wp-content\/uploads\/2013\/09\/Gruselverpackung-8.jpg 800w, https:\/\/www.sabine-seyffert.de\/blog\/wp-content\/uploads\/2013\/09\/Gruselverpackung-8-300x248.jpg 300w\" sizes=\"auto, (max-width: 800px) 100vw, 800px\" \/><\/a><\/p>\n<p style=\"text-align: justify;\">Mit dem wei\u00dfen Stift kann man noch ein paar Steine auf den Karton malen oder den Namen desjenigen notieren, f\u00fcr den das Geschenk gedacht ist.<\/p>\n<p style=\"text-align: center;\"><a href=\"http:\/\/www.sabine-seyffert.de\/blog\/wp-content\/uploads\/2013\/09\/Gruselverpackung-9.jpg\"><img loading=\"lazy\" decoding=\"async\" class=\"alignnone size-full wp-image-2790\" src=\"http:\/\/www.sabine-seyffert.de\/blog\/wp-content\/uploads\/2013\/09\/Gruselverpackung-9.jpg\" alt=\"Gruselverpackung 9\" width=\"600\" height=\"763\" srcset=\"https:\/\/www.sabine-seyffert.de\/blog\/wp-content\/uploads\/2013\/09\/Gruselverpackung-9.jpg 600w, https:\/\/www.sabine-seyffert.de\/blog\/wp-content\/uploads\/2013\/09\/Gruselverpackung-9-235x300.jpg 235w\" sizes=\"auto, (max-width: 600px) 100vw, 600px\" \/><\/a><\/p>\n<p style=\"text-align: justify;\">Nat\u00fcrlich d\u00fcrfen auch ein paar gruselige Gespenster und Flederm\u00e4use nicht fehlen. Diese habe ich per Hand vorgezeichnet und meine Tochter hat alles ausgeschnitten und mit Gesichtern versehen. \u201eMama, das macht so Spa\u00df \u2013 ich will sp\u00e4ter eine Bastelausbildung machen!\u201c lautete ihr Kommentar beim Werkeln.<\/p>\n<p style=\"text-align: center;\"><a href=\"http:\/\/www.sabine-seyffert.de\/blog\/wp-content\/uploads\/2013\/09\/Gruselverpackung-10.jpg\"><img loading=\"lazy\" decoding=\"async\" class=\"alignnone size-full wp-image-2791\" src=\"http:\/\/www.sabine-seyffert.de\/blog\/wp-content\/uploads\/2013\/09\/Gruselverpackung-10.jpg\" alt=\"Gruselverpackung 10\" width=\"800\" height=\"600\" srcset=\"https:\/\/www.sabine-seyffert.de\/blog\/wp-content\/uploads\/2013\/09\/Gruselverpackung-10.jpg 800w, https:\/\/www.sabine-seyffert.de\/blog\/wp-content\/uploads\/2013\/09\/Gruselverpackung-10-300x225.jpg 300w\" sizes=\"auto, (max-width: 800px) 100vw, 800px\" \/><\/a><\/p>\n<p style=\"text-align: justify;\">Ein silberner Mond steckt noch am Rand und mit einer weiteren Schicht Klebeband haben wir oben schwarzes Seidenpapier festgemacht damit das Geschenk im Innern auch gut versteckt ist. Eine schwarze Schleife drum \u2013 fertig ist die perfekte Geschenkverpackung zur Gruselparty!<\/p>\n<p style=\"text-align: center;\"><a href=\"http:\/\/www.sabine-seyffert.de\/blog\/wp-content\/uploads\/2013\/09\/Gruselverpackung-11.jpg\"><img loading=\"lazy\" decoding=\"async\" class=\"alignnone size-full wp-image-2792\" src=\"http:\/\/www.sabine-seyffert.de\/blog\/wp-content\/uploads\/2013\/09\/Gruselverpackung-11.jpg\" alt=\"Gruselverpackung 11\" width=\"600\" height=\"800\" srcset=\"https:\/\/www.sabine-seyffert.de\/blog\/wp-content\/uploads\/2013\/09\/Gruselverpackung-11.jpg 600w, https:\/\/www.sabine-seyffert.de\/blog\/wp-content\/uploads\/2013\/09\/Gruselverpackung-11-225x300.jpg 225w\" sizes=\"auto, (max-width: 600px) 100vw, 600px\" \/><\/a><\/p>\n<p style=\"text-align: justify;\">Ab damit zu <a href=\"http:\/\/kiddikram.blogspot.de\/2013\/09\/kiddikram-oktober-2013.html\" target=\"_blank\" rel=\"noopener\">Kiddikram<\/a> und <a href=\"http:\/\/www.creadienstag.de\/2013\/10\/093.html\" target=\"_blank\" rel=\"noopener\">Creadienstag<\/a>, wo sich jeden Dienstag zahlreiche Ideen tummeln \ud83d\ude42<\/p>\n<p style=\"text-align: center;\"><a href=\"http:\/\/www.sabine-seyffert.de\/blog\/wp-content\/uploads\/2013\/09\/Gruselverpackung-12.jpg\"><img loading=\"lazy\" decoding=\"async\" class=\"alignnone size-full wp-image-2793\" src=\"http:\/\/www.sabine-seyffert.de\/blog\/wp-content\/uploads\/2013\/09\/Gruselverpackung-12.jpg\" alt=\"Gruselverpackung 12\" width=\"600\" height=\"800\" srcset=\"https:\/\/www.sabine-seyffert.de\/blog\/wp-content\/uploads\/2013\/09\/Gruselverpackung-12.jpg 600w, https:\/\/www.sabine-seyffert.de\/blog\/wp-content\/uploads\/2013\/09\/Gruselverpackung-12-225x300.jpg 225w\" sizes=\"auto, (max-width: 600px) 100vw, 600px\" \/><\/a><\/p>\n<p><a href=\"http:\/\/www.sabine-seyffert.de\/blog\/?page_id=32#urheberrecht\">urheberrechtlich gesch\u00fctzt<\/a>, \u00a9 Sabine Seyffert<\/p>\n","protected":false},"excerpt":{"rendered":"<p>Vor kurzem flatterte eine gespenstische Einladung zu einer Gruselparty ins Haus. Diese pfiffige Einladung hat uns so gut gefallen, dass wir uns kurzerhand eine passende, stimmungsvolle Verpackung f\u00fcr das Geschenk ausgedacht haben. Das wird gebraucht: Eine leere 1 Liter Milcht\u00fcte, schwarzes Tonpapier, eine Schere, ein scharfes Bastelmesser, doppelseitiges Klebeband, schwarzes Seidenpapier, 1 wei\u00dfes Blatt Papier,&#8230; <a href=\"https:\/\/www.sabine-seyffert.de\/blog\/gruselige-geschenkverpackung\/\" class=\"more-link\">Read more: Gruselige Geschenkverpackung<\/a><\/p>\n","protected":false},"author":2,"featured_media":0,"comment_status":"open","ping_status":"open","sticky":false,"template":"","format":"standard","meta":{"_metis_text_type":"","_metis_text_length":2658,"_post_count":0,"footnotes":""},"categories":[32,49,58,25,47],"tags":[],"class_list":["post-2780","post","type-post","status-publish","format-standard","hentry","category-kreatives-fur-kleine-kinderhande","category-verpackungsideen","category-halloween","category-herbst","category-upcyceltes"],"_links":{"self":[{"href":"https:\/\/www.sabine-seyffert.de\/blog\/wp-json\/wp\/v2\/posts\/2780","targetHints":{"allow":["GET"]}}],"collection":[{"href":"https:\/\/www.sabine-seyffert.de\/blog\/wp-json\/wp\/v2\/posts"}],"about":[{"href":"https:\/\/www.sabine-seyffert.de\/blog\/wp-json\/wp\/v2\/types\/post"}],"author":[{"embeddable":true,"href":"https:\/\/www.sabine-seyffert.de\/blog\/wp-json\/wp\/v2\/users\/2"}],"replies":[{"embeddable":true,"href":"https:\/\/www.sabine-seyffert.de\/blog\/wp-json\/wp\/v2\/comments?post=2780"}],"version-history":[{"count":9,"href":"https:\/\/www.sabine-seyffert.de\/blog\/wp-json\/wp\/v2\/posts\/2780\/revisions"}],"predecessor-version":[{"id":24239,"href":"https:\/\/www.sabine-seyffert.de\/blog\/wp-json\/wp\/v2\/posts\/2780\/revisions\/24239"}],"wp:attachment":[{"href":"https:\/\/www.sabine-seyffert.de\/blog\/wp-json\/wp\/v2\/media?parent=2780"}],"wp:term":[{"taxonomy":"category","embeddable":true,"href":"https:\/\/www.sabine-seyffert.de\/blog\/wp-json\/wp\/v2\/categories?post=2780"},{"taxonomy":"post_tag","embeddable":true,"href":"https:\/\/www.sabine-seyffert.de\/blog\/wp-json\/wp\/v2\/tags?post=2780"}],"curies":[{"name":"wp","href":"https:\/\/api.w.org\/{rel}","templated":true}]}}