{"id":2749,"date":"2013-09-28T08:14:30","date_gmt":"2013-09-28T06:14:30","guid":{"rendered":"http:\/\/www.sabine-seyffert.de\/blog\/?p=2749"},"modified":"2017-03-06T12:27:45","modified_gmt":"2017-03-06T10:27:45","slug":"ein-bunter-besuch-in-den-dunen","status":"publish","type":"post","link":"https:\/\/www.sabine-seyffert.de\/blog\/ein-bunter-besuch-in-den-dunen\/","title":{"rendered":"Ein bunter Besuch in den D\u00fcnen"},"content":{"rendered":"<p style=\"text-align: justify;\"><img loading=\"lazy\" decoding=\"async\" src=\"https:\/\/ssl-vg03.met.vgwort.de\/na\/5b7d58012eee40d796caf38d5318b893\" alt=\"\" width=\"1\" height=\"1\" \/>Wie man an diesem Post unschwer erkennt mag ich mich in diesem Jahr ausgesprochen ungern vom Sommer trennen. Das wunderbare Wetter tat einfach zu gut nach dem langen, hartn\u00e4ckigen Winter und dem doch recht \u201enassen\u201c Fr\u00fchling.<\/p>\n<p style=\"text-align: center;\"><a href=\"http:\/\/www.sabine-seyffert.de\/blog\/wp-content\/uploads\/2013\/09\/Strandh\u00e4user-9.jpg\"><img loading=\"lazy\" decoding=\"async\" class=\"alignnone size-full wp-image-2750\" src=\"http:\/\/www.sabine-seyffert.de\/blog\/wp-content\/uploads\/2013\/09\/Strandh\u00e4user-9.jpg\" alt=\"Strandh\u00e4user 9\" width=\"800\" height=\"600\" srcset=\"https:\/\/www.sabine-seyffert.de\/blog\/wp-content\/uploads\/2013\/09\/Strandh\u00e4user-9.jpg 800w, https:\/\/www.sabine-seyffert.de\/blog\/wp-content\/uploads\/2013\/09\/Strandh\u00e4user-9-300x225.jpg 300w\" sizes=\"auto, (max-width: 800px) 100vw, 800px\" \/><\/a><\/p>\n<p style=\"text-align: justify;\">Da man am Wetter nichts \u00e4ndern kann, ich aber noch etwas Sonne f\u00fcr den bevorstehenden Herbst und Winter tanken muss, gibt es heute bei mir noch etwas Sommer, Sonne, Sand und Meer\u2026<\/p>\n<p style=\"text-align: center;\"><a href=\"http:\/\/www.sabine-seyffert.de\/blog\/wp-content\/uploads\/2013\/09\/Strandh\u00e4user-8.jpg\"><img loading=\"lazy\" decoding=\"async\" class=\"alignnone size-full wp-image-2751\" src=\"http:\/\/www.sabine-seyffert.de\/blog\/wp-content\/uploads\/2013\/09\/Strandh\u00e4user-8.jpg\" alt=\"Strandh\u00e4user 8\" width=\"600\" height=\"901\" srcset=\"https:\/\/www.sabine-seyffert.de\/blog\/wp-content\/uploads\/2013\/09\/Strandh\u00e4user-8.jpg 600w, https:\/\/www.sabine-seyffert.de\/blog\/wp-content\/uploads\/2013\/09\/Strandh\u00e4user-8-199x300.jpg 199w\" sizes=\"auto, (max-width: 600px) 100vw, 600px\" \/><\/a><\/p>\n<p style=\"text-align: justify;\">Diesen Sommer haben wir endlich mal wieder Urlaub in Frankreich gemacht. Das Wetter h\u00e4tte besser nicht sein k\u00f6nnen. Einen Vormittag haben wir spontan einen kleinen Ausflug in einen der benachbarten Orte unternommen und dort die lustigen Strandh\u00e4user entdeckt, die wir beim Einkaufen schon auf einer Postkarte erblickt hatten. Das diese gleich &#8220;um die Ecke&#8221; liegen, h\u00e4tten wir nicht zu tr\u00e4umen gewagt.<\/p>\n<p style=\"text-align: center;\"><a href=\"http:\/\/www.sabine-seyffert.de\/blog\/wp-content\/uploads\/2013\/09\/Strandh\u00e4user-1.jpg\"><img loading=\"lazy\" decoding=\"async\" class=\"alignnone size-full wp-image-2752\" src=\"http:\/\/www.sabine-seyffert.de\/blog\/wp-content\/uploads\/2013\/09\/Strandh\u00e4user-1.jpg\" alt=\"Strandh\u00e4user 1\" width=\"1200\" height=\"600\" srcset=\"https:\/\/www.sabine-seyffert.de\/blog\/wp-content\/uploads\/2013\/09\/Strandh\u00e4user-1.jpg 1200w, https:\/\/www.sabine-seyffert.de\/blog\/wp-content\/uploads\/2013\/09\/Strandh\u00e4user-1-300x150.jpg 300w, https:\/\/www.sabine-seyffert.de\/blog\/wp-content\/uploads\/2013\/09\/Strandh\u00e4user-1-1024x512.jpg 1024w\" sizes=\"auto, (max-width: 1200px) 100vw, 1200px\" \/><\/a><\/p>\n<p style=\"text-align: justify;\">Mitten in den D\u00fcnen stand H\u00e4uschen neben H\u00e4uschen. Allesamt mit buntem Dach und zwischendrin der direkte Blick aufs tiefe, blaue Meer&#8230;<\/p>\n<p style=\"text-align: center;\"><a href=\"http:\/\/www.sabine-seyffert.de\/blog\/wp-content\/uploads\/2013\/09\/Strandh\u00e4user-2.jpg\"><img loading=\"lazy\" decoding=\"async\" class=\"alignnone size-full wp-image-2753\" src=\"http:\/\/www.sabine-seyffert.de\/blog\/wp-content\/uploads\/2013\/09\/Strandh\u00e4user-2.jpg\" alt=\"Strandh\u00e4user 2\" width=\"1200\" height=\"600\" srcset=\"https:\/\/www.sabine-seyffert.de\/blog\/wp-content\/uploads\/2013\/09\/Strandh\u00e4user-2.jpg 1200w, https:\/\/www.sabine-seyffert.de\/blog\/wp-content\/uploads\/2013\/09\/Strandh\u00e4user-2-300x150.jpg 300w, https:\/\/www.sabine-seyffert.de\/blog\/wp-content\/uploads\/2013\/09\/Strandh\u00e4user-2-1024x512.jpg 1024w\" sizes=\"auto, (max-width: 1200px) 100vw, 1200px\" \/><\/a><\/p>\n<p style=\"text-align: justify;\">W\u00e4hrend wir die D\u00fcnen zwischen den Strandh\u00e4usern entlang marschierten, war au\u00dfer uns keine Menschenseele zu erblicken. Und das im Hochsommer, in der absoluten Hauptsaison!<\/p>\n<p style=\"text-align: center;\"><a href=\"http:\/\/www.sabine-seyffert.de\/blog\/wp-content\/uploads\/2013\/09\/Strandh\u00e4user-3.jpg\"><img loading=\"lazy\" decoding=\"async\" class=\"alignnone size-full wp-image-2754\" src=\"http:\/\/www.sabine-seyffert.de\/blog\/wp-content\/uploads\/2013\/09\/Strandh\u00e4user-3.jpg\" alt=\"Strandh\u00e4user 3\" width=\"1200\" height=\"600\" srcset=\"https:\/\/www.sabine-seyffert.de\/blog\/wp-content\/uploads\/2013\/09\/Strandh\u00e4user-3.jpg 1200w, https:\/\/www.sabine-seyffert.de\/blog\/wp-content\/uploads\/2013\/09\/Strandh\u00e4user-3-300x150.jpg 300w, https:\/\/www.sabine-seyffert.de\/blog\/wp-content\/uploads\/2013\/09\/Strandh\u00e4user-3-1024x512.jpg 1024w\" sizes=\"auto, (max-width: 1200px) 100vw, 1200px\" \/><\/a><\/p>\n<p style=\"text-align: justify;\">Die H\u00e4user standen mal rechts, mal links und schienen nicht so recht enden zu wollen.<\/p>\n<p style=\"text-align: justify;\"><a href=\"http:\/\/www.sabine-seyffert.de\/blog\/wp-content\/uploads\/2013\/09\/Strandh\u00e4user-4.jpg\"><img loading=\"lazy\" decoding=\"async\" class=\"alignnone size-full wp-image-2755\" src=\"http:\/\/www.sabine-seyffert.de\/blog\/wp-content\/uploads\/2013\/09\/Strandh\u00e4user-4.jpg\" alt=\"Strandh\u00e4user 4\" width=\"1200\" height=\"600\" srcset=\"https:\/\/www.sabine-seyffert.de\/blog\/wp-content\/uploads\/2013\/09\/Strandh\u00e4user-4.jpg 1200w, https:\/\/www.sabine-seyffert.de\/blog\/wp-content\/uploads\/2013\/09\/Strandh\u00e4user-4-300x150.jpg 300w, https:\/\/www.sabine-seyffert.de\/blog\/wp-content\/uploads\/2013\/09\/Strandh\u00e4user-4-1024x512.jpg 1024w\" sizes=\"auto, (max-width: 1200px) 100vw, 1200px\" \/><\/a><\/p>\n<p style=\"text-align: justify;\">Als wir schlie\u00dflich am Ende der H\u00e4userreihe angekommen waren und der Meinung waren, dies sein die letzten, machten wir uns auf den R\u00fcckweg, da sich auch gerade der Himmel etwas zu zog.<\/p>\n<p style=\"text-align: center;\"><a href=\"http:\/\/www.sabine-seyffert.de\/blog\/wp-content\/uploads\/2013\/09\/Strandh\u00e4user-5.jpg\"><img loading=\"lazy\" decoding=\"async\" class=\"alignnone size-full wp-image-2756\" src=\"http:\/\/www.sabine-seyffert.de\/blog\/wp-content\/uploads\/2013\/09\/Strandh\u00e4user-5.jpg\" alt=\"Strandh\u00e4user 5\" width=\"1200\" height=\"600\" srcset=\"https:\/\/www.sabine-seyffert.de\/blog\/wp-content\/uploads\/2013\/09\/Strandh\u00e4user-5.jpg 1200w, https:\/\/www.sabine-seyffert.de\/blog\/wp-content\/uploads\/2013\/09\/Strandh\u00e4user-5-300x150.jpg 300w, https:\/\/www.sabine-seyffert.de\/blog\/wp-content\/uploads\/2013\/09\/Strandh\u00e4user-5-1024x512.jpg 1024w\" sizes=\"auto, (max-width: 1200px) 100vw, 1200px\" \/><\/a><\/p>\n<p style=\"text-align: justify;\">Doch auf der Heimfahrt wurden wir eines besseren belehrt &#8211; die bunte H\u00e4userpracht zog sich auch weiterhin durch die D\u00fcnen und es kamen dabei immer buntere, sch\u00f6nere D\u00e4cher zum Vorschein.<\/p>\n<p style=\"text-align: center;\"><a href=\"http:\/\/www.sabine-seyffert.de\/blog\/wp-content\/uploads\/2013\/09\/Strandh\u00e4user-6.jpg\"><img loading=\"lazy\" decoding=\"async\" class=\"alignnone size-full wp-image-2757\" src=\"http:\/\/www.sabine-seyffert.de\/blog\/wp-content\/uploads\/2013\/09\/Strandh\u00e4user-6.jpg\" alt=\"Strandh\u00e4user 6\" width=\"1200\" height=\"600\" srcset=\"https:\/\/www.sabine-seyffert.de\/blog\/wp-content\/uploads\/2013\/09\/Strandh\u00e4user-6.jpg 1200w, https:\/\/www.sabine-seyffert.de\/blog\/wp-content\/uploads\/2013\/09\/Strandh\u00e4user-6-300x150.jpg 300w, https:\/\/www.sabine-seyffert.de\/blog\/wp-content\/uploads\/2013\/09\/Strandh\u00e4user-6-1024x512.jpg 1024w\" sizes=\"auto, (max-width: 1200px) 100vw, 1200px\" \/><\/a><\/p>\n<p style=\"text-align: justify;\">Wer die Strandh\u00e4user einmal selbst und direkt vor Ort bewundern m\u00f6chte, findet diese \u00fcbrigens in <a href=\"http:\/\/ot.gouvillesurmer.free.fr\/ \" target=\"_blank\">Gouville sur mer<\/a>!<\/p>\n<p style=\"text-align: justify;\">Weitere spannende Ausflugsziele in der N\u00e4he: Der <a href=\"http:\/\/www.sabine-seyffert.de\/blog\/?p=2613\" target=\"_blank\">Mont St. Michel<\/a>, die Burganlage <a href=\"http:\/\/www.sabine-seyffert.de\/blog\/?p=2801\" target=\"_blank\">Pirou <\/a>oder auch der Garten von Christian Dior, den man im wundersch\u00f6nen <a href=\"http:\/\/www.sabine-seyffert.de\/blog\/?p=2527\">Granville<\/a> findet!<\/p>\n<p style=\"text-align: center;\"><a href=\"http:\/\/www.sabine-seyffert.de\/blog\/wp-content\/uploads\/2013\/09\/Strandh\u00e4user-7.jpg\"><img loading=\"lazy\" decoding=\"async\" class=\"alignnone size-full wp-image-2758\" src=\"http:\/\/www.sabine-seyffert.de\/blog\/wp-content\/uploads\/2013\/09\/Strandh\u00e4user-7.jpg\" alt=\"Strandh\u00e4user 7\" width=\"1200\" height=\"600\" srcset=\"https:\/\/www.sabine-seyffert.de\/blog\/wp-content\/uploads\/2013\/09\/Strandh\u00e4user-7.jpg 1200w, https:\/\/www.sabine-seyffert.de\/blog\/wp-content\/uploads\/2013\/09\/Strandh\u00e4user-7-300x150.jpg 300w, https:\/\/www.sabine-seyffert.de\/blog\/wp-content\/uploads\/2013\/09\/Strandh\u00e4user-7-1024x512.jpg 1024w\" sizes=\"auto, (max-width: 1200px) 100vw, 1200px\" \/><\/a><\/p>\n<p style=\"text-align: justify;\">Und weil der Himmel sich an diesem Ort so sch\u00f6n pr\u00e4sentiert hat, schicke ich ein St\u00fcck dieser sommerlichen Himmelsblicke heute zur <a href=\"http:\/\/dieraumfee.blogspot.de\/2013\/09\/in-heaven-no-80-himmel-drauen-und-drin.html\" target=\"_blank\">Raumfee<\/a>\u2026<\/p>\n<p>&nbsp;<\/p>\n<p><a href=\"http:\/\/www.sabine-seyffert.de\/blog\/?page_id=32#urheberrecht\">urheberrechtlich gesch\u00fctzt<\/a>, \u00a9 Sabine Seyffert<\/p>\n","protected":false},"excerpt":{"rendered":"<p>Wie man an diesem Post unschwer erkennt mag ich mich in diesem Jahr ausgesprochen ungern vom Sommer trennen. Das wunderbare Wetter tat einfach zu gut nach dem langen, hartn\u00e4ckigen Winter und dem doch recht \u201enassen\u201c Fr\u00fchling. Da man am Wetter nichts \u00e4ndern kann, ich aber noch etwas Sonne f\u00fcr den bevorstehenden Herbst und Winter tanken&#8230; <a href=\"https:\/\/www.sabine-seyffert.de\/blog\/ein-bunter-besuch-in-den-dunen\/\" class=\"more-link\">Read more: Ein bunter Besuch in den D\u00fcnen<\/a><\/p>\n","protected":false},"author":2,"featured_media":0,"comment_status":"open","ping_status":"open","sticky":false,"template":"","format":"standard","meta":{"_metis_text_type":"","_metis_text_length":2073,"_post_count":0,"footnotes":""},"categories":[39,37,24],"tags":[],"class_list":["post-2749","post","type-post","status-publish","format-standard","hentry","category-ausfluge-co","category-himmlisches","category-sommer"],"_links":{"self":[{"href":"https:\/\/www.sabine-seyffert.de\/blog\/wp-json\/wp\/v2\/posts\/2749","targetHints":{"allow":["GET"]}}],"collection":[{"href":"https:\/\/www.sabine-seyffert.de\/blog\/wp-json\/wp\/v2\/posts"}],"about":[{"href":"https:\/\/www.sabine-seyffert.de\/blog\/wp-json\/wp\/v2\/types\/post"}],"author":[{"embeddable":true,"href":"https:\/\/www.sabine-seyffert.de\/blog\/wp-json\/wp\/v2\/users\/2"}],"replies":[{"embeddable":true,"href":"https:\/\/www.sabine-seyffert.de\/blog\/wp-json\/wp\/v2\/comments?post=2749"}],"version-history":[{"count":10,"href":"https:\/\/www.sabine-seyffert.de\/blog\/wp-json\/wp\/v2\/posts\/2749\/revisions"}],"predecessor-version":[{"id":5524,"href":"https:\/\/www.sabine-seyffert.de\/blog\/wp-json\/wp\/v2\/posts\/2749\/revisions\/5524"}],"wp:attachment":[{"href":"https:\/\/www.sabine-seyffert.de\/blog\/wp-json\/wp\/v2\/media?parent=2749"}],"wp:term":[{"taxonomy":"category","embeddable":true,"href":"https:\/\/www.sabine-seyffert.de\/blog\/wp-json\/wp\/v2\/categories?post=2749"},{"taxonomy":"post_tag","embeddable":true,"href":"https:\/\/www.sabine-seyffert.de\/blog\/wp-json\/wp\/v2\/tags?post=2749"}],"curies":[{"name":"wp","href":"https:\/\/api.w.org\/{rel}","templated":true}]}}