{"id":2704,"date":"2013-09-23T06:37:31","date_gmt":"2013-09-23T04:37:31","guid":{"rendered":"http:\/\/www.sabine-seyffert.de\/blog\/?p=2704"},"modified":"2017-03-06T12:29:30","modified_gmt":"2017-03-06T10:29:30","slug":"nudeln-mit-gruner-sose-einfach-lecker","status":"publish","type":"post","link":"https:\/\/www.sabine-seyffert.de\/blog\/nudeln-mit-gruner-sose-einfach-lecker\/","title":{"rendered":"Nudeln mit gr\u00fcner So\u00dfe \u2013 einfach lecker!"},"content":{"rendered":"<p style=\"text-align: justify;\"><img loading=\"lazy\" decoding=\"async\" src=\"https:\/\/ssl-vg03.met.vgwort.de\/na\/f9beae8da98143698e1a51bb5263d824\" alt=\"\" width=\"1\" height=\"1\" \/>Die beiden letzten Rezepte wie die <a href=\"http:\/\/www.sabine-seyffert.de\/blog\/?p=2637\" target=\"_blank\">knusprigen Schult\u00fcten<\/a> und die <a href=\"http:\/\/www.sabine-seyffert.de\/blog\/?p=2542\" target=\"_blank\">gebackene Schult\u00fcten-Torte<\/a> waren recht zuckerhaltig. Daher heute mal eines unserer Lieblingsrezepte, bei dem alle aus unserer Familie laut \u201eHIER\u201c schreien und was zudem blitzschnell zubereitet ist:<\/p>\n<p style=\"text-align: center;\"><a href=\"http:\/\/www.sabine-seyffert.de\/blog\/wp-content\/uploads\/2013\/09\/Nudeln-1.jpg\"><img loading=\"lazy\" decoding=\"async\" class=\"alignnone size-full wp-image-2705\" src=\"http:\/\/www.sabine-seyffert.de\/blog\/wp-content\/uploads\/2013\/09\/Nudeln-1.jpg\" alt=\"Nudeln 1\" width=\"600\" height=\"800\" srcset=\"https:\/\/www.sabine-seyffert.de\/blog\/wp-content\/uploads\/2013\/09\/Nudeln-1.jpg 600w, https:\/\/www.sabine-seyffert.de\/blog\/wp-content\/uploads\/2013\/09\/Nudeln-1-225x300.jpg 225w\" sizes=\"auto, (max-width: 600px) 100vw, 600px\" \/><\/a><\/p>\n<p style=\"text-align: justify;\">Mit Nudeln kann ich meine Kinder immer begeistert. Am besten an allen sieben Tage der Woche. Allerdings das am liebsten ohne So\u00dfe oder zur Not mit kinderfreundlicher Tomatenso\u00dfe, die aber keinerlei St\u00fcckchen oder Gem\u00fcse enthalten darf\u2026<\/p>\n<p style=\"text-align: center;\"><a href=\"http:\/\/www.sabine-seyffert.de\/blog\/wp-content\/uploads\/2013\/09\/Nudeln-2.jpg\"><img loading=\"lazy\" decoding=\"async\" class=\"alignnone size-full wp-image-2706\" src=\"http:\/\/www.sabine-seyffert.de\/blog\/wp-content\/uploads\/2013\/09\/Nudeln-2.jpg\" alt=\"Nudeln 2\" width=\"800\" height=\"600\" srcset=\"https:\/\/www.sabine-seyffert.de\/blog\/wp-content\/uploads\/2013\/09\/Nudeln-2.jpg 800w, https:\/\/www.sabine-seyffert.de\/blog\/wp-content\/uploads\/2013\/09\/Nudeln-2-300x225.jpg 300w\" sizes=\"auto, (max-width: 800px) 100vw, 800px\" \/><\/a><\/p>\n<p style=\"text-align: justify;\">Au\u00dfer \u2013 es gibt zu den Nudeln selbstgemachte gr\u00fcne So\u00dfe. Und trotz gr\u00fcner Farbe habe ich bislang kein Kind erlebt, was diese So\u00dfe nicht ebenso liebt.<\/p>\n<p style=\"text-align: center;\"><a href=\"http:\/\/www.sabine-seyffert.de\/blog\/wp-content\/uploads\/2013\/09\/Nudeln-3.jpg\"><img loading=\"lazy\" decoding=\"async\" class=\"alignnone size-full wp-image-2707\" src=\"http:\/\/www.sabine-seyffert.de\/blog\/wp-content\/uploads\/2013\/09\/Nudeln-3.jpg\" alt=\"Nudeln 3\" width=\"800\" height=\"586\" srcset=\"https:\/\/www.sabine-seyffert.de\/blog\/wp-content\/uploads\/2013\/09\/Nudeln-3.jpg 800w, https:\/\/www.sabine-seyffert.de\/blog\/wp-content\/uploads\/2013\/09\/Nudeln-3-300x219.jpg 300w\" sizes=\"auto, (max-width: 800px) 100vw, 800px\" \/><\/a><\/p>\n<p style=\"text-align: justify;\"><strong>Das wird gebraucht:<\/strong><br \/>\n500 gr Nudeln, 1 Packung Tiefk\u00fchlerbsen, 1 E\u00dfl Gem\u00fcsebr\u00fche, 200-300gr Kr\u00e4uterfrischk\u00e4se, 1 Knoblauchzehe (auch wenn mein Foto eine ganze Knolle zeigt!), Kr\u00e4utersalz, Pfeffer, etwas Sojaso\u00dfe<\/p>\n<p style=\"text-align: center;\"><a href=\"http:\/\/www.sabine-seyffert.de\/blog\/wp-content\/uploads\/2013\/09\/Nudeln-4.jpg\"><img loading=\"lazy\" decoding=\"async\" class=\"alignnone size-full wp-image-2708\" src=\"http:\/\/www.sabine-seyffert.de\/blog\/wp-content\/uploads\/2013\/09\/Nudeln-4.jpg\" alt=\"Nudeln 4\" width=\"797\" height=\"693\" srcset=\"https:\/\/www.sabine-seyffert.de\/blog\/wp-content\/uploads\/2013\/09\/Nudeln-4.jpg 797w, https:\/\/www.sabine-seyffert.de\/blog\/wp-content\/uploads\/2013\/09\/Nudeln-4-300x260.jpg 300w\" sizes=\"auto, (max-width: 797px) 100vw, 797px\" \/><\/a><\/p>\n<p style=\"text-align: justify;\"><strong>So wird\u2019s gemacht:<\/strong><br \/>\nDie Nudeln kocht man nach Packungsaufschrift. Zeitgleich sch\u00fcttet man in einen zweiten Topf alle Tiefk\u00fchlerbsen und bedeckt diese mit Wasser. Die Gem\u00fcsebr\u00fche kann man gleich dazu geben und die Erbsen erhitzen. Diese l\u00e4sst man ein paar Minuten kochen. Sind diese gar, p\u00fcriert man sie mit Hilfe eines P\u00fcrierstabes ganz fein.<\/p>\n<p style=\"text-align: center;\"><a href=\"http:\/\/www.sabine-seyffert.de\/blog\/wp-content\/uploads\/2013\/09\/Nudeln-5.jpg\"><img loading=\"lazy\" decoding=\"async\" class=\"alignnone size-full wp-image-2709\" src=\"http:\/\/www.sabine-seyffert.de\/blog\/wp-content\/uploads\/2013\/09\/Nudeln-5.jpg\" alt=\"Nudeln 5\" width=\"800\" height=\"596\" srcset=\"https:\/\/www.sabine-seyffert.de\/blog\/wp-content\/uploads\/2013\/09\/Nudeln-5.jpg 800w, https:\/\/www.sabine-seyffert.de\/blog\/wp-content\/uploads\/2013\/09\/Nudeln-5-300x223.jpg 300w\" sizes=\"auto, (max-width: 800px) 100vw, 800px\" \/><\/a><\/p>\n<p style=\"text-align: justify;\">Den gesamten Frischk\u00e4se r\u00fchrt man unter die p\u00fcrierten Erbsen. Dann presst man die Knoblauchzehe hinein, gibt die Sojaso\u00dfe hinzu und schmeckt das Ganze mit Kr\u00e4utersalz und Pfeffer ab. Durch die Br\u00fche und den K\u00e4uterfrischk\u00e4se ist die So\u00dfe schon recht w\u00fcrzig, so dass man gar nicht viel mehr zu w\u00fcrzen braucht. Wer mag kann im Anschluss noch etwas frisch geriebenen Parmesan dar\u00fcber streuen.<\/p>\n<p style=\"text-align: center;\"><a href=\"http:\/\/www.sabine-seyffert.de\/blog\/wp-content\/uploads\/2013\/09\/Nudeln-6.jpg\"><img loading=\"lazy\" decoding=\"async\" class=\"alignnone size-full wp-image-2710\" src=\"http:\/\/www.sabine-seyffert.de\/blog\/wp-content\/uploads\/2013\/09\/Nudeln-6.jpg\" alt=\"Nudeln 6\" width=\"800\" height=\"593\" srcset=\"https:\/\/www.sabine-seyffert.de\/blog\/wp-content\/uploads\/2013\/09\/Nudeln-6.jpg 800w, https:\/\/www.sabine-seyffert.de\/blog\/wp-content\/uploads\/2013\/09\/Nudeln-6-300x222.jpg 300w\" sizes=\"auto, (max-width: 800px) 100vw, 800px\" \/><\/a><\/p>\n<p style=\"text-align: justify;\">Das Rezept ist so wunderbar leicht, dass man es selbst im Urlaub gut zubereiten kann, wenn man in der K\u00fcche erfahrungsgem\u00e4\u00df nicht so gut ausgestattet ist wie zu Hause. Und wem es zu w\u00fcrzig sein sollte, der kann die So\u00dfe auch mit neutralem Frischk\u00e4se zubereiten und den Knoblauch weglassen. Es schmecken beide Varianten.<\/p>\n<p style=\"text-align: center;\"><a href=\"http:\/\/www.sabine-seyffert.de\/blog\/wp-content\/uploads\/2013\/09\/Nudeln-7.jpg\"><img loading=\"lazy\" decoding=\"async\" class=\"alignnone size-full wp-image-2711\" src=\"http:\/\/www.sabine-seyffert.de\/blog\/wp-content\/uploads\/2013\/09\/Nudeln-7.jpg\" alt=\"Nudeln 7\" width=\"800\" height=\"603\" srcset=\"https:\/\/www.sabine-seyffert.de\/blog\/wp-content\/uploads\/2013\/09\/Nudeln-7.jpg 800w, https:\/\/www.sabine-seyffert.de\/blog\/wp-content\/uploads\/2013\/09\/Nudeln-7-300x226.jpg 300w\" sizes=\"auto, (max-width: 800px) 100vw, 800px\" \/><\/a><\/p>\n<p style=\"text-align: justify;\">Weitere Rezepte zu herzhaften Dingen sind <a href=\"http:\/\/www.sabine-seyffert.de\/blog\/?cat=30\" target=\"_blank\">hier<\/a> zu finden und wem es weiterhin nach S\u00fc\u00dfem durstet kann gerne die <a href=\"http:\/\/www.sabine-seyffert.de\/blog\/?cat=31\" target=\"_blank\">Rubrik S\u00fc\u00dfe Kuchen &amp; Co.<\/a> durchst\u00f6bern.<\/p>\n<p style=\"text-align: justify;\"><a href=\"http:\/\/www.sabine-seyffert.de\/blog\/wp-content\/uploads\/2013\/09\/Nudeln-8.jpg\"><img loading=\"lazy\" decoding=\"async\" class=\"alignnone size-full wp-image-2712\" src=\"http:\/\/www.sabine-seyffert.de\/blog\/wp-content\/uploads\/2013\/09\/Nudeln-8.jpg\" alt=\"Nudeln 8\" width=\"800\" height=\"523\" srcset=\"https:\/\/www.sabine-seyffert.de\/blog\/wp-content\/uploads\/2013\/09\/Nudeln-8.jpg 800w, https:\/\/www.sabine-seyffert.de\/blog\/wp-content\/uploads\/2013\/09\/Nudeln-8-300x196.jpg 300w\" sizes=\"auto, (max-width: 800px) 100vw, 800px\" \/><\/a><\/p>\n<p style=\"text-align: justify;\">Und wer mag, schaut einfach noch bei <a href=\"http:\/\/nozdesign.blogspot.de\/2013\/09\/my-monday-mhhhhhh-41.html\" target=\"_blank\">Katja<\/a> vorbei, die auch diesen Montag wieder tolle Rezepte sammelt!<\/p>\n<p><a href=\"http:\/\/www.sabine-seyffert.de\/blog\/?page_id=32#urheberrecht\">urheberrechtlich gesch\u00fctzt<\/a>, \u00a9 Sabine Seyffert<\/p>\n","protected":false},"excerpt":{"rendered":"<p>Die beiden letzten Rezepte wie die knusprigen Schult\u00fcten und die gebackene Schult\u00fcten-Torte waren recht zuckerhaltig. Daher heute mal eines unserer Lieblingsrezepte, bei dem alle aus unserer Familie laut \u201eHIER\u201c schreien und was zudem blitzschnell zubereitet ist: Mit Nudeln kann ich meine Kinder immer begeistert. Am besten an allen sieben Tage der Woche. Allerdings das am&#8230; <a href=\"https:\/\/www.sabine-seyffert.de\/blog\/nudeln-mit-gruner-sose-einfach-lecker\/\" class=\"more-link\">Read more: Nudeln mit gr\u00fcner So\u00dfe \u2013 einfach lecker!<\/a><\/p>\n","protected":false},"author":2,"featured_media":0,"comment_status":"open","ping_status":"open","sticky":false,"template":"","format":"standard","meta":{"_metis_text_type":"","_metis_text_length":2214,"_post_count":0,"footnotes":""},"categories":[30],"tags":[],"class_list":["post-2704","post","type-post","status-publish","format-standard","hentry","category-rezepte-herzhaft"],"_links":{"self":[{"href":"https:\/\/www.sabine-seyffert.de\/blog\/wp-json\/wp\/v2\/posts\/2704","targetHints":{"allow":["GET"]}}],"collection":[{"href":"https:\/\/www.sabine-seyffert.de\/blog\/wp-json\/wp\/v2\/posts"}],"about":[{"href":"https:\/\/www.sabine-seyffert.de\/blog\/wp-json\/wp\/v2\/types\/post"}],"author":[{"embeddable":true,"href":"https:\/\/www.sabine-seyffert.de\/blog\/wp-json\/wp\/v2\/users\/2"}],"replies":[{"embeddable":true,"href":"https:\/\/www.sabine-seyffert.de\/blog\/wp-json\/wp\/v2\/comments?post=2704"}],"version-history":[{"count":13,"href":"https:\/\/www.sabine-seyffert.de\/blog\/wp-json\/wp\/v2\/posts\/2704\/revisions"}],"predecessor-version":[{"id":9809,"href":"https:\/\/www.sabine-seyffert.de\/blog\/wp-json\/wp\/v2\/posts\/2704\/revisions\/9809"}],"wp:attachment":[{"href":"https:\/\/www.sabine-seyffert.de\/blog\/wp-json\/wp\/v2\/media?parent=2704"}],"wp:term":[{"taxonomy":"category","embeddable":true,"href":"https:\/\/www.sabine-seyffert.de\/blog\/wp-json\/wp\/v2\/categories?post=2704"},{"taxonomy":"post_tag","embeddable":true,"href":"https:\/\/www.sabine-seyffert.de\/blog\/wp-json\/wp\/v2\/tags?post=2704"}],"curies":[{"name":"wp","href":"https:\/\/api.w.org\/{rel}","templated":true}]}}