{"id":269,"date":"2013-01-31T14:20:58","date_gmt":"2013-01-31T12:20:58","guid":{"rendered":"http:\/\/www.sabine-seyffert.de\/blog\/?p=269"},"modified":"2017-03-06T21:01:44","modified_gmt":"2017-03-06T19:01:44","slug":"mein-buch-meine-insel-der-stille","status":"publish","type":"post","link":"https:\/\/www.sabine-seyffert.de\/blog\/mein-buch-meine-insel-der-stille\/","title":{"rendered":"Mein Buch \u201eMeine Insel der Stille\u201c"},"content":{"rendered":"<p style=\"text-align: justify;\"><img loading=\"lazy\" decoding=\"async\" alt=\"\" src=\"https:\/\/ssl-vg03.met.vgwort.de\/na\/598b422dba96420faf2699da24587335\" width=\"1\" height=\"1\" \/>Das Buch \u201eMeine Insel der Stille\u201c habe ich vor vielen Jahren geschrieben. Die erste Ausgabe gab es erstmals im Jahr 2001 als Hardcover im Buchhandel. Seit letztem Jahr gibt es mein Buch nun auch als g\u00fcnstige Taschenbuchausgabe. Zu dieser kam gestern mit der Post ein Belegexemplar zur dritten Auflage. Dar\u00fcber freue ich mich sehr. Vor allem, weil ich mit den Entspannungsgeschichten dieses Buches gerne arbeite.<\/p>\n<p style=\"text-align: justify;\">Meine Lieblingsgeschichte aus diesem Buch hei\u00dft \u201eIm M\u00e4rchenland\u201c. Dabei kann ich wunderbar entspannen und tr\u00e4umen\u2026<\/p>\n<p style=\"text-align: justify;\">Das Buch ist 112 Seiten lang und im Arena Verlag erschienen. Die ISBN lautet 978-3-401-50411-7 und der Preis betr\u00e4gt 6,99 EUR.<\/p>\n<p style=\"text-align: justify;\"><a href=\"http:\/\/www.sabine-seyffert.de\/blog\/mein-buch-meine-insel-der-stille\/meine-insel-der-stille-cover\/\" rel=\"attachment wp-att-271\"><img loading=\"lazy\" decoding=\"async\" class=\"size-full wp-image-271 aligncenter\" src=\"http:\/\/www.sabine-seyffert.de\/blog\/wp-content\/uploads\/2013\/01\/Meine-Insel-der-Stille-Cover.jpg\" alt=\"Meine Insel der Stille Cover\" width=\"352\" height=\"497\" srcset=\"https:\/\/www.sabine-seyffert.de\/blog\/wp-content\/uploads\/2013\/01\/Meine-Insel-der-Stille-Cover.jpg 352w, https:\/\/www.sabine-seyffert.de\/blog\/wp-content\/uploads\/2013\/01\/Meine-Insel-der-Stille-Cover-212x300.jpg 212w\" sizes=\"auto, (max-width: 352px) 100vw, 352px\" \/><\/a><\/p>\n<p style=\"text-align: justify;\">Wer hat Lust mir zu schreiben, welche Geschichten die Kinder am liebsten h\u00f6ren und ins Herz geschlossen haben? Ich freu mich \u00fcber jede Nachricht und werde mich bem\u00fchen alle schnellstm\u00f6glich zu beantworten!<\/p>\n<p style=\"text-align: justify;\">Liebe Gr\u00fc\u00dfe,<\/p>\n<p style=\"text-align: justify;\">Sabine Seyffert<\/p>\n","protected":false},"excerpt":{"rendered":"<p>Das Buch \u201eMeine Insel der Stille\u201c habe ich vor vielen Jahren geschrieben. Die erste Ausgabe gab es erstmals im Jahr 2001 als Hardcover im Buchhandel. Seit letztem Jahr gibt es mein Buch nun auch als g\u00fcnstige Taschenbuchausgabe. Zu dieser kam gestern mit der Post ein Belegexemplar zur dritten Auflage. Dar\u00fcber freue ich mich sehr. Vor&#8230; <a href=\"https:\/\/www.sabine-seyffert.de\/blog\/mein-buch-meine-insel-der-stille\/\" class=\"more-link\">Read more: Mein Buch \u201eMeine Insel der Stille\u201c<\/a><\/p>\n","protected":false},"author":1,"featured_media":0,"comment_status":"open","ping_status":"open","sticky":false,"template":"","format":"standard","meta":{"_metis_text_type":"","_metis_text_length":888,"_post_count":0,"footnotes":""},"categories":[20],"tags":[],"class_list":["post-269","post","type-post","status-publish","format-standard","hentry","category-bucher"],"_links":{"self":[{"href":"https:\/\/www.sabine-seyffert.de\/blog\/wp-json\/wp\/v2\/posts\/269","targetHints":{"allow":["GET"]}}],"collection":[{"href":"https:\/\/www.sabine-seyffert.de\/blog\/wp-json\/wp\/v2\/posts"}],"about":[{"href":"https:\/\/www.sabine-seyffert.de\/blog\/wp-json\/wp\/v2\/types\/post"}],"author":[{"embeddable":true,"href":"https:\/\/www.sabine-seyffert.de\/blog\/wp-json\/wp\/v2\/users\/1"}],"replies":[{"embeddable":true,"href":"https:\/\/www.sabine-seyffert.de\/blog\/wp-json\/wp\/v2\/comments?post=269"}],"version-history":[{"count":8,"href":"https:\/\/www.sabine-seyffert.de\/blog\/wp-json\/wp\/v2\/posts\/269\/revisions"}],"predecessor-version":[{"id":9938,"href":"https:\/\/www.sabine-seyffert.de\/blog\/wp-json\/wp\/v2\/posts\/269\/revisions\/9938"}],"wp:attachment":[{"href":"https:\/\/www.sabine-seyffert.de\/blog\/wp-json\/wp\/v2\/media?parent=269"}],"wp:term":[{"taxonomy":"category","embeddable":true,"href":"https:\/\/www.sabine-seyffert.de\/blog\/wp-json\/wp\/v2\/categories?post=269"},{"taxonomy":"post_tag","embeddable":true,"href":"https:\/\/www.sabine-seyffert.de\/blog\/wp-json\/wp\/v2\/tags?post=269"}],"curies":[{"name":"wp","href":"https:\/\/api.w.org\/{rel}","templated":true}]}}