{"id":2679,"date":"2013-09-20T06:39:55","date_gmt":"2013-09-20T04:39:55","guid":{"rendered":"http:\/\/www.sabine-seyffert.de\/blog\/?p=2679"},"modified":"2015-09-21T18:36:04","modified_gmt":"2015-09-21T16:36:04","slug":"mein-12-blick-im-september","status":"publish","type":"post","link":"https:\/\/www.sabine-seyffert.de\/blog\/mein-12-blick-im-september\/","title":{"rendered":"Mein 12. Blick im September"},"content":{"rendered":"<p style=\"text-align: justify;\"><img loading=\"lazy\" decoding=\"async\" src=\"https:\/\/ssl-vg03.met.vgwort.de\/na\/d930d95f664c4959a068298406d36a38\" alt=\"\" width=\"1\" height=\"1\" \/><br \/>\nIm Moment bin ich auf der Suche nach etwas, das die Uhr mal anhalten oder wenigstens etwas verlangsamen k\u00f6nnte. Die Zeit rast derzeit nur so an mir vorbei und irgendwie geht mir das alles viel zu schnell.<\/p>\n<p style=\"text-align: center;\"><a href=\"http:\/\/www.sabine-seyffert.de\/blog\/wp-content\/uploads\/2013\/09\/Mein-12.-Blick-5.jpg\"><img loading=\"lazy\" decoding=\"async\" class=\"alignnone size-full wp-image-2680\" src=\"http:\/\/www.sabine-seyffert.de\/blog\/wp-content\/uploads\/2013\/09\/Mein-12.-Blick-5.jpg\" alt=\"Mein 12. Blick 5\" width=\"800\" height=\"600\" srcset=\"https:\/\/www.sabine-seyffert.de\/blog\/wp-content\/uploads\/2013\/09\/Mein-12.-Blick-5.jpg 800w, https:\/\/www.sabine-seyffert.de\/blog\/wp-content\/uploads\/2013\/09\/Mein-12.-Blick-5-300x225.jpg 300w\" sizes=\"auto, (max-width: 800px) 100vw, 800px\" \/><\/a><\/p>\n<p style=\"text-align: justify;\">Wo wir gerade den Sommer in vollen Z\u00fcgen genossen haben, ist von einem Tag auf den anderen der Herbst eingezogen. Diejenigen, die mich kennen wissen, dass der Sommer eigentlich so gar nicht meine Jahreszeit ist. Aber dieses Jahr f\u00e4llt mir der Abschied doch recht schwer.<\/p>\n<p style=\"text-align: center;\"><a href=\"http:\/\/www.sabine-seyffert.de\/blog\/wp-content\/uploads\/2013\/09\/Mein-12.-Blick-10.jpg\"><img loading=\"lazy\" decoding=\"async\" class=\"alignnone size-full wp-image-2681\" src=\"http:\/\/www.sabine-seyffert.de\/blog\/wp-content\/uploads\/2013\/09\/Mein-12.-Blick-10.jpg\" alt=\"Mein 12. Blick 10\" width=\"800\" height=\"600\" srcset=\"https:\/\/www.sabine-seyffert.de\/blog\/wp-content\/uploads\/2013\/09\/Mein-12.-Blick-10.jpg 800w, https:\/\/www.sabine-seyffert.de\/blog\/wp-content\/uploads\/2013\/09\/Mein-12.-Blick-10-300x225.jpg 300w\" sizes=\"auto, (max-width: 800px) 100vw, 800px\" \/><\/a><\/p>\n<p style=\"text-align: justify;\">Als ich mich auf den Weg ist den Wald mache um die Septemberfotos f\u00fcr meinen 12. Blick einzufangen, ist es nicht nur schrecklich kalt, sondern auch reichlich nass. Dabei war es vor einigen Tagen noch super warm und sonnig.<\/p>\n<p style=\"text-align: center;\"><a href=\"http:\/\/www.sabine-seyffert.de\/blog\/wp-content\/uploads\/2013\/09\/Mein-12.-Blick-6.jpg\"><img loading=\"lazy\" decoding=\"async\" class=\"alignnone size-full wp-image-2682\" src=\"http:\/\/www.sabine-seyffert.de\/blog\/wp-content\/uploads\/2013\/09\/Mein-12.-Blick-6.jpg\" alt=\"Mein 12. Blick 6\" width=\"800\" height=\"665\" srcset=\"https:\/\/www.sabine-seyffert.de\/blog\/wp-content\/uploads\/2013\/09\/Mein-12.-Blick-6.jpg 800w, https:\/\/www.sabine-seyffert.de\/blog\/wp-content\/uploads\/2013\/09\/Mein-12.-Blick-6-300x249.jpg 300w\" sizes=\"auto, (max-width: 800px) 100vw, 800px\" \/><\/a><\/p>\n<p style=\"text-align: justify;\">Davon merkt man allerdings nichts mehr. Und beim Spaziergang w\u00fcrde ich eher auf einen Tag tippen, an dem der Winter gerade einzieht. Zumindest wetterm\u00e4\u00dfig gesehen.<\/p>\n<p style=\"text-align: center;\"><a href=\"http:\/\/www.sabine-seyffert.de\/blog\/wp-content\/uploads\/2013\/09\/Mein-12.-Blick-3.jpg\"><img loading=\"lazy\" decoding=\"async\" class=\"alignnone size-full wp-image-2683\" src=\"http:\/\/www.sabine-seyffert.de\/blog\/wp-content\/uploads\/2013\/09\/Mein-12.-Blick-3.jpg\" alt=\"Mein 12. Blick 3\" width=\"800\" height=\"600\" srcset=\"https:\/\/www.sabine-seyffert.de\/blog\/wp-content\/uploads\/2013\/09\/Mein-12.-Blick-3.jpg 800w, https:\/\/www.sabine-seyffert.de\/blog\/wp-content\/uploads\/2013\/09\/Mein-12.-Blick-3-300x225.jpg 300w\" sizes=\"auto, (max-width: 800px) 100vw, 800px\" \/><\/a><\/p>\n<p style=\"text-align: justify;\">Wieder einmal der <a href=\"http:\/\/www.sabine-seyffert.de\/blog\/?p=2001\" target=\"_blank\">Laterne sei Dank<\/a> finde ich meinen ersten 12. Blick sofort. Das graue Tageslicht heute ist scheu\u00dflich und l\u00e4sst den Blick irgendwie kalt aussehen. K\u00e4lter als auf den Bildern im Fr\u00fchjahr, bei dem wenigstens der Himmel so wunderbar blau war und die Sonne schien.<\/p>\n<p style=\"text-align: center;\"><a href=\"http:\/\/www.sabine-seyffert.de\/blog\/wp-content\/uploads\/2013\/09\/Mein-12.-Blick-1.jpg\"><img loading=\"lazy\" decoding=\"async\" class=\"alignnone size-full wp-image-2684\" src=\"http:\/\/www.sabine-seyffert.de\/blog\/wp-content\/uploads\/2013\/09\/Mein-12.-Blick-1.jpg\" alt=\"Mein 12. Blick 1\" width=\"600\" height=\"800\" srcset=\"https:\/\/www.sabine-seyffert.de\/blog\/wp-content\/uploads\/2013\/09\/Mein-12.-Blick-1.jpg 600w, https:\/\/www.sabine-seyffert.de\/blog\/wp-content\/uploads\/2013\/09\/Mein-12.-Blick-1-225x300.jpg 225w\" sizes=\"auto, (max-width: 600px) 100vw, 600px\" \/><\/a><\/p>\n<p style=\"text-align: justify;\">So spaziere ich weiter und kann hier und dort doch tats\u00e4chlich den Herbst erahnen mit seinen roten Beeren, fallenden Bl\u00e4ttern und seinen ersten bunten Akzenten, die mir normalerweise ausgesprochen gut gefallen.<\/p>\n<p style=\"text-align: center;\"><a href=\"http:\/\/www.sabine-seyffert.de\/blog\/wp-content\/uploads\/2013\/09\/Mein-12-Blick-gesamt-richtig.jpg\"><img loading=\"lazy\" decoding=\"async\" class=\"alignnone size-full wp-image-2686\" src=\"http:\/\/www.sabine-seyffert.de\/blog\/wp-content\/uploads\/2013\/09\/Mein-12-Blick-gesamt-richtig.jpg\" alt=\"Mein 12 Blick gesamt richtig\" width=\"1197\" height=\"534\" srcset=\"https:\/\/www.sabine-seyffert.de\/blog\/wp-content\/uploads\/2013\/09\/Mein-12-Blick-gesamt-richtig.jpg 1197w, https:\/\/www.sabine-seyffert.de\/blog\/wp-content\/uploads\/2013\/09\/Mein-12-Blick-gesamt-richtig-300x133.jpg 300w, https:\/\/www.sabine-seyffert.de\/blog\/wp-content\/uploads\/2013\/09\/Mein-12-Blick-gesamt-richtig-1024x456.jpg 1024w\" sizes=\"auto, (max-width: 1197px) 100vw, 1197px\" \/><\/a><\/p>\n<p style=\"text-align: justify;\">An meinem geheimnisvollen Guckloch ist alles wie immer in einem ruhigen und tiefen &#8220;Dornr\u00f6schenschlaf&#8221;. Kein Troll, keine Baumfee nicht mal ein kleiner Zwerg ist zu sehen.<\/p>\n<p style=\"text-align: center;\"><a href=\"http:\/\/www.sabine-seyffert.de\/blog\/wp-content\/uploads\/2013\/09\/Guckloch1.jpg\"><img loading=\"lazy\" decoding=\"async\" class=\"alignnone size-full wp-image-2687\" src=\"http:\/\/www.sabine-seyffert.de\/blog\/wp-content\/uploads\/2013\/09\/Guckloch1.jpg\" alt=\"Guckloch1\" width=\"600\" height=\"734\" srcset=\"https:\/\/www.sabine-seyffert.de\/blog\/wp-content\/uploads\/2013\/09\/Guckloch1.jpg 600w, https:\/\/www.sabine-seyffert.de\/blog\/wp-content\/uploads\/2013\/09\/Guckloch1-245x300.jpg 245w\" sizes=\"auto, (max-width: 600px) 100vw, 600px\" \/><\/a><\/p>\n<p style=\"text-align: justify;\">Allerdings treffen wir kurze Zeit sp\u00e4ter auf ein Reh, dass jedoch vom h\u00f6chst erfreuten Ruf meiner Tochter: &#8220;Mama, ein Reh &#8211; ein REH!!!&#8221; auf und davon springt, als w\u00e4re es nie da gewesen.<\/p>\n<p style=\"text-align: center;\"><a href=\"http:\/\/www.sabine-seyffert.de\/blog\/wp-content\/uploads\/2013\/09\/Mein-12.-Blick-Guckloch-gesamt.jpg\"><img loading=\"lazy\" decoding=\"async\" class=\"alignnone size-full wp-image-2688\" src=\"http:\/\/www.sabine-seyffert.de\/blog\/wp-content\/uploads\/2013\/09\/Mein-12.-Blick-Guckloch-gesamt.jpg\" alt=\"Mein 12. Blick Guckloch gesamt\" width=\"1400\" height=\"533\" srcset=\"https:\/\/www.sabine-seyffert.de\/blog\/wp-content\/uploads\/2013\/09\/Mein-12.-Blick-Guckloch-gesamt.jpg 1400w, https:\/\/www.sabine-seyffert.de\/blog\/wp-content\/uploads\/2013\/09\/Mein-12.-Blick-Guckloch-gesamt-300x114.jpg 300w, https:\/\/www.sabine-seyffert.de\/blog\/wp-content\/uploads\/2013\/09\/Mein-12.-Blick-Guckloch-gesamt-1024x389.jpg 1024w\" sizes=\"auto, (max-width: 1400px) 100vw, 1400px\" \/><\/a><\/p>\n<p style=\"text-align: justify;\">Dabei stand es keine paar Meter entfernt direkt vor uns auf dem Weg. Das weder meine Kamera noch ich so blitzschnell reagieren ist zwar vollkommen klar, aber leider auch sehr schade&#8230;<\/p>\n<p style=\"text-align: center;\"><a href=\"http:\/\/www.sabine-seyffert.de\/blog\/wp-content\/uploads\/2013\/09\/Mein-12.-Blick-2.jpg\"><img loading=\"lazy\" decoding=\"async\" class=\"alignnone size-full wp-image-2689\" src=\"http:\/\/www.sabine-seyffert.de\/blog\/wp-content\/uploads\/2013\/09\/Mein-12.-Blick-2.jpg\" alt=\"Mein 12. Blick 2\" width=\"800\" height=\"600\" srcset=\"https:\/\/www.sabine-seyffert.de\/blog\/wp-content\/uploads\/2013\/09\/Mein-12.-Blick-2.jpg 800w, https:\/\/www.sabine-seyffert.de\/blog\/wp-content\/uploads\/2013\/09\/Mein-12.-Blick-2-300x225.jpg 300w\" sizes=\"auto, (max-width: 800px) 100vw, 800px\" \/><\/a><\/p>\n<p style=\"text-align: justify;\">Hoffen wir also weiter, dass wir in den letzten Monaten des Jahres noch etwas Spannendes in Gucklochn\u00e4he vor die Linse kriegen \ud83d\ude42 Wer meine Posts \u00fcber den 12. Blick verfolgen will, wird in der <a href=\"http:\/\/www.sabine-seyffert.de\/blog\/?cat=35\" target=\"_blank\">Rubrik Mein 12. Blick<\/a> f\u00fcndig.<\/p>\n<p style=\"text-align: center;\"><a href=\"http:\/\/www.sabine-seyffert.de\/blog\/wp-content\/uploads\/2013\/09\/Mein-12.-Blick-9.jpg\"><img loading=\"lazy\" decoding=\"async\" class=\"alignnone size-full wp-image-2690\" src=\"http:\/\/www.sabine-seyffert.de\/blog\/wp-content\/uploads\/2013\/09\/Mein-12.-Blick-9.jpg\" alt=\"Mein 12. Blick 9\" width=\"600\" height=\"800\" srcset=\"https:\/\/www.sabine-seyffert.de\/blog\/wp-content\/uploads\/2013\/09\/Mein-12.-Blick-9.jpg 600w, https:\/\/www.sabine-seyffert.de\/blog\/wp-content\/uploads\/2013\/09\/Mein-12.-Blick-9-225x300.jpg 225w\" sizes=\"auto, (max-width: 600px) 100vw, 600px\" \/><\/a><\/p>\n<p style=\"text-align: justify;\">Wer neugierig ist was die anderen Teilnehmer so beobachten, kann sich ab heute in der Galerie von<a href=\"http:\/\/tabea-heinicker.blogspot.de\/2013\/09\/herbsting-zeigt-her-eure-fotos.html\" target=\"_blank\"> Tabea Heinicker<\/a> umschauen, viel Spa\u00df!<\/p>\n<p style=\"text-align: justify;\"><a href=\"http:\/\/www.sabine-seyffert.de\/blog\/?page_id=32#urheberrecht\">urheberrechtlich gesch\u00fctzt<\/a>, \u00a9 Sabine Seyffert<\/p>\n","protected":false},"excerpt":{"rendered":"<p>Im Moment bin ich auf der Suche nach etwas, das die Uhr mal anhalten oder wenigstens etwas verlangsamen k\u00f6nnte. Die Zeit rast derzeit nur so an mir vorbei und irgendwie geht mir das alles viel zu schnell. Wo wir gerade den Sommer in vollen Z\u00fcgen genossen haben, ist von einem Tag auf den anderen der&#8230; <a href=\"https:\/\/www.sabine-seyffert.de\/blog\/mein-12-blick-im-september\/\" class=\"more-link\">Read more: Mein 12. Blick im September<\/a><\/p>\n","protected":false},"author":2,"featured_media":0,"comment_status":"open","ping_status":"open","sticky":false,"template":"","format":"standard","meta":{"_metis_text_type":"","_metis_text_length":2333,"_post_count":0,"footnotes":""},"categories":[25],"tags":[],"class_list":["post-2679","post","type-post","status-publish","format-standard","hentry","category-herbst"],"_links":{"self":[{"href":"https:\/\/www.sabine-seyffert.de\/blog\/wp-json\/wp\/v2\/posts\/2679","targetHints":{"allow":["GET"]}}],"collection":[{"href":"https:\/\/www.sabine-seyffert.de\/blog\/wp-json\/wp\/v2\/posts"}],"about":[{"href":"https:\/\/www.sabine-seyffert.de\/blog\/wp-json\/wp\/v2\/types\/post"}],"author":[{"embeddable":true,"href":"https:\/\/www.sabine-seyffert.de\/blog\/wp-json\/wp\/v2\/users\/2"}],"replies":[{"embeddable":true,"href":"https:\/\/www.sabine-seyffert.de\/blog\/wp-json\/wp\/v2\/comments?post=2679"}],"version-history":[{"count":12,"href":"https:\/\/www.sabine-seyffert.de\/blog\/wp-json\/wp\/v2\/posts\/2679\/revisions"}],"predecessor-version":[{"id":6136,"href":"https:\/\/www.sabine-seyffert.de\/blog\/wp-json\/wp\/v2\/posts\/2679\/revisions\/6136"}],"wp:attachment":[{"href":"https:\/\/www.sabine-seyffert.de\/blog\/wp-json\/wp\/v2\/media?parent=2679"}],"wp:term":[{"taxonomy":"category","embeddable":true,"href":"https:\/\/www.sabine-seyffert.de\/blog\/wp-json\/wp\/v2\/categories?post=2679"},{"taxonomy":"post_tag","embeddable":true,"href":"https:\/\/www.sabine-seyffert.de\/blog\/wp-json\/wp\/v2\/tags?post=2679"}],"curies":[{"name":"wp","href":"https:\/\/api.w.org\/{rel}","templated":true}]}}