{"id":2662,"date":"2013-09-17T06:28:13","date_gmt":"2013-09-17T04:28:13","guid":{"rendered":"http:\/\/www.sabine-seyffert.de\/blog\/?p=2662"},"modified":"2017-03-06T12:30:20","modified_gmt":"2017-03-06T10:30:20","slug":"ein-buntes-abc-zum-schulstart-diy","status":"publish","type":"post","link":"https:\/\/www.sabine-seyffert.de\/blog\/ein-buntes-abc-zum-schulstart-diy\/","title":{"rendered":"Ein buntes ABC zum Schulstart \/ DIY"},"content":{"rendered":"<p style=\"text-align: justify;\"><img loading=\"lazy\" decoding=\"async\" src=\"https:\/\/ssl-vg03.met.vgwort.de\/na\/671cda37d159437daa3bd204d567895f\" alt=\"\" width=\"1\" height=\"1\" \/>Und weiter geht es noch einmal zum Thema Schulstart und einem kinderleichten, bunten DIY:<\/p>\n<p style=\"text-align: center;\"><a href=\"http:\/\/www.sabine-seyffert.de\/blog\/wp-content\/uploads\/2013\/09\/Bunte-Buchstaben-am-Band-8.jpg\"><img loading=\"lazy\" decoding=\"async\" class=\"alignnone size-full wp-image-2670\" src=\"http:\/\/www.sabine-seyffert.de\/blog\/wp-content\/uploads\/2013\/09\/Bunte-Buchstaben-am-Band-8.jpg\" alt=\"Bunte Buchstaben am Band 8\" width=\"800\" height=\"600\" srcset=\"https:\/\/www.sabine-seyffert.de\/blog\/wp-content\/uploads\/2013\/09\/Bunte-Buchstaben-am-Band-8.jpg 800w, https:\/\/www.sabine-seyffert.de\/blog\/wp-content\/uploads\/2013\/09\/Bunte-Buchstaben-am-Band-8-300x225.jpg 300w\" sizes=\"auto, (max-width: 800px) 100vw, 800px\" \/><\/a><\/p>\n<p style=\"text-align: justify;\">Wie sch\u00f6n wenn man Ferien und somit jede Menge Zeit hat tolle Ideen auszubr\u00fcten. Vielleicht durch die Ferien bedingt oder einfach der guten Laune wegen wollte ich f\u00fcr die Einschulung gerne noch etwas Kunterbuntes haben um dies \u00fcber dem Esszimmertisch anzubringen. Was w\u00fcrde daf\u00fcr besser passen als ein lustiges Buchstaben-Zahlen-Allerlei aus buntem Tonpapier?<\/p>\n<p style=\"text-align: center;\"><a href=\"http:\/\/www.sabine-seyffert.de\/blog\/wp-content\/uploads\/2013\/09\/Bunte-Buchstaben-am-Band-1.jpg\"><img loading=\"lazy\" decoding=\"async\" class=\"alignnone size-full wp-image-2663\" src=\"http:\/\/www.sabine-seyffert.de\/blog\/wp-content\/uploads\/2013\/09\/Bunte-Buchstaben-am-Band-1.jpg\" alt=\"Bunte Buchstaben am Band 1\" width=\"800\" height=\"600\" srcset=\"https:\/\/www.sabine-seyffert.de\/blog\/wp-content\/uploads\/2013\/09\/Bunte-Buchstaben-am-Band-1.jpg 800w, https:\/\/www.sabine-seyffert.de\/blog\/wp-content\/uploads\/2013\/09\/Bunte-Buchstaben-am-Band-1-300x225.jpg 300w\" sizes=\"auto, (max-width: 800px) 100vw, 800px\" \/><\/a><\/p>\n<p style=\"text-align: justify;\"><strong>Das wird gebraucht:<\/strong><br \/>\nBunter Tonkarton in m\u00f6glichst vielen verschiedenen Farben, Schere, einen Drucker oder Buchstaben als Schablone, Kleber (am besten einen Klebstift, der nicht tropft), d\u00fcnnes Nylongarn, eine N\u00e4hnadel sowie einen runden Lochstanzer (meiner hat einen Durchmesser von 2,5 cm)<\/p>\n<p style=\"text-align: center;\"><a href=\"http:\/\/www.sabine-seyffert.de\/blog\/wp-content\/uploads\/2013\/09\/Bunte-Buchstaben-am-Band-2.jpg\"><img loading=\"lazy\" decoding=\"async\" class=\"alignnone size-full wp-image-2664\" src=\"http:\/\/www.sabine-seyffert.de\/blog\/wp-content\/uploads\/2013\/09\/Bunte-Buchstaben-am-Band-2.jpg\" alt=\"Bunte Buchstaben am Band 2\" width=\"800\" height=\"600\" srcset=\"https:\/\/www.sabine-seyffert.de\/blog\/wp-content\/uploads\/2013\/09\/Bunte-Buchstaben-am-Band-2.jpg 800w, https:\/\/www.sabine-seyffert.de\/blog\/wp-content\/uploads\/2013\/09\/Bunte-Buchstaben-am-Band-2-300x225.jpg 300w\" sizes=\"auto, (max-width: 800px) 100vw, 800px\" \/><\/a><\/p>\n<p style=\"text-align: justify;\"><strong>So wird\u2019s gemacht:<\/strong><br \/>\nAls erstes wollte ich einfach die Buchstaben des Alphabets sowie ein paar Zahlen ausschneiden, auff\u00e4deln und als kurze Girlanden von der Zimmerdecke baumeln lassen. Daf\u00fcr habe ich die gew\u00fcnschten Buchstaben gleich auf bunten Tonkarton ausgedruckt und diese ausgeschnitten. Ein paar Zahlen sind auch dabei, denn in der Schule wird schlie\u00dflich nicht nur das ABC gelernt, sondern auch mit Zahlen gerechnet.<\/p>\n<p style=\"text-align: center;\"><a href=\"http:\/\/www.sabine-seyffert.de\/blog\/wp-content\/uploads\/2013\/09\/Bunte-Buchstaben-am-Band-3.jpg\"><img loading=\"lazy\" decoding=\"async\" class=\"alignnone size-full wp-image-2665\" src=\"http:\/\/www.sabine-seyffert.de\/blog\/wp-content\/uploads\/2013\/09\/Bunte-Buchstaben-am-Band-3.jpg\" alt=\"Bunte Buchstaben am Band 3\" width=\"800\" height=\"600\" srcset=\"https:\/\/www.sabine-seyffert.de\/blog\/wp-content\/uploads\/2013\/09\/Bunte-Buchstaben-am-Band-3.jpg 800w, https:\/\/www.sabine-seyffert.de\/blog\/wp-content\/uploads\/2013\/09\/Bunte-Buchstaben-am-Band-3-300x225.jpg 300w\" sizes=\"auto, (max-width: 800px) 100vw, 800px\" \/><\/a><\/p>\n<p style=\"text-align: justify;\">Von einer anderen Girlande, die ich noch zeigen werde, hatte ich noch allerhand bunte Kreise \u00fcbrig. Und Buchstaben allein fand ich etwas langweilig. Also habe ich auf d\u00fcnnes Nylongarn die ausgeschnittenen Buchstaben gef\u00e4delt und dazwischen immer buntes \u201eKonfetti\u201c mit den ausgestanzten Kreisen geklebt. Das klappt ganz leicht, in dem man immer zwei Kreise aufeinander klebt, so dass der Faden mittig dazwischen liegt.<\/p>\n<p style=\"text-align: center;\"><a href=\"http:\/\/www.sabine-seyffert.de\/blog\/wp-content\/uploads\/2013\/09\/Bunte-Buchstaben-am-Band-4.jpg\"><img loading=\"lazy\" decoding=\"async\" class=\"alignnone size-full wp-image-2666\" src=\"http:\/\/www.sabine-seyffert.de\/blog\/wp-content\/uploads\/2013\/09\/Bunte-Buchstaben-am-Band-4.jpg\" alt=\"Bunte Buchstaben am Band 4\" width=\"800\" height=\"600\" srcset=\"https:\/\/www.sabine-seyffert.de\/blog\/wp-content\/uploads\/2013\/09\/Bunte-Buchstaben-am-Band-4.jpg 800w, https:\/\/www.sabine-seyffert.de\/blog\/wp-content\/uploads\/2013\/09\/Bunte-Buchstaben-am-Band-4-300x225.jpg 300w\" sizes=\"auto, (max-width: 800px) 100vw, 800px\" \/><\/a><\/p>\n<p style=\"text-align: justify;\">Entstanden sind einige k\u00fcrzere Girlanden, deren Enden ich an der Decke bzw. Lampe befestigt habe. Nun baumeln von oben herab kunterbunte Buchstaben und Zahlen, ganz passend zum Schulanfang und dem ersten Schultag!<\/p>\n<p style=\"text-align: center;\"><a href=\"http:\/\/www.sabine-seyffert.de\/blog\/wp-content\/uploads\/2013\/09\/Bunte-Buchstaben-am-Band-5.jpg\"><img loading=\"lazy\" decoding=\"async\" class=\"alignnone size-full wp-image-2667\" src=\"http:\/\/www.sabine-seyffert.de\/blog\/wp-content\/uploads\/2013\/09\/Bunte-Buchstaben-am-Band-5.jpg\" alt=\"Bunte Buchstaben am Band 5\" width=\"800\" height=\"578\" srcset=\"https:\/\/www.sabine-seyffert.de\/blog\/wp-content\/uploads\/2013\/09\/Bunte-Buchstaben-am-Band-5.jpg 800w, https:\/\/www.sabine-seyffert.de\/blog\/wp-content\/uploads\/2013\/09\/Bunte-Buchstaben-am-Band-5-300x216.jpg 300w\" sizes=\"auto, (max-width: 800px) 100vw, 800px\" \/><\/a><\/p>\n<p style=\"text-align: justify;\"><strong>Ein kleiner Tipp:<\/strong><br \/>\nWer keinen Schulstart feiert, aber eine pfiffige Girlandenidee f\u00fcr andere Feste, Partys und Anl\u00e4sse sucht, kann diese ganz leicht umwandeln. Statt der Buchstaben und Zahlen kann man in dem Fall auch einfach bunte Luftballons ausschneiden, Herzen, Bl\u00fcten oder andere Motive.<\/p>\n<p style=\"text-align: center;\"><a href=\"http:\/\/www.sabine-seyffert.de\/blog\/wp-content\/uploads\/2013\/09\/Bunte-Buchstaben-am-Band-6.jpg\"><img loading=\"lazy\" decoding=\"async\" class=\"alignnone size-full wp-image-2668\" src=\"http:\/\/www.sabine-seyffert.de\/blog\/wp-content\/uploads\/2013\/09\/Bunte-Buchstaben-am-Band-6.jpg\" alt=\"Bunte Buchstaben am Band 6\" width=\"800\" height=\"515\" srcset=\"https:\/\/www.sabine-seyffert.de\/blog\/wp-content\/uploads\/2013\/09\/Bunte-Buchstaben-am-Band-6.jpg 800w, https:\/\/www.sabine-seyffert.de\/blog\/wp-content\/uploads\/2013\/09\/Bunte-Buchstaben-am-Band-6-300x193.jpg 300w\" sizes=\"auto, (max-width: 800px) 100vw, 800px\" \/><\/a><\/p>\n<p>Diejenigen, die weitere Ideen zur Einschulung suchen wie <a href=\"http:\/\/www.sabine-seyffert.de\/blog\/?p=2475\" target=\"_blank\">Einladungsideen<\/a>, <a href=\"http:\/\/www.sabine-seyffert.de\/blog\/?p=2542\" target=\"_blank\">Kuchen<\/a>, <a href=\"http:\/\/www.sabine-seyffert.de\/blog\/?p=2637\" target=\"_blank\">Schult\u00fctenkekse<\/a> oder <a href=\"http:\/\/www.sabine-seyffert.de\/blog\/?p=2591\" target=\"_blank\">Bastelein<\/a> findet diese in der <a href=\"http:\/\/www.sabine-seyffert.de\/blog\/?cat=40\" target=\"_blank\">Schulstartrubrik<\/a>.<\/p>\n<p style=\"text-align: center;\"><a href=\"http:\/\/www.sabine-seyffert.de\/blog\/wp-content\/uploads\/2013\/09\/Bunte-Buchstaben-am-Band-7.jpg\"><img loading=\"lazy\" decoding=\"async\" class=\"alignnone size-full wp-image-2669\" src=\"http:\/\/www.sabine-seyffert.de\/blog\/wp-content\/uploads\/2013\/09\/Bunte-Buchstaben-am-Band-7.jpg\" alt=\"Bunte Buchstaben am Band 7\" width=\"900\" height=\"800\" srcset=\"https:\/\/www.sabine-seyffert.de\/blog\/wp-content\/uploads\/2013\/09\/Bunte-Buchstaben-am-Band-7.jpg 900w, https:\/\/www.sabine-seyffert.de\/blog\/wp-content\/uploads\/2013\/09\/Bunte-Buchstaben-am-Band-7-300x266.jpg 300w\" sizes=\"auto, (max-width: 900px) 100vw, 900px\" \/><\/a><\/p>\n<p>Und weitere kreative Dinge, findet Ihr wie jeden Dienstag <a href=\"http:\/\/www.creadienstag.de\/2013\/09\/091.html\" target=\"_blank\">hier<\/a>.<\/p>\n<p><a href=\"http:\/\/www.sabine-seyffert.de\/blog\/?page_id=32#urheberrecht\">urheberrrechtlich gesch\u00fctzt<\/a>, \u00a9 Sabine Seyffert<\/p>\n","protected":false},"excerpt":{"rendered":"<p>Und weiter geht es noch einmal zum Thema Schulstart und einem kinderleichten, bunten DIY: Wie sch\u00f6n wenn man Ferien und somit jede Menge Zeit hat tolle Ideen auszubr\u00fcten. Vielleicht durch die Ferien bedingt oder einfach der guten Laune wegen wollte ich f\u00fcr die Einschulung gerne noch etwas Kunterbuntes haben um dies \u00fcber dem Esszimmertisch anzubringen&#8230;. <a href=\"https:\/\/www.sabine-seyffert.de\/blog\/ein-buntes-abc-zum-schulstart-diy\/\" class=\"more-link\">Read more: Ein buntes ABC zum Schulstart \/ DIY<\/a><\/p>\n","protected":false},"author":2,"featured_media":0,"comment_status":"open","ping_status":"open","sticky":false,"template":"","format":"standard","meta":{"_metis_text_type":"","_metis_text_length":2349,"_post_count":0,"footnotes":""},"categories":[12,21,40],"tags":[],"class_list":["post-2662","post","type-post","status-publish","format-standard","hentry","category-deko-ideen","category-kinderfeste-partys","category-schulstart"],"_links":{"self":[{"href":"https:\/\/www.sabine-seyffert.de\/blog\/wp-json\/wp\/v2\/posts\/2662","targetHints":{"allow":["GET"]}}],"collection":[{"href":"https:\/\/www.sabine-seyffert.de\/blog\/wp-json\/wp\/v2\/posts"}],"about":[{"href":"https:\/\/www.sabine-seyffert.de\/blog\/wp-json\/wp\/v2\/types\/post"}],"author":[{"embeddable":true,"href":"https:\/\/www.sabine-seyffert.de\/blog\/wp-json\/wp\/v2\/users\/2"}],"replies":[{"embeddable":true,"href":"https:\/\/www.sabine-seyffert.de\/blog\/wp-json\/wp\/v2\/comments?post=2662"}],"version-history":[{"count":8,"href":"https:\/\/www.sabine-seyffert.de\/blog\/wp-json\/wp\/v2\/posts\/2662\/revisions"}],"predecessor-version":[{"id":9811,"href":"https:\/\/www.sabine-seyffert.de\/blog\/wp-json\/wp\/v2\/posts\/2662\/revisions\/9811"}],"wp:attachment":[{"href":"https:\/\/www.sabine-seyffert.de\/blog\/wp-json\/wp\/v2\/media?parent=2662"}],"wp:term":[{"taxonomy":"category","embeddable":true,"href":"https:\/\/www.sabine-seyffert.de\/blog\/wp-json\/wp\/v2\/categories?post=2662"},{"taxonomy":"post_tag","embeddable":true,"href":"https:\/\/www.sabine-seyffert.de\/blog\/wp-json\/wp\/v2\/tags?post=2662"}],"curies":[{"name":"wp","href":"https:\/\/api.w.org\/{rel}","templated":true}]}}