{"id":26473,"date":"2023-11-07T06:00:55","date_gmt":"2023-11-07T04:00:55","guid":{"rendered":"https:\/\/www.sabine-seyffert.de\/blog\/?p=26473"},"modified":"2023-10-20T17:56:32","modified_gmt":"2023-10-20T15:56:32","slug":"diy-adventskranz-upcycling-adventslichter-selber-basteln","status":"publish","type":"post","link":"https:\/\/www.sabine-seyffert.de\/blog\/diy-adventskranz-upcycling-adventslichter-selber-basteln\/","title":{"rendered":"DIY Adventskranz Upcycling: Adventslichter selber basteln"},"content":{"rendered":"<p style=\"text-align: justify;\"><img loading=\"lazy\" decoding=\"async\" src=\"https:\/\/vg08.met.vgwort.de\/na\/51f64f48c9a246efbcf1ea77675ae939\" alt=\"\" width=\"1\" height=\"1\" \/>Seitdem uns vor Jahren ein Adventskranz pl\u00f6tzlich in Flammen aufging, gehe ich lieber auf Nummer sicher. Daher haben wir in den letzten Jahren oftmals <a href=\"https:\/\/www.sabine-seyffert.de\/blog\/?p=21626\" target=\"_blank\" rel=\"noopener\">selbst gemachte Adventsgl\u00e4ser<\/a> oder <a href=\"https:\/\/www.sabine-seyffert.de\/blog\/?p=21640\" target=\"_blank\" rel=\"noopener\">Adventst\u00fcten<\/a> gehabt, die man ganz einfach selber basteln und immer wieder anders gestalten kann. Zudem lassen sich diese kleine Windlichter prima als Geschenk oder Mitbringsel im Advent nutzen.<br \/>\nDieses Jahr haben wir unter anderem eine weihnachtliche Variante in rot-wei\u00df gebastelt und zum Start in die Adventszeit verschenkt. Die Gl\u00e4ser sind denen aus <a href=\"https:\/\/www.sabine-seyffert.de\/blog\/?p=11378\" target=\"_blank\" rel=\"noopener\">dieser Bastelanleitung<\/a> recht \u00e4hnlich.<\/p>\n<p style=\"text-align: center;\"><a href=\"https:\/\/www.sabine-seyffert.de\/blog\/wp-content\/uploads\/2023\/10\/Adventsglaeser-Borduere-Stoff-rot-weiss-14.jpg\"><img loading=\"lazy\" decoding=\"async\" class=\"alignnone size-full wp-image-26474\" src=\"https:\/\/www.sabine-seyffert.de\/blog\/wp-content\/uploads\/2023\/10\/Adventsglaeser-Borduere-Stoff-rot-weiss-14.jpg\" alt=\"\" width=\"800\" height=\"600\" srcset=\"https:\/\/www.sabine-seyffert.de\/blog\/wp-content\/uploads\/2023\/10\/Adventsglaeser-Borduere-Stoff-rot-weiss-14.jpg 800w, https:\/\/www.sabine-seyffert.de\/blog\/wp-content\/uploads\/2023\/10\/Adventsglaeser-Borduere-Stoff-rot-weiss-14-300x225.jpg 300w, https:\/\/www.sabine-seyffert.de\/blog\/wp-content\/uploads\/2023\/10\/Adventsglaeser-Borduere-Stoff-rot-weiss-14-768x576.jpg 768w\" sizes=\"auto, (max-width: 800px) 100vw, 800px\" \/><\/a><\/p>\n<p style=\"text-align: justify;\"><strong>Das wird gebraucht:<\/strong><br \/>\nPro \u201eAdventslichter Set\u201c insgesamt 4 leere Marmeladen-Gl\u00e4ser (meine haben allesamt die gleiche Gr\u00f6\u00dfe), uni wei\u00dfes Transparentpapier extra stark (mind. 115 g \/ m2, eine Bastelschere, ein sch\u00f6ner Baumwollstoff bzw. glatter Webstoff in der Farbkombination eurer Wahl, Kleber bzw. Klebestift, Kordel, Holzperlen, Holzkn\u00f6pfe, eine Lochzange, 4 Metall\u00f6sen, eine Nietenzange, 1 Bogen Tonpapier Din 4 4 in wei\u00df, einen PC samt Drucker oder Stempel samt Stempelkissen, ein Lineal, ein Bleistift, Radiergummi, 4 Teelichter<\/p>\n<p style=\"text-align: center;\"><a href=\"https:\/\/www.sabine-seyffert.de\/blog\/wp-content\/uploads\/2023\/10\/Adventsglaeser-Borduere-Stoff-rot-weiss-1.jpg\"><img loading=\"lazy\" decoding=\"async\" class=\"alignnone size-full wp-image-26475\" src=\"https:\/\/www.sabine-seyffert.de\/blog\/wp-content\/uploads\/2023\/10\/Adventsglaeser-Borduere-Stoff-rot-weiss-1.jpg\" alt=\"\" width=\"800\" height=\"600\" srcset=\"https:\/\/www.sabine-seyffert.de\/blog\/wp-content\/uploads\/2023\/10\/Adventsglaeser-Borduere-Stoff-rot-weiss-1.jpg 800w, https:\/\/www.sabine-seyffert.de\/blog\/wp-content\/uploads\/2023\/10\/Adventsglaeser-Borduere-Stoff-rot-weiss-1-300x225.jpg 300w, https:\/\/www.sabine-seyffert.de\/blog\/wp-content\/uploads\/2023\/10\/Adventsglaeser-Borduere-Stoff-rot-weiss-1-768x576.jpg 768w\" sizes=\"auto, (max-width: 800px) 100vw, 800px\" \/><\/a><\/p>\n<p style=\"text-align: justify;\"><strong>So wird\u2019s gemacht:<\/strong><br \/>\nAls erstes sp\u00fclt man die Gl\u00e4ser gr\u00fcndlich aus und befreit diese g\u00e4nzlich von Papierresten und Kleber, da diese ansonsten durch das Papier hindurchschimmern.<\/p>\n<p style=\"text-align: center;\"><a href=\"https:\/\/www.sabine-seyffert.de\/blog\/wp-content\/uploads\/2023\/10\/Adventsglaeser-Borduere-Stoff-rot-weiss-2.jpg\"><img loading=\"lazy\" decoding=\"async\" class=\"alignnone size-full wp-image-26480\" src=\"https:\/\/www.sabine-seyffert.de\/blog\/wp-content\/uploads\/2023\/10\/Adventsglaeser-Borduere-Stoff-rot-weiss-2.jpg\" alt=\"\" width=\"800\" height=\"600\" srcset=\"https:\/\/www.sabine-seyffert.de\/blog\/wp-content\/uploads\/2023\/10\/Adventsglaeser-Borduere-Stoff-rot-weiss-2.jpg 800w, https:\/\/www.sabine-seyffert.de\/blog\/wp-content\/uploads\/2023\/10\/Adventsglaeser-Borduere-Stoff-rot-weiss-2-300x225.jpg 300w, https:\/\/www.sabine-seyffert.de\/blog\/wp-content\/uploads\/2023\/10\/Adventsglaeser-Borduere-Stoff-rot-weiss-2-768x576.jpg 768w\" sizes=\"auto, (max-width: 800px) 100vw, 800px\" \/><\/a><\/p>\n<p style=\"text-align: justify;\">Als n\u00e4chstes misst man mit Hilfe des Lineals die genaue H\u00f6he der Gl\u00e4ser und zeichnet sich auf dem Transparentpapier in dieser Breite 4 Streifen auf.<\/p>\n<p style=\"text-align: center;\"><a href=\"https:\/\/www.sabine-seyffert.de\/blog\/wp-content\/uploads\/2023\/10\/Adventsglaeser-Borduere-Stoff-rot-weiss-3.jpg\"><img loading=\"lazy\" decoding=\"async\" class=\"alignnone size-full wp-image-26481\" src=\"https:\/\/www.sabine-seyffert.de\/blog\/wp-content\/uploads\/2023\/10\/Adventsglaeser-Borduere-Stoff-rot-weiss-3.jpg\" alt=\"\" width=\"800\" height=\"600\" srcset=\"https:\/\/www.sabine-seyffert.de\/blog\/wp-content\/uploads\/2023\/10\/Adventsglaeser-Borduere-Stoff-rot-weiss-3.jpg 800w, https:\/\/www.sabine-seyffert.de\/blog\/wp-content\/uploads\/2023\/10\/Adventsglaeser-Borduere-Stoff-rot-weiss-3-300x225.jpg 300w, https:\/\/www.sabine-seyffert.de\/blog\/wp-content\/uploads\/2023\/10\/Adventsglaeser-Borduere-Stoff-rot-weiss-3-768x576.jpg 768w\" sizes=\"auto, (max-width: 800px) 100vw, 800px\" \/><\/a><\/p>\n<p style=\"text-align: justify;\">Diese schneidet man aus und klebt sie so eng um die Marmeladengl\u00e4ser herum, so dass diese fest sitzen und nicht mehr verrutschen.<\/p>\n<p style=\"text-align: center;\"><a href=\"https:\/\/www.sabine-seyffert.de\/blog\/wp-content\/uploads\/2023\/10\/Adventsglaeser-Borduere-Stoff-rot-weiss-5.jpg\"><img loading=\"lazy\" decoding=\"async\" class=\"alignnone size-full wp-image-26482\" src=\"https:\/\/www.sabine-seyffert.de\/blog\/wp-content\/uploads\/2023\/10\/Adventsglaeser-Borduere-Stoff-rot-weiss-5.jpg\" alt=\"\" width=\"800\" height=\"600\" srcset=\"https:\/\/www.sabine-seyffert.de\/blog\/wp-content\/uploads\/2023\/10\/Adventsglaeser-Borduere-Stoff-rot-weiss-5.jpg 800w, https:\/\/www.sabine-seyffert.de\/blog\/wp-content\/uploads\/2023\/10\/Adventsglaeser-Borduere-Stoff-rot-weiss-5-300x225.jpg 300w, https:\/\/www.sabine-seyffert.de\/blog\/wp-content\/uploads\/2023\/10\/Adventsglaeser-Borduere-Stoff-rot-weiss-5-768x576.jpg 768w\" sizes=\"auto, (max-width: 800px) 100vw, 800px\" \/><\/a><\/p>\n<p style=\"text-align: justify;\">Jetzt schneidet man mit der Zackenschere aus den unterschiedlichen Stoffen d\u00fcnnere Streifen, die von der Gr\u00f6\u00dfe her als kleinere Banderole um die Gl\u00e4ser passen.<\/p>\n<p style=\"text-align: center;\"><a href=\"https:\/\/www.sabine-seyffert.de\/blog\/wp-content\/uploads\/2023\/10\/Adventsglaeser-Borduere-Stoff-rot-weiss-6.jpg\"><img loading=\"lazy\" decoding=\"async\" class=\"alignnone size-full wp-image-26483\" src=\"https:\/\/www.sabine-seyffert.de\/blog\/wp-content\/uploads\/2023\/10\/Adventsglaeser-Borduere-Stoff-rot-weiss-6.jpg\" alt=\"\" width=\"800\" height=\"600\" srcset=\"https:\/\/www.sabine-seyffert.de\/blog\/wp-content\/uploads\/2023\/10\/Adventsglaeser-Borduere-Stoff-rot-weiss-6.jpg 800w, https:\/\/www.sabine-seyffert.de\/blog\/wp-content\/uploads\/2023\/10\/Adventsglaeser-Borduere-Stoff-rot-weiss-6-300x225.jpg 300w, https:\/\/www.sabine-seyffert.de\/blog\/wp-content\/uploads\/2023\/10\/Adventsglaeser-Borduere-Stoff-rot-weiss-6-768x576.jpg 768w\" sizes=\"auto, (max-width: 800px) 100vw, 800px\" \/><\/a><\/p>\n<p style=\"text-align: justify;\">Damit jeder Advent anders aussieht, habe ich vier verschiedene Stoffe verwendet, die dennoch farblich zueinander passen. Diese Stoffstreifen klebt man mittig auf die Papierbanderole.<\/p>\n<p style=\"text-align: center;\"><a href=\"https:\/\/www.sabine-seyffert.de\/blog\/wp-content\/uploads\/2023\/10\/Adventsglaeser-Borduere-Stoff-rot-weiss-7.jpg\"><img loading=\"lazy\" decoding=\"async\" class=\"alignnone size-full wp-image-26484\" src=\"https:\/\/www.sabine-seyffert.de\/blog\/wp-content\/uploads\/2023\/10\/Adventsglaeser-Borduere-Stoff-rot-weiss-7.jpg\" alt=\"\" width=\"800\" height=\"600\" srcset=\"https:\/\/www.sabine-seyffert.de\/blog\/wp-content\/uploads\/2023\/10\/Adventsglaeser-Borduere-Stoff-rot-weiss-7.jpg 800w, https:\/\/www.sabine-seyffert.de\/blog\/wp-content\/uploads\/2023\/10\/Adventsglaeser-Borduere-Stoff-rot-weiss-7-300x225.jpg 300w, https:\/\/www.sabine-seyffert.de\/blog\/wp-content\/uploads\/2023\/10\/Adventsglaeser-Borduere-Stoff-rot-weiss-7-768x576.jpg 768w\" sizes=\"auto, (max-width: 800px) 100vw, 800px\" \/><\/a><\/p>\n<p style=\"text-align: justify;\">Nun zieht man die Kordel durch den Knopf und wickelt damit mehrere Bahnen um die Stoffbanderole, so dass der aufgef\u00e4delte Holzknopf auf der Vorderseite mittig zu sehen ist. Auf der R\u00fcckseite knotet man die Kordel Enden zusammen.<\/p>\n<p style=\"text-align: center;\"><a href=\"https:\/\/www.sabine-seyffert.de\/blog\/wp-content\/uploads\/2023\/10\/Adventsglaeser-Borduere-Stoff-rot-weiss-8.jpg\"><img loading=\"lazy\" decoding=\"async\" class=\"alignnone size-full wp-image-26485\" src=\"https:\/\/www.sabine-seyffert.de\/blog\/wp-content\/uploads\/2023\/10\/Adventsglaeser-Borduere-Stoff-rot-weiss-8.jpg\" alt=\"\" width=\"800\" height=\"600\" srcset=\"https:\/\/www.sabine-seyffert.de\/blog\/wp-content\/uploads\/2023\/10\/Adventsglaeser-Borduere-Stoff-rot-weiss-8.jpg 800w, https:\/\/www.sabine-seyffert.de\/blog\/wp-content\/uploads\/2023\/10\/Adventsglaeser-Borduere-Stoff-rot-weiss-8-300x225.jpg 300w, https:\/\/www.sabine-seyffert.de\/blog\/wp-content\/uploads\/2023\/10\/Adventsglaeser-Borduere-Stoff-rot-weiss-8-768x576.jpg 768w\" sizes=\"auto, (max-width: 800px) 100vw, 800px\" \/><\/a><\/p>\n<p style=\"text-align: justify;\">F\u00fcr jeden Advent habe ich mir auf das Tonpapier den entsprechenden Schriftzug gedruckt und als Wimpel zugeschnitten. In diese stanzt man mit der Lochzange eine \u00d6ffnung, und befestigt mit der Nietenzange die kleinen Metall\u00f6sen darin.<\/p>\n<p style=\"text-align: center;\"><a href=\"https:\/\/www.sabine-seyffert.de\/blog\/wp-content\/uploads\/2023\/10\/Adventsglaeser-Borduere-Stoff-rot-weiss-9.jpg\"><img loading=\"lazy\" decoding=\"async\" class=\"alignnone size-full wp-image-26486\" src=\"https:\/\/www.sabine-seyffert.de\/blog\/wp-content\/uploads\/2023\/10\/Adventsglaeser-Borduere-Stoff-rot-weiss-9.jpg\" alt=\"\" width=\"800\" height=\"600\" srcset=\"https:\/\/www.sabine-seyffert.de\/blog\/wp-content\/uploads\/2023\/10\/Adventsglaeser-Borduere-Stoff-rot-weiss-9.jpg 800w, https:\/\/www.sabine-seyffert.de\/blog\/wp-content\/uploads\/2023\/10\/Adventsglaeser-Borduere-Stoff-rot-weiss-9-300x225.jpg 300w, https:\/\/www.sabine-seyffert.de\/blog\/wp-content\/uploads\/2023\/10\/Adventsglaeser-Borduere-Stoff-rot-weiss-9-768x576.jpg 768w\" sizes=\"auto, (max-width: 800px) 100vw, 800px\" \/><\/a><\/p>\n<p style=\"text-align: justify;\">So k\u00f6nnen die Schilder nicht einrei\u00dfen!<\/p>\n<p style=\"text-align: center;\"><a href=\"https:\/\/www.sabine-seyffert.de\/blog\/wp-content\/uploads\/2023\/10\/Adventsglaeser-Borduere-Stoff-rot-weiss-10.jpg\"><img loading=\"lazy\" decoding=\"async\" class=\"alignnone size-full wp-image-26487\" src=\"https:\/\/www.sabine-seyffert.de\/blog\/wp-content\/uploads\/2023\/10\/Adventsglaeser-Borduere-Stoff-rot-weiss-10.jpg\" alt=\"\" width=\"800\" height=\"600\" srcset=\"https:\/\/www.sabine-seyffert.de\/blog\/wp-content\/uploads\/2023\/10\/Adventsglaeser-Borduere-Stoff-rot-weiss-10.jpg 800w, https:\/\/www.sabine-seyffert.de\/blog\/wp-content\/uploads\/2023\/10\/Adventsglaeser-Borduere-Stoff-rot-weiss-10-300x225.jpg 300w, https:\/\/www.sabine-seyffert.de\/blog\/wp-content\/uploads\/2023\/10\/Adventsglaeser-Borduere-Stoff-rot-weiss-10-768x576.jpg 768w\" sizes=\"auto, (max-width: 800px) 100vw, 800px\" \/><\/a><\/p>\n<p style=\"text-align: justify;\">Jedes Schild habe ich an einem Glas mit Kordel oben befestigt und zus\u00e4tzlich, dem jeweiligen Advent entsprechend, kleine rote Holzperlen aufgef\u00e4delt.<\/p>\n<p style=\"text-align: center;\"><a href=\"https:\/\/www.sabine-seyffert.de\/blog\/wp-content\/uploads\/2023\/10\/Adventsglaeser-Borduere-Stoff-rot-weiss-11.jpg\"><img loading=\"lazy\" decoding=\"async\" class=\"alignnone size-full wp-image-26479\" src=\"https:\/\/www.sabine-seyffert.de\/blog\/wp-content\/uploads\/2023\/10\/Adventsglaeser-Borduere-Stoff-rot-weiss-11.jpg\" alt=\"\" width=\"800\" height=\"600\" srcset=\"https:\/\/www.sabine-seyffert.de\/blog\/wp-content\/uploads\/2023\/10\/Adventsglaeser-Borduere-Stoff-rot-weiss-11.jpg 800w, https:\/\/www.sabine-seyffert.de\/blog\/wp-content\/uploads\/2023\/10\/Adventsglaeser-Borduere-Stoff-rot-weiss-11-300x225.jpg 300w, https:\/\/www.sabine-seyffert.de\/blog\/wp-content\/uploads\/2023\/10\/Adventsglaeser-Borduere-Stoff-rot-weiss-11-768x576.jpg 768w\" sizes=\"auto, (max-width: 800px) 100vw, 800px\" \/><\/a><\/p>\n<p style=\"text-align: justify;\">Zum Schluss die Adventslichter noch mit Kerzen oder Teelichter best\u00fccken und die Adventszeit kann beginnen!<\/p>\n<p style=\"text-align: center;\"><a href=\"https:\/\/www.sabine-seyffert.de\/blog\/wp-content\/uploads\/2023\/10\/Adventsglaeser-Borduere-Stoff-rot-weiss-15.jpg\"><img loading=\"lazy\" decoding=\"async\" class=\"alignnone size-full wp-image-26478\" src=\"https:\/\/www.sabine-seyffert.de\/blog\/wp-content\/uploads\/2023\/10\/Adventsglaeser-Borduere-Stoff-rot-weiss-15.jpg\" alt=\"\" width=\"800\" height=\"600\" srcset=\"https:\/\/www.sabine-seyffert.de\/blog\/wp-content\/uploads\/2023\/10\/Adventsglaeser-Borduere-Stoff-rot-weiss-15.jpg 800w, https:\/\/www.sabine-seyffert.de\/blog\/wp-content\/uploads\/2023\/10\/Adventsglaeser-Borduere-Stoff-rot-weiss-15-300x225.jpg 300w, https:\/\/www.sabine-seyffert.de\/blog\/wp-content\/uploads\/2023\/10\/Adventsglaeser-Borduere-Stoff-rot-weiss-15-768x576.jpg 768w\" sizes=\"auto, (max-width: 800px) 100vw, 800px\" \/><\/a><\/p>\n<p>Noch andere tolle Adventskranz Ideen zum Selbermachen findet ihr hier:<br \/>\n* <a href=\"https:\/\/www.sabine-seyffert.de\/blog\/?p=17754\" target=\"_blank\" rel=\"noopener\">Edle Adventslichter mit Tannenbaum in T\u00fctenform<\/a><br \/>\n* <a href=\"https:\/\/www.sabine-seyffert.de\/blog\/?p=21640\" target=\"_blank\" rel=\"noopener\">Bunten Adventskranz mit Kindern basteln<\/a><br \/>\n* <a href=\"https:\/\/www.sabine-seyffert.de\/blog\/?p=24379\" target=\"_blank\" rel=\"noopener\">DIY Geschenkidee: Adventskranz to go<\/a><br \/>\n* <a href=\"https:\/\/www.sabine-seyffert.de\/blog\/?p=11422\" target=\"_blank\" rel=\"noopener\">Last Minute Adventst\u00fcten mit Zahlen aus Stoff<\/a><br \/>\n* <a href=\"https:\/\/www.sabine-seyffert.de\/blog\/?p=15395\" target=\"_blank\" rel=\"noopener\">Adventsgl\u00e4ser mit Zahlen<\/a><br \/>\n* <a href=\"https:\/\/www.sabine-seyffert.de\/blog\/?p=21626\" target=\"_blank\" rel=\"noopener\">Adventsgl\u00e4ser mit Weihnachtsb\u00e4umen<\/a><br \/>\n* <a href=\"https:\/\/www.sabine-seyffert.de\/blog\/?p=11378\" target=\"_blank\" rel=\"noopener\">Adventsgl\u00e4ser in Naturfarben<\/a><br \/>\n* <a href=\"https:\/\/www.sabine-seyffert.de\/blog\/?p=13610\" target=\"_blank\" rel=\"noopener\">Ein pfiffiger Adventskranz zum Backen<\/a><br \/>\n* <a href=\"https:\/\/www.sabine-seyffert.de\/blog\/?p=13581\" target=\"_blank\" rel=\"noopener\">Adventskalender H\u00e4user aus Milchkartons<\/a><br \/>\n* <a href=\"https:\/\/www.sabine-seyffert.de\/blog\/?p=8929\" target=\"_blank\" rel=\"noopener\">Adventsgl\u00e4ser mit Zahlen aus Buchseiten<\/a><\/p>\n<p style=\"text-align: center;\"><a href=\"https:\/\/www.sabine-seyffert.de\/blog\/wp-content\/uploads\/2023\/10\/Adventsglaeser-Borduere-Stoff-rot-weiss-13.jpg\"><img loading=\"lazy\" decoding=\"async\" class=\"alignnone size-full wp-image-26477\" src=\"https:\/\/www.sabine-seyffert.de\/blog\/wp-content\/uploads\/2023\/10\/Adventsglaeser-Borduere-Stoff-rot-weiss-13.jpg\" alt=\"\" width=\"800\" height=\"600\" srcset=\"https:\/\/www.sabine-seyffert.de\/blog\/wp-content\/uploads\/2023\/10\/Adventsglaeser-Borduere-Stoff-rot-weiss-13.jpg 800w, https:\/\/www.sabine-seyffert.de\/blog\/wp-content\/uploads\/2023\/10\/Adventsglaeser-Borduere-Stoff-rot-weiss-13-300x225.jpg 300w, https:\/\/www.sabine-seyffert.de\/blog\/wp-content\/uploads\/2023\/10\/Adventsglaeser-Borduere-Stoff-rot-weiss-13-768x576.jpg 768w\" sizes=\"auto, (max-width: 800px) 100vw, 800px\" \/><\/a><\/p>\n<p style=\"text-align: justify;\">Alle Bastelideen zum Nachmachen f\u00fcr die Weihnachtszeit findet ihr in <a href=\"https:\/\/www.sabine-seyffert.de\/blog\/?cat=41\" target=\"_blank\" rel=\"noopener\">dieser Rubrik<\/a>, weitere tolle Deko Ideen in <a href=\"https:\/\/www.sabine-seyffert.de\/blog\/?cat=12\" target=\"_blank\" rel=\"noopener\">dieser Kategorien<\/a>, selbst gemachte Geschenkideen in <a href=\"https:\/\/www.sabine-seyffert.de\/blog\/?cat=36\" target=\"_blank\" rel=\"noopener\">diesem Ordner<\/a> und Bastelanleitung zum Thema Upcycling findet ihr <a href=\"https:\/\/www.sabine-seyffert.de\/blog\/?cat=47\" target=\"_blank\" rel=\"noopener\">hier<\/a>.<\/p>\n<p style=\"text-align: center;\"><a href=\"https:\/\/www.sabine-seyffert.de\/blog\/wp-content\/uploads\/2023\/10\/Adventsglaeser-Borduere-Stoff-rot-weiss-12.jpg\"><img loading=\"lazy\" decoding=\"async\" class=\"alignnone size-full wp-image-26476\" src=\"https:\/\/www.sabine-seyffert.de\/blog\/wp-content\/uploads\/2023\/10\/Adventsglaeser-Borduere-Stoff-rot-weiss-12.jpg\" alt=\"\" width=\"800\" height=\"600\" srcset=\"https:\/\/www.sabine-seyffert.de\/blog\/wp-content\/uploads\/2023\/10\/Adventsglaeser-Borduere-Stoff-rot-weiss-12.jpg 800w, https:\/\/www.sabine-seyffert.de\/blog\/wp-content\/uploads\/2023\/10\/Adventsglaeser-Borduere-Stoff-rot-weiss-12-300x225.jpg 300w, https:\/\/www.sabine-seyffert.de\/blog\/wp-content\/uploads\/2023\/10\/Adventsglaeser-Borduere-Stoff-rot-weiss-12-768x576.jpg 768w\" sizes=\"auto, (max-width: 800px) 100vw, 800px\" \/><\/a><\/p>\n<p style=\"text-align: justify;\"><a href=\"https:\/\/www.sabine-seyffert.de\/blog\/?page_id=32#urheberrecht\">urheberrechtlich gesch\u00fctzt<\/a>, \u00a9 Sabine Seyffert<\/p>\n","protected":false},"excerpt":{"rendered":"<p>Seitdem uns vor Jahren ein Adventskranz pl\u00f6tzlich in Flammen aufging, gehe ich lieber auf Nummer sicher. Daher haben wir in den letzten Jahren oftmals selbst gemachte Adventsgl\u00e4ser oder Adventst\u00fcten gehabt, die man ganz einfach selber basteln und immer wieder anders gestalten kann. Zudem lassen sich diese kleine Windlichter prima als Geschenk oder Mitbringsel im Advent&#8230; <a href=\"https:\/\/www.sabine-seyffert.de\/blog\/diy-adventskranz-upcycling-adventslichter-selber-basteln\/\" class=\"more-link\">Read more: DIY Adventskranz Upcycling: Adventslichter selber basteln<\/a><\/p>\n","protected":false},"author":2,"featured_media":0,"comment_status":"open","ping_status":"open","sticky":false,"template":"","format":"standard","meta":{"_metis_text_type":"","_metis_text_length":3415,"_post_count":0,"footnotes":""},"categories":[41,12,47],"tags":[],"class_list":["post-26473","post","type-post","status-publish","format-standard","hentry","category-weihnachten","category-deko-ideen","category-upcyceltes"],"_links":{"self":[{"href":"https:\/\/www.sabine-seyffert.de\/blog\/wp-json\/wp\/v2\/posts\/26473","targetHints":{"allow":["GET"]}}],"collection":[{"href":"https:\/\/www.sabine-seyffert.de\/blog\/wp-json\/wp\/v2\/posts"}],"about":[{"href":"https:\/\/www.sabine-seyffert.de\/blog\/wp-json\/wp\/v2\/types\/post"}],"author":[{"embeddable":true,"href":"https:\/\/www.sabine-seyffert.de\/blog\/wp-json\/wp\/v2\/users\/2"}],"replies":[{"embeddable":true,"href":"https:\/\/www.sabine-seyffert.de\/blog\/wp-json\/wp\/v2\/comments?post=26473"}],"version-history":[{"count":2,"href":"https:\/\/www.sabine-seyffert.de\/blog\/wp-json\/wp\/v2\/posts\/26473\/revisions"}],"predecessor-version":[{"id":26489,"href":"https:\/\/www.sabine-seyffert.de\/blog\/wp-json\/wp\/v2\/posts\/26473\/revisions\/26489"}],"wp:attachment":[{"href":"https:\/\/www.sabine-seyffert.de\/blog\/wp-json\/wp\/v2\/media?parent=26473"}],"wp:term":[{"taxonomy":"category","embeddable":true,"href":"https:\/\/www.sabine-seyffert.de\/blog\/wp-json\/wp\/v2\/categories?post=26473"},{"taxonomy":"post_tag","embeddable":true,"href":"https:\/\/www.sabine-seyffert.de\/blog\/wp-json\/wp\/v2\/tags?post=26473"}],"curies":[{"name":"wp","href":"https:\/\/api.w.org\/{rel}","templated":true}]}}