{"id":2637,"date":"2013-09-16T06:49:48","date_gmt":"2013-09-16T04:49:48","guid":{"rendered":"http:\/\/www.sabine-seyffert.de\/blog\/?p=2637"},"modified":"2017-03-06T12:31:22","modified_gmt":"2017-03-06T10:31:22","slug":"knusprige-schultuten-zum-schulstart","status":"publish","type":"post","link":"https:\/\/www.sabine-seyffert.de\/blog\/knusprige-schultuten-zum-schulstart\/","title":{"rendered":"Knusprige Schult\u00fcten zum Schulstart"},"content":{"rendered":"<p style=\"text-align: justify;\"><img loading=\"lazy\" decoding=\"async\" class=\"alignright\" src=\"https:\/\/ssl-vg03.met.vgwort.de\/na\/21128de73a0d4708b295fbdf4d9034db\" alt=\"\" width=\"1\" height=\"1\" \/>Vor einiger Zeit fiel mir durch Zufall ein Pl\u00e4tzchenausstecher in Form einer Schult\u00fcte in die H\u00e4nde. In Hinblick auf den Schulstart meiner j\u00fcngsten Tochter konnte ich daran nat\u00fcrlich nicht vorbei gehen ohne diesen mitzunehmen\u2026<\/p>\n<p style=\"text-align: justify;\"><a href=\"http:\/\/www.sabine-seyffert.de\/blog\/wp-content\/uploads\/2013\/09\/Schult\u00fctenkekse-1.jpg\"><img loading=\"lazy\" decoding=\"async\" class=\"alignnone size-full wp-image-2639\" src=\"http:\/\/www.sabine-seyffert.de\/blog\/wp-content\/uploads\/2013\/09\/Schult\u00fctenkekse-1.jpg\" alt=\"Schult\u00fctenkekse 1\" width=\"800\" height=\"533\" srcset=\"https:\/\/www.sabine-seyffert.de\/blog\/wp-content\/uploads\/2013\/09\/Schult\u00fctenkekse-1.jpg 800w, https:\/\/www.sabine-seyffert.de\/blog\/wp-content\/uploads\/2013\/09\/Schult\u00fctenkekse-1-300x199.jpg 300w\" sizes=\"auto, (max-width: 800px) 100vw, 800px\" \/><\/a><\/p>\n<p style=\"text-align: justify;\">Das gro\u00dfe Ereignis r\u00fcckte n\u00e4her und so habe ich zwei Tage vor der Einschulungsfeier einen <a href=\"http:\/\/www.sabine-seyffert.de\/blog\/?p=1074\" target=\"_blank\">leckeren Pl\u00e4tzchenteig<\/a> zubereitet, der allen gut schmeckt und recht schnell geht.<\/p>\n<p style=\"text-align: center;\"><a href=\"http:\/\/www.sabine-seyffert.de\/blog\/wp-content\/uploads\/2013\/09\/Schult\u00fctenkekse-2.jpg\"><img loading=\"lazy\" decoding=\"async\" class=\"alignnone size-full wp-image-2640\" src=\"http:\/\/www.sabine-seyffert.de\/blog\/wp-content\/uploads\/2013\/09\/Schult\u00fctenkekse-2.jpg\" alt=\"Schult\u00fctenkekse 2\" width=\"800\" height=\"638\" srcset=\"https:\/\/www.sabine-seyffert.de\/blog\/wp-content\/uploads\/2013\/09\/Schult\u00fctenkekse-2.jpg 800w, https:\/\/www.sabine-seyffert.de\/blog\/wp-content\/uploads\/2013\/09\/Schult\u00fctenkekse-2-300x239.jpg 300w\" sizes=\"auto, (max-width: 800px) 100vw, 800px\" \/><\/a><\/p>\n<p style=\"text-align: justify;\"><strong>Das wird gebraucht:<\/strong><br \/>\n250 g Mehl, 150 g weiche Butter, 125 g Zucker, 1 Ei, etwas gemahlene Vanille sowie 1 P\u00e4ckchen Vanillezucker, etwas Mehl zum Ausrollen<\/p>\n<p style=\"text-align: center;\"><a href=\"http:\/\/www.sabine-seyffert.de\/blog\/wp-content\/uploads\/2013\/09\/Schult\u00fctenkekse-3.jpg\"><img loading=\"lazy\" decoding=\"async\" class=\"alignnone size-full wp-image-2641\" src=\"http:\/\/www.sabine-seyffert.de\/blog\/wp-content\/uploads\/2013\/09\/Schult\u00fctenkekse-3.jpg\" alt=\"Schult\u00fctenkekse 3\" width=\"800\" height=\"767\" srcset=\"https:\/\/www.sabine-seyffert.de\/blog\/wp-content\/uploads\/2013\/09\/Schult\u00fctenkekse-3.jpg 800w, https:\/\/www.sabine-seyffert.de\/blog\/wp-content\/uploads\/2013\/09\/Schult\u00fctenkekse-3-300x287.jpg 300w\" sizes=\"auto, (max-width: 800px) 100vw, 800px\" \/><\/a><\/p>\n<p style=\"text-align: justify;\"><strong>So wird\u2019s gemacht:<\/strong><br \/>\nMeine Tochter backt gerne und wollte unbedingt die Schult\u00fcten ausstechen. Aber was auf den ersten Blick toll aussieht, stellt sich in der Praxis manchmal als kniffelig heraus. Die Zuckert\u00fcten wollten sich partout nicht aus dem Ausstecher l\u00f6sen und kamen als zerbrochene Kleinteile heraus. Beim zweiten Anlauf haben wir den Teig dicker ausgerollt und die ausgestochenen Kekse dann mit Hilfe eines scharfen Messers herausgetrennt. Dies hat jedoch deutlich l\u00e4nger gedauert als geplant und nach 2 Blechen war die gute Laune hin.<\/p>\n<p style=\"text-align: center;\"><a href=\"http:\/\/www.sabine-seyffert.de\/blog\/wp-content\/uploads\/2013\/09\/Schult\u00fctenkekse-4.jpg\"><img loading=\"lazy\" decoding=\"async\" class=\"alignnone size-full wp-image-2642\" src=\"http:\/\/www.sabine-seyffert.de\/blog\/wp-content\/uploads\/2013\/09\/Schult\u00fctenkekse-4.jpg\" alt=\"Schult\u00fctenkekse 4\" width=\"800\" height=\"667\" srcset=\"https:\/\/www.sabine-seyffert.de\/blog\/wp-content\/uploads\/2013\/09\/Schult\u00fctenkekse-4.jpg 800w, https:\/\/www.sabine-seyffert.de\/blog\/wp-content\/uploads\/2013\/09\/Schult\u00fctenkekse-4-300x250.jpg 300w\" sizes=\"auto, (max-width: 800px) 100vw, 800px\" \/><\/a><\/p>\n<p style=\"text-align: justify;\">Unsere Idee war bei der Einschulungsfeier jedem Gast eine dieser kleinen Schult\u00fcten mit auf den Teller zu legen und den Tisch damit zu dekorieren. So essbare Deko kommt auf Feiern immer gut an. Besonders bei den kleinen G\u00e4sten.<\/p>\n<p style=\"text-align: center;\"><a href=\"http:\/\/www.sabine-seyffert.de\/blog\/wp-content\/uploads\/2013\/09\/Schult\u00fctenkekse-5.jpg\"><img loading=\"lazy\" decoding=\"async\" class=\"alignnone size-full wp-image-2643\" src=\"http:\/\/www.sabine-seyffert.de\/blog\/wp-content\/uploads\/2013\/09\/Schult\u00fctenkekse-5.jpg\" alt=\"Schult\u00fctenkekse 5\" width=\"680\" height=\"550\" srcset=\"https:\/\/www.sabine-seyffert.de\/blog\/wp-content\/uploads\/2013\/09\/Schult\u00fctenkekse-5.jpg 680w, https:\/\/www.sabine-seyffert.de\/blog\/wp-content\/uploads\/2013\/09\/Schult\u00fctenkekse-5-300x242.jpg 300w\" sizes=\"auto, (max-width: 680px) 100vw, 680px\" \/><\/a><\/p>\n<p style=\"text-align: justify;\">Nachdem wir einen den Vormittag mit dem Ausstechen der Schult\u00fcten besch\u00e4ftigt waren, hatten meine J\u00fcngste und ich keinerlei Lust mehr die frisch gebackenen Kekse zu verzieren. Wie gut wenn man mehrere Kinder hat und eins davon von Langeweile geplagt wird.<\/p>\n<p style=\"text-align: center;\"><a href=\"http:\/\/www.sabine-seyffert.de\/blog\/wp-content\/uploads\/2013\/09\/Schult\u00fctenkekse-6.jpg\"><img loading=\"lazy\" decoding=\"async\" class=\"alignnone size-full wp-image-2644\" src=\"http:\/\/www.sabine-seyffert.de\/blog\/wp-content\/uploads\/2013\/09\/Schult\u00fctenkekse-6.jpg\" alt=\"Schult\u00fctenkekse 6\" width=\"787\" height=\"647\" srcset=\"https:\/\/www.sabine-seyffert.de\/blog\/wp-content\/uploads\/2013\/09\/Schult\u00fctenkekse-6.jpg 787w, https:\/\/www.sabine-seyffert.de\/blog\/wp-content\/uploads\/2013\/09\/Schult\u00fctenkekse-6-300x246.jpg 300w\" sizes=\"auto, (max-width: 787px) 100vw, 787px\" \/><\/a><\/p>\n<p style=\"text-align: justify;\">Gegen Langeweile hilft kreatives Werkeln ungemein und somit bekam dieses Kind nun die ehrenvolle Aufgabe zugeteilt, die gebackenen Schult\u00fcten in bunte zu verwandeln. Herausgekommen sind herrlich bunte Schult\u00fctenkekse, genau richtig zum bevorstehenden Anlass.<\/p>\n<p style=\"text-align: center;\"><a href=\"http:\/\/www.sabine-seyffert.de\/blog\/wp-content\/uploads\/2013\/09\/Schult\u00fctenkekse-7.jpg\"><img loading=\"lazy\" decoding=\"async\" class=\"alignnone size-full wp-image-2645\" src=\"http:\/\/www.sabine-seyffert.de\/blog\/wp-content\/uploads\/2013\/09\/Schult\u00fctenkekse-7.jpg\" alt=\"Schult\u00fctenkekse 7\" width=\"800\" height=\"600\" srcset=\"https:\/\/www.sabine-seyffert.de\/blog\/wp-content\/uploads\/2013\/09\/Schult\u00fctenkekse-7.jpg 800w, https:\/\/www.sabine-seyffert.de\/blog\/wp-content\/uploads\/2013\/09\/Schult\u00fctenkekse-7-300x225.jpg 300w\" sizes=\"auto, (max-width: 800px) 100vw, 800px\" \/><\/a><\/p>\n<p style=\"text-align: justify;\">Meiner Tochter fiel dann pl\u00f6tzlich ein, dass es ungerecht ist, wenn nur die Kinder zum Schulstart eine Schult\u00fcte bekommen. Und weil das nat\u00fcrlich nicht sein darf, hat sie f\u00fcr ihre Lehrerin eine kleine Schult\u00fcte gebastelt, mit buntem Konfetti verziert (\u00e4hnlich wie <a href=\"http:\/\/www.sabine-seyffert.de\/blog\/?p=340\" target=\"_blank\">hier<\/a>) und diese mit einigen der gebackenen Schult\u00fcten gef\u00fcllt.<\/p>\n<p style=\"text-align: center;\"><a href=\"http:\/\/www.sabine-seyffert.de\/blog\/wp-content\/uploads\/2013\/09\/Schult\u00fctenkekse-8.jpg\"><img loading=\"lazy\" decoding=\"async\" class=\"alignnone size-full wp-image-2646\" src=\"http:\/\/www.sabine-seyffert.de\/blog\/wp-content\/uploads\/2013\/09\/Schult\u00fctenkekse-8.jpg\" alt=\"Schult\u00fctenkekse 8\" width=\"600\" height=\"800\" srcset=\"https:\/\/www.sabine-seyffert.de\/blog\/wp-content\/uploads\/2013\/09\/Schult\u00fctenkekse-8.jpg 600w, https:\/\/www.sabine-seyffert.de\/blog\/wp-content\/uploads\/2013\/09\/Schult\u00fctenkekse-8-225x300.jpg 225w\" sizes=\"auto, (max-width: 600px) 100vw, 600px\" \/><\/a><\/p>\n<p style=\"text-align: justify;\">Da sich der Sommer bei der Einschulungsfeier von seiner besten Seite zeigte und uns super Sonnenschein bei 30 Grad bescherte, haben wir die Feier spontan nach Drau\u00dfen verlegt. Dort die Teller mit den Keksen zu dekorieren, war aufgrund der Hitze schlichtweg unm\u00f6glich. Aber Drinnen beim Kuchenbuffet kamen die Schult\u00fcten auch sehr gut an!<\/p>\n<p style=\"text-align: center;\"><a href=\"http:\/\/www.sabine-seyffert.de\/blog\/wp-content\/uploads\/2013\/09\/Schult\u00fctenkekse-10.jpg\"><img loading=\"lazy\" decoding=\"async\" class=\"alignnone size-full wp-image-2647\" src=\"http:\/\/www.sabine-seyffert.de\/blog\/wp-content\/uploads\/2013\/09\/Schult\u00fctenkekse-10.jpg\" alt=\"Schult\u00fctenkekse 10\" width=\"800\" height=\"600\" srcset=\"https:\/\/www.sabine-seyffert.de\/blog\/wp-content\/uploads\/2013\/09\/Schult\u00fctenkekse-10.jpg 800w, https:\/\/www.sabine-seyffert.de\/blog\/wp-content\/uploads\/2013\/09\/Schult\u00fctenkekse-10-300x225.jpg 300w\" sizes=\"auto, (max-width: 800px) 100vw, 800px\" \/><\/a><\/p>\n<p style=\"text-align: justify;\">Die knusprigen Kekse schicke ich zu <a href=\"http:\/\/nozdesign.blogspot.de\/2013\/09\/my-monday-mhhhhhh-40.html\" target=\"_blank\">Katjas My Monday Mhhhhhh<\/a> in die Rezept Galerie, in die ich letzte Woche bereits die <a href=\"http:\/\/www.sabine-seyffert.de\/blog\/?p=2542\" target=\"_blank\">Schult\u00fctentorte<\/a> eingereiht habe. Und wer neugierig ist, was es zum Schulstart bei uns noch so gab, kann <a href=\"http:\/\/www.sabine-seyffert.de\/blog\/?cat=40\" target=\"_blank\">hier<\/a> in aller Ruhe st\u00f6bern&#8230;<\/p>\n<p><a href=\"http:\/\/www.sabine-seyffert.de\/blog\/?page_id=32#urheberrecht\">urheberrechtlich gesch\u00fctzt<\/a>, \u00a9 Sabine Seyffert<\/p>\n","protected":false},"excerpt":{"rendered":"<p>Vor einiger Zeit fiel mir durch Zufall ein Pl\u00e4tzchenausstecher in Form einer Schult\u00fcte in die H\u00e4nde. In Hinblick auf den Schulstart meiner j\u00fcngsten Tochter konnte ich daran nat\u00fcrlich nicht vorbei gehen ohne diesen mitzunehmen\u2026 Das gro\u00dfe Ereignis r\u00fcckte n\u00e4her und so habe ich zwei Tage vor der Einschulungsfeier einen leckeren Pl\u00e4tzchenteig zubereitet, der allen gut&#8230; <a href=\"https:\/\/www.sabine-seyffert.de\/blog\/knusprige-schultuten-zum-schulstart\/\" class=\"more-link\">Read more: Knusprige Schult\u00fcten zum Schulstart<\/a><\/p>\n","protected":false},"author":2,"featured_media":0,"comment_status":"open","ping_status":"open","sticky":false,"template":"","format":"standard","meta":{"_metis_text_type":"","_metis_text_length":2808,"_post_count":0,"footnotes":""},"categories":[43,31,40],"tags":[],"class_list":["post-2637","post","type-post","status-publish","format-standard","hentry","category-geschenke-aus-der-kueche","category-rezepte-suse-kuchen-co","category-schulstart"],"_links":{"self":[{"href":"https:\/\/www.sabine-seyffert.de\/blog\/wp-json\/wp\/v2\/posts\/2637","targetHints":{"allow":["GET"]}}],"collection":[{"href":"https:\/\/www.sabine-seyffert.de\/blog\/wp-json\/wp\/v2\/posts"}],"about":[{"href":"https:\/\/www.sabine-seyffert.de\/blog\/wp-json\/wp\/v2\/types\/post"}],"author":[{"embeddable":true,"href":"https:\/\/www.sabine-seyffert.de\/blog\/wp-json\/wp\/v2\/users\/2"}],"replies":[{"embeddable":true,"href":"https:\/\/www.sabine-seyffert.de\/blog\/wp-json\/wp\/v2\/comments?post=2637"}],"version-history":[{"count":15,"href":"https:\/\/www.sabine-seyffert.de\/blog\/wp-json\/wp\/v2\/posts\/2637\/revisions"}],"predecessor-version":[{"id":4998,"href":"https:\/\/www.sabine-seyffert.de\/blog\/wp-json\/wp\/v2\/posts\/2637\/revisions\/4998"}],"wp:attachment":[{"href":"https:\/\/www.sabine-seyffert.de\/blog\/wp-json\/wp\/v2\/media?parent=2637"}],"wp:term":[{"taxonomy":"category","embeddable":true,"href":"https:\/\/www.sabine-seyffert.de\/blog\/wp-json\/wp\/v2\/categories?post=2637"},{"taxonomy":"post_tag","embeddable":true,"href":"https:\/\/www.sabine-seyffert.de\/blog\/wp-json\/wp\/v2\/tags?post=2637"}],"curies":[{"name":"wp","href":"https:\/\/api.w.org\/{rel}","templated":true}]}}