{"id":26313,"date":"2023-10-09T06:00:13","date_gmt":"2023-10-09T04:00:13","guid":{"rendered":"https:\/\/www.sabine-seyffert.de\/blog\/?p=26313"},"modified":"2024-07-02T10:32:32","modified_gmt":"2024-07-02T08:32:32","slug":"basteln-fuer-das-laternenfest-fledermaeuse-aus-plastikflasche","status":"publish","type":"post","link":"https:\/\/www.sabine-seyffert.de\/blog\/basteln-fuer-das-laternenfest-fledermaeuse-aus-plastikflasche\/","title":{"rendered":"Basteln f\u00fcr das Laternenfest: Flederm\u00e4use aus Plastikflasche"},"content":{"rendered":"<p style=\"text-align: justify;\"><img loading=\"lazy\" decoding=\"async\" src=\"https:\/\/vg08.met.vgwort.de\/na\/a6883f98a468474381af96bf280c15e9\" alt=\"\" width=\"1\" height=\"1\" \/>Nach der s\u00fc\u00dfen <a href=\"https:\/\/www.sabine-seyffert.de\/blog\/?p=26258\" target=\"_blank\" rel=\"noopener\">Faultier Laterne<\/a>, die ganz einfach aus einer leeren K\u00e4seschachtel gebastelt werden kann sowie der <a href=\"https:\/\/www.sabine-seyffert.de\/blog\/?p=26307\" target=\"_blank\" rel=\"noopener\">entspannten Massage Geschichte<\/a> zum Thema, gibt es noch eine zweite Laternen Idee f\u00fcr St. Martin und die sch\u00f6ne Laternenzeit. Und zwar eine Laterne mit kleinen Flederm\u00e4usen, die aus einer leeren PET Flasche gemacht ist. Ich mag diese Laternen, die sich aus leeren Sp\u00fclmittel Flaschen o.\u00e4. selbermachen lassen. Denn zum einen sind diese wirklich schnell gebastelt, zum anderen sind diese perfekt f\u00fcr j\u00fcngere Kinder geeignet, da sie recht klein und sch\u00f6n leicht zu tragen sind. Als 4fache Mutter kenne ich genug Laternen, die \u00fcblicherweise in Kindergarten und Grundschule gebastelt werden und oftmals viel zu gro\u00df und schwer f\u00fcr die Kinder sind. Ein weiterer Vorteil dieser Upcycling Laternen ist, dass sie auch mal etwas nass werden d\u00fcrfen, ohne das gleich die gesamte Laterne aufweicht und anschlie\u00dfend entsorgt werden muss.<\/p>\n<p style=\"text-align: center;\"><a href=\"https:\/\/www.sabine-seyffert.de\/blog\/wp-content\/uploads\/2023\/09\/Laterne-Fledermaeuse-Sabine-Seyffert.de-1.jpg\"><img loading=\"lazy\" decoding=\"async\" class=\"alignnone size-full wp-image-26315\" src=\"https:\/\/www.sabine-seyffert.de\/blog\/wp-content\/uploads\/2023\/09\/Laterne-Fledermaeuse-Sabine-Seyffert.de-1.jpg\" alt=\"\" width=\"800\" height=\"600\" srcset=\"https:\/\/www.sabine-seyffert.de\/blog\/wp-content\/uploads\/2023\/09\/Laterne-Fledermaeuse-Sabine-Seyffert.de-1.jpg 800w, https:\/\/www.sabine-seyffert.de\/blog\/wp-content\/uploads\/2023\/09\/Laterne-Fledermaeuse-Sabine-Seyffert.de-1-300x225.jpg 300w, https:\/\/www.sabine-seyffert.de\/blog\/wp-content\/uploads\/2023\/09\/Laterne-Fledermaeuse-Sabine-Seyffert.de-1-768x576.jpg 768w\" sizes=\"auto, (max-width: 800px) 100vw, 800px\" \/><\/a><\/p>\n<p style=\"text-align: justify;\"><strong>Das wird gebraucht:<\/strong><br \/>\nEine leere Flasche (von Handseife, Duschgel, Shampoo, Sp\u00fcli o.\u00e4.), Tapetenkleister, Wasser, Schneebesen, Transparentpapier in unterschiedlichen Farbt\u00f6nen (wir hatten beige, gelb, orange, rot, rosa und lila), Bastelschere, schwarzes Tonpapier, Basteldraht, <a href=\"https:\/\/www.sabine-seyffert.de\/blog\/?p=12310\" target=\"_blank\" rel=\"noopener\">Malkittel<\/a> und Bastelunterlage<\/p>\n<p style=\"text-align: center;\"><a href=\"https:\/\/www.sabine-seyffert.de\/blog\/wp-content\/uploads\/2023\/09\/Laterne-Fledermaeuse-Sabine-Seyffert.de_.jpg\"><img loading=\"lazy\" decoding=\"async\" class=\"alignnone size-full wp-image-26316\" src=\"https:\/\/www.sabine-seyffert.de\/blog\/wp-content\/uploads\/2023\/09\/Laterne-Fledermaeuse-Sabine-Seyffert.de_.jpg\" alt=\"\" width=\"800\" height=\"600\" srcset=\"https:\/\/www.sabine-seyffert.de\/blog\/wp-content\/uploads\/2023\/09\/Laterne-Fledermaeuse-Sabine-Seyffert.de_.jpg 800w, https:\/\/www.sabine-seyffert.de\/blog\/wp-content\/uploads\/2023\/09\/Laterne-Fledermaeuse-Sabine-Seyffert.de_-300x225.jpg 300w, https:\/\/www.sabine-seyffert.de\/blog\/wp-content\/uploads\/2023\/09\/Laterne-Fledermaeuse-Sabine-Seyffert.de_-768x576.jpg 768w\" sizes=\"auto, (max-width: 800px) 100vw, 800px\" \/><\/a><\/p>\n<p style=\"text-align: justify;\"><strong>So wird\u2019s gemacht:<\/strong><br \/>\nNachdem der Tisch gut abgedeckt ist und alle einen Malkittel angezogen haben, kann es losgehen. R\u00fchrt euch in einer kleinen Schale ein wenig Tapetenkleister mit warmem Leitungswasser an.<\/p>\n<p style=\"text-align: center;\"><a href=\"https:\/\/www.sabine-seyffert.de\/blog\/wp-content\/uploads\/2023\/09\/Laterne-Fledermaeuse-Sabine-Seyffert.de-0.jpg\"><img loading=\"lazy\" decoding=\"async\" class=\"alignnone size-full wp-image-26320\" src=\"https:\/\/www.sabine-seyffert.de\/blog\/wp-content\/uploads\/2023\/09\/Laterne-Fledermaeuse-Sabine-Seyffert.de-0.jpg\" alt=\"\" width=\"800\" height=\"600\" srcset=\"https:\/\/www.sabine-seyffert.de\/blog\/wp-content\/uploads\/2023\/09\/Laterne-Fledermaeuse-Sabine-Seyffert.de-0.jpg 800w, https:\/\/www.sabine-seyffert.de\/blog\/wp-content\/uploads\/2023\/09\/Laterne-Fledermaeuse-Sabine-Seyffert.de-0-300x225.jpg 300w, https:\/\/www.sabine-seyffert.de\/blog\/wp-content\/uploads\/2023\/09\/Laterne-Fledermaeuse-Sabine-Seyffert.de-0-768x576.jpg 768w\" sizes=\"auto, (max-width: 800px) 100vw, 800px\" \/><\/a><\/p>\n<p style=\"text-align: justify;\">Lasst den Tapetenkleisterbrei, der als Kleber dient, einen Moment stehen, denn dieser dickt nach und braucht ein paar Minuten zum Ziehen. F\u00fcr diese Bastelidee solltet ihr darauf achten, dass der Kleister eher einen Tick zu fest als zu fl\u00fcssig ist, damit er nicht so schnell tropft.<\/p>\n<p style=\"text-align: center;\"><a href=\"https:\/\/www.sabine-seyffert.de\/blog\/wp-content\/uploads\/2023\/09\/Laterne-Fledermaeuse-Sabine-Seyffert.de-5.jpg\"><img loading=\"lazy\" decoding=\"async\" class=\"alignnone size-full wp-image-26321\" src=\"https:\/\/www.sabine-seyffert.de\/blog\/wp-content\/uploads\/2023\/09\/Laterne-Fledermaeuse-Sabine-Seyffert.de-5.jpg\" alt=\"\" width=\"800\" height=\"600\" srcset=\"https:\/\/www.sabine-seyffert.de\/blog\/wp-content\/uploads\/2023\/09\/Laterne-Fledermaeuse-Sabine-Seyffert.de-5.jpg 800w, https:\/\/www.sabine-seyffert.de\/blog\/wp-content\/uploads\/2023\/09\/Laterne-Fledermaeuse-Sabine-Seyffert.de-5-300x225.jpg 300w, https:\/\/www.sabine-seyffert.de\/blog\/wp-content\/uploads\/2023\/09\/Laterne-Fledermaeuse-Sabine-Seyffert.de-5-768x576.jpg 768w\" sizes=\"auto, (max-width: 800px) 100vw, 800px\" \/><\/a><\/p>\n<p style=\"text-align: justify;\">Schneidet in der Zwischenzeit das Transparentpapier in d\u00fcnne Streifen. Entweder ganz gerade oder leicht wellig. Ihr ben\u00f6tigt wirklich nur ganz wenig Papier, da die Flasche sehr stabil ist und somit 1 bis max. 2 Papierschichten vollkommen ausreichen.<\/p>\n<p style=\"text-align: center;\"><a href=\"https:\/\/www.sabine-seyffert.de\/blog\/wp-content\/uploads\/2023\/09\/Laterne-Fledermaeuse-Sabine-Seyffert.de-7.jpg\"><img loading=\"lazy\" decoding=\"async\" class=\"alignnone size-full wp-image-26322\" src=\"https:\/\/www.sabine-seyffert.de\/blog\/wp-content\/uploads\/2023\/09\/Laterne-Fledermaeuse-Sabine-Seyffert.de-7.jpg\" alt=\"\" width=\"800\" height=\"600\" srcset=\"https:\/\/www.sabine-seyffert.de\/blog\/wp-content\/uploads\/2023\/09\/Laterne-Fledermaeuse-Sabine-Seyffert.de-7.jpg 800w, https:\/\/www.sabine-seyffert.de\/blog\/wp-content\/uploads\/2023\/09\/Laterne-Fledermaeuse-Sabine-Seyffert.de-7-300x225.jpg 300w, https:\/\/www.sabine-seyffert.de\/blog\/wp-content\/uploads\/2023\/09\/Laterne-Fledermaeuse-Sabine-Seyffert.de-7-768x576.jpg 768w\" sizes=\"auto, (max-width: 800px) 100vw, 800px\" \/><\/a><\/p>\n<p style=\"text-align: justify;\">Nun bestreicht ihr die Flasche, bis auf den Flaschenhals, von au\u00dfen d\u00fcnn mit Kleister und wickelt die erste Schicht Papier um den Kunststoff. Anschlie\u00dfend kommt wieder d\u00fcnn Kleber auf das Papier und dar\u00fcber eine weitere Papierschicht.<\/p>\n<p style=\"text-align: center;\"><a href=\"https:\/\/www.sabine-seyffert.de\/blog\/wp-content\/uploads\/2023\/09\/Laterne-Fledermaeuse-Sabine-Seyffert.de-6.jpg\"><img loading=\"lazy\" decoding=\"async\" class=\"alignnone size-full wp-image-26324\" src=\"https:\/\/www.sabine-seyffert.de\/blog\/wp-content\/uploads\/2023\/09\/Laterne-Fledermaeuse-Sabine-Seyffert.de-6.jpg\" alt=\"\" width=\"800\" height=\"600\" srcset=\"https:\/\/www.sabine-seyffert.de\/blog\/wp-content\/uploads\/2023\/09\/Laterne-Fledermaeuse-Sabine-Seyffert.de-6.jpg 800w, https:\/\/www.sabine-seyffert.de\/blog\/wp-content\/uploads\/2023\/09\/Laterne-Fledermaeuse-Sabine-Seyffert.de-6-300x225.jpg 300w, https:\/\/www.sabine-seyffert.de\/blog\/wp-content\/uploads\/2023\/09\/Laterne-Fledermaeuse-Sabine-Seyffert.de-6-768x576.jpg 768w\" sizes=\"auto, (max-width: 800px) 100vw, 800px\" \/><\/a><\/p>\n<p style=\"text-align: justify;\">Fangt oben mit der hellsten Farbe an und geht so Schrittweise vor, bis ihr unten mit der dunkelsten Farbschicht endet. So sieht es ein bisschen wie ein \u201eSonnenuntergang\u201c aus, der im Abend endet.<\/p>\n<p style=\"text-align: center;\"><a href=\"https:\/\/www.sabine-seyffert.de\/blog\/wp-content\/uploads\/2023\/09\/Laterne-Fledermaeuse-Sabine-Seyffert.de-4.jpg\"><img loading=\"lazy\" decoding=\"async\" class=\"alignnone size-full wp-image-26323\" src=\"https:\/\/www.sabine-seyffert.de\/blog\/wp-content\/uploads\/2023\/09\/Laterne-Fledermaeuse-Sabine-Seyffert.de-4.jpg\" alt=\"\" width=\"800\" height=\"600\" srcset=\"https:\/\/www.sabine-seyffert.de\/blog\/wp-content\/uploads\/2023\/09\/Laterne-Fledermaeuse-Sabine-Seyffert.de-4.jpg 800w, https:\/\/www.sabine-seyffert.de\/blog\/wp-content\/uploads\/2023\/09\/Laterne-Fledermaeuse-Sabine-Seyffert.de-4-300x225.jpg 300w, https:\/\/www.sabine-seyffert.de\/blog\/wp-content\/uploads\/2023\/09\/Laterne-Fledermaeuse-Sabine-Seyffert.de-4-768x576.jpg 768w\" sizes=\"auto, (max-width: 800px) 100vw, 800px\" \/><\/a><\/p>\n<p style=\"text-align: justify;\">Und genau da kommen die Flederm\u00e4use ins Spiel. Zeichnet euch mit einem wei\u00dfen Buntstift (den erkennt man auf dem dunklen Papier gut!) auf dem schwarzen Tonpapier kleine Flederm\u00e4use, einen Mond und ein paar Sterne auf.<\/p>\n<p style=\"text-align: center;\"><a href=\"https:\/\/www.sabine-seyffert.de\/blog\/wp-content\/uploads\/2023\/09\/Laterne-Fledermaeuse-Sabine-Seyffert.de-3.jpg\"><img loading=\"lazy\" decoding=\"async\" class=\"alignnone size-full wp-image-26325\" src=\"https:\/\/www.sabine-seyffert.de\/blog\/wp-content\/uploads\/2023\/09\/Laterne-Fledermaeuse-Sabine-Seyffert.de-3.jpg\" alt=\"\" width=\"800\" height=\"600\" srcset=\"https:\/\/www.sabine-seyffert.de\/blog\/wp-content\/uploads\/2023\/09\/Laterne-Fledermaeuse-Sabine-Seyffert.de-3.jpg 800w, https:\/\/www.sabine-seyffert.de\/blog\/wp-content\/uploads\/2023\/09\/Laterne-Fledermaeuse-Sabine-Seyffert.de-3-300x225.jpg 300w, https:\/\/www.sabine-seyffert.de\/blog\/wp-content\/uploads\/2023\/09\/Laterne-Fledermaeuse-Sabine-Seyffert.de-3-768x576.jpg 768w\" sizes=\"auto, (max-width: 800px) 100vw, 800px\" \/><\/a><\/p>\n<p style=\"text-align: justify;\">Falls ihr einen Mini Motivlocher habt, k\u00f6nnt ihr die Sterne auch ausstanzen, das geht schneller. Schneidet die Motive aus und klebt diese mit Hilfe des Tapetenkleisters gleichm\u00e4\u00dfig um die Laterne.<\/p>\n<p style=\"text-align: center;\"><a href=\"https:\/\/www.sabine-seyffert.de\/blog\/wp-content\/uploads\/2023\/09\/Laterne-Fledermaeuse-Sabine-Seyffert.de-2.jpg\"><img loading=\"lazy\" decoding=\"async\" class=\"alignnone size-full wp-image-26319\" src=\"https:\/\/www.sabine-seyffert.de\/blog\/wp-content\/uploads\/2023\/09\/Laterne-Fledermaeuse-Sabine-Seyffert.de-2.jpg\" alt=\"\" width=\"800\" height=\"600\" srcset=\"https:\/\/www.sabine-seyffert.de\/blog\/wp-content\/uploads\/2023\/09\/Laterne-Fledermaeuse-Sabine-Seyffert.de-2.jpg 800w, https:\/\/www.sabine-seyffert.de\/blog\/wp-content\/uploads\/2023\/09\/Laterne-Fledermaeuse-Sabine-Seyffert.de-2-300x225.jpg 300w, https:\/\/www.sabine-seyffert.de\/blog\/wp-content\/uploads\/2023\/09\/Laterne-Fledermaeuse-Sabine-Seyffert.de-2-768x576.jpg 768w\" sizes=\"auto, (max-width: 800px) 100vw, 800px\" \/><\/a><\/p>\n<p style=\"text-align: justify;\">Jetzt noch eine Nacht trocknen lassen und am n\u00e4chsten Tag etwas Draht um den Flaschenhals Wickeln, so dass ihr eine kleine Schlaufe \/ Aufh\u00e4ngung habt.<\/p>\n<p style=\"text-align: center;\"><a href=\"https:\/\/www.sabine-seyffert.de\/blog\/wp-content\/uploads\/2023\/10\/Laterne-Fledermaeuse-Sabine-Seyffert.de-12.jpg\"><img loading=\"lazy\" decoding=\"async\" class=\"alignnone size-full wp-image-26341\" src=\"https:\/\/www.sabine-seyffert.de\/blog\/wp-content\/uploads\/2023\/10\/Laterne-Fledermaeuse-Sabine-Seyffert.de-12.jpg\" alt=\"\" width=\"600\" height=\"800\" srcset=\"https:\/\/www.sabine-seyffert.de\/blog\/wp-content\/uploads\/2023\/10\/Laterne-Fledermaeuse-Sabine-Seyffert.de-12.jpg 600w, https:\/\/www.sabine-seyffert.de\/blog\/wp-content\/uploads\/2023\/10\/Laterne-Fledermaeuse-Sabine-Seyffert.de-12-225x300.jpg 225w\" sizes=\"auto, (max-width: 600px) 100vw, 600px\" \/><\/a><\/p>\n<p style=\"text-align: justify;\">Nun k\u00f6nnt ihr die Fledermaus Laterne an dem Laternenstab befestigen. Diese Laterne ist \u00fcbrigens eine tolle Erg\u00e4nzung zu dem selbst gemachten <a href=\"https:\/\/www.sabine-seyffert.de\/blog\/?p=15213\" target=\"_blank\" rel=\"noopener\">Halloween Windlicht mit Flederm\u00e4usen<\/a> und kann auch als Deko f\u00fcr die Halloweenparty oder ein Gespenster Fest genutzt werden.<\/p>\n<p style=\"text-align: center;\"><a href=\"https:\/\/www.sabine-seyffert.de\/blog\/wp-content\/uploads\/2023\/10\/Laterne-Fledermaeuse-Sabine-Seyffert.de-11.jpg\"><img loading=\"lazy\" decoding=\"async\" class=\"alignnone size-full wp-image-26342\" src=\"https:\/\/www.sabine-seyffert.de\/blog\/wp-content\/uploads\/2023\/10\/Laterne-Fledermaeuse-Sabine-Seyffert.de-11.jpg\" alt=\"\" width=\"600\" height=\"800\" srcset=\"https:\/\/www.sabine-seyffert.de\/blog\/wp-content\/uploads\/2023\/10\/Laterne-Fledermaeuse-Sabine-Seyffert.de-11.jpg 600w, https:\/\/www.sabine-seyffert.de\/blog\/wp-content\/uploads\/2023\/10\/Laterne-Fledermaeuse-Sabine-Seyffert.de-11-225x300.jpg 225w\" sizes=\"auto, (max-width: 600px) 100vw, 600px\" \/><\/a><\/p>\n<p style=\"text-align: justify;\">Falls ihr noch weitere Bastelanleitungen f\u00fcr selbst gemachte Laternen sucht, st\u00f6bert doch mal durch folgende Ideen:<br \/>\n* <a href=\"https:\/\/www.sabine-seyffert.de\/blog\/?p=4809\" target=\"_blank\" rel=\"noopener\">Ein leuchtender Fuchs<\/a><br \/>\n* <a href=\"https:\/\/www.sabine-seyffert.de\/blog\/?p=4778\" target=\"_blank\" rel=\"noopener\">Ein Froschk\u00f6nig<\/a><br \/>\n* <a href=\"https:\/\/www.sabine-seyffert.de\/blog\/?p=21484\" target=\"_blank\" rel=\"noopener\">Eine Roboter Laterne<\/a><br \/>\n* <a href=\"https:\/\/www.sabine-seyffert.de\/blog\/?p=21471\" target=\"_blank\" rel=\"noopener\">Ein Schiff<\/a><br \/>\n* <a href=\"https:\/\/www.sabine-seyffert.de\/blog\/?p=17650\" target=\"_blank\" rel=\"noopener\">Eine Rakete<\/a><br \/>\n* <a href=\"https:\/\/www.sabine-seyffert.de\/blog\/?p=11295\" target=\"_blank\" rel=\"noopener\">Eine Erdbeere<\/a><br \/>\n* <a href=\"https:\/\/www.sabine-seyffert.de\/blog\/?p=15260\" target=\"_blank\" rel=\"noopener\">Eine Wassermelone<\/a><br \/>\n* <a href=\"https:\/\/www.sabine-seyffert.de\/blog\/?p=6465\" target=\"_blank\" rel=\"noopener\">H\u00e4user aus Milchkartons<\/a><br \/>\n* <a href=\"https:\/\/www.sabine-seyffert.de\/blog\/?p=15318\" target=\"_blank\" rel=\"noopener\">Fliegenpilz Laterne XL<\/a><br \/>\n* <a href=\"https:\/\/www.sabine-seyffert.de\/blog\/?p=8509\" target=\"_blank\" rel=\"noopener\">Ein L\u00f6we<\/a><br \/>\n* <a href=\"https:\/\/www.sabine-seyffert.de\/blog\/?p=13514\" target=\"_blank\" rel=\"noopener\">Ein Panda B\u00e4r<\/a><br \/>\n* <a href=\"https:\/\/www.sabine-seyffert.de\/blog\/?p=15237\" target=\"_blank\" rel=\"noopener\">Eine leuchtende Eule aus Tetrapak &amp; Naturmaterial<\/a><br \/>\n* <a href=\"https:\/\/www.sabine-seyffert.de\/blog\/?p=24268\" target=\"_blank\" rel=\"noopener\">Upcycling Laterne mit Fliegenpilzen aus Herbstlaub<\/a><br \/>\n* <a href=\"https:\/\/www.sabine-seyffert.de\/blog\/?p=3017\" target=\"_blank\" rel=\"noopener\">Ein Pinguin<\/a><br \/>\n* <a href=\"https:\/\/www.sabine-seyffert.de\/blog\/?p=3082\" target=\"_blank\" rel=\"noopener\">Ein Marienk\u00e4fer \/ Gl\u00fccksk\u00e4fer<\/a><br \/>\n* <a href=\"https:\/\/www.sabine-seyffert.de\/blog\/?p=6414\" target=\"_blank\" rel=\"noopener\">Eine Schwebebahn<\/a><br \/>\n* <a href=\"https:\/\/www.sabine-seyffert.de\/blog\/?p=17596\" target=\"_blank\" rel=\"noopener\">Eine Verkehrsampel<\/a><\/p>\n<p style=\"text-align: center;\"><a href=\"https:\/\/www.sabine-seyffert.de\/blog\/wp-content\/uploads\/2023\/09\/Laterne-Fledermaeuse-Sabine-Seyffert.de-9.jpg\"><img loading=\"lazy\" decoding=\"async\" class=\"alignnone size-full wp-image-26318\" src=\"https:\/\/www.sabine-seyffert.de\/blog\/wp-content\/uploads\/2023\/09\/Laterne-Fledermaeuse-Sabine-Seyffert.de-9.jpg\" alt=\"\" width=\"600\" height=\"800\" srcset=\"https:\/\/www.sabine-seyffert.de\/blog\/wp-content\/uploads\/2023\/09\/Laterne-Fledermaeuse-Sabine-Seyffert.de-9.jpg 600w, https:\/\/www.sabine-seyffert.de\/blog\/wp-content\/uploads\/2023\/09\/Laterne-Fledermaeuse-Sabine-Seyffert.de-9-225x300.jpg 225w\" sizes=\"auto, (max-width: 600px) 100vw, 600px\" \/><\/a><\/p>\n<p style=\"text-align: justify;\">Weitere DIY Ideen zur Laternenzeit findet ihr \u00fcbrigens in <a href=\"https:\/\/www.sabine-seyffert.de\/blog\/?cat=54\" target=\"_blank\" rel=\"noopener\">dieser Blog Kategorie<\/a>, alle kreativen Bastelideen f\u00fcr Kinder gibt es in <a href=\"https:\/\/www.sabine-seyffert.de\/blog\/?cat=32\" target=\"_blank\" rel=\"noopener\">dieser Rubrik<\/a>, pfiffige Upcyclingideen zum Selbermachen sind in <a href=\"https:\/\/www.sabine-seyffert.de\/blog\/?cat=47\" target=\"_blank\" rel=\"noopener\">diesem Blog Ordner<\/a>, alles rund um die Herbstzeit <a href=\"https:\/\/www.sabine-seyffert.de\/blog\/?cat=25\" target=\"_blank\" rel=\"noopener\">hier<\/a> und andere kreative Sachen auch an <a href=\"https:\/\/www.pinterest.de\/diysabineseyffert\/\" target=\"_blank\" rel=\"noopener\">dieser Stelle<\/a>.<\/p>\n<p style=\"text-align: center;\"><a href=\"https:\/\/www.sabine-seyffert.de\/blog\/wp-content\/uploads\/2023\/09\/Laterne-Fledermaeuse-Sabine-Seyffert.de-8.jpg\"><img loading=\"lazy\" decoding=\"async\" class=\"alignnone size-full wp-image-26317\" src=\"https:\/\/www.sabine-seyffert.de\/blog\/wp-content\/uploads\/2023\/09\/Laterne-Fledermaeuse-Sabine-Seyffert.de-8.jpg\" alt=\"\" width=\"600\" height=\"800\" srcset=\"https:\/\/www.sabine-seyffert.de\/blog\/wp-content\/uploads\/2023\/09\/Laterne-Fledermaeuse-Sabine-Seyffert.de-8.jpg 600w, https:\/\/www.sabine-seyffert.de\/blog\/wp-content\/uploads\/2023\/09\/Laterne-Fledermaeuse-Sabine-Seyffert.de-8-225x300.jpg 225w\" sizes=\"auto, (max-width: 600px) 100vw, 600px\" \/><\/a><\/p>\n<p style=\"text-align: justify;\"><a href=\"https:\/\/www.sabine-seyffert.de\/blog\/?page_id=32#urheberrecht\">urheberrechtlich gesch\u00fctzt<\/a>, \u00a9 Sabine Seyffert<\/p>\n","protected":false},"excerpt":{"rendered":"<p>Nach der s\u00fc\u00dfen Faultier Laterne, die ganz einfach aus einer leeren K\u00e4seschachtel gebastelt werden kann sowie der entspannten Massage Geschichte zum Thema, gibt es noch eine zweite Laternen Idee f\u00fcr St. Martin und die sch\u00f6ne Laternenzeit. Und zwar eine Laterne mit kleinen Flederm\u00e4usen, die aus einer leeren PET Flasche gemacht ist. Ich mag diese Laternen,&#8230; <a href=\"https:\/\/www.sabine-seyffert.de\/blog\/basteln-fuer-das-laternenfest-fledermaeuse-aus-plastikflasche\/\" class=\"more-link\">Read more: Basteln f\u00fcr das Laternenfest: Flederm\u00e4use aus Plastikflasche<\/a><\/p>\n","protected":false},"author":2,"featured_media":0,"comment_status":"open","ping_status":"open","sticky":false,"template":"","format":"standard","meta":{"_metis_text_type":"standard","_metis_text_length":4102,"_post_count":0,"footnotes":""},"categories":[32,58,25,54,47],"tags":[],"class_list":["post-26313","post","type-post","status-publish","format-standard","hentry","category-kreatives-fur-kleine-kinderhande","category-halloween","category-herbst","category-laterne-co","category-upcyceltes"],"_links":{"self":[{"href":"https:\/\/www.sabine-seyffert.de\/blog\/wp-json\/wp\/v2\/posts\/26313","targetHints":{"allow":["GET"]}}],"collection":[{"href":"https:\/\/www.sabine-seyffert.de\/blog\/wp-json\/wp\/v2\/posts"}],"about":[{"href":"https:\/\/www.sabine-seyffert.de\/blog\/wp-json\/wp\/v2\/types\/post"}],"author":[{"embeddable":true,"href":"https:\/\/www.sabine-seyffert.de\/blog\/wp-json\/wp\/v2\/users\/2"}],"replies":[{"embeddable":true,"href":"https:\/\/www.sabine-seyffert.de\/blog\/wp-json\/wp\/v2\/comments?post=26313"}],"version-history":[{"count":8,"href":"https:\/\/www.sabine-seyffert.de\/blog\/wp-json\/wp\/v2\/posts\/26313\/revisions"}],"predecessor-version":[{"id":28614,"href":"https:\/\/www.sabine-seyffert.de\/blog\/wp-json\/wp\/v2\/posts\/26313\/revisions\/28614"}],"wp:attachment":[{"href":"https:\/\/www.sabine-seyffert.de\/blog\/wp-json\/wp\/v2\/media?parent=26313"}],"wp:term":[{"taxonomy":"category","embeddable":true,"href":"https:\/\/www.sabine-seyffert.de\/blog\/wp-json\/wp\/v2\/categories?post=26313"},{"taxonomy":"post_tag","embeddable":true,"href":"https:\/\/www.sabine-seyffert.de\/blog\/wp-json\/wp\/v2\/tags?post=26313"}],"curies":[{"name":"wp","href":"https:\/\/api.w.org\/{rel}","templated":true}]}}