{"id":26234,"date":"2023-09-25T06:00:13","date_gmt":"2023-09-25T04:00:13","guid":{"rendered":"https:\/\/www.sabine-seyffert.de\/blog\/?p=26234"},"modified":"2023-09-10T11:28:25","modified_gmt":"2023-09-10T09:28:25","slug":"bastelidee-fuer-den-herbst-mein-bunter-herbstbaum","status":"publish","type":"post","link":"https:\/\/www.sabine-seyffert.de\/blog\/bastelidee-fuer-den-herbst-mein-bunter-herbstbaum\/","title":{"rendered":"Bastelidee f\u00fcr den Herbst: Mein bunter Herbstbaum"},"content":{"rendered":"<p style=\"text-align: justify;\"><img loading=\"lazy\" decoding=\"async\" src=\"https:\/\/vg08.met.vgwort.de\/na\/48566d355b7345158942a355c6ac89a2\" alt=\"\" width=\"1\" height=\"1\" \/>Ganz langsam f\u00e4rben sich auch hier die ersten Bl\u00e4tter an den B\u00e4umen bunt. Der Herbst zieht unaufhaltsam ein und geh\u00f6rt zu meinen liebsten Jahreszeiten. Gerade die bunten B\u00e4ume liebe ich sehr und m\u00f6chte euch deshalb eine ganz einfache Bastelanleitung zeigen, die ich vor einigen Jahren mal mit Grundschulkindern gemeinsam gebastelt habe. Ein echter Klassiker in der Herbstzeit, den auch schon die j\u00fcngsten Kinder mit etwas Hilfe selbermachen k\u00f6nnen.<\/p>\n<p style=\"text-align: center;\"><a href=\"https:\/\/www.sabine-seyffert.de\/blog\/wp-content\/uploads\/2023\/09\/Herbstbaum-Collage-Sabine-Seyffert.de-1.jpg\"><img loading=\"lazy\" decoding=\"async\" class=\"alignnone size-full wp-image-26235\" src=\"https:\/\/www.sabine-seyffert.de\/blog\/wp-content\/uploads\/2023\/09\/Herbstbaum-Collage-Sabine-Seyffert.de-1.jpg\" alt=\"\" width=\"800\" height=\"600\" srcset=\"https:\/\/www.sabine-seyffert.de\/blog\/wp-content\/uploads\/2023\/09\/Herbstbaum-Collage-Sabine-Seyffert.de-1.jpg 800w, https:\/\/www.sabine-seyffert.de\/blog\/wp-content\/uploads\/2023\/09\/Herbstbaum-Collage-Sabine-Seyffert.de-1-300x225.jpg 300w, https:\/\/www.sabine-seyffert.de\/blog\/wp-content\/uploads\/2023\/09\/Herbstbaum-Collage-Sabine-Seyffert.de-1-768x576.jpg 768w\" sizes=\"auto, (max-width: 800px) 100vw, 800px\" \/><\/a><\/p>\n<p style=\"text-align: justify;\"><strong>Das wird gebraucht:<\/strong><br \/>\nEin gro\u00dfes Blatt (Malblock in Din A3), einen Bleistift (ersatzweise ein Wachsstift o.\u00e4.), ein gr\u00f6\u00dferes St\u00fcck Pappe \/ Karton, Bastelkleber \/ Klebestift, Wasser, Bastelschere und Wasserfarben, Bastelunterlage und <a href=\"https:\/\/www.sabine-seyffert.de\/blog\/?p=12310\" target=\"_blank\" rel=\"noopener\">Malkittel<\/a><\/p>\n<p style=\"text-align: center;\"><a href=\"https:\/\/www.sabine-seyffert.de\/blog\/wp-content\/uploads\/2023\/09\/Herbstbaum-Collage-Sabine-Seyffert.de-5.jpg\"><img loading=\"lazy\" decoding=\"async\" class=\"alignnone size-full wp-image-26236\" src=\"https:\/\/www.sabine-seyffert.de\/blog\/wp-content\/uploads\/2023\/09\/Herbstbaum-Collage-Sabine-Seyffert.de-5.jpg\" alt=\"\" width=\"800\" height=\"600\" srcset=\"https:\/\/www.sabine-seyffert.de\/blog\/wp-content\/uploads\/2023\/09\/Herbstbaum-Collage-Sabine-Seyffert.de-5.jpg 800w, https:\/\/www.sabine-seyffert.de\/blog\/wp-content\/uploads\/2023\/09\/Herbstbaum-Collage-Sabine-Seyffert.de-5-300x225.jpg 300w, https:\/\/www.sabine-seyffert.de\/blog\/wp-content\/uploads\/2023\/09\/Herbstbaum-Collage-Sabine-Seyffert.de-5-768x576.jpg 768w\" sizes=\"auto, (max-width: 800px) 100vw, 800px\" \/><\/a><\/p>\n<p style=\"text-align: justify;\"><strong>So wird\u2019s gemacht:<\/strong><br \/>\nSobald der Tisch gut abgedeckt ist und jeder seinen Malkittel \u00fcbergezogen hat, darf sich jeder seine Hand auf ein St\u00fcck Pappe zeichnen. Das klappt am besten mit etwas Hilfe. Entweder ihr tut euch zu zweit zusammen oder lasst euch von einem Erwachsenen helfen. Dann legt ihr die Hand und ein St\u00fcck vom Arm auf die Pappe. Achtet darauf, dass ihr die unbedruckte Seite verwendet. Zeichnet den Umriss mit einem Stift nach und schneidet diese anschlie\u00dfend aus.<br \/>\nDie Hand aus Pappe mit dem Armansatz ist der Baumstamm. Den k\u00f6nnt mir am unteren Rand mittig auf das Papier kleben oder ein bisschen von der obersten Papierschicht abziehen. Dann bekommt euer \u201eBaumstamm\u201c mehr Struktur und Rinde, weil darunter die Wellen sichtbar werden.<br \/>\nDanach kommt die Baumkrone dran. Dazu k\u00f6nnt ihr die bunten Herbstbl\u00e4tter mit reichlich Wasserfarbe gestalten. Und zwar mit den Fingern. Dazu taucht man den Finger kurz ins Wasser, danach in die Wasserfarbe und ab damit auf die Pappe. Mit jedem gedruckten Fingertupfen kommt ein buntes Herbstblatt an der Baumkrone hinzu. Bis der selbst gemachte Baum ein buntes Kleid aus herbstlichen Bl\u00e4ttern bekommen hat.<\/p>\n<p style=\"text-align: center;\"><a href=\"https:\/\/www.sabine-seyffert.de\/blog\/wp-content\/uploads\/2023\/09\/Herbstbaum-Collage-Sabine-Seyffert.de-4.jpg\"><img loading=\"lazy\" decoding=\"async\" class=\"alignnone size-full wp-image-26237\" src=\"https:\/\/www.sabine-seyffert.de\/blog\/wp-content\/uploads\/2023\/09\/Herbstbaum-Collage-Sabine-Seyffert.de-4.jpg\" alt=\"\" width=\"800\" height=\"600\" srcset=\"https:\/\/www.sabine-seyffert.de\/blog\/wp-content\/uploads\/2023\/09\/Herbstbaum-Collage-Sabine-Seyffert.de-4.jpg 800w, https:\/\/www.sabine-seyffert.de\/blog\/wp-content\/uploads\/2023\/09\/Herbstbaum-Collage-Sabine-Seyffert.de-4-300x225.jpg 300w, https:\/\/www.sabine-seyffert.de\/blog\/wp-content\/uploads\/2023\/09\/Herbstbaum-Collage-Sabine-Seyffert.de-4-768x576.jpg 768w\" sizes=\"auto, (max-width: 800px) 100vw, 800px\" \/><\/a><\/p>\n<p style=\"text-align: justify;\"><strong>Ein kleiner Tipp:<\/strong><br \/>\nDa im Herbst ja nach und nach die Bl\u00e4tter fallen, kann man mit den Fingern auch ein paar Bl\u00e4tter auf die Pappe drucken, die durch die Luft segeln\u2026<\/p>\n<p style=\"text-align: justify;\">Wie w\u00e4re es Alternative noch mit einem tollen <a href=\"https:\/\/www.sabine-seyffert.de\/blog\/?p=21350\" target=\"_blank\" rel=\"noopener\">3D Herbstbaum<\/a>? Oder diesem <a href=\"https:\/\/www.sabine-seyffert.de\/blog\/?p=24029\" target=\"_blank\" rel=\"noopener\">bunten Herbstbaum<\/a>, der sich stempeln l\u00e4sst?<\/p>\n<p style=\"text-align: center;\"><a href=\"https:\/\/www.sabine-seyffert.de\/blog\/wp-content\/uploads\/2023\/09\/Herbstbaum-Collage-Sabine-Seyffert.de-3.jpg\"><img loading=\"lazy\" decoding=\"async\" class=\"alignnone size-full wp-image-26238\" src=\"https:\/\/www.sabine-seyffert.de\/blog\/wp-content\/uploads\/2023\/09\/Herbstbaum-Collage-Sabine-Seyffert.de-3.jpg\" alt=\"\" width=\"800\" height=\"600\" srcset=\"https:\/\/www.sabine-seyffert.de\/blog\/wp-content\/uploads\/2023\/09\/Herbstbaum-Collage-Sabine-Seyffert.de-3.jpg 800w, https:\/\/www.sabine-seyffert.de\/blog\/wp-content\/uploads\/2023\/09\/Herbstbaum-Collage-Sabine-Seyffert.de-3-300x225.jpg 300w, https:\/\/www.sabine-seyffert.de\/blog\/wp-content\/uploads\/2023\/09\/Herbstbaum-Collage-Sabine-Seyffert.de-3-768x576.jpg 768w\" sizes=\"auto, (max-width: 800px) 100vw, 800px\" \/><\/a><\/p>\n<p style=\"text-align: justify;\">Alle Ideen rund um die sch\u00f6ne Herbstzeit gibt es \u00fcbrigens in <a href=\"https:\/\/www.sabine-seyffert.de\/blog\/?cat=25\" target=\"_blank\" rel=\"noopener\">diesem Ordner<\/a>, weitere Bastelideen f\u00fcr Kinder werden <a href=\"https:\/\/www.sabine-seyffert.de\/blog\/?cat=32\" target=\"_blank\" rel=\"noopener\">hier<\/a> gesammelt, bunte Upcycling Ideen in <a href=\"https:\/\/www.sabine-seyffert.de\/blog\/?cat=47\" target=\"_blank\" rel=\"noopener\">dieser Rubrik<\/a> und andere kreative Sachen gibt auch an <a href=\"https:\/\/www.pinterest.de\/diysabineseyffert\/\" target=\"_blank\" rel=\"noopener\">dieser Stelle<\/a>.<\/p>\n<p style=\"text-align: center;\"><a href=\"https:\/\/www.sabine-seyffert.de\/blog\/wp-content\/uploads\/2023\/09\/Herbstbaum-Collage-Sabine-Seyffert.de-2.jpg\"><img loading=\"lazy\" decoding=\"async\" class=\"alignnone size-full wp-image-26239\" src=\"https:\/\/www.sabine-seyffert.de\/blog\/wp-content\/uploads\/2023\/09\/Herbstbaum-Collage-Sabine-Seyffert.de-2.jpg\" alt=\"\" width=\"800\" height=\"600\" srcset=\"https:\/\/www.sabine-seyffert.de\/blog\/wp-content\/uploads\/2023\/09\/Herbstbaum-Collage-Sabine-Seyffert.de-2.jpg 800w, https:\/\/www.sabine-seyffert.de\/blog\/wp-content\/uploads\/2023\/09\/Herbstbaum-Collage-Sabine-Seyffert.de-2-300x225.jpg 300w, https:\/\/www.sabine-seyffert.de\/blog\/wp-content\/uploads\/2023\/09\/Herbstbaum-Collage-Sabine-Seyffert.de-2-768x576.jpg 768w\" sizes=\"auto, (max-width: 800px) 100vw, 800px\" \/><\/a><\/p>\n<p style=\"text-align: justify;\"><a href=\"https:\/\/www.sabine-seyffert.de\/blog\/?page_id=32#urheberrecht\">urheberrechtlich gesch\u00fctzt<\/a>, \u00a9 Sabine Seyffert<\/p>\n","protected":false},"excerpt":{"rendered":"<p>Ganz langsam f\u00e4rben sich auch hier die ersten Bl\u00e4tter an den B\u00e4umen bunt. Der Herbst zieht unaufhaltsam ein und geh\u00f6rt zu meinen liebsten Jahreszeiten. Gerade die bunten B\u00e4ume liebe ich sehr und m\u00f6chte euch deshalb eine ganz einfache Bastelanleitung zeigen, die ich vor einigen Jahren mal mit Grundschulkindern gemeinsam gebastelt habe. Ein echter Klassiker in&#8230; <a href=\"https:\/\/www.sabine-seyffert.de\/blog\/bastelidee-fuer-den-herbst-mein-bunter-herbstbaum\/\" class=\"more-link\">Read more: Bastelidee f\u00fcr den Herbst: Mein bunter Herbstbaum<\/a><\/p>\n","protected":false},"author":2,"featured_media":0,"comment_status":"open","ping_status":"open","sticky":false,"template":"","format":"standard","meta":{"_metis_text_type":"","_metis_text_length":2394,"_post_count":0,"footnotes":""},"categories":[32,25,47],"tags":[],"class_list":["post-26234","post","type-post","status-publish","format-standard","hentry","category-kreatives-fur-kleine-kinderhande","category-herbst","category-upcyceltes"],"_links":{"self":[{"href":"https:\/\/www.sabine-seyffert.de\/blog\/wp-json\/wp\/v2\/posts\/26234","targetHints":{"allow":["GET"]}}],"collection":[{"href":"https:\/\/www.sabine-seyffert.de\/blog\/wp-json\/wp\/v2\/posts"}],"about":[{"href":"https:\/\/www.sabine-seyffert.de\/blog\/wp-json\/wp\/v2\/types\/post"}],"author":[{"embeddable":true,"href":"https:\/\/www.sabine-seyffert.de\/blog\/wp-json\/wp\/v2\/users\/2"}],"replies":[{"embeddable":true,"href":"https:\/\/www.sabine-seyffert.de\/blog\/wp-json\/wp\/v2\/comments?post=26234"}],"version-history":[{"count":5,"href":"https:\/\/www.sabine-seyffert.de\/blog\/wp-json\/wp\/v2\/posts\/26234\/revisions"}],"predecessor-version":[{"id":26244,"href":"https:\/\/www.sabine-seyffert.de\/blog\/wp-json\/wp\/v2\/posts\/26234\/revisions\/26244"}],"wp:attachment":[{"href":"https:\/\/www.sabine-seyffert.de\/blog\/wp-json\/wp\/v2\/media?parent=26234"}],"wp:term":[{"taxonomy":"category","embeddable":true,"href":"https:\/\/www.sabine-seyffert.de\/blog\/wp-json\/wp\/v2\/categories?post=26234"},{"taxonomy":"post_tag","embeddable":true,"href":"https:\/\/www.sabine-seyffert.de\/blog\/wp-json\/wp\/v2\/tags?post=26234"}],"curies":[{"name":"wp","href":"https:\/\/api.w.org\/{rel}","templated":true}]}}