{"id":2613,"date":"2013-09-13T20:36:19","date_gmt":"2013-09-13T18:36:19","guid":{"rendered":"http:\/\/www.sabine-seyffert.de\/blog\/?p=2613"},"modified":"2018-06-26T08:18:07","modified_gmt":"2018-06-26T06:18:07","slug":"ein-besuch-am-mont-st-michel","status":"publish","type":"post","link":"https:\/\/www.sabine-seyffert.de\/blog\/ein-besuch-am-mont-st-michel\/","title":{"rendered":"Ein Besuch am Mont St. Michel"},"content":{"rendered":"<p style=\"text-align: justify;\"><img loading=\"lazy\" decoding=\"async\" src=\"https:\/\/ssl-vg03.met.vgwort.de\/na\/64aad9214ae445e99fe53b13d2b03d5a\" alt=\"\" width=\"1\" height=\"1\" \/>Zum Wochenende gibt es mal wieder einen kleinen Ausflugsbericht aus unserem Urlaub um das bunte <a href=\"http:\/\/www.sabine-seyffert.de\/blog\/?cat=40\" target=\"_blank\" rel=\"noopener\">Schulstartallerlei<\/a> mal kurz zu unterbrechen \ud83d\ude09 Wer neugierig ist, kann mich heute an einen wunderbaren Ort begleiten:<\/p>\n<p style=\"text-align: center;\"><a href=\"http:\/\/www.sabine-seyffert.de\/blog\/wp-content\/uploads\/2013\/09\/Mont-St-Michel-1.jpg\"><img loading=\"lazy\" decoding=\"async\" class=\"alignnone size-full wp-image-2614\" src=\"http:\/\/www.sabine-seyffert.de\/blog\/wp-content\/uploads\/2013\/09\/Mont-St-Michel-1.jpg\" alt=\"Mont St Michel 1\" width=\"800\" height=\"600\" srcset=\"https:\/\/www.sabine-seyffert.de\/blog\/wp-content\/uploads\/2013\/09\/Mont-St-Michel-1.jpg 800w, https:\/\/www.sabine-seyffert.de\/blog\/wp-content\/uploads\/2013\/09\/Mont-St-Michel-1-300x225.jpg 300w\" sizes=\"auto, (max-width: 800px) 100vw, 800px\" \/><\/a><\/p>\n<p style=\"text-align: justify;\">Den <a href=\"https:\/\/de.wikipedia.org\/wiki\/Le_Mont-Saint-Michel\" target=\"_blank\" rel=\"noopener\">Mont Saint Michel<\/a> haben wir bereits einige Male besucht, jedoch liegt das letzte Mal nun schon mehr als 10 Jahre zur\u00fcck. Da dieser wunderbare Ausflugsort bei unserem diesj\u00e4hrigen Urlaubsdomizil in akzeptabler N\u00e4he liegt, starten wir wieder einmal dorthin.<\/p>\n<p style=\"text-align: center;\"><a href=\"http:\/\/www.sabine-seyffert.de\/blog\/wp-content\/uploads\/2013\/09\/Mont-St-Michel-damals.jpg\"><img loading=\"lazy\" decoding=\"async\" class=\"alignnone size-full wp-image-2615\" src=\"http:\/\/www.sabine-seyffert.de\/blog\/wp-content\/uploads\/2013\/09\/Mont-St-Michel-damals.jpg\" alt=\"Mont St Michel damals\" width=\"800\" height=\"600\" srcset=\"https:\/\/www.sabine-seyffert.de\/blog\/wp-content\/uploads\/2013\/09\/Mont-St-Michel-damals.jpg 800w, https:\/\/www.sabine-seyffert.de\/blog\/wp-content\/uploads\/2013\/09\/Mont-St-Michel-damals-300x225.jpg 300w\" sizes=\"auto, (max-width: 800px) 100vw, 800px\" \/><\/a><\/p>\n<p style=\"text-align: justify;\">Den Berg samt prachtvollem Kloster, der inzwischen zum <a href=\"http:\/\/www.unesco.de\/welterbeliste.html\" target=\"_blank\" rel=\"noopener\">Unesco Welterbe<\/a> geh\u00f6rt, kann man bereits von weitem ersp\u00e4hen. Jedes Mal wenn wir mit dem Auto unterwegs sind und dabei in der Ferne das Prachtst\u00fcck entdecken, klopft mein Herz vor Freude h\u00f6her. Es ist ein ganz wundervoller Ort, an dem es viel zu entdecken gibt.<\/p>\n<p style=\"text-align: center;\"><a href=\"http:\/\/www.sabine-seyffert.de\/blog\/wp-content\/uploads\/2013\/09\/Mont-St-Michel-heute.jpg\"><img loading=\"lazy\" decoding=\"async\" class=\"alignnone size-full wp-image-2616\" src=\"http:\/\/www.sabine-seyffert.de\/blog\/wp-content\/uploads\/2013\/09\/Mont-St-Michel-heute.jpg\" alt=\"Mont St Michel heute\" width=\"800\" height=\"600\" srcset=\"https:\/\/www.sabine-seyffert.de\/blog\/wp-content\/uploads\/2013\/09\/Mont-St-Michel-heute.jpg 800w, https:\/\/www.sabine-seyffert.de\/blog\/wp-content\/uploads\/2013\/09\/Mont-St-Michel-heute-300x225.jpg 300w\" sizes=\"auto, (max-width: 800px) 100vw, 800px\" \/><\/a><\/p>\n<p style=\"text-align: justify;\">Jedoch haben diesen auch unz\u00e4hlige andere Urlauber sich f\u00fcr entdeckt, so dass <a href=\"http:\/\/de.wikipedia.org\/wiki\/Le_Mont-Saint-Michel\" target=\"_blank\" rel=\"noopener\">der Mont St. Michel<\/a> mittlerweile in jedem Jahr mehr als 2,5 Millionen Besucher zu sich lockt.<\/p>\n<p style=\"text-align: center;\"><a href=\"http:\/\/www.sabine-seyffert.de\/blog\/wp-content\/uploads\/2013\/09\/Mont-St-Michel-Eingang.jpg\"><img loading=\"lazy\" decoding=\"async\" class=\"alignnone size-full wp-image-2617\" src=\"http:\/\/www.sabine-seyffert.de\/blog\/wp-content\/uploads\/2013\/09\/Mont-St-Michel-Eingang.jpg\" alt=\"Mont St Michel Eingang\" width=\"800\" height=\"600\" srcset=\"https:\/\/www.sabine-seyffert.de\/blog\/wp-content\/uploads\/2013\/09\/Mont-St-Michel-Eingang.jpg 800w, https:\/\/www.sabine-seyffert.de\/blog\/wp-content\/uploads\/2013\/09\/Mont-St-Michel-Eingang-300x225.jpg 300w\" sizes=\"auto, (max-width: 800px) 100vw, 800px\" \/><\/a><\/p>\n<p style=\"text-align: justify;\">Diesmal finden wir den Ort leider als &#8220;Baustelle&#8221; vor. U.a. durch den seinerzeit gebauten Zuweg, Stra\u00dfendamm und gro\u00dfz\u00fcgigen Parkplatzfl\u00e4chen unmittelbar vor dem Mont St. Michel droht der Berg zu verlanden.<\/p>\n<p style=\"text-align: center;\"><a href=\"http:\/\/www.sabine-seyffert.de\/blog\/wp-content\/uploads\/2013\/09\/Mont-St-Michel-2.jpg\"><img loading=\"lazy\" decoding=\"async\" class=\"alignnone size-full wp-image-2618\" src=\"http:\/\/www.sabine-seyffert.de\/blog\/wp-content\/uploads\/2013\/09\/Mont-St-Michel-2.jpg\" alt=\"Mont St Michel 2\" width=\"600\" height=\"800\" srcset=\"https:\/\/www.sabine-seyffert.de\/blog\/wp-content\/uploads\/2013\/09\/Mont-St-Michel-2.jpg 600w, https:\/\/www.sabine-seyffert.de\/blog\/wp-content\/uploads\/2013\/09\/Mont-St-Michel-2-225x300.jpg 225w\" sizes=\"auto, (max-width: 600px) 100vw, 600px\" \/><\/a><\/p>\n<p style=\"text-align: justify;\">Seit 2005 wird nun daran gearbeitet den urspr\u00fcnglichen &#8220;Insel&#8221; Charakter des Mont St. Michels zu erhalten. Aus diesem Grunde befindet sich derzeit ein neuer Zugang in Arbeit, eine rund 800 m lange Br\u00fccke, die in Zukunft alle Besucher zum Mont St. Michel f\u00fchren soll.<\/p>\n<p style=\"text-align: center;\"><a href=\"http:\/\/www.sabine-seyffert.de\/blog\/wp-content\/uploads\/2013\/09\/Mont-St-Michel-3.jpg\"><img loading=\"lazy\" decoding=\"async\" class=\"alignnone size-full wp-image-2619\" src=\"http:\/\/www.sabine-seyffert.de\/blog\/wp-content\/uploads\/2013\/09\/Mont-St-Michel-3.jpg\" alt=\"Mont St Michel 3\" width=\"800\" height=\"600\" srcset=\"https:\/\/www.sabine-seyffert.de\/blog\/wp-content\/uploads\/2013\/09\/Mont-St-Michel-3.jpg 800w, https:\/\/www.sabine-seyffert.de\/blog\/wp-content\/uploads\/2013\/09\/Mont-St-Michel-3-300x225.jpg 300w\" sizes=\"auto, (max-width: 800px) 100vw, 800px\" \/><\/a><\/p>\n<p style=\"text-align: justify;\">Au\u00dferdem ist man mit der Beseitigung des Stra\u00dfendamms besch\u00e4ftigt, der bisher als Zugang diente. Detaillierte Infos zur Renaturierung und den Bauma\u00dfnahmen bekommt man vor Ort im <a href=\"http:\/\/www.projetmontsaintmichel.fr \" target=\"_blank\" rel=\"noopener\">Infozentrum<\/a>, von dem aus die Shuttlebusse zum Mont starten. Oder auch online beim <a href=\"http:\/\/www.projetmontsaintmichel.fr \" target=\"_blank\" rel=\"noopener\">Projektmontsaintmichel<\/a>.<\/p>\n<p style=\"text-align: center;\"><a href=\"http:\/\/www.sabine-seyffert.de\/blog\/wp-content\/uploads\/2013\/09\/Mont-St-Michel-4.jpg\"><img loading=\"lazy\" decoding=\"async\" class=\"alignnone size-full wp-image-2620\" src=\"http:\/\/www.sabine-seyffert.de\/blog\/wp-content\/uploads\/2013\/09\/Mont-St-Michel-4.jpg\" alt=\"Mont St Michel 4\" width=\"600\" height=\"800\" srcset=\"https:\/\/www.sabine-seyffert.de\/blog\/wp-content\/uploads\/2013\/09\/Mont-St-Michel-4.jpg 600w, https:\/\/www.sabine-seyffert.de\/blog\/wp-content\/uploads\/2013\/09\/Mont-St-Michel-4-225x300.jpg 225w\" sizes=\"auto, (max-width: 600px) 100vw, 600px\" \/><\/a><\/p>\n<p style=\"text-align: justify;\">Wer mag, kann den 2,5 km langen Weg zum Mont St. Michel zu Fu\u00df bestreiten oder sich wahlweise f\u00fcr Pferdekutsche bzw. Bustransfer entscheiden.<\/p>\n<p style=\"text-align: center;\"><a href=\"http:\/\/www.sabine-seyffert.de\/blog\/wp-content\/uploads\/2013\/09\/Mont-St-Michel-5.jpg\"><img loading=\"lazy\" decoding=\"async\" class=\"alignnone size-full wp-image-2621\" src=\"http:\/\/www.sabine-seyffert.de\/blog\/wp-content\/uploads\/2013\/09\/Mont-St-Michel-5.jpg\" alt=\"Mont St Michel 5\" width=\"600\" height=\"800\" srcset=\"https:\/\/www.sabine-seyffert.de\/blog\/wp-content\/uploads\/2013\/09\/Mont-St-Michel-5.jpg 600w, https:\/\/www.sabine-seyffert.de\/blog\/wp-content\/uploads\/2013\/09\/Mont-St-Michel-5-225x300.jpg 225w\" sizes=\"auto, (max-width: 600px) 100vw, 600px\" \/><\/a><\/p>\n<p style=\"text-align: justify;\">Am Ziel angekommen schieben wir uns mit einer wahren Menschenmasse durch das Eingangstor. Zur Hauptsaison in den gro\u00dfen Ferien ist dies schon ein kleiner Kraftakt.<\/p>\n<p style=\"text-align: center;\"><a href=\"http:\/\/www.sabine-seyffert.de\/blog\/wp-content\/uploads\/2013\/09\/Mont-St-Michel-6.jpg\"><img loading=\"lazy\" decoding=\"async\" class=\"alignnone size-full wp-image-2622\" src=\"http:\/\/www.sabine-seyffert.de\/blog\/wp-content\/uploads\/2013\/09\/Mont-St-Michel-6.jpg\" alt=\"Mont St Michel 6\" width=\"800\" height=\"600\" srcset=\"https:\/\/www.sabine-seyffert.de\/blog\/wp-content\/uploads\/2013\/09\/Mont-St-Michel-6.jpg 800w, https:\/\/www.sabine-seyffert.de\/blog\/wp-content\/uploads\/2013\/09\/Mont-St-Michel-6-300x225.jpg 300w\" sizes=\"auto, (max-width: 800px) 100vw, 800px\" \/><\/a><\/p>\n<p style=\"text-align: justify;\">Aus diesem Grunde verlassen wir umgehend den Hauptpfad, der sich zum Kloster hinauf schl\u00e4ngelt und nehmen stattdessen einige der kleinen Nebengassen.<\/p>\n<p style=\"text-align: center;\"><a href=\"http:\/\/www.sabine-seyffert.de\/blog\/wp-content\/uploads\/2013\/09\/Mont-St-Michel-7.jpg\"><img loading=\"lazy\" decoding=\"async\" class=\"alignnone size-full wp-image-2623\" src=\"http:\/\/www.sabine-seyffert.de\/blog\/wp-content\/uploads\/2013\/09\/Mont-St-Michel-7.jpg\" alt=\"Mont St Michel 7\" width=\"600\" height=\"800\" srcset=\"https:\/\/www.sabine-seyffert.de\/blog\/wp-content\/uploads\/2013\/09\/Mont-St-Michel-7.jpg 600w, https:\/\/www.sabine-seyffert.de\/blog\/wp-content\/uploads\/2013\/09\/Mont-St-Michel-7-225x300.jpg 225w\" sizes=\"auto, (max-width: 600px) 100vw, 600px\" \/><\/a><\/p>\n<p style=\"text-align: justify;\">Leider ist das Wetter heute recht grau und die Sonne mag sich nicht recht zeigen. Dennoch ist die Aussieht einfach wunderbar, wenn man von den Ger\u00fcsten am Kloster und der Gro\u00dfbaustelle mal absieht.<\/p>\n<p style=\"text-align: center;\"><a href=\"http:\/\/www.sabine-seyffert.de\/blog\/wp-content\/uploads\/2013\/09\/Mont-St-Michel-8.jpg\"><img loading=\"lazy\" decoding=\"async\" class=\"alignnone size-full wp-image-2624\" src=\"http:\/\/www.sabine-seyffert.de\/blog\/wp-content\/uploads\/2013\/09\/Mont-St-Michel-8.jpg\" alt=\"Mont St Michel 8\" width=\"600\" height=\"800\" srcset=\"https:\/\/www.sabine-seyffert.de\/blog\/wp-content\/uploads\/2013\/09\/Mont-St-Michel-8.jpg 600w, https:\/\/www.sabine-seyffert.de\/blog\/wp-content\/uploads\/2013\/09\/Mont-St-Michel-8-225x300.jpg 225w\" sizes=\"auto, (max-width: 600px) 100vw, 600px\" \/><\/a><\/p>\n<p style=\"text-align: justify;\"><strong>Mein Tipp<\/strong>: Der Mont St. Michel ist in jedem Fall ein Besuch wert. Aber m\u00f6glichst nicht in der Hauptsaison und besser w\u00e4hrend der Woche. Vielleicht an einem Tag, an dem das Wetter nicht ganz so bilderbuchm\u00e4\u00dfig ist. F\u00fcr die Fotos ist das zwar dann nicht so sch\u00f6n, aber zum Anschauen, Erkunden und Genie\u00dfen dieses Ortes sicher deutlich entspannter \ud83d\ude42<\/p>\n<p style=\"text-align: center;\"><a href=\"http:\/\/www.sabine-seyffert.de\/blog\/wp-content\/uploads\/2013\/09\/Mont-St-Michel-9.jpg\"><img loading=\"lazy\" decoding=\"async\" class=\"alignnone size-full wp-image-2625\" src=\"http:\/\/www.sabine-seyffert.de\/blog\/wp-content\/uploads\/2013\/09\/Mont-St-Michel-9.jpg\" alt=\"Mont St Michel 9\" width=\"600\" height=\"800\" srcset=\"https:\/\/www.sabine-seyffert.de\/blog\/wp-content\/uploads\/2013\/09\/Mont-St-Michel-9.jpg 600w, https:\/\/www.sabine-seyffert.de\/blog\/wp-content\/uploads\/2013\/09\/Mont-St-Michel-9-225x300.jpg 225w\" sizes=\"auto, (max-width: 600px) 100vw, 600px\" \/><\/a><\/p>\n<p style=\"text-align: justify;\">Etwas Verpflegung f\u00fcr den Ausflug sollte man ebenfalls dabei haben, den Grund zeigt das Foto&#8230;<\/p>\n<p style=\"text-align: center;\"><a href=\"http:\/\/www.sabine-seyffert.de\/blog\/wp-content\/uploads\/2013\/09\/Mont-St-Michel-Eis.jpg\"><img loading=\"lazy\" decoding=\"async\" class=\"alignnone size-full wp-image-2626\" src=\"http:\/\/www.sabine-seyffert.de\/blog\/wp-content\/uploads\/2013\/09\/Mont-St-Michel-Eis.jpg\" alt=\"Mont St Michel Eis\" width=\"800\" height=\"600\" srcset=\"https:\/\/www.sabine-seyffert.de\/blog\/wp-content\/uploads\/2013\/09\/Mont-St-Michel-Eis.jpg 800w, https:\/\/www.sabine-seyffert.de\/blog\/wp-content\/uploads\/2013\/09\/Mont-St-Michel-Eis-300x225.jpg 300w\" sizes=\"auto, (max-width: 800px) 100vw, 800px\" \/><\/a><\/p>\n<p style=\"text-align: justify;\">Meiner Information nach sollen die Bauarbeiten bis 2015 abgeschlossen sein, danach ist es sicher noch sch\u00f6ner den Berg samt Kloster zu besuchen!<\/p>\n<p style=\"text-align: center;\"><a href=\"http:\/\/www.sabine-seyffert.de\/blog\/wp-content\/uploads\/2013\/09\/Mont-St-Michel-10.jpg\"><img loading=\"lazy\" decoding=\"async\" class=\"alignnone size-full wp-image-2627\" src=\"http:\/\/www.sabine-seyffert.de\/blog\/wp-content\/uploads\/2013\/09\/Mont-St-Michel-10.jpg\" alt=\"Mont St Michel 10\" width=\"600\" height=\"800\" srcset=\"https:\/\/www.sabine-seyffert.de\/blog\/wp-content\/uploads\/2013\/09\/Mont-St-Michel-10.jpg 600w, https:\/\/www.sabine-seyffert.de\/blog\/wp-content\/uploads\/2013\/09\/Mont-St-Michel-10-225x300.jpg 225w\" sizes=\"auto, (max-width: 600px) 100vw, 600px\" \/><\/a><\/p>\n<p style=\"text-align: justify;\">Vielleicht waren schon andere von Euch dort und haben weitere Tipps? In jedem Fall w\u00fcnsche ich allen ein wunderbares Wochenende&#8230;<\/p>\n<p style=\"text-align: center;\"><a href=\"http:\/\/www.sabine-seyffert.de\/blog\/wp-content\/uploads\/2013\/09\/Mont-St-Michel-11.jpg\"><img loading=\"lazy\" decoding=\"async\" class=\"alignnone size-full wp-image-2628\" src=\"http:\/\/www.sabine-seyffert.de\/blog\/wp-content\/uploads\/2013\/09\/Mont-St-Michel-11.jpg\" alt=\"Mont St Michel 11\" width=\"600\" height=\"800\" srcset=\"https:\/\/www.sabine-seyffert.de\/blog\/wp-content\/uploads\/2013\/09\/Mont-St-Michel-11.jpg 600w, https:\/\/www.sabine-seyffert.de\/blog\/wp-content\/uploads\/2013\/09\/Mont-St-Michel-11-225x300.jpg 225w\" sizes=\"auto, (max-width: 600px) 100vw, 600px\" \/><\/a><\/p>\n<p style=\"text-align: justify;\">Weitere spannende Ausflugsziele in der N\u00e4he: Der prachtvolle Garten samt Museum von <a href=\"http:\/\/www.sabine-seyffert.de\/blog\/?p=2527\" target=\"_blank\" rel=\"noopener\">Christian Dior<\/a> in der Stadt <a href=\"http:\/\/www.sabine-seyffert.de\/blog\/?p=2527\" target=\"_blank\" rel=\"noopener\">Granville<\/a>, die mittelalterliche Burganlage <a href=\"http:\/\/www.sabine-seyffert.de\/blog\/?p=2801\" target=\"_blank\" rel=\"noopener\">Pirou <\/a>oder auch die D\u00fcnenlandschaft samt <a href=\"http:\/\/www.sabine-seyffert.de\/blog\/?p=2749\" target=\"_blank\" rel=\"noopener\">Strandh\u00e4user von Gouville sur mer<\/a>.<\/p>\n<p style=\"text-align: justify;\"><a href=\"http:\/\/www.sabine-seyffert.de\/blog\/?page_id=32#urheberrecht\">urheberrechtlich gesch\u00fctzt<\/a>, \u00a9 Sabine Seyffert<\/p>\n","protected":false},"excerpt":{"rendered":"<p>Zum Wochenende gibt es mal wieder einen kleinen Ausflugsbericht aus unserem Urlaub um das bunte Schulstartallerlei mal kurz zu unterbrechen \ud83d\ude09 Wer neugierig ist, kann mich heute an einen wunderbaren Ort begleiten: Den Mont Saint Michel haben wir bereits einige Male besucht, jedoch liegt das letzte Mal nun schon mehr als 10 Jahre zur\u00fcck. Da&#8230; <a href=\"https:\/\/www.sabine-seyffert.de\/blog\/ein-besuch-am-mont-st-michel\/\" class=\"more-link\">Read more: Ein Besuch am Mont St. Michel<\/a><\/p>\n","protected":false},"author":2,"featured_media":0,"comment_status":"open","ping_status":"open","sticky":false,"template":"","format":"standard","meta":{"_metis_text_type":"","_metis_text_length":3401,"_post_count":0,"footnotes":""},"categories":[39,24],"tags":[],"class_list":["post-2613","post","type-post","status-publish","format-standard","hentry","category-ausfluge-co","category-sommer"],"_links":{"self":[{"href":"https:\/\/www.sabine-seyffert.de\/blog\/wp-json\/wp\/v2\/posts\/2613","targetHints":{"allow":["GET"]}}],"collection":[{"href":"https:\/\/www.sabine-seyffert.de\/blog\/wp-json\/wp\/v2\/posts"}],"about":[{"href":"https:\/\/www.sabine-seyffert.de\/blog\/wp-json\/wp\/v2\/types\/post"}],"author":[{"embeddable":true,"href":"https:\/\/www.sabine-seyffert.de\/blog\/wp-json\/wp\/v2\/users\/2"}],"replies":[{"embeddable":true,"href":"https:\/\/www.sabine-seyffert.de\/blog\/wp-json\/wp\/v2\/comments?post=2613"}],"version-history":[{"count":10,"href":"https:\/\/www.sabine-seyffert.de\/blog\/wp-json\/wp\/v2\/posts\/2613\/revisions"}],"predecessor-version":[{"id":12808,"href":"https:\/\/www.sabine-seyffert.de\/blog\/wp-json\/wp\/v2\/posts\/2613\/revisions\/12808"}],"wp:attachment":[{"href":"https:\/\/www.sabine-seyffert.de\/blog\/wp-json\/wp\/v2\/media?parent=2613"}],"wp:term":[{"taxonomy":"category","embeddable":true,"href":"https:\/\/www.sabine-seyffert.de\/blog\/wp-json\/wp\/v2\/categories?post=2613"},{"taxonomy":"post_tag","embeddable":true,"href":"https:\/\/www.sabine-seyffert.de\/blog\/wp-json\/wp\/v2\/tags?post=2613"}],"curies":[{"name":"wp","href":"https:\/\/api.w.org\/{rel}","templated":true}]}}