{"id":25968,"date":"2023-08-14T06:00:57","date_gmt":"2023-08-14T04:00:57","guid":{"rendered":"https:\/\/www.sabine-seyffert.de\/blog\/?p=25968"},"modified":"2023-08-07T18:23:08","modified_gmt":"2023-08-07T16:23:08","slug":"bastelidee-fuer-den-sommer-ein-tag-am-strand-upcycling-collage","status":"publish","type":"post","link":"https:\/\/www.sabine-seyffert.de\/blog\/bastelidee-fuer-den-sommer-ein-tag-am-strand-upcycling-collage\/","title":{"rendered":"Bastelidee f\u00fcr den Sommer: Ein Tag am Strand \u2013 Upcycling Collage"},"content":{"rendered":"<p style=\"text-align: justify;\"><img loading=\"lazy\" decoding=\"async\" src=\"https:\/\/vg08.met.vgwort.de\/na\/5f920e6c9f2d458baa6f8e6f48e062af\" alt=\"\" width=\"1\" height=\"1\" \/>Bei uns in NRW sind wir zwar schon wieder ins neue Schuljahr gestartet, aber Mitte August gibt es f\u00fcr euch noch eine ganz sommerliche Bastelanleitung f\u00fcr alle, die gerne mal eine kleine Auszeit am Strand genie\u00dfen oder sich ein wenig maritimes Flair als Deko ins Haus holen wollen.<br \/>\nDiejenigen von euch, die in diesem Jahr schon am Meer gewesen sind, k\u00f6nnen hierbei gleich ein paar Urlaubserinnerungen in Form von kleinen Muscheln, Schneckenh\u00e4usern oder auch Sand verbasteln.<\/p>\n<p style=\"text-align: center;\"><a href=\"https:\/\/www.sabine-seyffert.de\/blog\/wp-content\/uploads\/2023\/07\/Strand-Kuchenteller-Sabine-Seyffert.de-8.jpg\"><img loading=\"lazy\" decoding=\"async\" class=\"alignnone size-full wp-image-25971\" src=\"https:\/\/www.sabine-seyffert.de\/blog\/wp-content\/uploads\/2023\/07\/Strand-Kuchenteller-Sabine-Seyffert.de-8.jpg\" alt=\"\" width=\"800\" height=\"600\" srcset=\"https:\/\/www.sabine-seyffert.de\/blog\/wp-content\/uploads\/2023\/07\/Strand-Kuchenteller-Sabine-Seyffert.de-8.jpg 800w, https:\/\/www.sabine-seyffert.de\/blog\/wp-content\/uploads\/2023\/07\/Strand-Kuchenteller-Sabine-Seyffert.de-8-300x225.jpg 300w, https:\/\/www.sabine-seyffert.de\/blog\/wp-content\/uploads\/2023\/07\/Strand-Kuchenteller-Sabine-Seyffert.de-8-768x576.jpg 768w\" sizes=\"auto, (max-width: 800px) 100vw, 800px\" \/><\/a><\/p>\n<p style=\"text-align: justify;\"><strong>Das wird gebraucht:<\/strong><br \/>\nEin Kuchenteller \/ Pappteller, eine Pommes Gabel oder Eis Stiel, ein Kronkorken, d\u00fcnne Pappe \/ Karton, Bastelfarbe (bsp. Wasserfarbe &amp; Deckwei\u00df, eine Bastelschere, Bastelkleber (fl\u00fcssig!) \/ Klebestift, Pinsel (Borstenpinsel), bunte Papierreste, Bastelunterlage und <a href=\"https:\/\/www.sabine-seyffert.de\/blog\/?p=12310\" target=\"_blank\" rel=\"noopener\">Malkittel<\/a><\/p>\n<p style=\"text-align: center;\"><a href=\"https:\/\/www.sabine-seyffert.de\/blog\/wp-content\/uploads\/2023\/07\/Strand-Kuchenteller-Sabine-Seyffert.de-.jpg\"><img loading=\"lazy\" decoding=\"async\" class=\"alignnone size-full wp-image-25972\" src=\"https:\/\/www.sabine-seyffert.de\/blog\/wp-content\/uploads\/2023\/07\/Strand-Kuchenteller-Sabine-Seyffert.de-.jpg\" alt=\"\" width=\"800\" height=\"600\" srcset=\"https:\/\/www.sabine-seyffert.de\/blog\/wp-content\/uploads\/2023\/07\/Strand-Kuchenteller-Sabine-Seyffert.de-.jpg 800w, https:\/\/www.sabine-seyffert.de\/blog\/wp-content\/uploads\/2023\/07\/Strand-Kuchenteller-Sabine-Seyffert.de--300x225.jpg 300w, https:\/\/www.sabine-seyffert.de\/blog\/wp-content\/uploads\/2023\/07\/Strand-Kuchenteller-Sabine-Seyffert.de--768x576.jpg 768w\" sizes=\"auto, (max-width: 800px) 100vw, 800px\" \/><\/a><\/p>\n<p style=\"text-align: justify;\"><strong>So wird\u2019s gemacht:<\/strong><br \/>\nAls erstes bereitet ihr euch den Untergrund in Form einen Papptellers vor. Die obere H\u00e4lfte bemalt ihr in einem sch\u00f6nen Blau f\u00fcr den Himmel. Der unteren Rand wird mit einem \u201eSand\u201c braunen Farbton bemalt.<\/p>\n<p style=\"text-align: center;\"><a href=\"https:\/\/www.sabine-seyffert.de\/blog\/wp-content\/uploads\/2023\/07\/Strand-Kuchenteller-Sabine-Seyffert.de-13.jpg\"><img loading=\"lazy\" decoding=\"async\" class=\"alignnone size-full wp-image-25979\" src=\"https:\/\/www.sabine-seyffert.de\/blog\/wp-content\/uploads\/2023\/07\/Strand-Kuchenteller-Sabine-Seyffert.de-13.jpg\" alt=\"\" width=\"800\" height=\"600\" srcset=\"https:\/\/www.sabine-seyffert.de\/blog\/wp-content\/uploads\/2023\/07\/Strand-Kuchenteller-Sabine-Seyffert.de-13.jpg 800w, https:\/\/www.sabine-seyffert.de\/blog\/wp-content\/uploads\/2023\/07\/Strand-Kuchenteller-Sabine-Seyffert.de-13-300x225.jpg 300w, https:\/\/www.sabine-seyffert.de\/blog\/wp-content\/uploads\/2023\/07\/Strand-Kuchenteller-Sabine-Seyffert.de-13-768x576.jpg 768w\" sizes=\"auto, (max-width: 800px) 100vw, 800px\" \/><\/a><\/p>\n<p style=\"text-align: justify;\">Falls ihr etwas Sand zur Verf\u00fcgung habt (es funktioniert auch mit frischem, sauberem Vogelsand) k\u00f6nnt ihr davon ein bisschen \u00fcber die noch nasse Farbe rieseln lassen. So erh\u00e4lt eurer Strandbild gleich einen tollen plastischen Effekt.<\/p>\n<p style=\"text-align: center;\"><a href=\"https:\/\/www.sabine-seyffert.de\/blog\/wp-content\/uploads\/2023\/07\/Strand-Kuchenteller-Sabine-Seyffert.de-12.jpg\"><img loading=\"lazy\" decoding=\"async\" class=\"alignnone size-full wp-image-25980\" src=\"https:\/\/www.sabine-seyffert.de\/blog\/wp-content\/uploads\/2023\/07\/Strand-Kuchenteller-Sabine-Seyffert.de-12.jpg\" alt=\"\" width=\"800\" height=\"600\" srcset=\"https:\/\/www.sabine-seyffert.de\/blog\/wp-content\/uploads\/2023\/07\/Strand-Kuchenteller-Sabine-Seyffert.de-12.jpg 800w, https:\/\/www.sabine-seyffert.de\/blog\/wp-content\/uploads\/2023\/07\/Strand-Kuchenteller-Sabine-Seyffert.de-12-300x225.jpg 300w, https:\/\/www.sabine-seyffert.de\/blog\/wp-content\/uploads\/2023\/07\/Strand-Kuchenteller-Sabine-Seyffert.de-12-768x576.jpg 768w\" sizes=\"auto, (max-width: 800px) 100vw, 800px\" \/><\/a><\/p>\n<p style=\"text-align: justify;\">Jetzt k\u00f6nnt ihr eurer Fantasie freien Lauf lassen und aus Pappe &amp; Papierresten alles basteln, was an eurem Strand auf keinen Fall fehlen darf. Wie w\u00e4re es mit einem <a href=\"https:\/\/www.sabine-seyffert.de\/blog\/?p=14831\" target=\"_blank\" rel=\"noopener\">Mini Papier Boot<\/a> aus <a href=\"https:\/\/www.sabine-seyffert.de\/blog\/?p=13917\" target=\"_blank\" rel=\"noopener\">selbst gemachtem Bastelpapier<\/a>?<\/p>\n<p style=\"text-align: center;\"><a href=\"https:\/\/www.sabine-seyffert.de\/blog\/wp-content\/uploads\/2023\/07\/Strand-Kuchenteller-Sabine-Seyffert.de-11.jpg\"><img loading=\"lazy\" decoding=\"async\" class=\"alignnone size-full wp-image-25981\" src=\"https:\/\/www.sabine-seyffert.de\/blog\/wp-content\/uploads\/2023\/07\/Strand-Kuchenteller-Sabine-Seyffert.de-11.jpg\" alt=\"\" width=\"800\" height=\"600\" srcset=\"https:\/\/www.sabine-seyffert.de\/blog\/wp-content\/uploads\/2023\/07\/Strand-Kuchenteller-Sabine-Seyffert.de-11.jpg 800w, https:\/\/www.sabine-seyffert.de\/blog\/wp-content\/uploads\/2023\/07\/Strand-Kuchenteller-Sabine-Seyffert.de-11-300x225.jpg 300w, https:\/\/www.sabine-seyffert.de\/blog\/wp-content\/uploads\/2023\/07\/Strand-Kuchenteller-Sabine-Seyffert.de-11-768x576.jpg 768w\" sizes=\"auto, (max-width: 800px) 100vw, 800px\" \/><\/a><\/p>\n<p style=\"text-align: justify;\">Aus Pappe und Pommes Gabel oder Eisstiel wird mit Farbe ein praktischer Sonnenschutz in Form eines Sonnenschirms, aus Kronkorken und bemaltem Zeitungspapier eine Sonne, die vom Himmel lacht.<\/p>\n<p style=\"text-align: center;\"><a href=\"https:\/\/www.sabine-seyffert.de\/blog\/wp-content\/uploads\/2023\/07\/Strand-Kuchenteller-Sabine-Seyffert.de-10.jpg\"><img loading=\"lazy\" decoding=\"async\" class=\"alignnone size-full wp-image-25982\" src=\"https:\/\/www.sabine-seyffert.de\/blog\/wp-content\/uploads\/2023\/07\/Strand-Kuchenteller-Sabine-Seyffert.de-10.jpg\" alt=\"\" width=\"800\" height=\"600\" srcset=\"https:\/\/www.sabine-seyffert.de\/blog\/wp-content\/uploads\/2023\/07\/Strand-Kuchenteller-Sabine-Seyffert.de-10.jpg 800w, https:\/\/www.sabine-seyffert.de\/blog\/wp-content\/uploads\/2023\/07\/Strand-Kuchenteller-Sabine-Seyffert.de-10-300x225.jpg 300w, https:\/\/www.sabine-seyffert.de\/blog\/wp-content\/uploads\/2023\/07\/Strand-Kuchenteller-Sabine-Seyffert.de-10-768x576.jpg 768w\" sizes=\"auto, (max-width: 800px) 100vw, 800px\" \/><\/a><\/p>\n<p style=\"text-align: justify;\">Hier und dort k\u00f6nnt ihr noch M\u00f6wen oder kleine Wolken unterbringen und den sandigen Boden mit kleinen Muscheln best\u00fccken. Hierbei ist fl\u00fcssiger Bastelkleber (oder Hei\u00dfklebepistole) hilfreich, da dies mit einem Klebestift nicht funktioniert.<\/p>\n<p style=\"text-align: center;\"><a href=\"https:\/\/www.sabine-seyffert.de\/blog\/wp-content\/uploads\/2023\/07\/Strand-Kuchenteller-Sabine-Seyffert.de-9.jpg\"><img loading=\"lazy\" decoding=\"async\" class=\"alignnone size-full wp-image-25978\" src=\"https:\/\/www.sabine-seyffert.de\/blog\/wp-content\/uploads\/2023\/07\/Strand-Kuchenteller-Sabine-Seyffert.de-9.jpg\" alt=\"\" width=\"800\" height=\"600\" srcset=\"https:\/\/www.sabine-seyffert.de\/blog\/wp-content\/uploads\/2023\/07\/Strand-Kuchenteller-Sabine-Seyffert.de-9.jpg 800w, https:\/\/www.sabine-seyffert.de\/blog\/wp-content\/uploads\/2023\/07\/Strand-Kuchenteller-Sabine-Seyffert.de-9-300x225.jpg 300w, https:\/\/www.sabine-seyffert.de\/blog\/wp-content\/uploads\/2023\/07\/Strand-Kuchenteller-Sabine-Seyffert.de-9-768x576.jpg 768w\" sizes=\"auto, (max-width: 800px) 100vw, 800px\" \/><\/a><\/p>\n<p style=\"text-align: justify;\">Sicher fallen euch hier auch noch andere Motive ein, mit denen sich euer Traumstrand best\u00fccken und versch\u00f6nern l\u00e4sst.<\/p>\n<p style=\"text-align: center;\"><a href=\"https:\/\/www.sabine-seyffert.de\/blog\/wp-content\/uploads\/2023\/07\/Strand-Kuchenteller-Sabine-Seyffert.de-6.jpg\"><img loading=\"lazy\" decoding=\"async\" class=\"alignnone size-full wp-image-25977\" src=\"https:\/\/www.sabine-seyffert.de\/blog\/wp-content\/uploads\/2023\/07\/Strand-Kuchenteller-Sabine-Seyffert.de-6.jpg\" alt=\"\" width=\"800\" height=\"600\" srcset=\"https:\/\/www.sabine-seyffert.de\/blog\/wp-content\/uploads\/2023\/07\/Strand-Kuchenteller-Sabine-Seyffert.de-6.jpg 800w, https:\/\/www.sabine-seyffert.de\/blog\/wp-content\/uploads\/2023\/07\/Strand-Kuchenteller-Sabine-Seyffert.de-6-300x225.jpg 300w, https:\/\/www.sabine-seyffert.de\/blog\/wp-content\/uploads\/2023\/07\/Strand-Kuchenteller-Sabine-Seyffert.de-6-768x576.jpg 768w\" sizes=\"auto, (max-width: 800px) 100vw, 800px\" \/><\/a><\/p>\n<p style=\"text-align: justify;\">Viel Spa\u00df beim Basteln und der maritimen \u201eAuszeit\u201c.<\/p>\n<p style=\"text-align: center;\"><a href=\"https:\/\/www.sabine-seyffert.de\/blog\/wp-content\/uploads\/2023\/07\/Strand-Kuchenteller-Sabine-Seyffert.de-5.jpg\"><img loading=\"lazy\" decoding=\"async\" class=\"alignnone size-full wp-image-25976\" src=\"https:\/\/www.sabine-seyffert.de\/blog\/wp-content\/uploads\/2023\/07\/Strand-Kuchenteller-Sabine-Seyffert.de-5.jpg\" alt=\"\" width=\"800\" height=\"600\" srcset=\"https:\/\/www.sabine-seyffert.de\/blog\/wp-content\/uploads\/2023\/07\/Strand-Kuchenteller-Sabine-Seyffert.de-5.jpg 800w, https:\/\/www.sabine-seyffert.de\/blog\/wp-content\/uploads\/2023\/07\/Strand-Kuchenteller-Sabine-Seyffert.de-5-300x225.jpg 300w, https:\/\/www.sabine-seyffert.de\/blog\/wp-content\/uploads\/2023\/07\/Strand-Kuchenteller-Sabine-Seyffert.de-5-768x576.jpg 768w\" sizes=\"auto, (max-width: 800px) 100vw, 800px\" \/><\/a><\/p>\n<p>Falls ihr den Sommer kreativ gesehen noch weiter auskosten und genie\u00dfen wollt, findet ihr auf dem Blog weitere tolle Bastelanleitungen, kindgerechte Massagen und auch N\u00e4hanleitungen zum Thema Strand:<\/p>\n<p style=\"text-align: center;\"><a href=\"https:\/\/www.sabine-seyffert.de\/blog\/wp-content\/uploads\/2023\/07\/Strand-Kuchenteller-Sabine-Seyffert.de-2.jpg\"><img loading=\"lazy\" decoding=\"async\" class=\"alignnone size-full wp-image-25975\" src=\"https:\/\/www.sabine-seyffert.de\/blog\/wp-content\/uploads\/2023\/07\/Strand-Kuchenteller-Sabine-Seyffert.de-2.jpg\" alt=\"\" width=\"600\" height=\"800\" srcset=\"https:\/\/www.sabine-seyffert.de\/blog\/wp-content\/uploads\/2023\/07\/Strand-Kuchenteller-Sabine-Seyffert.de-2.jpg 600w, https:\/\/www.sabine-seyffert.de\/blog\/wp-content\/uploads\/2023\/07\/Strand-Kuchenteller-Sabine-Seyffert.de-2-225x300.jpg 225w\" sizes=\"auto, (max-width: 600px) 100vw, 600px\" \/><\/a><\/p>\n<p>* <a href=\"https:\/\/www.sabine-seyffert.de\/blog\/?p=20922\" target=\"_blank\" rel=\"noopener\">Massage Ferientag am Strand<\/a><br \/>\n* <a href=\"https:\/\/www.sabine-seyffert.de\/blog\/?p=20876\" target=\"_blank\" rel=\"noopener\">Sommerpost von der Strandkrabbe<\/a><br \/>\n* <a href=\"https:\/\/www.sabine-seyffert.de\/blog\/?p=20845\" target=\"_blank\" rel=\"noopener\">Einsiedler Krebs am Strand<\/a><br \/>\n* <a href=\"https:\/\/www.sabine-seyffert.de\/blog\/?p=20528\" target=\"_blank\" rel=\"noopener\">Strandhaus als Stundenplan<\/a><br \/>\n* <a href=\"https:\/\/www.sabine-seyffert.de\/blog\/?p=20381\" target=\"_blank\" rel=\"noopener\">Strand aus Handabdruck<\/a><br \/>\n* <a href=\"https:\/\/www.sabine-seyffert.de\/blog\/?p=16904\" target=\"_blank\" rel=\"noopener\">Bunte Flips Flops f\u00fcr den Strandurlaub<\/a><br \/>\n* <a href=\"https:\/\/www.sabine-seyffert.de\/blog\/?p=14864\" target=\"_blank\" rel=\"noopener\">Strandhaus Girlande<\/a><br \/>\n* <a href=\"https:\/\/www.sabine-seyffert.de\/blog\/?p=13170\" target=\"_blank\" rel=\"noopener\">Rezept Idee f\u00fcr einen s\u00fc\u00dfen Sommersnack: Leckere Strandkrabben<\/a> (Perfekt f\u00fcr den Kindergeburtstag!)<br \/>\n* <a href=\"https:\/\/www.sabine-seyffert.de\/blog\/?p=5846\" target=\"_blank\" rel=\"noopener\">Coole Strandtasche<\/a><br \/>\n* <a href=\"https:\/\/www.sabine-seyffert.de\/blog\/?p=23345\" target=\"_blank\" rel=\"noopener\">Die sch\u00f6nsten Bastelideen zum Thema Meer<\/a><br \/>\n* <a href=\"https:\/\/www.sabine-seyffert.de\/blog\/?p=20040\" target=\"_blank\" rel=\"noopener\">Krebs aus Walnuss basteln<\/a><br \/>\n* <a href=\"https:\/\/www.sabine-seyffert.de\/blog\/?p=16961\" target=\"_blank\" rel=\"noopener\">Lustige Krabbe als Geschenkverpackung<\/a><br \/>\n* <a href=\"https:\/\/www.sabine-seyffert.de\/blog\/?p=16872\" target=\"_blank\" rel=\"noopener\">Schatzinsel f\u00fcr abenteuerlustige Piraten<\/a><br \/>\n* <a href=\"https:\/\/www.sabine-seyffert.de\/blog\/?p=14948\" target=\"_blank\" rel=\"noopener\">Wellen mit Schiff zum Spielen<\/a><br \/>\n* <a href=\"https:\/\/www.sabine-seyffert.de\/blog\/?p=14877\" target=\"_blank\" rel=\"noopener\">Massage: Komm, wir bauen eine Sandburg<\/a><br \/>\n* <a href=\"https:\/\/www.sabine-seyffert.de\/blog\/?p=12746\" target=\"_blank\" rel=\"noopener\">Gen\u00e4hte Kissen H\u00fclle mit Strand Motiv<\/a><\/p>\n<p style=\"text-align: center;\"><a href=\"https:\/\/www.sabine-seyffert.de\/blog\/wp-content\/uploads\/2023\/07\/Strand-Kuchenteller-Sabine-Seyffert.de-3.jpg\"><img loading=\"lazy\" decoding=\"async\" class=\"alignnone size-full wp-image-25974\" src=\"https:\/\/www.sabine-seyffert.de\/blog\/wp-content\/uploads\/2023\/07\/Strand-Kuchenteller-Sabine-Seyffert.de-3.jpg\" alt=\"\" width=\"600\" height=\"800\" srcset=\"https:\/\/www.sabine-seyffert.de\/blog\/wp-content\/uploads\/2023\/07\/Strand-Kuchenteller-Sabine-Seyffert.de-3.jpg 600w, https:\/\/www.sabine-seyffert.de\/blog\/wp-content\/uploads\/2023\/07\/Strand-Kuchenteller-Sabine-Seyffert.de-3-225x300.jpg 225w\" sizes=\"auto, (max-width: 600px) 100vw, 600px\" \/><\/a><\/p>\n<p style=\"text-align: justify;\">Weitere DIY Ideen rund um die Sommerzeit findet ihr \u00fcbrigens in <a href=\"https:\/\/www.sabine-seyffert.de\/blog\/?cat=24\" target=\"_blank\" rel=\"noopener\">dieser Blog Kategorie<\/a>, alle kreativen Bastelideen f\u00fcr Kinder gibt es in <a href=\"https:\/\/www.sabine-seyffert.de\/blog\/?cat=32\" target=\"_blank\" rel=\"noopener\">dieser Rubrik<\/a>, pfiffige Upcyclingideen zum Selbermachen sind in <a href=\"https:\/\/www.sabine-seyffert.de\/blog\/?cat=47\" target=\"_blank\" rel=\"noopener\">diesem Blog Ordner<\/a> und andere kreative Sachen auch an <a href=\"https:\/\/www.pinterest.de\/diysabineseyffert\/\" target=\"_blank\" rel=\"noopener\">dieser Stelle<\/a>.<\/p>\n<p style=\"text-align: center;\"><a href=\"https:\/\/www.sabine-seyffert.de\/blog\/wp-content\/uploads\/2023\/07\/Strand-Kuchenteller-Sabine-Seyffert.de-1.jpg\"><img loading=\"lazy\" decoding=\"async\" class=\"alignnone size-full wp-image-25973\" src=\"https:\/\/www.sabine-seyffert.de\/blog\/wp-content\/uploads\/2023\/07\/Strand-Kuchenteller-Sabine-Seyffert.de-1.jpg\" alt=\"\" width=\"600\" height=\"800\" srcset=\"https:\/\/www.sabine-seyffert.de\/blog\/wp-content\/uploads\/2023\/07\/Strand-Kuchenteller-Sabine-Seyffert.de-1.jpg 600w, https:\/\/www.sabine-seyffert.de\/blog\/wp-content\/uploads\/2023\/07\/Strand-Kuchenteller-Sabine-Seyffert.de-1-225x300.jpg 225w\" sizes=\"auto, (max-width: 600px) 100vw, 600px\" \/><\/a><\/p>\n<p style=\"text-align: justify;\"><a href=\"https:\/\/www.sabine-seyffert.de\/blog\/?page_id=32#urheberrecht\">urheberrechtlich gesch\u00fctzt<\/a>, \u00a9 Sabine Seyffert<\/p>\n","protected":false},"excerpt":{"rendered":"<p>Bei uns in NRW sind wir zwar schon wieder ins neue Schuljahr gestartet, aber Mitte August gibt es f\u00fcr euch noch eine ganz sommerliche Bastelanleitung f\u00fcr alle, die gerne mal eine kleine Auszeit am Strand genie\u00dfen oder sich ein wenig maritimes Flair als Deko ins Haus holen wollen. Diejenigen von euch, die in diesem Jahr&#8230; <a href=\"https:\/\/www.sabine-seyffert.de\/blog\/bastelidee-fuer-den-sommer-ein-tag-am-strand-upcycling-collage\/\" class=\"more-link\">Read more: Bastelidee f\u00fcr den Sommer: Ein Tag am Strand \u2013 Upcycling Collage<\/a><\/p>\n","protected":false},"author":2,"featured_media":0,"comment_status":"open","ping_status":"open","sticky":false,"template":"","format":"standard","meta":{"_metis_text_type":"","_metis_text_length":3166,"_post_count":0,"footnotes":""},"categories":[32,24,47],"tags":[],"class_list":["post-25968","post","type-post","status-publish","format-standard","hentry","category-kreatives-fur-kleine-kinderhande","category-sommer","category-upcyceltes"],"_links":{"self":[{"href":"https:\/\/www.sabine-seyffert.de\/blog\/wp-json\/wp\/v2\/posts\/25968","targetHints":{"allow":["GET"]}}],"collection":[{"href":"https:\/\/www.sabine-seyffert.de\/blog\/wp-json\/wp\/v2\/posts"}],"about":[{"href":"https:\/\/www.sabine-seyffert.de\/blog\/wp-json\/wp\/v2\/types\/post"}],"author":[{"embeddable":true,"href":"https:\/\/www.sabine-seyffert.de\/blog\/wp-json\/wp\/v2\/users\/2"}],"replies":[{"embeddable":true,"href":"https:\/\/www.sabine-seyffert.de\/blog\/wp-json\/wp\/v2\/comments?post=25968"}],"version-history":[{"count":4,"href":"https:\/\/www.sabine-seyffert.de\/blog\/wp-json\/wp\/v2\/posts\/25968\/revisions"}],"predecessor-version":[{"id":25984,"href":"https:\/\/www.sabine-seyffert.de\/blog\/wp-json\/wp\/v2\/posts\/25968\/revisions\/25984"}],"wp:attachment":[{"href":"https:\/\/www.sabine-seyffert.de\/blog\/wp-json\/wp\/v2\/media?parent=25968"}],"wp:term":[{"taxonomy":"category","embeddable":true,"href":"https:\/\/www.sabine-seyffert.de\/blog\/wp-json\/wp\/v2\/categories?post=25968"},{"taxonomy":"post_tag","embeddable":true,"href":"https:\/\/www.sabine-seyffert.de\/blog\/wp-json\/wp\/v2\/tags?post=25968"}],"curies":[{"name":"wp","href":"https:\/\/api.w.org\/{rel}","templated":true}]}}