{"id":2591,"date":"2013-09-12T10:01:49","date_gmt":"2013-09-12T08:01:49","guid":{"rendered":"http:\/\/www.sabine-seyffert.de\/blog\/?p=2591"},"modified":"2017-03-06T12:33:22","modified_gmt":"2017-03-06T10:33:22","slug":"viele-kleine-schultuten","status":"publish","type":"post","link":"https:\/\/www.sabine-seyffert.de\/blog\/viele-kleine-schultuten\/","title":{"rendered":"Viele, kleine Schult\u00fcten"},"content":{"rendered":"<p style=\"text-align: justify;\"><img loading=\"lazy\" decoding=\"async\" src=\"https:\/\/ssl-vg03.met.vgwort.de\/na\/39caf8fc8096454f9db7c7407bcf4859\" alt=\"\" width=\"1\" height=\"1\" \/>PS: Diese Anleitung kann man auch f\u00fcr die Wie schon erw\u00e4hnt schlugen die Ideen in mir, w\u00e4hrend der Sommerferien, wahre Purzelb\u00e4ume. Jedes Mal w\u00fcnsche ich sehnlichst, dass dies auch mal auf \u201eKnopfdruck\u201c passieren m\u00f6ge. Und zwar dann wenn sich neue Buchprojekte anmelden. Aber nichts da, in diesen Momenten sp\u00fcre ich jedes Mal leise und unaufhaltsam die Panik in mir aufsteigen, die mir leise ins Ohr fl\u00fcstert: \u201eLiebe Sabine, du kannst das Buch nicht schreiben, denn du hast ja gar keine Ideen zum Thema\u2026\u201c Deswegen schiebe ich gerade auch sehr gekonnt mein neuesten Buchprojekt vor mir her und widme mich mit ganzer Leidenschaft und einer riesen Portion Herzblut der Einschulung meiner Tochter.<\/p>\n<p style=\"text-align: center;\"><a href=\"http:\/\/www.sabine-seyffert.de\/blog\/wp-content\/uploads\/2013\/09\/Mini-Schult\u00fcte-1.jpg\"><img loading=\"lazy\" decoding=\"async\" class=\"alignnone size-full wp-image-2592\" src=\"http:\/\/www.sabine-seyffert.de\/blog\/wp-content\/uploads\/2013\/09\/Mini-Schult\u00fcte-1.jpg\" alt=\"Mini Schult\u00fcte 1\" width=\"800\" height=\"600\" srcset=\"https:\/\/www.sabine-seyffert.de\/blog\/wp-content\/uploads\/2013\/09\/Mini-Schult\u00fcte-1.jpg 800w, https:\/\/www.sabine-seyffert.de\/blog\/wp-content\/uploads\/2013\/09\/Mini-Schult\u00fcte-1-300x225.jpg 300w\" sizes=\"auto, (max-width: 800px) 100vw, 800px\" \/><\/a><\/p>\n<p style=\"text-align: justify;\">Vielleicht liegt es daran, dass ich bereits drei Einschulungen hinter mich gebracht habe und die Messlatte dieses Mal entsprechend hoch liegt. In jedem Fall muss weitere Deko her.<\/p>\n<p style=\"text-align: center;\"><a href=\"http:\/\/www.sabine-seyffert.de\/blog\/wp-content\/uploads\/2013\/09\/Mini-Schult\u00fcte-2.jpg\"><img loading=\"lazy\" decoding=\"async\" class=\"alignnone size-full wp-image-2593\" src=\"http:\/\/www.sabine-seyffert.de\/blog\/wp-content\/uploads\/2013\/09\/Mini-Schult\u00fcte-2.jpg\" alt=\"Mini Schult\u00fcte 2\" width=\"800\" height=\"643\" srcset=\"https:\/\/www.sabine-seyffert.de\/blog\/wp-content\/uploads\/2013\/09\/Mini-Schult\u00fcte-2.jpg 800w, https:\/\/www.sabine-seyffert.de\/blog\/wp-content\/uploads\/2013\/09\/Mini-Schult\u00fcte-2-300x241.jpg 300w\" sizes=\"auto, (max-width: 800px) 100vw, 800px\" \/><\/a><\/p>\n<p style=\"text-align: justify;\">Was ich f\u00fcr das <a href=\"http:\/\/www.sabine-seyffert.de\/blog\/?p=2211\" target=\"_blank\">Abschiedsfest im Kindergarten<\/a> mit Bravur verworfen habe, kommt nun wieder durch. Es gibt offenbar Dinge, die wollen umgesetzt werden, sonst bringen sie keine Ruhe. Zumindest mir nicht. Also f\u00fcge ich mich meinem Schicksal und lege los:<\/p>\n<p style=\"text-align: center;\"><a href=\"http:\/\/www.sabine-seyffert.de\/blog\/wp-content\/uploads\/2013\/09\/Mini-Schult\u00fcte-3.jpg\"><img loading=\"lazy\" decoding=\"async\" class=\"alignnone size-full wp-image-2594\" src=\"http:\/\/www.sabine-seyffert.de\/blog\/wp-content\/uploads\/2013\/09\/Mini-Schult\u00fcte-3.jpg\" alt=\"Mini Schult\u00fcte 3\" width=\"800\" height=\"600\" srcset=\"https:\/\/www.sabine-seyffert.de\/blog\/wp-content\/uploads\/2013\/09\/Mini-Schult\u00fcte-3.jpg 800w, https:\/\/www.sabine-seyffert.de\/blog\/wp-content\/uploads\/2013\/09\/Mini-Schult\u00fcte-3-300x225.jpg 300w\" sizes=\"auto, (max-width: 800px) 100vw, 800px\" \/><\/a><\/p>\n<p style=\"text-align: justify;\"><strong>Das wird gebraucht:<\/strong><br \/>\nTonpapier oder Tonkarton, doppelseitiges Klebeband, Schere, Tacker, Stoff, N\u00e4hgarn, Stoffkreide, Stoffschere, Zickzackschere, Schr\u00e4gband, Nylongarn, Kordel oder Geschenkband<\/p>\n<p style=\"text-align: center;\"><a href=\"http:\/\/www.sabine-seyffert.de\/blog\/wp-content\/uploads\/2013\/09\/Mini-Schult\u00fcte-4.jpg\"><img loading=\"lazy\" decoding=\"async\" class=\"alignnone size-full wp-image-2595\" src=\"http:\/\/www.sabine-seyffert.de\/blog\/wp-content\/uploads\/2013\/09\/Mini-Schult\u00fcte-4.jpg\" alt=\"Mini Schult\u00fcte 4\" width=\"800\" height=\"600\" srcset=\"https:\/\/www.sabine-seyffert.de\/blog\/wp-content\/uploads\/2013\/09\/Mini-Schult\u00fcte-4.jpg 800w, https:\/\/www.sabine-seyffert.de\/blog\/wp-content\/uploads\/2013\/09\/Mini-Schult\u00fcte-4-300x225.jpg 300w\" sizes=\"auto, (max-width: 800px) 100vw, 800px\" \/><\/a><\/p>\n<p style=\"text-align: justify;\"><strong>So wird\u2019s gemacht:<\/strong><br \/>\nAuf das Tonpapier zeichnet man sich ein breiteres Tortenst\u00fcck (etwas kleiner als ein Viertel) und schneidet dies aus. Dann schneidet man ein St\u00fcck doppelseitiges Klebeband ab und heftet das an einem der beiden geraden R\u00e4nder. Die Folie zieht man nun ab und rollt dies zu einer Schult\u00fcte zusammen. Wer auf Nummer sicher gehen will, tackert den Rand oben nochmals zusammen.<\/p>\n<p style=\"text-align: center;\"><a href=\"http:\/\/www.sabine-seyffert.de\/blog\/wp-content\/uploads\/2013\/09\/Mini-Schult\u00fcte-6.jpg\"><img loading=\"lazy\" decoding=\"async\" class=\"alignnone size-full wp-image-2596\" src=\"http:\/\/www.sabine-seyffert.de\/blog\/wp-content\/uploads\/2013\/09\/Mini-Schult\u00fcte-6.jpg\" alt=\"Mini Schult\u00fcte 6\" width=\"800\" height=\"547\" srcset=\"https:\/\/www.sabine-seyffert.de\/blog\/wp-content\/uploads\/2013\/09\/Mini-Schult\u00fcte-6.jpg 800w, https:\/\/www.sabine-seyffert.de\/blog\/wp-content\/uploads\/2013\/09\/Mini-Schult\u00fcte-6-300x205.jpg 300w\" sizes=\"auto, (max-width: 800px) 100vw, 800px\" \/><\/a><\/p>\n<p style=\"text-align: justify;\">Nun braucht man ein St\u00fcck Stoff, das die Gr\u00f6\u00dfe des Tortenst\u00fccks und an der Seite je 1-2 cm Nahtzugabe haben sollte. Wie man auf meinen Fotos sieht, bin ich keine gelernte N\u00e4herin und halte es mit den Ma\u00dfen wie es mir passt\u2026<br \/>\nDas kann man sich mit der Stoffkreide auf den Stoff zeichnen und diesen mit der Stoffschere ausschneiden. Das Stoffst\u00fcck legt man nun mit der rechten Seite innenliegend, um die Schult\u00fcte und steckt dies mit Nadeln am Rand zusammen. Der Einfachheithalber habe ich den Stoff nun mit einer einfachen Naht zusammengen\u00e4ht und nicht weiter vers\u00e4ubert. (Wer die Bastelei waschen m\u00f6chte, sollte das in dem Fall jedoch noch tun!)<\/p>\n<p style=\"text-align: center;\"><a href=\"http:\/\/www.sabine-seyffert.de\/blog\/wp-content\/uploads\/2013\/09\/Mini-Schult\u00fcte-7.jpg\"><img loading=\"lazy\" decoding=\"async\" class=\"alignnone size-full wp-image-2597\" src=\"http:\/\/www.sabine-seyffert.de\/blog\/wp-content\/uploads\/2013\/09\/Mini-Schult\u00fcte-7.jpg\" alt=\"Mini Schult\u00fcte 7\" width=\"761\" height=\"568\" srcset=\"https:\/\/www.sabine-seyffert.de\/blog\/wp-content\/uploads\/2013\/09\/Mini-Schult\u00fcte-7.jpg 761w, https:\/\/www.sabine-seyffert.de\/blog\/wp-content\/uploads\/2013\/09\/Mini-Schult\u00fcte-7-300x223.jpg 300w\" sizes=\"auto, (max-width: 761px) 100vw, 761px\" \/><\/a><\/p>\n<p style=\"text-align: justify;\">Dann dreht man den Stoff auf rechts. Die Spitze bekommt man gut mit einer H\u00e4kelnadel nach oben geschoben, so dass die Pappschult\u00fcte auch gut hinein passt.<\/p>\n<p style=\"text-align: center;\"><a href=\"http:\/\/www.sabine-seyffert.de\/blog\/wp-content\/uploads\/2013\/09\/Mini-Schult\u00fcte-8.jpg\"><img loading=\"lazy\" decoding=\"async\" class=\"alignnone size-full wp-image-2598\" src=\"http:\/\/www.sabine-seyffert.de\/blog\/wp-content\/uploads\/2013\/09\/Mini-Schult\u00fcte-8.jpg\" alt=\"Mini Schult\u00fcte 8\" width=\"800\" height=\"600\" srcset=\"https:\/\/www.sabine-seyffert.de\/blog\/wp-content\/uploads\/2013\/09\/Mini-Schult\u00fcte-8.jpg 800w, https:\/\/www.sabine-seyffert.de\/blog\/wp-content\/uploads\/2013\/09\/Mini-Schult\u00fcte-8-300x225.jpg 300w\" sizes=\"auto, (max-width: 800px) 100vw, 800px\" \/><\/a><\/p>\n<p style=\"text-align: justify;\">Nun schneidet man aus einem anderen Stoff ein rechteckiges St\u00fcck aus, damit die Schult\u00fcte auch zusammengebunden werden kann. Als n\u00e4chstes habe ich den oberen Rand mit farblich passendem Schr\u00e4gband ausgestattet, den weiteren Stoff mit Nadeln dahinter gesteckt und dieses mit einer gerade (meine sind leider allesamt schief) Naht vern\u00e4ht. Konntet Ihr mich fluchen h\u00f6ren?! Das ist ganz sch\u00f6n fisselig, weil die Schult\u00fcten recht klein sind. Aber was will man machen? Ich hatte bereits f\u00fcr 6 Schult\u00fcten Stoff zugeschnitten. Also Augen zu und durch.<\/p>\n<p style=\"text-align: justify;\"><a href=\"http:\/\/www.sabine-seyffert.de\/blog\/wp-content\/uploads\/2013\/09\/Mini-Schult\u00fcte-5.jpg\"><img loading=\"lazy\" decoding=\"async\" class=\"alignnone size-full wp-image-2599\" src=\"http:\/\/www.sabine-seyffert.de\/blog\/wp-content\/uploads\/2013\/09\/Mini-Schult\u00fcte-5.jpg\" alt=\"Mini Schult\u00fcte 5\" width=\"800\" height=\"561\" srcset=\"https:\/\/www.sabine-seyffert.de\/blog\/wp-content\/uploads\/2013\/09\/Mini-Schult\u00fcte-5.jpg 800w, https:\/\/www.sabine-seyffert.de\/blog\/wp-content\/uploads\/2013\/09\/Mini-Schult\u00fcte-5-300x210.jpg 300w\" sizes=\"auto, (max-width: 800px) 100vw, 800px\" \/><\/a><\/p>\n<p style=\"text-align: justify;\">Nach dem N\u00e4hen kam mir dann \u2013aus heiterem Himmel\u2013 die Idee, auch hieraus eine Art festliche &#8220;Girlande&#8221; zu machen. Daf\u00fcr habe ich an der Aufh\u00e4ngung noch jeweils einen Buchstaben auf einer Papierspitze angebracht, so dass meine Mini Schult\u00fcten nun zus\u00e4tzlich das Wort \u201eSchule\u201c darstellen. Wenn man es im Raum nutzen m\u00f6chte und sich die Schult\u00fcten drehen, sollte man diese &#8220;Buchstabenspitze&#8221; je doppelt man, damit es von beiden Seiten lesbar ist.<\/p>\n<p style=\"text-align: justify;\">Diese Mini Schul\u00fcten, solo oder wie hier als Girlande, sind nicht nur zur Einschulung eine nette Deko Idee, sondern auch zum Schulwechsel oder nach den Ferien, wenn die Schule wieder startet \ud83d\ude42 Mehr Ideen zur Einschulung findet Ihr \u00fcbrigens <a href=\"http:\/\/www.sabine-seyffert.de\/blog\/?cat=40\" target=\"_blank\">hier<\/a>.<\/p>\n<p><a href=\"http:\/\/www.sabine-seyffert.de\/blog\/?p=2570\" target=\"_blank\">Schult\u00fcte in gro\u00dfer Ausf\u00fchrung<\/a> verwenden!<br \/>\n<a href=\"http:\/\/www.sabine-seyffert.de\/blog\/?page_id=32#urheberrecht\">urheberrechtlich gesch\u00fctzt<\/a>, \u00a9 Sabine Seyffert<\/p>\n","protected":false},"excerpt":{"rendered":"<p>PS: Diese Anleitung kann man auch f\u00fcr die Wie schon erw\u00e4hnt schlugen die Ideen in mir, w\u00e4hrend der Sommerferien, wahre Purzelb\u00e4ume. Jedes Mal w\u00fcnsche ich sehnlichst, dass dies auch mal auf \u201eKnopfdruck\u201c passieren m\u00f6ge. Und zwar dann wenn sich neue Buchprojekte anmelden. Aber nichts da, in diesen Momenten sp\u00fcre ich jedes Mal leise und unaufhaltsam&#8230; <a href=\"https:\/\/www.sabine-seyffert.de\/blog\/viele-kleine-schultuten\/\" class=\"more-link\">Read more: Viele, kleine Schult\u00fcten<\/a><\/p>\n","protected":false},"author":2,"featured_media":0,"comment_status":"open","ping_status":"open","sticky":false,"template":"","format":"standard","meta":{"_metis_text_type":"","_metis_text_length":3854,"_post_count":0,"footnotes":""},"categories":[12,33,40],"tags":[],"class_list":["post-2591","post","type-post","status-publish","format-standard","hentry","category-deko-ideen","category-kreative-naherein","category-schulstart"],"_links":{"self":[{"href":"https:\/\/www.sabine-seyffert.de\/blog\/wp-json\/wp\/v2\/posts\/2591","targetHints":{"allow":["GET"]}}],"collection":[{"href":"https:\/\/www.sabine-seyffert.de\/blog\/wp-json\/wp\/v2\/posts"}],"about":[{"href":"https:\/\/www.sabine-seyffert.de\/blog\/wp-json\/wp\/v2\/types\/post"}],"author":[{"embeddable":true,"href":"https:\/\/www.sabine-seyffert.de\/blog\/wp-json\/wp\/v2\/users\/2"}],"replies":[{"embeddable":true,"href":"https:\/\/www.sabine-seyffert.de\/blog\/wp-json\/wp\/v2\/comments?post=2591"}],"version-history":[{"count":11,"href":"https:\/\/www.sabine-seyffert.de\/blog\/wp-json\/wp\/v2\/posts\/2591\/revisions"}],"predecessor-version":[{"id":9813,"href":"https:\/\/www.sabine-seyffert.de\/blog\/wp-json\/wp\/v2\/posts\/2591\/revisions\/9813"}],"wp:attachment":[{"href":"https:\/\/www.sabine-seyffert.de\/blog\/wp-json\/wp\/v2\/media?parent=2591"}],"wp:term":[{"taxonomy":"category","embeddable":true,"href":"https:\/\/www.sabine-seyffert.de\/blog\/wp-json\/wp\/v2\/categories?post=2591"},{"taxonomy":"post_tag","embeddable":true,"href":"https:\/\/www.sabine-seyffert.de\/blog\/wp-json\/wp\/v2\/tags?post=2591"}],"curies":[{"name":"wp","href":"https:\/\/api.w.org\/{rel}","templated":true}]}}