{"id":25850,"date":"2023-07-12T06:00:52","date_gmt":"2023-07-12T04:00:52","guid":{"rendered":"https:\/\/www.sabine-seyffert.de\/blog\/?p=25850"},"modified":"2023-06-25T16:06:25","modified_gmt":"2023-06-25T14:06:25","slug":"diy-idee-im-sommer-hallo-sonne-ferienspass-fuer-kinder","status":"publish","type":"post","link":"https:\/\/www.sabine-seyffert.de\/blog\/diy-idee-im-sommer-hallo-sonne-ferienspass-fuer-kinder\/","title":{"rendered":"DIY Idee im Sommer: Hallo Sonne \u2013 Ferienspa\u00df f\u00fcr Kinder"},"content":{"rendered":"<p style=\"text-align: justify;\"><img loading=\"lazy\" decoding=\"async\" src=\"https:\/\/vg08.met.vgwort.de\/na\/d8b3fb3cf18c4f55adaf143ee0b13155\" alt=\"\" width=\"1\" height=\"1\" \/>Der Sommer hat begonnen und die <a href=\"https:\/\/www.sabine-seyffert.de\/blog\/?p=25811\" target=\"_blank\" rel=\"noopener\">Sommerferien<\/a> sind hier bei uns in NRW bereits gestartet. Somit h\u00f6chste Zeit f\u00fcr etwas Sonne, die nach Drau\u00dfen lockt, unsere Energie Reserven wieder auff\u00fcllt und f\u00fcr gem\u00fctliche Tage im Garten, am Strand, auf der Wiese oder in den Bergen sorgt.<br \/>\nDaher habe ich heute eine klitzekleine Bastelidee zum Selbermachen mit dabei. In der Anleitung verrate ich euch, wie man sich ganz einfach eine kleine Sonne basteln kann. Ob als Stimmungsaufheller f\u00fcr die eigenen vier W\u00e4nde, kleiner Sonnengru\u00df per Post oder Aufmunterung f\u00fcr jemand, dem ihr gerne eine Freude machen wollt ist ganz egal.<\/p>\n<p style=\"text-align: center;\"><a href=\"https:\/\/www.sabine-seyffert.de\/blog\/wp-content\/uploads\/2023\/06\/Sonne-aus-bemaltem-Tetrapak-Sabine-Seyffert.de-0.jpg\"><img loading=\"lazy\" decoding=\"async\" class=\"alignnone size-full wp-image-25851\" src=\"https:\/\/www.sabine-seyffert.de\/blog\/wp-content\/uploads\/2023\/06\/Sonne-aus-bemaltem-Tetrapak-Sabine-Seyffert.de-0.jpg\" alt=\"\" width=\"800\" height=\"600\" srcset=\"https:\/\/www.sabine-seyffert.de\/blog\/wp-content\/uploads\/2023\/06\/Sonne-aus-bemaltem-Tetrapak-Sabine-Seyffert.de-0.jpg 800w, https:\/\/www.sabine-seyffert.de\/blog\/wp-content\/uploads\/2023\/06\/Sonne-aus-bemaltem-Tetrapak-Sabine-Seyffert.de-0-300x225.jpg 300w, https:\/\/www.sabine-seyffert.de\/blog\/wp-content\/uploads\/2023\/06\/Sonne-aus-bemaltem-Tetrapak-Sabine-Seyffert.de-0-768x576.jpg 768w\" sizes=\"auto, (max-width: 800px) 100vw, 800px\" \/><\/a><\/p>\n<p style=\"text-align: justify;\"><strong>Das wird gebraucht:<\/strong><br \/>\nPappe \/ Karton, eine als Buchseite, eine alte Tageszeitung, Wasserfarbkasten inklusiv Deckwei\u00df, eine Bastelschere, Bastelkleber \/ Klebestift, Pinsel (Borstenpinsel), eine leere Milcht\u00fcte, wei\u00dfes Seidenpapier, Bastelunterlage und <a href=\"https:\/\/www.sabine-seyffert.de\/blog\/?p=12310\" target=\"_blank\" rel=\"noopener\">Malkittel<\/a> sowie optional eine Wellenschere<\/p>\n<p style=\"text-align: center;\"><a href=\"https:\/\/www.sabine-seyffert.de\/blog\/wp-content\/uploads\/2023\/06\/Sonne-aus-bemaltem-Tetrapak-Sabine-Seyffert.de_.jpg\"><img loading=\"lazy\" decoding=\"async\" class=\"alignnone size-full wp-image-25852\" src=\"https:\/\/www.sabine-seyffert.de\/blog\/wp-content\/uploads\/2023\/06\/Sonne-aus-bemaltem-Tetrapak-Sabine-Seyffert.de_.jpg\" alt=\"\" width=\"800\" height=\"600\" srcset=\"https:\/\/www.sabine-seyffert.de\/blog\/wp-content\/uploads\/2023\/06\/Sonne-aus-bemaltem-Tetrapak-Sabine-Seyffert.de_.jpg 800w, https:\/\/www.sabine-seyffert.de\/blog\/wp-content\/uploads\/2023\/06\/Sonne-aus-bemaltem-Tetrapak-Sabine-Seyffert.de_-300x225.jpg 300w, https:\/\/www.sabine-seyffert.de\/blog\/wp-content\/uploads\/2023\/06\/Sonne-aus-bemaltem-Tetrapak-Sabine-Seyffert.de_-768x576.jpg 768w\" sizes=\"auto, (max-width: 800px) 100vw, 800px\" \/><\/a><\/p>\n<p style=\"text-align: justify;\"><strong>So wird\u2019s gemacht:<\/strong><br \/>\nAls erstes schneidet man aus einem leeren Pappkarton ein St\u00fcck in der gew\u00fcnschten Gr\u00f6\u00dfe heraus.<\/p>\n<p style=\"text-align: center;\"><a href=\"https:\/\/www.sabine-seyffert.de\/blog\/wp-content\/uploads\/2023\/06\/Sonne-aus-bemaltem-Tetrapak-Sabine-Seyffert.de-11.jpg\"><img loading=\"lazy\" decoding=\"async\" class=\"alignnone size-full wp-image-25857\" src=\"https:\/\/www.sabine-seyffert.de\/blog\/wp-content\/uploads\/2023\/06\/Sonne-aus-bemaltem-Tetrapak-Sabine-Seyffert.de-11.jpg\" alt=\"\" width=\"800\" height=\"600\" srcset=\"https:\/\/www.sabine-seyffert.de\/blog\/wp-content\/uploads\/2023\/06\/Sonne-aus-bemaltem-Tetrapak-Sabine-Seyffert.de-11.jpg 800w, https:\/\/www.sabine-seyffert.de\/blog\/wp-content\/uploads\/2023\/06\/Sonne-aus-bemaltem-Tetrapak-Sabine-Seyffert.de-11-300x225.jpg 300w, https:\/\/www.sabine-seyffert.de\/blog\/wp-content\/uploads\/2023\/06\/Sonne-aus-bemaltem-Tetrapak-Sabine-Seyffert.de-11-768x576.jpg 768w\" sizes=\"auto, (max-width: 800px) 100vw, 800px\" \/><\/a><\/p>\n<p style=\"text-align: justify;\">Aus Zeitung und Wasserfarben stellt man sich <a href=\"https:\/\/www.sabine-seyffert.de\/blog\/?p=25811\" target=\"_blank\" rel=\"noopener\">umweltfreundliches Bastelpapier<\/a> her. F\u00fcr die Sonnen haben wir die Farben rot, orange und blau ben\u00f6tigt.<\/p>\n<p style=\"text-align: center;\"><a href=\"https:\/\/www.sabine-seyffert.de\/blog\/wp-content\/uploads\/2023\/06\/Sonne-aus-bemaltem-Tetrapak-Sabine-Seyffert.de-10.jpg\"><img loading=\"lazy\" decoding=\"async\" class=\"alignnone size-full wp-image-25858\" src=\"https:\/\/www.sabine-seyffert.de\/blog\/wp-content\/uploads\/2023\/06\/Sonne-aus-bemaltem-Tetrapak-Sabine-Seyffert.de-10.jpg\" alt=\"\" width=\"800\" height=\"600\" srcset=\"https:\/\/www.sabine-seyffert.de\/blog\/wp-content\/uploads\/2023\/06\/Sonne-aus-bemaltem-Tetrapak-Sabine-Seyffert.de-10.jpg 800w, https:\/\/www.sabine-seyffert.de\/blog\/wp-content\/uploads\/2023\/06\/Sonne-aus-bemaltem-Tetrapak-Sabine-Seyffert.de-10-300x225.jpg 300w, https:\/\/www.sabine-seyffert.de\/blog\/wp-content\/uploads\/2023\/06\/Sonne-aus-bemaltem-Tetrapak-Sabine-Seyffert.de-10-768x576.jpg 768w\" sizes=\"auto, (max-width: 800px) 100vw, 800px\" \/><\/a><\/p>\n<p style=\"text-align: justify;\">Aus der leeren Milchverpackung k\u00f6nnt ihr euch ebenfalls Bastelpapier herstellen. Werft einfach mal einen Blick in diese <a href=\"https:\/\/www.sabine-seyffert.de\/blog\/?p=14184\" target=\"_blank\" rel=\"noopener\">ausf\u00fchrliche Anleitung<\/a>.<\/p>\n<p style=\"text-align: center;\"><a href=\"https:\/\/www.sabine-seyffert.de\/blog\/wp-content\/uploads\/2023\/06\/Sonne-aus-bemaltem-Tetrapak-Sabine-Seyffert.de-9.jpg\"><img loading=\"lazy\" decoding=\"async\" class=\"alignnone size-full wp-image-25859\" src=\"https:\/\/www.sabine-seyffert.de\/blog\/wp-content\/uploads\/2023\/06\/Sonne-aus-bemaltem-Tetrapak-Sabine-Seyffert.de-9.jpg\" alt=\"\" width=\"800\" height=\"600\" srcset=\"https:\/\/www.sabine-seyffert.de\/blog\/wp-content\/uploads\/2023\/06\/Sonne-aus-bemaltem-Tetrapak-Sabine-Seyffert.de-9.jpg 800w, https:\/\/www.sabine-seyffert.de\/blog\/wp-content\/uploads\/2023\/06\/Sonne-aus-bemaltem-Tetrapak-Sabine-Seyffert.de-9-300x225.jpg 300w, https:\/\/www.sabine-seyffert.de\/blog\/wp-content\/uploads\/2023\/06\/Sonne-aus-bemaltem-Tetrapak-Sabine-Seyffert.de-9-768x576.jpg 768w\" sizes=\"auto, (max-width: 800px) 100vw, 800px\" \/><\/a><\/p>\n<p style=\"text-align: justify;\">Da findet ihr zahlreiche Tipps zum Basteln mit solchen Milchkartons.<\/p>\n<p style=\"text-align: center;\"><a href=\"https:\/\/www.sabine-seyffert.de\/blog\/wp-content\/uploads\/2023\/06\/Sonne-aus-bemaltem-Tetrapak-Sabine-Seyffert.de-8.jpg\"><img loading=\"lazy\" decoding=\"async\" class=\"alignnone size-full wp-image-25860\" src=\"https:\/\/www.sabine-seyffert.de\/blog\/wp-content\/uploads\/2023\/06\/Sonne-aus-bemaltem-Tetrapak-Sabine-Seyffert.de-8.jpg\" alt=\"\" width=\"800\" height=\"600\" srcset=\"https:\/\/www.sabine-seyffert.de\/blog\/wp-content\/uploads\/2023\/06\/Sonne-aus-bemaltem-Tetrapak-Sabine-Seyffert.de-8.jpg 800w, https:\/\/www.sabine-seyffert.de\/blog\/wp-content\/uploads\/2023\/06\/Sonne-aus-bemaltem-Tetrapak-Sabine-Seyffert.de-8-300x225.jpg 300w, https:\/\/www.sabine-seyffert.de\/blog\/wp-content\/uploads\/2023\/06\/Sonne-aus-bemaltem-Tetrapak-Sabine-Seyffert.de-8-768x576.jpg 768w\" sizes=\"auto, (max-width: 800px) 100vw, 800px\" \/><\/a><\/p>\n<p style=\"text-align: justify;\">Hierf\u00fcr k\u00f6nnt ihr den Karton einfach auseinanderschneiden, die Beschichtung abziehen und k\u00f6nnt das Papier dann mit Wasserfarben bemalen.<\/p>\n<p style=\"text-align: center;\">\u00a0<a href=\"https:\/\/www.sabine-seyffert.de\/blog\/wp-content\/uploads\/2023\/06\/Sonne-aus-bemaltem-Tetrapak-Sabine-Seyffert.de-7.jpg\"><img loading=\"lazy\" decoding=\"async\" class=\"alignnone size-full wp-image-25862\" src=\"https:\/\/www.sabine-seyffert.de\/blog\/wp-content\/uploads\/2023\/06\/Sonne-aus-bemaltem-Tetrapak-Sabine-Seyffert.de-7.jpg\" alt=\"\" width=\"800\" height=\"600\" srcset=\"https:\/\/www.sabine-seyffert.de\/blog\/wp-content\/uploads\/2023\/06\/Sonne-aus-bemaltem-Tetrapak-Sabine-Seyffert.de-7.jpg 800w, https:\/\/www.sabine-seyffert.de\/blog\/wp-content\/uploads\/2023\/06\/Sonne-aus-bemaltem-Tetrapak-Sabine-Seyffert.de-7-300x225.jpg 300w, https:\/\/www.sabine-seyffert.de\/blog\/wp-content\/uploads\/2023\/06\/Sonne-aus-bemaltem-Tetrapak-Sabine-Seyffert.de-7-768x576.jpg 768w\" sizes=\"auto, (max-width: 800px) 100vw, 800px\" \/><\/a><\/p>\n<p style=\"text-align: justify;\">F\u00fcr die Sonne passend in Gelb und Orange. Wenn ihr viel Wasser verwendet, laufen die Farben ineinander und es entstehen sch\u00f6ne Farbeffekte.<\/p>\n<p style=\"text-align: center;\"><a href=\"https:\/\/www.sabine-seyffert.de\/blog\/wp-content\/uploads\/2023\/06\/Sonne-aus-bemaltem-Tetrapak-Sabine-Seyffert.de-6.jpg\"><img loading=\"lazy\" decoding=\"async\" class=\"alignnone size-full wp-image-25863\" src=\"https:\/\/www.sabine-seyffert.de\/blog\/wp-content\/uploads\/2023\/06\/Sonne-aus-bemaltem-Tetrapak-Sabine-Seyffert.de-6.jpg\" alt=\"\" width=\"800\" height=\"600\" srcset=\"https:\/\/www.sabine-seyffert.de\/blog\/wp-content\/uploads\/2023\/06\/Sonne-aus-bemaltem-Tetrapak-Sabine-Seyffert.de-6.jpg 800w, https:\/\/www.sabine-seyffert.de\/blog\/wp-content\/uploads\/2023\/06\/Sonne-aus-bemaltem-Tetrapak-Sabine-Seyffert.de-6-300x225.jpg 300w, https:\/\/www.sabine-seyffert.de\/blog\/wp-content\/uploads\/2023\/06\/Sonne-aus-bemaltem-Tetrapak-Sabine-Seyffert.de-6-768x576.jpg 768w\" sizes=\"auto, (max-width: 800px) 100vw, 800px\" \/><\/a><\/p>\n<p style=\"text-align: justify;\">Aus dem bemalten Zeitungspapier rei\u00dft ihr nun ein St\u00fcck, das rund 1 Zentimeter kleiner ist als das St\u00fcck Pappe und klebt es auf.<\/p>\n<p style=\"text-align: center;\"><a href=\"https:\/\/www.sabine-seyffert.de\/blog\/wp-content\/uploads\/2023\/06\/Sonne-aus-bemaltem-Tetrapak-Sabine-Seyffert.de-5.jpg\"><img loading=\"lazy\" decoding=\"async\" class=\"alignnone size-full wp-image-25864\" src=\"https:\/\/www.sabine-seyffert.de\/blog\/wp-content\/uploads\/2023\/06\/Sonne-aus-bemaltem-Tetrapak-Sabine-Seyffert.de-5.jpg\" alt=\"\" width=\"800\" height=\"600\" srcset=\"https:\/\/www.sabine-seyffert.de\/blog\/wp-content\/uploads\/2023\/06\/Sonne-aus-bemaltem-Tetrapak-Sabine-Seyffert.de-5.jpg 800w, https:\/\/www.sabine-seyffert.de\/blog\/wp-content\/uploads\/2023\/06\/Sonne-aus-bemaltem-Tetrapak-Sabine-Seyffert.de-5-300x225.jpg 300w, https:\/\/www.sabine-seyffert.de\/blog\/wp-content\/uploads\/2023\/06\/Sonne-aus-bemaltem-Tetrapak-Sabine-Seyffert.de-5-768x576.jpg 768w\" sizes=\"auto, (max-width: 800px) 100vw, 800px\" \/><\/a><\/p>\n<p style=\"text-align: justify;\">Aus dem bemalten Tetrapak ben\u00f6tigt ihr einen Kreis f\u00fcr die Sonne sowie einen kleinen Kreis, den man prima aus dem unbedruckten Rand einer alten Buchseite gestalten kann.<\/p>\n<p style=\"text-align: center;\"><a href=\"https:\/\/www.sabine-seyffert.de\/blog\/wp-content\/uploads\/2023\/06\/Sonne-aus-bemaltem-Tetrapak-Sabine-Seyffert.de-4.jpg\"><img loading=\"lazy\" decoding=\"async\" class=\"alignnone size-full wp-image-25865\" src=\"https:\/\/www.sabine-seyffert.de\/blog\/wp-content\/uploads\/2023\/06\/Sonne-aus-bemaltem-Tetrapak-Sabine-Seyffert.de-4.jpg\" alt=\"\" width=\"800\" height=\"600\" srcset=\"https:\/\/www.sabine-seyffert.de\/blog\/wp-content\/uploads\/2023\/06\/Sonne-aus-bemaltem-Tetrapak-Sabine-Seyffert.de-4.jpg 800w, https:\/\/www.sabine-seyffert.de\/blog\/wp-content\/uploads\/2023\/06\/Sonne-aus-bemaltem-Tetrapak-Sabine-Seyffert.de-4-300x225.jpg 300w, https:\/\/www.sabine-seyffert.de\/blog\/wp-content\/uploads\/2023\/06\/Sonne-aus-bemaltem-Tetrapak-Sabine-Seyffert.de-4-768x576.jpg 768w\" sizes=\"auto, (max-width: 800px) 100vw, 800px\" \/><\/a><\/p>\n<p style=\"text-align: justify;\">Den Kreis aus dem Tetrapak schneidet man ringsum ein. Entweder mit einer normalen Bastelschere oder alternativ, wie wir, mit einer Wellenschere, so dass die Sonnenstrahlen gewellt sind.<\/p>\n<p style=\"text-align: center;\"><a href=\"https:\/\/www.sabine-seyffert.de\/blog\/wp-content\/uploads\/2023\/06\/Sonne-aus-bemaltem-Tetrapak-Sabine-Seyffert.de-3.jpg\"><img loading=\"lazy\" decoding=\"async\" class=\"alignnone size-full wp-image-25866\" src=\"https:\/\/www.sabine-seyffert.de\/blog\/wp-content\/uploads\/2023\/06\/Sonne-aus-bemaltem-Tetrapak-Sabine-Seyffert.de-3.jpg\" alt=\"\" width=\"800\" height=\"600\" srcset=\"https:\/\/www.sabine-seyffert.de\/blog\/wp-content\/uploads\/2023\/06\/Sonne-aus-bemaltem-Tetrapak-Sabine-Seyffert.de-3.jpg 800w, https:\/\/www.sabine-seyffert.de\/blog\/wp-content\/uploads\/2023\/06\/Sonne-aus-bemaltem-Tetrapak-Sabine-Seyffert.de-3-300x225.jpg 300w, https:\/\/www.sabine-seyffert.de\/blog\/wp-content\/uploads\/2023\/06\/Sonne-aus-bemaltem-Tetrapak-Sabine-Seyffert.de-3-768x576.jpg 768w\" sizes=\"auto, (max-width: 800px) 100vw, 800px\" \/><\/a><\/p>\n<p style=\"text-align: justify;\">Das Gesicht der Sonne k\u00f6nnt ihr mit Deckwei\u00df, Stiften oder auch dem selbst gemachten Bastelpapier nach euren Vorstellungen gestalten.<\/p>\n<p style=\"text-align: center;\"><a href=\"https:\/\/www.sabine-seyffert.de\/blog\/wp-content\/uploads\/2023\/06\/Sonne-aus-bemaltem-Tetrapak-Sabine-Seyffert.de-2.jpg\"><img loading=\"lazy\" decoding=\"async\" class=\"alignnone size-full wp-image-25867\" src=\"https:\/\/www.sabine-seyffert.de\/blog\/wp-content\/uploads\/2023\/06\/Sonne-aus-bemaltem-Tetrapak-Sabine-Seyffert.de-2.jpg\" alt=\"\" width=\"800\" height=\"600\" srcset=\"https:\/\/www.sabine-seyffert.de\/blog\/wp-content\/uploads\/2023\/06\/Sonne-aus-bemaltem-Tetrapak-Sabine-Seyffert.de-2.jpg 800w, https:\/\/www.sabine-seyffert.de\/blog\/wp-content\/uploads\/2023\/06\/Sonne-aus-bemaltem-Tetrapak-Sabine-Seyffert.de-2-300x225.jpg 300w, https:\/\/www.sabine-seyffert.de\/blog\/wp-content\/uploads\/2023\/06\/Sonne-aus-bemaltem-Tetrapak-Sabine-Seyffert.de-2-768x576.jpg 768w\" sizes=\"auto, (max-width: 800px) 100vw, 800px\" \/><\/a><\/p>\n<p style=\"text-align: justify;\">Zum Schluss noch ein paar kleine Wolken aus Seidenpapier (unseres stammt aus Papier, was man in Schuhkartons beim Kauf findet, in das neue Schuhe meist eingeschlagen sind) dazu und fertig ist das perfekte Ferienwetter.<\/p>\n<p style=\"text-align: center;\"><a href=\"https:\/\/www.sabine-seyffert.de\/blog\/wp-content\/uploads\/2023\/06\/Sonne-aus-bemaltem-Tetrapak-Sabine-Seyffert.de-1.jpg\"><img loading=\"lazy\" decoding=\"async\" class=\"alignnone size-full wp-image-25856\" src=\"https:\/\/www.sabine-seyffert.de\/blog\/wp-content\/uploads\/2023\/06\/Sonne-aus-bemaltem-Tetrapak-Sabine-Seyffert.de-1.jpg\" alt=\"\" width=\"800\" height=\"600\" srcset=\"https:\/\/www.sabine-seyffert.de\/blog\/wp-content\/uploads\/2023\/06\/Sonne-aus-bemaltem-Tetrapak-Sabine-Seyffert.de-1.jpg 800w, https:\/\/www.sabine-seyffert.de\/blog\/wp-content\/uploads\/2023\/06\/Sonne-aus-bemaltem-Tetrapak-Sabine-Seyffert.de-1-300x225.jpg 300w, https:\/\/www.sabine-seyffert.de\/blog\/wp-content\/uploads\/2023\/06\/Sonne-aus-bemaltem-Tetrapak-Sabine-Seyffert.de-1-768x576.jpg 768w\" sizes=\"auto, (max-width: 800px) 100vw, 800px\" \/><\/a><\/p>\n<p style=\"text-align: justify;\">Im Blog Archiv findet ihr weitere Bastelideen zum Thema Sonne. Schaut doch mal in folgende Bastelanleitungen:<\/p>\n<p><a href=\"https:\/\/www.sabine-seyffert.de\/blog\/wp-content\/uploads\/2023\/06\/Sonne-aus-bemaltem-Tetrapak-Sabine-Seyffert.de-13.jpg\"><img loading=\"lazy\" decoding=\"async\" class=\"size-full wp-image-25855 aligncenter\" src=\"https:\/\/www.sabine-seyffert.de\/blog\/wp-content\/uploads\/2023\/06\/Sonne-aus-bemaltem-Tetrapak-Sabine-Seyffert.de-13.jpg\" alt=\"\" width=\"600\" height=\"800\" srcset=\"https:\/\/www.sabine-seyffert.de\/blog\/wp-content\/uploads\/2023\/06\/Sonne-aus-bemaltem-Tetrapak-Sabine-Seyffert.de-13.jpg 600w, https:\/\/www.sabine-seyffert.de\/blog\/wp-content\/uploads\/2023\/06\/Sonne-aus-bemaltem-Tetrapak-Sabine-Seyffert.de-13-225x300.jpg 225w\" sizes=\"auto, (max-width: 600px) 100vw, 600px\" \/><\/a><\/p>\n<p style=\"text-align: justify;\">* <a href=\"https:\/\/www.sabine-seyffert.de\/blog\/?p=20763\" target=\"_blank\" rel=\"noopener\">Sommer, wo bist du?<\/a><br \/>\n* <a href=\"https:\/\/www.sabine-seyffert.de\/blog\/?p=20700\" target=\"_blank\" rel=\"noopener\">Sonne als kleines Mitbringsel<\/a><br \/>\n* <a href=\"https:\/\/www.sabine-seyffert.de\/blog\/?p=14776\" target=\"_blank\" rel=\"noopener\">Wenn der Sommer nicht kommt, stempel in dir!<\/a><br \/>\n* <a href=\"https:\/\/www.sabine-seyffert.de\/blog\/?p=10015\" target=\"_blank\" rel=\"noopener\">Ich schenk dir etwas Sonnenschein<\/a><br \/>\n* <a href=\"https:\/\/www.sabine-seyffert.de\/blog\/?p=19839\" target=\"_blank\" rel=\"noopener\">Gestempelte Sonnen \u2013 sommerlicher Stempelspa\u00df mit kostenlosem Material<\/a><br \/>\n* <a href=\"https:\/\/www.sabine-seyffert.de\/blog\/?p=19782\" target=\"_blank\" rel=\"noopener\">Upcycling Sonne aus Deckel, Zeitung &amp; K\u00e4seschachtel<\/a><br \/>\n* <a href=\"https:\/\/www.sabine-seyffert.de\/blog\/?p=23448\" target=\"_blank\" rel=\"noopener\">Sonnen Collage auf Pappe<\/a><br \/>\n* <a href=\"https:\/\/www.sabine-seyffert.de\/blog\/?p=23027\" target=\"_blank\" rel=\"noopener\">Sonne XL aus K\u00e4seschachtel<\/a><\/p>\n<p style=\"text-align: center;\"><a href=\"https:\/\/www.sabine-seyffert.de\/blog\/wp-content\/uploads\/2023\/06\/Sonne-aus-bemaltem-Tetrapak-Sabine-Seyffert.de-14.jpg\"><img loading=\"lazy\" decoding=\"async\" class=\"alignnone size-full wp-image-25854\" src=\"https:\/\/www.sabine-seyffert.de\/blog\/wp-content\/uploads\/2023\/06\/Sonne-aus-bemaltem-Tetrapak-Sabine-Seyffert.de-14.jpg\" alt=\"\" width=\"600\" height=\"800\" srcset=\"https:\/\/www.sabine-seyffert.de\/blog\/wp-content\/uploads\/2023\/06\/Sonne-aus-bemaltem-Tetrapak-Sabine-Seyffert.de-14.jpg 600w, https:\/\/www.sabine-seyffert.de\/blog\/wp-content\/uploads\/2023\/06\/Sonne-aus-bemaltem-Tetrapak-Sabine-Seyffert.de-14-225x300.jpg 225w\" sizes=\"auto, (max-width: 600px) 100vw, 600px\" \/><\/a><\/p>\n<p style=\"text-align: justify;\">Weitere DIY Ideen rund um die Sommerzeit findet ihr \u00fcbrigens in <a href=\"https:\/\/www.sabine-seyffert.de\/blog\/?cat=24\" target=\"_blank\" rel=\"noopener\">dieser Blog Kategorie<\/a>, alle kreativen Bastelideen f\u00fcr Kinder gibt es in <a href=\"https:\/\/www.sabine-seyffert.de\/blog\/?cat=32\" target=\"_blank\" rel=\"noopener\">dieser Rubrik<\/a>, pfiffige Upcyclingideen zum Selbermachen sind in <a href=\"https:\/\/www.sabine-seyffert.de\/blog\/?cat=47\" target=\"_blank\" rel=\"noopener\">diesem Blog Ordner<\/a> und andere kreative Sachen auch an <a href=\"https:\/\/www.pinterest.de\/diysabineseyffert\/\" target=\"_blank\" rel=\"noopener\">dieser Stelle<\/a>.<\/p>\n<p style=\"text-align: center;\"><a href=\"https:\/\/www.sabine-seyffert.de\/blog\/wp-content\/uploads\/2023\/06\/Sonne-aus-bemaltem-Tetrapak-Sabine-Seyffert.de-15.jpg\"><img loading=\"lazy\" decoding=\"async\" class=\"alignnone size-full wp-image-25853\" src=\"https:\/\/www.sabine-seyffert.de\/blog\/wp-content\/uploads\/2023\/06\/Sonne-aus-bemaltem-Tetrapak-Sabine-Seyffert.de-15.jpg\" alt=\"\" width=\"600\" height=\"800\" srcset=\"https:\/\/www.sabine-seyffert.de\/blog\/wp-content\/uploads\/2023\/06\/Sonne-aus-bemaltem-Tetrapak-Sabine-Seyffert.de-15.jpg 600w, https:\/\/www.sabine-seyffert.de\/blog\/wp-content\/uploads\/2023\/06\/Sonne-aus-bemaltem-Tetrapak-Sabine-Seyffert.de-15-225x300.jpg 225w\" sizes=\"auto, (max-width: 600px) 100vw, 600px\" \/><\/a><\/p>\n<p style=\"text-align: justify;\"><a href=\"https:\/\/www.sabine-seyffert.de\/blog\/?page_id=32#urheberrecht\">urheberrechtlich gesch\u00fctzt<\/a>, \u00a9 Sabine Seyffert<\/p>\n","protected":false},"excerpt":{"rendered":"<p>Der Sommer hat begonnen und die Sommerferien sind hier bei uns in NRW bereits gestartet. Somit h\u00f6chste Zeit f\u00fcr etwas Sonne, die nach Drau\u00dfen lockt, unsere Energie Reserven wieder auff\u00fcllt und f\u00fcr gem\u00fctliche Tage im Garten, am Strand, auf der Wiese oder in den Bergen sorgt. Daher habe ich heute eine klitzekleine Bastelidee zum Selbermachen&#8230; <a href=\"https:\/\/www.sabine-seyffert.de\/blog\/diy-idee-im-sommer-hallo-sonne-ferienspass-fuer-kinder\/\" class=\"more-link\">Read more: DIY Idee im Sommer: Hallo Sonne \u2013 Ferienspa\u00df f\u00fcr Kinder<\/a><\/p>\n","protected":false},"author":2,"featured_media":0,"comment_status":"open","ping_status":"open","sticky":false,"template":"","format":"standard","meta":{"_metis_text_type":"","_metis_text_length":3246,"_post_count":0,"footnotes":""},"categories":[32,24,47],"tags":[],"class_list":["post-25850","post","type-post","status-publish","format-standard","hentry","category-kreatives-fur-kleine-kinderhande","category-sommer","category-upcyceltes"],"_links":{"self":[{"href":"https:\/\/www.sabine-seyffert.de\/blog\/wp-json\/wp\/v2\/posts\/25850","targetHints":{"allow":["GET"]}}],"collection":[{"href":"https:\/\/www.sabine-seyffert.de\/blog\/wp-json\/wp\/v2\/posts"}],"about":[{"href":"https:\/\/www.sabine-seyffert.de\/blog\/wp-json\/wp\/v2\/types\/post"}],"author":[{"embeddable":true,"href":"https:\/\/www.sabine-seyffert.de\/blog\/wp-json\/wp\/v2\/users\/2"}],"replies":[{"embeddable":true,"href":"https:\/\/www.sabine-seyffert.de\/blog\/wp-json\/wp\/v2\/comments?post=25850"}],"version-history":[{"count":2,"href":"https:\/\/www.sabine-seyffert.de\/blog\/wp-json\/wp\/v2\/posts\/25850\/revisions"}],"predecessor-version":[{"id":25869,"href":"https:\/\/www.sabine-seyffert.de\/blog\/wp-json\/wp\/v2\/posts\/25850\/revisions\/25869"}],"wp:attachment":[{"href":"https:\/\/www.sabine-seyffert.de\/blog\/wp-json\/wp\/v2\/media?parent=25850"}],"wp:term":[{"taxonomy":"category","embeddable":true,"href":"https:\/\/www.sabine-seyffert.de\/blog\/wp-json\/wp\/v2\/categories?post=25850"},{"taxonomy":"post_tag","embeddable":true,"href":"https:\/\/www.sabine-seyffert.de\/blog\/wp-json\/wp\/v2\/tags?post=25850"}],"curies":[{"name":"wp","href":"https:\/\/api.w.org\/{rel}","templated":true}]}}