{"id":25746,"date":"2023-05-24T06:00:59","date_gmt":"2023-05-24T04:00:59","guid":{"rendered":"https:\/\/www.sabine-seyffert.de\/blog\/?p=25746"},"modified":"2023-05-17T17:47:14","modified_gmt":"2023-05-17T15:47:14","slug":"diy-bastelidee-fuer-kinder-erdbeere-als-fruehlingsdeko-selbermachen","status":"publish","type":"post","link":"https:\/\/www.sabine-seyffert.de\/blog\/diy-bastelidee-fuer-kinder-erdbeere-als-fruehlingsdeko-selbermachen\/","title":{"rendered":"DIY Bastelidee f\u00fcr Kinder: Erdbeere als Fr\u00fchlingsdeko selbermachen"},"content":{"rendered":"<p style=\"text-align: justify;\"><img loading=\"lazy\" decoding=\"async\" src=\"https:\/\/vg08.met.vgwort.de\/na\/b595d5f60e274c1c85f217bebc0e2bba\" alt=\"\" width=\"1\" height=\"1\" \/>M\u00f6gt ihr Erdbeeren auch so gerne? Eigentlich bin ich kein gro\u00dfer Obst Fan, aber an den s\u00fc\u00dfen roten Beeren komme ich einfach nicht vorbei und freue mich jedes Jahr, wenn es endlich soweit ist und die Erdbeersaison startet.<br \/>\nAuf dem Blog habe ich euch daher schon allerhand Rezepte und auch Bastelideen rund um diese Frucht gezeigt, wie beispielweise die <a href=\"https:\/\/www.sabine-seyffert.de\/blog\/?p=10354\" target=\"_blank\" rel=\"noopener\">selbst gemachte Erdbeergirlande<\/a>, <a href=\"https:\/\/www.sabine-seyffert.de\/blog\/?p=14549\" target=\"_blank\" rel=\"noopener\">diese pfiffigen Erdbeergl\u00e4ser<\/a>, eine <a href=\"https:\/\/www.sabine-seyffert.de\/blog\/?p=12788\" target=\"_blank\" rel=\"noopener\">\u00dcberraschungserdbeere aus Klorollen<\/a>, die ausgefallene <a href=\"https:\/\/www.sabine-seyffert.de\/blog\/?p=11295\" target=\"_blank\" rel=\"noopener\">Erdbeerlaterne<\/a> oder <a href=\"https:\/\/www.sabine-seyffert.de\/blog\/?p=16418\" target=\"_blank\" rel=\"noopener\">diese Erdbeeren aus Eierkarton.<\/a> Dieses Jahr ist es eine zauberhafte Dekoidee, mit der man das Kinderzimmer oder selbst gemachte Marmelade schm\u00fccken kann.<\/p>\n<p style=\"text-align: center;\"><a href=\"https:\/\/www.sabine-seyffert.de\/blog\/wp-content\/uploads\/2023\/05\/Erdbeer-Deckel-Sabine-Seyffert.de-4.jpg\"><img loading=\"lazy\" decoding=\"async\" class=\"alignnone size-full wp-image-25747\" src=\"https:\/\/www.sabine-seyffert.de\/blog\/wp-content\/uploads\/2023\/05\/Erdbeer-Deckel-Sabine-Seyffert.de-4.jpg\" alt=\"\" width=\"800\" height=\"600\" srcset=\"https:\/\/www.sabine-seyffert.de\/blog\/wp-content\/uploads\/2023\/05\/Erdbeer-Deckel-Sabine-Seyffert.de-4.jpg 800w, https:\/\/www.sabine-seyffert.de\/blog\/wp-content\/uploads\/2023\/05\/Erdbeer-Deckel-Sabine-Seyffert.de-4-300x225.jpg 300w, https:\/\/www.sabine-seyffert.de\/blog\/wp-content\/uploads\/2023\/05\/Erdbeer-Deckel-Sabine-Seyffert.de-4-768x576.jpg 768w\" sizes=\"auto, (max-width: 800px) 100vw, 800px\" \/><\/a><\/p>\n<p style=\"text-align: justify;\"><strong>Das wird gebraucht:<\/strong><br \/>\nLeere Deckel von Gl\u00e4sern, eine Bastelschere, einen Bleistift, einen Wasserfarbkasten, Pinsel, eine alte Tageszeitung, Bastelkleber \/ Klebestift, einen Zahnstocher, gelbe Bastelfarbe, etwas Kordel sowie optional eine Malunterlage und einen <a href=\"https:\/\/www.sabine-seyffert.de\/blog\/?p=12310\" target=\"_blank\" rel=\"noopener\">Bastelkittel<\/a><\/p>\n<p style=\"text-align: center;\"><a href=\"https:\/\/www.sabine-seyffert.de\/blog\/wp-content\/uploads\/2023\/05\/Erdbeer-Deckel-Sabine-Seyffert.de-.jpg\"><img loading=\"lazy\" decoding=\"async\" class=\"alignnone size-full wp-image-25753\" src=\"https:\/\/www.sabine-seyffert.de\/blog\/wp-content\/uploads\/2023\/05\/Erdbeer-Deckel-Sabine-Seyffert.de-.jpg\" alt=\"\" width=\"800\" height=\"600\" srcset=\"https:\/\/www.sabine-seyffert.de\/blog\/wp-content\/uploads\/2023\/05\/Erdbeer-Deckel-Sabine-Seyffert.de-.jpg 800w, https:\/\/www.sabine-seyffert.de\/blog\/wp-content\/uploads\/2023\/05\/Erdbeer-Deckel-Sabine-Seyffert.de--300x225.jpg 300w, https:\/\/www.sabine-seyffert.de\/blog\/wp-content\/uploads\/2023\/05\/Erdbeer-Deckel-Sabine-Seyffert.de--768x576.jpg 768w\" sizes=\"auto, (max-width: 800px) 100vw, 800px\" \/><\/a><\/p>\n<p style=\"text-align: justify;\"><strong>So wird\u2019s gemacht:<\/strong><br \/>\nSchnappt euch eine alte Tageszeitung und bemalt einige mit Text bedruckte Passagen mit Wasserfarbe, wie <a href=\"https:\/\/www.sabine-seyffert.de\/blog\/?p=13917\" target=\"_blank\" rel=\"noopener\">hier<\/a> beschrieben.<\/p>\n<p style=\"text-align: center;\"><a href=\"https:\/\/www.sabine-seyffert.de\/blog\/wp-content\/uploads\/2023\/05\/Erdbeer-Deckel-Sabine-Seyffert.de-0.jpg\"><img loading=\"lazy\" decoding=\"async\" class=\"alignnone size-full wp-image-25754\" src=\"https:\/\/www.sabine-seyffert.de\/blog\/wp-content\/uploads\/2023\/05\/Erdbeer-Deckel-Sabine-Seyffert.de-0.jpg\" alt=\"\" width=\"800\" height=\"600\" srcset=\"https:\/\/www.sabine-seyffert.de\/blog\/wp-content\/uploads\/2023\/05\/Erdbeer-Deckel-Sabine-Seyffert.de-0.jpg 800w, https:\/\/www.sabine-seyffert.de\/blog\/wp-content\/uploads\/2023\/05\/Erdbeer-Deckel-Sabine-Seyffert.de-0-300x225.jpg 300w, https:\/\/www.sabine-seyffert.de\/blog\/wp-content\/uploads\/2023\/05\/Erdbeer-Deckel-Sabine-Seyffert.de-0-768x576.jpg 768w\" sizes=\"auto, (max-width: 800px) 100vw, 800px\" \/><\/a><\/p>\n<p style=\"text-align: justify;\">Vor allen Dingen ben\u00f6tigt ihr f\u00fcr diese Erdbeerbastelei die Farben rot und gr\u00fcn.<\/p>\n<p style=\"text-align: center;\"><a href=\"https:\/\/www.sabine-seyffert.de\/blog\/wp-content\/uploads\/2023\/05\/Erdbeer-Deckel-Sabine-Seyffert.de-9.jpg\"><img loading=\"lazy\" decoding=\"async\" class=\"alignnone size-full wp-image-25755\" src=\"https:\/\/www.sabine-seyffert.de\/blog\/wp-content\/uploads\/2023\/05\/Erdbeer-Deckel-Sabine-Seyffert.de-9.jpg\" alt=\"\" width=\"800\" height=\"600\" srcset=\"https:\/\/www.sabine-seyffert.de\/blog\/wp-content\/uploads\/2023\/05\/Erdbeer-Deckel-Sabine-Seyffert.de-9.jpg 800w, https:\/\/www.sabine-seyffert.de\/blog\/wp-content\/uploads\/2023\/05\/Erdbeer-Deckel-Sabine-Seyffert.de-9-300x225.jpg 300w, https:\/\/www.sabine-seyffert.de\/blog\/wp-content\/uploads\/2023\/05\/Erdbeer-Deckel-Sabine-Seyffert.de-9-768x576.jpg 768w\" sizes=\"auto, (max-width: 800px) 100vw, 800px\" \/><\/a><\/p>\n<p style=\"text-align: justify;\">Sobald das Zeitungspapier getrocknet ist, schneidet ihr euch daraus Erdbeeren samt Gr\u00fcn aus. F\u00fcr den Hintergrund ben\u00f6tigt ihr Kreise in der Gr\u00f6\u00dfe der Deckel.<\/p>\n<p style=\"text-align: center;\"><a href=\"https:\/\/www.sabine-seyffert.de\/blog\/wp-content\/uploads\/2023\/05\/Erdbeer-Deckel-Sabine-Seyffert.de-8.jpg\"><img loading=\"lazy\" decoding=\"async\" class=\"alignnone size-full wp-image-25756\" src=\"https:\/\/www.sabine-seyffert.de\/blog\/wp-content\/uploads\/2023\/05\/Erdbeer-Deckel-Sabine-Seyffert.de-8.jpg\" alt=\"\" width=\"800\" height=\"600\" srcset=\"https:\/\/www.sabine-seyffert.de\/blog\/wp-content\/uploads\/2023\/05\/Erdbeer-Deckel-Sabine-Seyffert.de-8.jpg 800w, https:\/\/www.sabine-seyffert.de\/blog\/wp-content\/uploads\/2023\/05\/Erdbeer-Deckel-Sabine-Seyffert.de-8-300x225.jpg 300w, https:\/\/www.sabine-seyffert.de\/blog\/wp-content\/uploads\/2023\/05\/Erdbeer-Deckel-Sabine-Seyffert.de-8-768x576.jpg 768w\" sizes=\"auto, (max-width: 800px) 100vw, 800px\" \/><\/a><\/p>\n<p style=\"text-align: justify;\">Dazu legt ihr den Deckel auf das bemalte Papier und zeichnet mit dem Bleistift den Rand nach.<\/p>\n<p style=\"text-align: center;\"><a href=\"https:\/\/www.sabine-seyffert.de\/blog\/wp-content\/uploads\/2023\/05\/Erdbeer-Deckel-Sabine-Seyffert.de-7.jpg\"><img loading=\"lazy\" decoding=\"async\" class=\"alignnone size-full wp-image-25757\" src=\"https:\/\/www.sabine-seyffert.de\/blog\/wp-content\/uploads\/2023\/05\/Erdbeer-Deckel-Sabine-Seyffert.de-7.jpg\" alt=\"\" width=\"800\" height=\"600\" srcset=\"https:\/\/www.sabine-seyffert.de\/blog\/wp-content\/uploads\/2023\/05\/Erdbeer-Deckel-Sabine-Seyffert.de-7.jpg 800w, https:\/\/www.sabine-seyffert.de\/blog\/wp-content\/uploads\/2023\/05\/Erdbeer-Deckel-Sabine-Seyffert.de-7-300x225.jpg 300w, https:\/\/www.sabine-seyffert.de\/blog\/wp-content\/uploads\/2023\/05\/Erdbeer-Deckel-Sabine-Seyffert.de-7-768x576.jpg 768w\" sizes=\"auto, (max-width: 800px) 100vw, 800px\" \/><\/a><\/p>\n<p style=\"text-align: justify;\">Anschlie\u00dfend schneidet ihr den Kreis aus, klebt ihn in die Deckelinnenseite und k\u00f6nnt darauf mit den gebastelten Erdbeeren Muster oder Motive legen.<\/p>\n<p style=\"text-align: center;\"><a href=\"https:\/\/www.sabine-seyffert.de\/blog\/wp-content\/uploads\/2023\/05\/Erdbeer-Deckel-Sabine-Seyffert.de-6.jpg\"><img loading=\"lazy\" decoding=\"async\" class=\"alignnone size-full wp-image-25758\" src=\"https:\/\/www.sabine-seyffert.de\/blog\/wp-content\/uploads\/2023\/05\/Erdbeer-Deckel-Sabine-Seyffert.de-6.jpg\" alt=\"\" width=\"800\" height=\"600\" srcset=\"https:\/\/www.sabine-seyffert.de\/blog\/wp-content\/uploads\/2023\/05\/Erdbeer-Deckel-Sabine-Seyffert.de-6.jpg 800w, https:\/\/www.sabine-seyffert.de\/blog\/wp-content\/uploads\/2023\/05\/Erdbeer-Deckel-Sabine-Seyffert.de-6-300x225.jpg 300w, https:\/\/www.sabine-seyffert.de\/blog\/wp-content\/uploads\/2023\/05\/Erdbeer-Deckel-Sabine-Seyffert.de-6-768x576.jpg 768w\" sizes=\"auto, (max-width: 800px) 100vw, 800px\" \/><\/a><\/p>\n<p style=\"text-align: justify;\">Damit die Erdbeeren m\u00f6glichst echt aussehen, betupft man diese mit gelber Farbe.<\/p>\n<p style=\"text-align: center;\"><a href=\"https:\/\/www.sabine-seyffert.de\/blog\/wp-content\/uploads\/2023\/05\/Erdbeer-Deckel-Sabine-Seyffert.de-1.jpg\"><img loading=\"lazy\" decoding=\"async\" class=\"alignnone size-full wp-image-25759\" src=\"https:\/\/www.sabine-seyffert.de\/blog\/wp-content\/uploads\/2023\/05\/Erdbeer-Deckel-Sabine-Seyffert.de-1.jpg\" alt=\"\" width=\"800\" height=\"600\" srcset=\"https:\/\/www.sabine-seyffert.de\/blog\/wp-content\/uploads\/2023\/05\/Erdbeer-Deckel-Sabine-Seyffert.de-1.jpg 800w, https:\/\/www.sabine-seyffert.de\/blog\/wp-content\/uploads\/2023\/05\/Erdbeer-Deckel-Sabine-Seyffert.de-1-300x225.jpg 300w, https:\/\/www.sabine-seyffert.de\/blog\/wp-content\/uploads\/2023\/05\/Erdbeer-Deckel-Sabine-Seyffert.de-1-768x576.jpg 768w\" sizes=\"auto, (max-width: 800px) 100vw, 800px\" \/><\/a><\/p>\n<p style=\"text-align: justify;\">Hilfreich ist hierbei ein Zahnstocher, da man damit wirklich ganz klitzekleine P\u00fcnktchen aufmalen kann.<\/p>\n<p style=\"text-align: center;\"><a href=\"https:\/\/www.sabine-seyffert.de\/blog\/wp-content\/uploads\/2023\/05\/Erdbeer-Deckel-Sabine-Seyffert.de-2.jpg\"><img loading=\"lazy\" decoding=\"async\" class=\"alignnone size-full wp-image-25752\" src=\"https:\/\/www.sabine-seyffert.de\/blog\/wp-content\/uploads\/2023\/05\/Erdbeer-Deckel-Sabine-Seyffert.de-2.jpg\" alt=\"\" width=\"800\" height=\"600\" srcset=\"https:\/\/www.sabine-seyffert.de\/blog\/wp-content\/uploads\/2023\/05\/Erdbeer-Deckel-Sabine-Seyffert.de-2.jpg 800w, https:\/\/www.sabine-seyffert.de\/blog\/wp-content\/uploads\/2023\/05\/Erdbeer-Deckel-Sabine-Seyffert.de-2-300x225.jpg 300w, https:\/\/www.sabine-seyffert.de\/blog\/wp-content\/uploads\/2023\/05\/Erdbeer-Deckel-Sabine-Seyffert.de-2-768x576.jpg 768w\" sizes=\"auto, (max-width: 800px) 100vw, 800px\" \/><\/a><\/p>\n<p style=\"text-align: justify;\">Ganz zum Schluss etwas Kordel an die Deckelr\u00fcckseite kleben und die Erdbeerbilder an der Schlaufe aufh\u00e4ngen.<\/p>\n<p style=\"text-align: center;\"><a href=\"https:\/\/www.sabine-seyffert.de\/blog\/wp-content\/uploads\/2023\/05\/Erdbeer-Deckel-Sabine-Seyffert.de-3.jpg\"><img loading=\"lazy\" decoding=\"async\" class=\"alignnone size-full wp-image-25751\" src=\"https:\/\/www.sabine-seyffert.de\/blog\/wp-content\/uploads\/2023\/05\/Erdbeer-Deckel-Sabine-Seyffert.de-3.jpg\" alt=\"\" width=\"800\" height=\"600\" srcset=\"https:\/\/www.sabine-seyffert.de\/blog\/wp-content\/uploads\/2023\/05\/Erdbeer-Deckel-Sabine-Seyffert.de-3.jpg 800w, https:\/\/www.sabine-seyffert.de\/blog\/wp-content\/uploads\/2023\/05\/Erdbeer-Deckel-Sabine-Seyffert.de-3-300x225.jpg 300w, https:\/\/www.sabine-seyffert.de\/blog\/wp-content\/uploads\/2023\/05\/Erdbeer-Deckel-Sabine-Seyffert.de-3-768x576.jpg 768w\" sizes=\"auto, (max-width: 800px) 100vw, 800px\" \/><\/a><\/p>\n<p style=\"text-align: justify;\"><strong>Ein kleiner Tipp:<\/strong><br \/>\nDie verzierten Deckel mit den Erdbeermotiven eignen sich auch prima als Geschenkanh\u00e4nger f\u00fcr <a href=\"https:\/\/www.sabine-seyffert.de\/blog\/?p=7441\" target=\"_blank\" rel=\"noopener\">selbst gemachte Erdbeermarmelade<\/a> oder <a href=\"https:\/\/www.sabine-seyffert.de\/blog\/?cat=36\" target=\"_blank\" rel=\"noopener\">fr\u00fchlingshafte Mitbringsel<\/a>.<\/p>\n<p style=\"text-align: center;\"><a href=\"https:\/\/www.sabine-seyffert.de\/blog\/wp-content\/uploads\/2023\/05\/Erdbeer-Deckel-Sabine-Seyffert.de-5.jpg\"><img loading=\"lazy\" decoding=\"async\" class=\"alignnone size-full wp-image-25750\" src=\"https:\/\/www.sabine-seyffert.de\/blog\/wp-content\/uploads\/2023\/05\/Erdbeer-Deckel-Sabine-Seyffert.de-5.jpg\" alt=\"\" width=\"800\" height=\"600\" srcset=\"https:\/\/www.sabine-seyffert.de\/blog\/wp-content\/uploads\/2023\/05\/Erdbeer-Deckel-Sabine-Seyffert.de-5.jpg 800w, https:\/\/www.sabine-seyffert.de\/blog\/wp-content\/uploads\/2023\/05\/Erdbeer-Deckel-Sabine-Seyffert.de-5-300x225.jpg 300w, https:\/\/www.sabine-seyffert.de\/blog\/wp-content\/uploads\/2023\/05\/Erdbeer-Deckel-Sabine-Seyffert.de-5-768x576.jpg 768w\" sizes=\"auto, (max-width: 800px) 100vw, 800px\" \/><\/a><\/p>\n<p>Macht ihr auch gerne Erdbeermarmelade selbst und m\u00f6chtet diese sch\u00f6n verpacken, um diese als Geschenk zu nutzen? Dann st\u00f6bert gerne mal durch folgende Bastelanleitungen:<\/p>\n<p>* <a href=\"https:\/\/www.sabine-seyffert.de\/blog\/?p=12256\" target=\"_blank\" rel=\"noopener\">Eine Lolli Erdbeere<\/a><br \/>\n* <a href=\"https:\/\/www.sabine-seyffert.de\/blog\/?p=22708\" target=\"_blank\" rel=\"noopener\">Erdbeermarmalde im echten Erdbeerglas<\/a><br \/>\n* <a href=\"https:\/\/www.sabine-seyffert.de\/blog\/?p=7452\" target=\"_blank\" rel=\"noopener\">Fruchtige Verpackungsidee mit Erdbeeren<\/a><br \/>\n* <a href=\"https:\/\/www.sabine-seyffert.de\/blog\/?p=22742\" target=\"_blank\" rel=\"noopener\">Eine kleine Erdbeerfee<\/a><br \/>\n* <a href=\"https:\/\/www.sabine-seyffert.de\/blog\/?p=22725\" target=\"_blank\" rel=\"noopener\">S\u00fc\u00dfe Geschenkanh\u00e4nger mit Erdbeeren aus Pistazien Schalen<\/a><br \/>\n* <a href=\"https:\/\/www.sabine-seyffert.de\/blog\/?p=16744\" target=\"_blank\" rel=\"noopener\">Geschenkanh\u00e4nger mit kleinen Upcycling Erdbeeren<\/a><br \/>\n* <a href=\"https:\/\/www.sabine-seyffert.de\/blog\/?p=19072\" target=\"_blank\" rel=\"noopener\">Erdbeer Anh\u00e4nger aus Deckel &amp; Eicheln<\/a><br \/>\n* <a href=\"https:\/\/www.sabine-seyffert.de\/blog\/?p=16584\" target=\"_blank\" rel=\"noopener\">Pfiffige Erdbeeren am Stiel<\/a><\/p>\n<p style=\"text-align: center;\"><a href=\"https:\/\/www.sabine-seyffert.de\/blog\/wp-content\/uploads\/2023\/05\/Erdbeer-Deckel-Sabine-Seyffert.de-10.jpg\"><img loading=\"lazy\" decoding=\"async\" class=\"alignnone size-full wp-image-25749\" src=\"https:\/\/www.sabine-seyffert.de\/blog\/wp-content\/uploads\/2023\/05\/Erdbeer-Deckel-Sabine-Seyffert.de-10.jpg\" alt=\"\" width=\"600\" height=\"800\" srcset=\"https:\/\/www.sabine-seyffert.de\/blog\/wp-content\/uploads\/2023\/05\/Erdbeer-Deckel-Sabine-Seyffert.de-10.jpg 600w, https:\/\/www.sabine-seyffert.de\/blog\/wp-content\/uploads\/2023\/05\/Erdbeer-Deckel-Sabine-Seyffert.de-10-225x300.jpg 225w\" sizes=\"auto, (max-width: 600px) 100vw, 600px\" \/><\/a><\/p>\n<p style=\"text-align: justify;\">Weitere DIY Ideen f\u00fcr Geschenkverpackungen findet ihr \u00fcbrigens in <a href=\"https:\/\/www.sabine-seyffert.de\/blog\/?cat=49\" target=\"_blank\" rel=\"noopener\">dieser Blog Kategorie<\/a>, alles zum Thema Upcycling mit detaillierter Bastelanleitung gibt es in <a href=\"https:\/\/www.sabine-seyffert.de\/blog\/?cat=47\" target=\"_blank\" rel=\"noopener\">dieser Rubrik<\/a>, leckere Rezepte mit Erdbeeren <a href=\"https:\/\/www.sabine-seyffert.de\/blog\/?cat=31\" target=\"_blank\" rel=\"noopener\">hier<\/a>, alles rund um die Fr\u00fchlingszeit sind in <a href=\"https:\/\/www.sabine-seyffert.de\/blog\/?cat=23\" target=\"_blank\" rel=\"noopener\">diesem Blog Ordner<\/a> und andere kreative Sachen <a href=\"https:\/\/www.pinterest.de\/diysabineseyffert\/\" target=\"_blank\" rel=\"noopener\">da<\/a>.<\/p>\n<p style=\"text-align: center;\"><a href=\"https:\/\/www.sabine-seyffert.de\/blog\/wp-content\/uploads\/2023\/05\/Erdbeer-Deckel-Sabine-Seyffert.de-11.jpg\"><img loading=\"lazy\" decoding=\"async\" class=\"alignnone size-full wp-image-25748\" src=\"https:\/\/www.sabine-seyffert.de\/blog\/wp-content\/uploads\/2023\/05\/Erdbeer-Deckel-Sabine-Seyffert.de-11.jpg\" alt=\"\" width=\"600\" height=\"800\" srcset=\"https:\/\/www.sabine-seyffert.de\/blog\/wp-content\/uploads\/2023\/05\/Erdbeer-Deckel-Sabine-Seyffert.de-11.jpg 600w, https:\/\/www.sabine-seyffert.de\/blog\/wp-content\/uploads\/2023\/05\/Erdbeer-Deckel-Sabine-Seyffert.de-11-225x300.jpg 225w\" sizes=\"auto, (max-width: 600px) 100vw, 600px\" \/><\/a><\/p>\n<p style=\"text-align: justify;\"><a href=\"https:\/\/www.sabine-seyffert.de\/blog\/?page_id=32#urheberrecht\">urheberrechtlich gesch\u00fctzt<\/a>, \u00a9 Sabine Seyffert<\/p>\n","protected":false},"excerpt":{"rendered":"<p>M\u00f6gt ihr Erdbeeren auch so gerne? Eigentlich bin ich kein gro\u00dfer Obst Fan, aber an den s\u00fc\u00dfen roten Beeren komme ich einfach nicht vorbei und freue mich jedes Jahr, wenn es endlich soweit ist und die Erdbeersaison startet. Auf dem Blog habe ich euch daher schon allerhand Rezepte und auch Bastelideen rund um diese Frucht&#8230; <a href=\"https:\/\/www.sabine-seyffert.de\/blog\/diy-bastelidee-fuer-kinder-erdbeere-als-fruehlingsdeko-selbermachen\/\" class=\"more-link\">Read more: DIY Bastelidee f\u00fcr Kinder: Erdbeere als Fr\u00fchlingsdeko selbermachen<\/a><\/p>\n","protected":false},"author":2,"featured_media":0,"comment_status":"open","ping_status":"open","sticky":false,"template":"","format":"standard","meta":{"_metis_text_type":"","_metis_text_length":2845,"_post_count":0,"footnotes":""},"categories":[32,12,23,47],"tags":[],"class_list":["post-25746","post","type-post","status-publish","format-standard","hentry","category-kreatives-fur-kleine-kinderhande","category-deko-ideen","category-fruhling","category-upcyceltes"],"_links":{"self":[{"href":"https:\/\/www.sabine-seyffert.de\/blog\/wp-json\/wp\/v2\/posts\/25746","targetHints":{"allow":["GET"]}}],"collection":[{"href":"https:\/\/www.sabine-seyffert.de\/blog\/wp-json\/wp\/v2\/posts"}],"about":[{"href":"https:\/\/www.sabine-seyffert.de\/blog\/wp-json\/wp\/v2\/types\/post"}],"author":[{"embeddable":true,"href":"https:\/\/www.sabine-seyffert.de\/blog\/wp-json\/wp\/v2\/users\/2"}],"replies":[{"embeddable":true,"href":"https:\/\/www.sabine-seyffert.de\/blog\/wp-json\/wp\/v2\/comments?post=25746"}],"version-history":[{"count":1,"href":"https:\/\/www.sabine-seyffert.de\/blog\/wp-json\/wp\/v2\/posts\/25746\/revisions"}],"predecessor-version":[{"id":25760,"href":"https:\/\/www.sabine-seyffert.de\/blog\/wp-json\/wp\/v2\/posts\/25746\/revisions\/25760"}],"wp:attachment":[{"href":"https:\/\/www.sabine-seyffert.de\/blog\/wp-json\/wp\/v2\/media?parent=25746"}],"wp:term":[{"taxonomy":"category","embeddable":true,"href":"https:\/\/www.sabine-seyffert.de\/blog\/wp-json\/wp\/v2\/categories?post=25746"},{"taxonomy":"post_tag","embeddable":true,"href":"https:\/\/www.sabine-seyffert.de\/blog\/wp-json\/wp\/v2\/tags?post=25746"}],"curies":[{"name":"wp","href":"https:\/\/api.w.org\/{rel}","templated":true}]}}