{"id":2570,"date":"2013-09-10T06:28:24","date_gmt":"2013-09-10T04:28:24","guid":{"rendered":"http:\/\/www.sabine-seyffert.de\/blog\/?p=2570"},"modified":"2017-03-06T12:34:23","modified_gmt":"2017-03-06T10:34:23","slug":"es-war-einmal-eine-schultute","status":"publish","type":"post","link":"https:\/\/www.sabine-seyffert.de\/blog\/es-war-einmal-eine-schultute\/","title":{"rendered":"Es war einmal eine Schult\u00fcte\u2026"},"content":{"rendered":"<p style=\"text-align: justify;\"><img loading=\"lazy\" decoding=\"async\" src=\"https:\/\/ssl-vg03.met.vgwort.de\/na\/d9b6e407c785448ba7897c6efea2573f\" alt=\"\" width=\"1\" height=\"1\" \/>Der Schulstart liegt erfolgreich hinter uns und daher kann ich unsere Schult\u00fcte nun endlich freigegeben \ud83d\ude42<\/p>\n<p style=\"text-align: justify;\">Die Mission Schult\u00fcte bereitete mir im Juli etwas Kopfzerbrechen. Eigentlich ist der Schulstart erst Anfang September und bis dahin noch reichlich Zeit. Aber kurz vor Beginn der Schulferien fiel mir ein, dass mein Kind ja dann kein Kindergartenkind mehr ist und somit die ganze Ferienzeit zu Hause verbringt. Und die Schult\u00fcte soll ja eine \u00dcberraschung sein. So zumindest ist das bei uns immer der Fall gewesen. Wie bitte soll ich mit einer um mich herumwuselnden Tochter die Schult\u00fcte basteln?<\/p>\n<p style=\"text-align: center;\"><a href=\"http:\/\/www.sabine-seyffert.de\/blog\/wp-content\/uploads\/2013\/09\/Schult\u00fcte-gro\u00df-1.jpg\"><img loading=\"lazy\" decoding=\"async\" class=\"alignnone size-full wp-image-2571\" src=\"http:\/\/www.sabine-seyffert.de\/blog\/wp-content\/uploads\/2013\/09\/Schult\u00fcte-gro\u00df-1.jpg\" alt=\"Schult\u00fcte gro\u00df 1\" width=\"800\" height=\"600\" srcset=\"https:\/\/www.sabine-seyffert.de\/blog\/wp-content\/uploads\/2013\/09\/Schult\u00fcte-gro\u00df-1.jpg 800w, https:\/\/www.sabine-seyffert.de\/blog\/wp-content\/uploads\/2013\/09\/Schult\u00fcte-gro\u00df-1-300x225.jpg 300w\" sizes=\"auto, (max-width: 800px) 100vw, 800px\" \/><\/a><\/p>\n<p style=\"text-align: justify;\">Das Fertigstellen derselben w\u00e4re recht einfach, wenn mir nicht genau in solchen Momenten meine Kreativit\u00e4t einen Strich durch die Rechnung macht. So sa\u00df ich da und hatte zwar einige Vorstellungen, aber die z\u00fcndende Idee blieb aus.<\/p>\n<p style=\"text-align: justify;\">Zumindest den Rohling f\u00fcr die Schult\u00fcte hatte ich bereits besorgt. Unter gro\u00dfem Protest meiner Tochter, die eine uni rote Schult\u00fcte vollkommen indiskutabel fand.<\/p>\n<p style=\"text-align: center;\"><a href=\"http:\/\/www.sabine-seyffert.de\/blog\/wp-content\/uploads\/2013\/09\/Schult\u00fcte-gro\u00df-3.jpg\"><img loading=\"lazy\" decoding=\"async\" class=\"alignnone size-full wp-image-2572\" src=\"http:\/\/www.sabine-seyffert.de\/blog\/wp-content\/uploads\/2013\/09\/Schult\u00fcte-gro\u00df-3.jpg\" alt=\"Schult\u00fcte gro\u00df 3\" width=\"800\" height=\"600\" srcset=\"https:\/\/www.sabine-seyffert.de\/blog\/wp-content\/uploads\/2013\/09\/Schult\u00fcte-gro\u00df-3.jpg 800w, https:\/\/www.sabine-seyffert.de\/blog\/wp-content\/uploads\/2013\/09\/Schult\u00fcte-gro\u00df-3-300x225.jpg 300w\" sizes=\"auto, (max-width: 800px) 100vw, 800px\" \/><\/a><\/p>\n<p style=\"text-align: justify;\">Bei Durchsicht meines Stofflagers entschied ich mich f\u00fcr einen uni roten Stoff, den ich mit Namen meiner Tochter und passend zum Ranzen mit Blumen versehen wollte. Da ich keine Stickmaschine besitze, mussten alle Dinge als Applikation vorbereitet werden. Als ich dann endlich soweit war mit dem N\u00e4hen zu starten, gefiel mir der Stoff pl\u00f6tzlich gar nicht mehr. Viel zu langweilig\u2026<\/p>\n<p style=\"text-align: justify;\">Meine drei gro\u00dfen T\u00f6chter mussten beratend t\u00e4tig werden und kurzerhand war sie da \u2013 die z\u00fcndende Idee.<\/p>\n<p style=\"text-align: center;\"><a href=\"http:\/\/www.sabine-seyffert.de\/blog\/wp-content\/uploads\/2013\/09\/Schult\u00fcte-gro\u00df-2.jpg\"><img loading=\"lazy\" decoding=\"async\" class=\"alignnone size-full wp-image-2573\" src=\"http:\/\/www.sabine-seyffert.de\/blog\/wp-content\/uploads\/2013\/09\/Schult\u00fcte-gro\u00df-2.jpg\" alt=\"Schult\u00fcte gro\u00df 2\" width=\"800\" height=\"600\" srcset=\"https:\/\/www.sabine-seyffert.de\/blog\/wp-content\/uploads\/2013\/09\/Schult\u00fcte-gro\u00df-2.jpg 800w, https:\/\/www.sabine-seyffert.de\/blog\/wp-content\/uploads\/2013\/09\/Schult\u00fcte-gro\u00df-2-300x225.jpg 300w\" sizes=\"auto, (max-width: 800px) 100vw, 800px\" \/><\/a><\/p>\n<p style=\"text-align: justify;\"><strong>Das wird gebraucht:<\/strong><br \/>\nEin Schult\u00fcten Rohling, ca. 1 Meter Stoff, Stoffreste, Stoffschere, T\u00fcll, Stoffkreide, Stecknadeln, Vliesofix, Schr\u00e4gband, Stoffkreide, ein St\u00fcck Kordel<\/p>\n<p style=\"text-align: justify;\"><a href=\"http:\/\/www.sabine-seyffert.de\/blog\/wp-content\/uploads\/2013\/09\/Schult\u00fcte-gro\u00df-5.jpg\"><img loading=\"lazy\" decoding=\"async\" class=\"alignnone size-full wp-image-2574\" src=\"http:\/\/www.sabine-seyffert.de\/blog\/wp-content\/uploads\/2013\/09\/Schult\u00fcte-gro\u00df-5.jpg\" alt=\"Schult\u00fcte gro\u00df 5\" width=\"800\" height=\"600\" srcset=\"https:\/\/www.sabine-seyffert.de\/blog\/wp-content\/uploads\/2013\/09\/Schult\u00fcte-gro\u00df-5.jpg 800w, https:\/\/www.sabine-seyffert.de\/blog\/wp-content\/uploads\/2013\/09\/Schult\u00fcte-gro\u00df-5-300x225.jpg 300w\" sizes=\"auto, (max-width: 800px) 100vw, 800px\" \/><\/a><\/p>\n<p style=\"text-align: justify;\"><strong>So wird\u00b4s gemacht:<\/strong><br \/>\nAls erstes malt man mit Hilfe des Schult\u00fctenrohlings eine entsprechende Vorlage auf den Stoff. Diesen schneidet man mit etwas Nahtzugabe aus. Nun habe ich den Stoff um die Schult\u00fcte gelegt und auf der R\u00fcckseite mit Nadeln eng zusammengesteckt. So kann man gut sehen, <em>wie<\/em> genau der Stoff als H\u00fclle um den Rohling liegt. Und an welcher Stelle die gew\u00fcnschten Buchstaben und Applikationen am besten plaziert werden.<\/p>\n<p style=\"text-align: center;\"><a href=\"http:\/\/www.sabine-seyffert.de\/blog\/wp-content\/uploads\/2013\/09\/Schult\u00fcte-gro\u00df-6.jpg\"><img loading=\"lazy\" decoding=\"async\" class=\"alignnone size-full wp-image-2575\" src=\"http:\/\/www.sabine-seyffert.de\/blog\/wp-content\/uploads\/2013\/09\/Schult\u00fcte-gro\u00df-6.jpg\" alt=\"Schult\u00fcte gro\u00df 6\" width=\"800\" height=\"600\" srcset=\"https:\/\/www.sabine-seyffert.de\/blog\/wp-content\/uploads\/2013\/09\/Schult\u00fcte-gro\u00df-6.jpg 800w, https:\/\/www.sabine-seyffert.de\/blog\/wp-content\/uploads\/2013\/09\/Schult\u00fcte-gro\u00df-6-300x225.jpg 300w\" sizes=\"auto, (max-width: 800px) 100vw, 800px\" \/><\/a><\/p>\n<p style=\"text-align: justify;\">Dann zeichnet man sich die Buchstaben f\u00fcr den Namen und die Motive spiegelverkehrt auf das Vliesofix, schneidet dieses aus und b\u00fcgelt diese auf den gew\u00fcnschten Stoffrest. Sicherheitshalber habe ich dann nochmals alles mit Nadeln auf den Stoff gesteckt und erst im Anschluss darauf geb\u00fcgelt. Anschlie\u00dfend habe ich alles mit einer engen Zickzack auf den Stoff appliziert. Ist man mit allen Aufn\u00e4hern fertig, dreht man diese auf links und n\u00e4ht die hintere Naht zu.<\/p>\n<p><a href=\"http:\/\/www.sabine-seyffert.de\/blog\/wp-content\/uploads\/2013\/09\/Schult\u00fcte-gro\u00df-4.jpg\"><img loading=\"lazy\" decoding=\"async\" class=\"size-full wp-image-2576 aligncenter\" src=\"http:\/\/www.sabine-seyffert.de\/blog\/wp-content\/uploads\/2013\/09\/Schult\u00fcte-gro\u00df-4.jpg\" alt=\"Schult\u00fcte gro\u00df 4\" width=\"600\" height=\"861\" srcset=\"https:\/\/www.sabine-seyffert.de\/blog\/wp-content\/uploads\/2013\/09\/Schult\u00fcte-gro\u00df-4.jpg 600w, https:\/\/www.sabine-seyffert.de\/blog\/wp-content\/uploads\/2013\/09\/Schult\u00fcte-gro\u00df-4-209x300.jpg 209w\" sizes=\"auto, (max-width: 600px) 100vw, 600px\" \/><\/a><\/p>\n<p style=\"text-align: justify;\">Den oberen Rand habe ich mit Schr\u00e4gband und einem breiten Streifen T\u00fcll versehen. Dadurch ist der oberen Rand gleich ordentlich vers\u00e4ubert. Nun alles wieder auf rechts drehen, den Rohling hineinstecken und mit kleinen \u00dcberraschungen f\u00fcllen.<\/p>\n<p style=\"text-align: justify;\">Wie man unschwer erkennt, habe ich den endg\u00fcltigen Entwurf in solchem Feuereifer gen\u00e4ht, dass ich vergessen habe Detailbilder der einzelnen Schritte zu fotografieren. Ich hoffe die Anleitung ist dennoch verst\u00e4ndlich, dass man bei Bedarf die T\u00fcte nachn\u00e4hen kann!<\/p>\n<p style=\"text-align: center;\"><a href=\"http:\/\/www.sabine-seyffert.de\/blog\/wp-content\/uploads\/2013\/09\/Schult\u00fcte-gro\u00df-7.jpg\"><img loading=\"lazy\" decoding=\"async\" class=\"alignnone size-full wp-image-2577\" src=\"http:\/\/www.sabine-seyffert.de\/blog\/wp-content\/uploads\/2013\/09\/Schult\u00fcte-gro\u00df-7.jpg\" alt=\"Schult\u00fcte gro\u00df 7\" width=\"600\" height=\"800\" srcset=\"https:\/\/www.sabine-seyffert.de\/blog\/wp-content\/uploads\/2013\/09\/Schult\u00fcte-gro\u00df-7.jpg 600w, https:\/\/www.sabine-seyffert.de\/blog\/wp-content\/uploads\/2013\/09\/Schult\u00fcte-gro\u00df-7-225x300.jpg 225w\" sizes=\"auto, (max-width: 600px) 100vw, 600px\" \/><\/a><\/p>\n<p style=\"text-align: justify;\">Eine etwas detaillierter bebilderte Deko Idee mit <a href=\"http:\/\/www.sabine-seyffert.de\/blog\/?p=2591\" target=\"_blank\">Mini Schult\u00fcten<\/a> ist in der <a href=\"http:\/\/www.sabine-seyffert.de\/blog\/?cat=40\" target=\"_blank\">Rubrik Schulstart<\/a> zu finden, diese habe ich nach dem gleichen Prinzip gen\u00e4ht. Wer m\u00f6chte, schaut in ein paar Tagen einfach nochmal rein \ud83d\ude09 Eine <a href=\"http:\/\/www.sabine-seyffert.de\/blog\/?p=2542\" target=\"_blank\">zuckers\u00fc\u00dfe Schult\u00fcte<\/a>, die zum Verzehr geeignet ist, findet man \u00fcbrigens <a href=\"http:\/\/www.sabine-seyffert.de\/blog\/?p=2542\" target=\"_blank\">hier<\/a>!<\/p>\n<p style=\"text-align: justify;\">Die Schult\u00fcte schicke ich zu <a href=\"http:\/\/www.creadienstag.de\/2013\/09\/090.html\" target=\"_blank\">Ankes Creadienstag<\/a> und weil so viel Liebe drinsteckt, reihe ich sie au\u00dferdem bei <a href=\"http:\/\/www.blick7blog.de\/2013\/09\/makrugbandl-mein-herzblutprojekt-im.html\" target=\"_blank\">Blick7<\/a> in Annettes Herzblutgalerie.<\/p>\n<p><a href=\"http:\/\/www.sabine-seyffert.de\/blog\/?page_id=32#urheberrecht\">urheberrechtlich gesch\u00fctzt<\/a>, \u00a9 Sabine Seyffert<\/p>\n","protected":false},"excerpt":{"rendered":"<p>Der Schulstart liegt erfolgreich hinter uns und daher kann ich unsere Schult\u00fcte nun endlich freigegeben \ud83d\ude42 Die Mission Schult\u00fcte bereitete mir im Juli etwas Kopfzerbrechen. Eigentlich ist der Schulstart erst Anfang September und bis dahin noch reichlich Zeit. Aber kurz vor Beginn der Schulferien fiel mir ein, dass mein Kind ja dann kein Kindergartenkind mehr&#8230; <a href=\"https:\/\/www.sabine-seyffert.de\/blog\/es-war-einmal-eine-schultute\/\" class=\"more-link\">Read more: Es war einmal eine Schult\u00fcte\u2026<\/a><\/p>\n","protected":false},"author":2,"featured_media":0,"comment_status":"open","ping_status":"open","sticky":false,"template":"","format":"standard","meta":{"_metis_text_type":"","_metis_text_length":3536,"_post_count":0,"footnotes":""},"categories":[33,40],"tags":[],"class_list":["post-2570","post","type-post","status-publish","format-standard","hentry","category-kreative-naherein","category-schulstart"],"_links":{"self":[{"href":"https:\/\/www.sabine-seyffert.de\/blog\/wp-json\/wp\/v2\/posts\/2570","targetHints":{"allow":["GET"]}}],"collection":[{"href":"https:\/\/www.sabine-seyffert.de\/blog\/wp-json\/wp\/v2\/posts"}],"about":[{"href":"https:\/\/www.sabine-seyffert.de\/blog\/wp-json\/wp\/v2\/types\/post"}],"author":[{"embeddable":true,"href":"https:\/\/www.sabine-seyffert.de\/blog\/wp-json\/wp\/v2\/users\/2"}],"replies":[{"embeddable":true,"href":"https:\/\/www.sabine-seyffert.de\/blog\/wp-json\/wp\/v2\/comments?post=2570"}],"version-history":[{"count":13,"href":"https:\/\/www.sabine-seyffert.de\/blog\/wp-json\/wp\/v2\/posts\/2570\/revisions"}],"predecessor-version":[{"id":9814,"href":"https:\/\/www.sabine-seyffert.de\/blog\/wp-json\/wp\/v2\/posts\/2570\/revisions\/9814"}],"wp:attachment":[{"href":"https:\/\/www.sabine-seyffert.de\/blog\/wp-json\/wp\/v2\/media?parent=2570"}],"wp:term":[{"taxonomy":"category","embeddable":true,"href":"https:\/\/www.sabine-seyffert.de\/blog\/wp-json\/wp\/v2\/categories?post=2570"},{"taxonomy":"post_tag","embeddable":true,"href":"https:\/\/www.sabine-seyffert.de\/blog\/wp-json\/wp\/v2\/tags?post=2570"}],"curies":[{"name":"wp","href":"https:\/\/api.w.org\/{rel}","templated":true}]}}