{"id":25676,"date":"2023-06-13T06:00:10","date_gmt":"2023-06-13T04:00:10","guid":{"rendered":"https:\/\/www.sabine-seyffert.de\/blog\/?p=25676"},"modified":"2023-06-17T18:02:09","modified_gmt":"2023-06-17T16:02:09","slug":"bastel-dir-glueck-marienkaefer-upcycling-aus-pappe-zeitung-kronkorken","status":"publish","type":"post","link":"https:\/\/www.sabine-seyffert.de\/blog\/bastel-dir-glueck-marienkaefer-upcycling-aus-pappe-zeitung-kronkorken\/","title":{"rendered":"Bastel dir Gl\u00fcck: Marienk\u00e4fer Upcycling aus Pappe, Zeitung &#038; Kronkorken"},"content":{"rendered":"<p style=\"text-align: justify;\"><img loading=\"lazy\" decoding=\"async\" src=\"https:\/\/vg08.met.vgwort.de\/na\/50f67793515d41baa66067b408435dc1\" alt=\"\" width=\"1\" height=\"1\" \/>Lust auf etwas Bastelgl\u00fcck? Mich pers\u00f6nlich macht Basteln immer gl\u00fccklich und bei dieser Bastelidee kann man das Gl\u00fcck nicht nur selbermachen, sondern auch anderen etwas Gl\u00fcck bereiten, in dem man den kleinen Gl\u00fccksk\u00e4fer <a href=\"https:\/\/de.wikipedia.org\/wiki\/Marienk%C3%A4fer\" target=\"_blank\" rel=\"noopener\">(Marienk\u00e4fer)<\/a> als Mitbringsel oder Geschenk nutzt. Wie man einen solchen K\u00e4fer ganz leicht basteln kann, verrate ich dir in der folgenden Bastelanleitung.<\/p>\n<p style=\"text-align: center;\"><a href=\"https:\/\/www.sabine-seyffert.de\/blog\/wp-content\/uploads\/2023\/05\/Marienkaefer-Collage-Sabine-Seyffert.de-3.jpg\"><img loading=\"lazy\" decoding=\"async\" class=\"alignnone size-full wp-image-25677\" src=\"https:\/\/www.sabine-seyffert.de\/blog\/wp-content\/uploads\/2023\/05\/Marienkaefer-Collage-Sabine-Seyffert.de-3.jpg\" alt=\"\" width=\"800\" height=\"600\" srcset=\"https:\/\/www.sabine-seyffert.de\/blog\/wp-content\/uploads\/2023\/05\/Marienkaefer-Collage-Sabine-Seyffert.de-3.jpg 800w, https:\/\/www.sabine-seyffert.de\/blog\/wp-content\/uploads\/2023\/05\/Marienkaefer-Collage-Sabine-Seyffert.de-3-300x225.jpg 300w, https:\/\/www.sabine-seyffert.de\/blog\/wp-content\/uploads\/2023\/05\/Marienkaefer-Collage-Sabine-Seyffert.de-3-768x576.jpg 768w\" sizes=\"auto, (max-width: 800px) 100vw, 800px\" \/><\/a><\/p>\n<p style=\"text-align: justify;\"><strong>Das wird gebraucht:<\/strong><br \/>\nPappe \/ Karton, eine alte Tageszeitung, einen Wasserfarbkasten inklusiv Deckwei\u00df, Bastelfarben, Kronkorken, Bastelkleber \/ Klebestift, eine Bastelschere, Pinsel (ggf. Wattest\u00e4bchen, Streichholz und Zahnstocher, Stempel samt Stempelkissen oder einen Stift, eine Bastelunterlage und <a href=\"https:\/\/www.sabine-seyffert.de\/blog\/?p=12310\" target=\"_blank\" rel=\"noopener\">Malkittel<\/a><\/p>\n<p style=\"text-align: center;\"><a href=\"https:\/\/www.sabine-seyffert.de\/blog\/wp-content\/uploads\/2023\/05\/Marienkaefer-Collage-Sabine-Seyffert.de_.jpg\"><img loading=\"lazy\" decoding=\"async\" class=\"alignnone size-full wp-image-25678\" src=\"https:\/\/www.sabine-seyffert.de\/blog\/wp-content\/uploads\/2023\/05\/Marienkaefer-Collage-Sabine-Seyffert.de_.jpg\" alt=\"\" width=\"800\" height=\"600\" srcset=\"https:\/\/www.sabine-seyffert.de\/blog\/wp-content\/uploads\/2023\/05\/Marienkaefer-Collage-Sabine-Seyffert.de_.jpg 800w, https:\/\/www.sabine-seyffert.de\/blog\/wp-content\/uploads\/2023\/05\/Marienkaefer-Collage-Sabine-Seyffert.de_-300x225.jpg 300w, https:\/\/www.sabine-seyffert.de\/blog\/wp-content\/uploads\/2023\/05\/Marienkaefer-Collage-Sabine-Seyffert.de_-768x576.jpg 768w\" sizes=\"auto, (max-width: 800px) 100vw, 800px\" \/><\/a><\/p>\n<p style=\"text-align: justify;\"><strong>So wird\u2019s gemacht:<\/strong><br \/>\nAls erstes stellst du dir aus Wasserfarben und Zeitung <a href=\"https:\/\/www.sabine-seyffert.de\/blog\/?p=13917\" target=\"_blank\" rel=\"noopener\">umweltfreundliches Bastelpapier<\/a> her. Denke vorab daran, den Tisch vor dem Malen abzudecken und einen Malkittel anzuziehen.<\/p>\n<p style=\"text-align: center;\"><a href=\"https:\/\/www.sabine-seyffert.de\/blog\/wp-content\/uploads\/2023\/05\/Marienkaefer-Collage-Sabine-Seyffert.de-0.jpg\"><img loading=\"lazy\" decoding=\"async\" class=\"alignnone size-full wp-image-25682\" src=\"https:\/\/www.sabine-seyffert.de\/blog\/wp-content\/uploads\/2023\/05\/Marienkaefer-Collage-Sabine-Seyffert.de-0.jpg\" alt=\"\" width=\"800\" height=\"600\" srcset=\"https:\/\/www.sabine-seyffert.de\/blog\/wp-content\/uploads\/2023\/05\/Marienkaefer-Collage-Sabine-Seyffert.de-0.jpg 800w, https:\/\/www.sabine-seyffert.de\/blog\/wp-content\/uploads\/2023\/05\/Marienkaefer-Collage-Sabine-Seyffert.de-0-300x225.jpg 300w, https:\/\/www.sabine-seyffert.de\/blog\/wp-content\/uploads\/2023\/05\/Marienkaefer-Collage-Sabine-Seyffert.de-0-768x576.jpg 768w\" sizes=\"auto, (max-width: 800px) 100vw, 800px\" \/><\/a><\/p>\n<p style=\"text-align: justify;\">Dann schneide dir aus einem leeren Karton ein St\u00fcck Pappe. Das ben\u00f6tigst du als Untergrund f\u00fcr dein Bild. Aus dem selbst gemachten Bastelpapier rei\u00dft oder schneidest du nun ein St\u00fcck, das etwas kleiner als die Pappe ist. Klebe das bemalte Zeitungspapier mittig darauf.<\/p>\n<p style=\"text-align: center;\"><a href=\"https:\/\/www.sabine-seyffert.de\/blog\/wp-content\/uploads\/2023\/05\/Marienkaefer-Collage-Sabine-Seyffert.de-8.jpg\"><img loading=\"lazy\" decoding=\"async\" class=\"alignnone size-full wp-image-25683\" src=\"https:\/\/www.sabine-seyffert.de\/blog\/wp-content\/uploads\/2023\/05\/Marienkaefer-Collage-Sabine-Seyffert.de-8.jpg\" alt=\"\" width=\"800\" height=\"600\" srcset=\"https:\/\/www.sabine-seyffert.de\/blog\/wp-content\/uploads\/2023\/05\/Marienkaefer-Collage-Sabine-Seyffert.de-8.jpg 800w, https:\/\/www.sabine-seyffert.de\/blog\/wp-content\/uploads\/2023\/05\/Marienkaefer-Collage-Sabine-Seyffert.de-8-300x225.jpg 300w, https:\/\/www.sabine-seyffert.de\/blog\/wp-content\/uploads\/2023\/05\/Marienkaefer-Collage-Sabine-Seyffert.de-8-768x576.jpg 768w\" sizes=\"auto, (max-width: 800px) 100vw, 800px\" \/><\/a><\/p>\n<p style=\"text-align: justify;\">Schneide aus dem Bastelpapier einen roten Kreis, der in den Kronkorken hinein passt und klebe ihn mit Klebestift dort rein.<\/p>\n<p style=\"text-align: center;\"><a href=\"https:\/\/www.sabine-seyffert.de\/blog\/wp-content\/uploads\/2023\/05\/Marienkaefer-Collage-Sabine-Seyffert.de-7.jpg\"><img loading=\"lazy\" decoding=\"async\" class=\"alignnone size-full wp-image-25684\" src=\"https:\/\/www.sabine-seyffert.de\/blog\/wp-content\/uploads\/2023\/05\/Marienkaefer-Collage-Sabine-Seyffert.de-7.jpg\" alt=\"\" width=\"800\" height=\"600\" srcset=\"https:\/\/www.sabine-seyffert.de\/blog\/wp-content\/uploads\/2023\/05\/Marienkaefer-Collage-Sabine-Seyffert.de-7.jpg 800w, https:\/\/www.sabine-seyffert.de\/blog\/wp-content\/uploads\/2023\/05\/Marienkaefer-Collage-Sabine-Seyffert.de-7-300x225.jpg 300w, https:\/\/www.sabine-seyffert.de\/blog\/wp-content\/uploads\/2023\/05\/Marienkaefer-Collage-Sabine-Seyffert.de-7-768x576.jpg 768w\" sizes=\"auto, (max-width: 800px) 100vw, 800px\" \/><\/a><\/p>\n<p style=\"text-align: justify;\">Um die Fl\u00fcgel anzudeuten, brauchst du noch ein schwarzes Dreieck, das du in den Kronkorken klebst. Mit einem Streichholz und Bastelfarbe kannst du dem kleinen Gl\u00fccksk\u00e4fer kleine Punkte auf die Fl\u00fcgel tupfen. Alternativ lassen sich diese auch mit einem Stift malen.<\/p>\n<p style=\"text-align: center;\"><a href=\"https:\/\/www.sabine-seyffert.de\/blog\/wp-content\/uploads\/2023\/05\/Marienkaefer-Collage-Sabine-Seyffert.de-6.jpg\"><img loading=\"lazy\" decoding=\"async\" class=\"alignnone size-full wp-image-25685\" src=\"https:\/\/www.sabine-seyffert.de\/blog\/wp-content\/uploads\/2023\/05\/Marienkaefer-Collage-Sabine-Seyffert.de-6.jpg\" alt=\"\" width=\"800\" height=\"600\" srcset=\"https:\/\/www.sabine-seyffert.de\/blog\/wp-content\/uploads\/2023\/05\/Marienkaefer-Collage-Sabine-Seyffert.de-6.jpg 800w, https:\/\/www.sabine-seyffert.de\/blog\/wp-content\/uploads\/2023\/05\/Marienkaefer-Collage-Sabine-Seyffert.de-6-300x225.jpg 300w, https:\/\/www.sabine-seyffert.de\/blog\/wp-content\/uploads\/2023\/05\/Marienkaefer-Collage-Sabine-Seyffert.de-6-768x576.jpg 768w\" sizes=\"auto, (max-width: 800px) 100vw, 800px\" \/><\/a><\/p>\n<p style=\"text-align: justify;\">Schneide noch einen kleinen Halbkreis und F\u00fchler f\u00fcr den K\u00e4fer aus und klebe diesen in seinen Einzelteilen in eine Ecke der Karte.<\/p>\n<p style=\"text-align: center;\"><a href=\"https:\/\/www.sabine-seyffert.de\/blog\/wp-content\/uploads\/2023\/05\/Marienkaefer-Collage-Sabine-Seyffert.de-5.jpg\"><img loading=\"lazy\" decoding=\"async\" class=\"alignnone size-full wp-image-25686\" src=\"https:\/\/www.sabine-seyffert.de\/blog\/wp-content\/uploads\/2023\/05\/Marienkaefer-Collage-Sabine-Seyffert.de-5.jpg\" alt=\"\" width=\"800\" height=\"600\" srcset=\"https:\/\/www.sabine-seyffert.de\/blog\/wp-content\/uploads\/2023\/05\/Marienkaefer-Collage-Sabine-Seyffert.de-5.jpg 800w, https:\/\/www.sabine-seyffert.de\/blog\/wp-content\/uploads\/2023\/05\/Marienkaefer-Collage-Sabine-Seyffert.de-5-300x225.jpg 300w, https:\/\/www.sabine-seyffert.de\/blog\/wp-content\/uploads\/2023\/05\/Marienkaefer-Collage-Sabine-Seyffert.de-5-768x576.jpg 768w\" sizes=\"auto, (max-width: 800px) 100vw, 800px\" \/><\/a><\/p>\n<p style=\"text-align: justify;\">Auf der anderen Ecke gestaltest du eine kleine Blumenwiese. Dazu schneidest du gr\u00fcne St\u00e4ngel und bunte Bl\u00fcten. Klebe alles mit dem Klebestift fest. Wenn du magst, kannst du die Bl\u00fcten noch mit Bastelfarbe verzieren.<\/p>\n<p style=\"text-align: center;\"><a href=\"https:\/\/www.sabine-seyffert.de\/blog\/wp-content\/uploads\/2023\/05\/Marienkaefer-Collage-Sabine-Seyffert.de-4.jpg\"><img loading=\"lazy\" decoding=\"async\" class=\"alignnone size-full wp-image-25687\" src=\"https:\/\/www.sabine-seyffert.de\/blog\/wp-content\/uploads\/2023\/05\/Marienkaefer-Collage-Sabine-Seyffert.de-4.jpg\" alt=\"\" width=\"800\" height=\"600\" srcset=\"https:\/\/www.sabine-seyffert.de\/blog\/wp-content\/uploads\/2023\/05\/Marienkaefer-Collage-Sabine-Seyffert.de-4.jpg 800w, https:\/\/www.sabine-seyffert.de\/blog\/wp-content\/uploads\/2023\/05\/Marienkaefer-Collage-Sabine-Seyffert.de-4-300x225.jpg 300w, https:\/\/www.sabine-seyffert.de\/blog\/wp-content\/uploads\/2023\/05\/Marienkaefer-Collage-Sabine-Seyffert.de-4-768x576.jpg 768w\" sizes=\"auto, (max-width: 800px) 100vw, 800px\" \/><\/a><\/p>\n<p style=\"text-align: justify;\"><strong>Ein kleiner Tipp:<\/strong><br \/>\nWenn du die Karte als kleinen Gru\u00df, Mitbringsel oder Geschenk nutzen m\u00f6chtest, kannst du aus dem unbedruckten Rand der Zeitung einen kleinen Wimpel schneiden (einen langen Streifen und am Rand ein kleines Dreieck hinein schneiden). Diesen kannst du mit dem Namen oder einem kleinen Gru\u00df bestempeln oder mit Hilfe eines Stifts beschriften.<\/p>\n<p style=\"text-align: center;\"><a href=\"https:\/\/www.sabine-seyffert.de\/blog\/wp-content\/uploads\/2023\/05\/Marienkaefer-Collage-Sabine-Seyffert.de-2.jpg\"><img loading=\"lazy\" decoding=\"async\" class=\"alignnone size-full wp-image-25681\" src=\"https:\/\/www.sabine-seyffert.de\/blog\/wp-content\/uploads\/2023\/05\/Marienkaefer-Collage-Sabine-Seyffert.de-2.jpg\" alt=\"\" width=\"800\" height=\"600\" srcset=\"https:\/\/www.sabine-seyffert.de\/blog\/wp-content\/uploads\/2023\/05\/Marienkaefer-Collage-Sabine-Seyffert.de-2.jpg 800w, https:\/\/www.sabine-seyffert.de\/blog\/wp-content\/uploads\/2023\/05\/Marienkaefer-Collage-Sabine-Seyffert.de-2-300x225.jpg 300w, https:\/\/www.sabine-seyffert.de\/blog\/wp-content\/uploads\/2023\/05\/Marienkaefer-Collage-Sabine-Seyffert.de-2-768x576.jpg 768w\" sizes=\"auto, (max-width: 800px) 100vw, 800px\" \/><\/a><\/p>\n<p>In den folgenden Bastelanleitungen findet ihr weitere Tiere &amp; Figuren, die sich aus Kronkorken basteln lassen. Viel Spa\u00df beim St\u00f6bern!<br \/>\n*<a href=\"https:\/\/www.sabine-seyffert.de\/blog\/?p=23292\" target=\"_blank\" rel=\"noopener\"> Bunte Fische<\/a><br \/>\n* <a href=\"https:\/\/www.sabine-seyffert.de\/blog\/?p=21911\" target=\"_blank\" rel=\"noopener\">Ein Eisb\u00e4r<\/a><br \/>\n* <a href=\"https:\/\/www.sabine-seyffert.de\/blog\/?p=20559\" target=\"_blank\" rel=\"noopener\">Ein Frosch<\/a><br \/>\n* <a href=\"https:\/\/www.sabine-seyffert.de\/blog\/?p=19048\" target=\"_blank\" rel=\"noopener\">Huhn und K\u00fcken<\/a><br \/>\n* <a href=\"https:\/\/www.sabine-seyffert.de\/blog\/?p=18578\" target=\"_blank\" rel=\"noopener\">Bunte Clowns<\/a><br \/>\n* <a href=\"https:\/\/www.sabine-seyffert.de\/blog\/?p=18340\" target=\"_blank\" rel=\"noopener\">Ein Pinguin<\/a><br \/>\n* <a href=\"https:\/\/www.sabine-seyffert.de\/blog\/?p=20057\" target=\"_blank\" rel=\"noopener\">Eine Qualle<\/a><br \/>\n* <a href=\"https:\/\/www.sabine-seyffert.de\/blog\/?p=18188\" target=\"_blank\" rel=\"noopener\">Ein Schneemann<\/a><br \/>\n* <a href=\"https:\/\/www.sabine-seyffert.de\/blog\/?p=16988\" target=\"_blank\" rel=\"noopener\">Ein Aquarium<\/a><br \/>\n* <a href=\"https:\/\/www.sabine-seyffert.de\/blog\/?p=16256\" target=\"_blank\" rel=\"noopener\">Ein Hase<\/a><br \/>\n* <a href=\"https:\/\/www.sabine-seyffert.de\/blog\/?p=16116\" target=\"_blank\" rel=\"noopener\">L\u00f6we, Fuchs, Biene und Panda<\/a><br \/>\n* <a href=\"https:\/\/www.sabine-seyffert.de\/blog\/?p=24207\" target=\"_blank\" rel=\"noopener\">Flederm\u00e4use<\/a><br \/>\n* <a href=\"https:\/\/www.sabine-seyffert.de\/blog\/?p=21956\" target=\"_blank\" rel=\"noopener\">Winterliches Tic Tac Toe<\/a><\/p>\n<p style=\"text-align: center;\"><a href=\"https:\/\/www.sabine-seyffert.de\/blog\/wp-content\/uploads\/2023\/05\/Marienkaefer-Collage-Sabine-Seyffert.de-1.jpg\"><img loading=\"lazy\" decoding=\"async\" class=\"alignnone size-full wp-image-25680\" src=\"https:\/\/www.sabine-seyffert.de\/blog\/wp-content\/uploads\/2023\/05\/Marienkaefer-Collage-Sabine-Seyffert.de-1.jpg\" alt=\"\" width=\"800\" height=\"600\" srcset=\"https:\/\/www.sabine-seyffert.de\/blog\/wp-content\/uploads\/2023\/05\/Marienkaefer-Collage-Sabine-Seyffert.de-1.jpg 800w, https:\/\/www.sabine-seyffert.de\/blog\/wp-content\/uploads\/2023\/05\/Marienkaefer-Collage-Sabine-Seyffert.de-1-300x225.jpg 300w, https:\/\/www.sabine-seyffert.de\/blog\/wp-content\/uploads\/2023\/05\/Marienkaefer-Collage-Sabine-Seyffert.de-1-768x576.jpg 768w\" sizes=\"auto, (max-width: 800px) 100vw, 800px\" \/><\/a><\/p>\n<p style=\"text-align: justify;\">Weitere kreative Do-it-Yourself Bastelideen f\u00fcr Kinder findet ihr \u00fcbrigens in <a href=\"https:\/\/www.sabine-seyffert.de\/blog\/?cat=32\" target=\"_blank\" rel=\"noopener\">dieser Blog Kategorie<\/a>, alles zum Thema Upcycling mit detaillierter Bastelanleitung gibt es in <a href=\"https:\/\/www.sabine-seyffert.de\/blog\/?cat=47\" target=\"_blank\" rel=\"noopener\">dieser Rubrik<\/a>, Bastelanleitungen f\u00fcr selbst gemachte Postkarten Ideen findet ihr an <a href=\"https:\/\/www.sabine-seyffert.de\/blog\/?cat=51\" target=\"_blank\" rel=\"noopener\">dieser Stelle<\/a>, alles rund um die Fr\u00fchlingszeit sind in <a href=\"https:\/\/www.sabine-seyffert.de\/blog\/?cat=23\" target=\"_blank\" rel=\"noopener\">diesem Blog Ordner<\/a> oder auch an <a href=\"https:\/\/www.pinterest.de\/diysabineseyffert\/\" target=\"_blank\" rel=\"noopener\">meinen Pinnw\u00e4nden<\/a>.<\/p>\n<p style=\"text-align: center;\"><a href=\"https:\/\/www.sabine-seyffert.de\/blog\/wp-content\/uploads\/2023\/05\/Marienkaefer-Collage-Sabine-Seyffert.de-9.jpg\"><img loading=\"lazy\" decoding=\"async\" class=\"alignnone size-full wp-image-25679\" src=\"https:\/\/www.sabine-seyffert.de\/blog\/wp-content\/uploads\/2023\/05\/Marienkaefer-Collage-Sabine-Seyffert.de-9.jpg\" alt=\"\" width=\"600\" height=\"800\" srcset=\"https:\/\/www.sabine-seyffert.de\/blog\/wp-content\/uploads\/2023\/05\/Marienkaefer-Collage-Sabine-Seyffert.de-9.jpg 600w, https:\/\/www.sabine-seyffert.de\/blog\/wp-content\/uploads\/2023\/05\/Marienkaefer-Collage-Sabine-Seyffert.de-9-225x300.jpg 225w\" sizes=\"auto, (max-width: 600px) 100vw, 600px\" \/><\/a><\/p>\n<p style=\"text-align: justify;\"><a href=\"https:\/\/www.sabine-seyffert.de\/blog\/?page_id=32#urheberrecht\">urheberrechtlich gesch\u00fctzt<\/a>, \u00a9 Sabine Seyffert<\/p>\n","protected":false},"excerpt":{"rendered":"<p>Lust auf etwas Bastelgl\u00fcck? Mich pers\u00f6nlich macht Basteln immer gl\u00fccklich und bei dieser Bastelidee kann man das Gl\u00fcck nicht nur selbermachen, sondern auch anderen etwas Gl\u00fcck bereiten, in dem man den kleinen Gl\u00fccksk\u00e4fer (Marienk\u00e4fer) als Mitbringsel oder Geschenk nutzt. Wie man einen solchen K\u00e4fer ganz leicht basteln kann, verrate ich dir in der folgenden Bastelanleitung&#8230;. <a href=\"https:\/\/www.sabine-seyffert.de\/blog\/bastel-dir-glueck-marienkaefer-upcycling-aus-pappe-zeitung-kronkorken\/\" class=\"more-link\">Read more: Bastel dir Gl\u00fcck: Marienk\u00e4fer Upcycling aus Pappe, Zeitung &#038; Kronkorken<\/a><\/p>\n","protected":false},"author":2,"featured_media":0,"comment_status":"open","ping_status":"open","sticky":false,"template":"","format":"standard","meta":{"_metis_text_type":"","_metis_text_length":3008,"_post_count":0,"footnotes":""},"categories":[32,23,51,47],"tags":[],"class_list":["post-25676","post","type-post","status-publish","format-standard","hentry","category-kreatives-fur-kleine-kinderhande","category-fruhling","category-postkarten-grusskarten","category-upcyceltes"],"_links":{"self":[{"href":"https:\/\/www.sabine-seyffert.de\/blog\/wp-json\/wp\/v2\/posts\/25676","targetHints":{"allow":["GET"]}}],"collection":[{"href":"https:\/\/www.sabine-seyffert.de\/blog\/wp-json\/wp\/v2\/posts"}],"about":[{"href":"https:\/\/www.sabine-seyffert.de\/blog\/wp-json\/wp\/v2\/types\/post"}],"author":[{"embeddable":true,"href":"https:\/\/www.sabine-seyffert.de\/blog\/wp-json\/wp\/v2\/users\/2"}],"replies":[{"embeddable":true,"href":"https:\/\/www.sabine-seyffert.de\/blog\/wp-json\/wp\/v2\/comments?post=25676"}],"version-history":[{"count":5,"href":"https:\/\/www.sabine-seyffert.de\/blog\/wp-json\/wp\/v2\/posts\/25676\/revisions"}],"predecessor-version":[{"id":25848,"href":"https:\/\/www.sabine-seyffert.de\/blog\/wp-json\/wp\/v2\/posts\/25676\/revisions\/25848"}],"wp:attachment":[{"href":"https:\/\/www.sabine-seyffert.de\/blog\/wp-json\/wp\/v2\/media?parent=25676"}],"wp:term":[{"taxonomy":"category","embeddable":true,"href":"https:\/\/www.sabine-seyffert.de\/blog\/wp-json\/wp\/v2\/categories?post=25676"},{"taxonomy":"post_tag","embeddable":true,"href":"https:\/\/www.sabine-seyffert.de\/blog\/wp-json\/wp\/v2\/tags?post=25676"}],"curies":[{"name":"wp","href":"https:\/\/api.w.org\/{rel}","templated":true}]}}