{"id":25500,"date":"2023-04-21T06:00:00","date_gmt":"2023-04-21T04:00:00","guid":{"rendered":"https:\/\/www.sabine-seyffert.de\/blog\/?p=25500"},"modified":"2023-04-05T18:12:13","modified_gmt":"2023-04-05T16:12:13","slug":"diy-geschenkidee-tulpe-fuer-dich-mit-kindern-fuer-muttertag-basteln","status":"publish","type":"post","link":"https:\/\/www.sabine-seyffert.de\/blog\/diy-geschenkidee-tulpe-fuer-dich-mit-kindern-fuer-muttertag-basteln\/","title":{"rendered":"DIY Geschenkidee: Tulpe f\u00fcr dich  &#8211; Mit Kindern f\u00fcr Muttertag basteln"},"content":{"rendered":"<p style=\"text-align: justify;\"><img loading=\"lazy\" decoding=\"async\" src=\"https:\/\/vg08.met.vgwort.de\/na\/03f32c949b544e148fd8472460f5bd2d\" alt=\"\" width=\"1\" height=\"1\" \/>Diese bunte Bastelidee eignet sich nicht nur f\u00fcr Muttertag! Ebenso gut kann man diese als kleines Mitbringsel, Geburtstagsgeschenk oder kleine Aufmerksamkeit nutzen. Schlie\u00dflich freut sich doch jeder \u00fcber einen sch\u00f6nen Blumengru\u00df. Mit den Kindern aus meinen Kunst AGs haben wir dementsprechend kleine Geschenke zum Selbermachen gestaltet. Wie das geht, verrate ich in der folgenden Bastelanleitung.<\/p>\n<p style=\"text-align: center;\"><a href=\"https:\/\/www.sabine-seyffert.de\/blog\/wp-content\/uploads\/2023\/04\/Muttertag-Tulpe-Kuchenteller-Sabine-Seyffert.de-3.jpg\"><img loading=\"lazy\" decoding=\"async\" class=\"alignnone size-full wp-image-25501\" src=\"https:\/\/www.sabine-seyffert.de\/blog\/wp-content\/uploads\/2023\/04\/Muttertag-Tulpe-Kuchenteller-Sabine-Seyffert.de-3.jpg\" alt=\"\" width=\"800\" height=\"600\" srcset=\"https:\/\/www.sabine-seyffert.de\/blog\/wp-content\/uploads\/2023\/04\/Muttertag-Tulpe-Kuchenteller-Sabine-Seyffert.de-3.jpg 800w, https:\/\/www.sabine-seyffert.de\/blog\/wp-content\/uploads\/2023\/04\/Muttertag-Tulpe-Kuchenteller-Sabine-Seyffert.de-3-300x225.jpg 300w, https:\/\/www.sabine-seyffert.de\/blog\/wp-content\/uploads\/2023\/04\/Muttertag-Tulpe-Kuchenteller-Sabine-Seyffert.de-3-768x576.jpg 768w\" sizes=\"auto, (max-width: 800px) 100vw, 800px\" \/><\/a><\/p>\n<p style=\"text-align: justify;\"><strong>Das wird gebraucht:<\/strong><br \/>\nEin Pappteller \/ Kuchenteller (rechteckig oder alternativ auch rund), einen Papier Trinkhalm \/ Strohhalm, d\u00fcnne Pappe, Tonpapier, Bastelfarbe \/ Wasserfarben, Bastelschere, Bastelkleber \/ Klebestift, Pinsel (Borstenpinsel), Buchstabenstempel samt Stempelkissen, Bastelunterlage und <a href=\"https:\/\/www.sabine-seyffert.de\/blog\/?p=12310\" target=\"_blank\" rel=\"noopener\">Malkittel<\/a> sowie optional einen Motivlocher XL in Herzform<\/p>\n<p style=\"text-align: center;\"><a href=\"https:\/\/www.sabine-seyffert.de\/blog\/wp-content\/uploads\/2023\/04\/Muttertag-Tulpe-Kuchenteller-Sabine-Seyffert.de-10.jpg\"><img loading=\"lazy\" decoding=\"async\" class=\"alignnone size-full wp-image-25506\" src=\"https:\/\/www.sabine-seyffert.de\/blog\/wp-content\/uploads\/2023\/04\/Muttertag-Tulpe-Kuchenteller-Sabine-Seyffert.de-10.jpg\" alt=\"\" width=\"800\" height=\"600\" srcset=\"https:\/\/www.sabine-seyffert.de\/blog\/wp-content\/uploads\/2023\/04\/Muttertag-Tulpe-Kuchenteller-Sabine-Seyffert.de-10.jpg 800w, https:\/\/www.sabine-seyffert.de\/blog\/wp-content\/uploads\/2023\/04\/Muttertag-Tulpe-Kuchenteller-Sabine-Seyffert.de-10-300x225.jpg 300w, https:\/\/www.sabine-seyffert.de\/blog\/wp-content\/uploads\/2023\/04\/Muttertag-Tulpe-Kuchenteller-Sabine-Seyffert.de-10-768x576.jpg 768w\" sizes=\"auto, (max-width: 800px) 100vw, 800px\" \/><\/a><\/p>\n<p style=\"text-align: justify;\"><strong>So wird\u2019s gemacht:<\/strong><br \/>\nAls erstes deckt man den Tisch zum Malen gr\u00fcndlich ab und die Kinder ziehen sich einen Malkittel \u00fcber. Danach wird der Pappteller \/ Kuchenteller mit Farbe bemalt. Wasserfarben tr\u00e4gt man am besten mit einem breiten Borstenpinsel auf.<\/p>\n<p style=\"text-align: center;\"><a href=\"https:\/\/www.sabine-seyffert.de\/blog\/wp-content\/uploads\/2023\/04\/Muttertag-Tulpe-Kuchenteller-Sabine-Seyffert.de-9.jpg\"><img loading=\"lazy\" decoding=\"async\" class=\"alignnone size-full wp-image-25507\" src=\"https:\/\/www.sabine-seyffert.de\/blog\/wp-content\/uploads\/2023\/04\/Muttertag-Tulpe-Kuchenteller-Sabine-Seyffert.de-9.jpg\" alt=\"\" width=\"800\" height=\"600\" srcset=\"https:\/\/www.sabine-seyffert.de\/blog\/wp-content\/uploads\/2023\/04\/Muttertag-Tulpe-Kuchenteller-Sabine-Seyffert.de-9.jpg 800w, https:\/\/www.sabine-seyffert.de\/blog\/wp-content\/uploads\/2023\/04\/Muttertag-Tulpe-Kuchenteller-Sabine-Seyffert.de-9-300x225.jpg 300w, https:\/\/www.sabine-seyffert.de\/blog\/wp-content\/uploads\/2023\/04\/Muttertag-Tulpe-Kuchenteller-Sabine-Seyffert.de-9-768x576.jpg 768w\" sizes=\"auto, (max-width: 800px) 100vw, 800px\" \/><\/a><\/p>\n<p style=\"text-align: justify;\">Dann stanzt sich jeder aus farbigen Tonpapier drei Herzen aus. Wer keinen Motivstanzer in dieser Form und Gr\u00f6\u00dfe besitzt, zeichnet mit Bleistift drei gleichgro\u00dfe auf das Papier und schneide diese aus.<\/p>\n<p style=\"text-align: center;\"><a href=\"https:\/\/www.sabine-seyffert.de\/blog\/wp-content\/uploads\/2023\/04\/Muttertag-Tulpe-Kuchenteller-Sabine-Seyffert.de-8.jpg\"><img loading=\"lazy\" decoding=\"async\" class=\"alignnone size-full wp-image-25508\" src=\"https:\/\/www.sabine-seyffert.de\/blog\/wp-content\/uploads\/2023\/04\/Muttertag-Tulpe-Kuchenteller-Sabine-Seyffert.de-8.jpg\" alt=\"\" width=\"800\" height=\"600\" srcset=\"https:\/\/www.sabine-seyffert.de\/blog\/wp-content\/uploads\/2023\/04\/Muttertag-Tulpe-Kuchenteller-Sabine-Seyffert.de-8.jpg 800w, https:\/\/www.sabine-seyffert.de\/blog\/wp-content\/uploads\/2023\/04\/Muttertag-Tulpe-Kuchenteller-Sabine-Seyffert.de-8-300x225.jpg 300w, https:\/\/www.sabine-seyffert.de\/blog\/wp-content\/uploads\/2023\/04\/Muttertag-Tulpe-Kuchenteller-Sabine-Seyffert.de-8-768x576.jpg 768w\" sizes=\"auto, (max-width: 800px) 100vw, 800px\" \/><\/a><\/p>\n<p style=\"text-align: justify;\">Zwei der Herzen knickt man genau mittig und klebt diese seitlich, rechts und links, auf das dritte Herz.<\/p>\n<p style=\"text-align: center;\"><a href=\"https:\/\/www.sabine-seyffert.de\/blog\/wp-content\/uploads\/2023\/04\/Muttertag-Tulpe-Kuchenteller-Sabine-Seyffert.de-7.jpg\"><img loading=\"lazy\" decoding=\"async\" class=\"alignnone size-full wp-image-25509\" src=\"https:\/\/www.sabine-seyffert.de\/blog\/wp-content\/uploads\/2023\/04\/Muttertag-Tulpe-Kuchenteller-Sabine-Seyffert.de-7.jpg\" alt=\"\" width=\"800\" height=\"600\" srcset=\"https:\/\/www.sabine-seyffert.de\/blog\/wp-content\/uploads\/2023\/04\/Muttertag-Tulpe-Kuchenteller-Sabine-Seyffert.de-7.jpg 800w, https:\/\/www.sabine-seyffert.de\/blog\/wp-content\/uploads\/2023\/04\/Muttertag-Tulpe-Kuchenteller-Sabine-Seyffert.de-7-300x225.jpg 300w, https:\/\/www.sabine-seyffert.de\/blog\/wp-content\/uploads\/2023\/04\/Muttertag-Tulpe-Kuchenteller-Sabine-Seyffert.de-7-768x576.jpg 768w\" sizes=\"auto, (max-width: 800px) 100vw, 800px\" \/><\/a><\/p>\n<p style=\"text-align: justify;\">F\u00fcr den Stiel der Tulpe haben wir gemusterte Papier Trinkhalme genutzt. Je nach Tellergr\u00f6\u00dfe m\u00fcssen die ggf. etwas in der L\u00e4nge gek\u00fcrzt werden.<\/p>\n<p style=\"text-align: center;\"><a href=\"https:\/\/www.sabine-seyffert.de\/blog\/wp-content\/uploads\/2023\/04\/Muttertag-Tulpe-Kuchenteller-Sabine-Seyffert.de-6.jpg\"><img loading=\"lazy\" decoding=\"async\" class=\"alignnone size-full wp-image-25510\" src=\"https:\/\/www.sabine-seyffert.de\/blog\/wp-content\/uploads\/2023\/04\/Muttertag-Tulpe-Kuchenteller-Sabine-Seyffert.de-6.jpg\" alt=\"\" width=\"800\" height=\"600\" srcset=\"https:\/\/www.sabine-seyffert.de\/blog\/wp-content\/uploads\/2023\/04\/Muttertag-Tulpe-Kuchenteller-Sabine-Seyffert.de-6.jpg 800w, https:\/\/www.sabine-seyffert.de\/blog\/wp-content\/uploads\/2023\/04\/Muttertag-Tulpe-Kuchenteller-Sabine-Seyffert.de-6-300x225.jpg 300w, https:\/\/www.sabine-seyffert.de\/blog\/wp-content\/uploads\/2023\/04\/Muttertag-Tulpe-Kuchenteller-Sabine-Seyffert.de-6-768x576.jpg 768w\" sizes=\"auto, (max-width: 800px) 100vw, 800px\" \/><\/a><\/p>\n<p style=\"text-align: justify;\">Aus d\u00fcnner Pappe schneidet sich jeder ein Blatt und bemalt dies mit gr\u00fcner Farbe. Au\u00dferdem ben\u00f6tigt man einen Wimpel, der mit dem Namen oder dem Schriftzug \u201eF\u00fcr dich\u201c bestempelt wird. Wer keine Buchstabenstempel besitzt, kann den Wimpel auch mit einem Stift beschriften.<\/p>\n<p style=\"text-align: center;\"><a href=\"https:\/\/www.sabine-seyffert.de\/blog\/wp-content\/uploads\/2023\/04\/Muttertag-Tulpe-Kuchenteller-Sabine-Seyffert.de-5.jpg\"><img loading=\"lazy\" decoding=\"async\" class=\"alignnone size-full wp-image-25511\" src=\"https:\/\/www.sabine-seyffert.de\/blog\/wp-content\/uploads\/2023\/04\/Muttertag-Tulpe-Kuchenteller-Sabine-Seyffert.de-5.jpg\" alt=\"\" width=\"800\" height=\"600\" srcset=\"https:\/\/www.sabine-seyffert.de\/blog\/wp-content\/uploads\/2023\/04\/Muttertag-Tulpe-Kuchenteller-Sabine-Seyffert.de-5.jpg 800w, https:\/\/www.sabine-seyffert.de\/blog\/wp-content\/uploads\/2023\/04\/Muttertag-Tulpe-Kuchenteller-Sabine-Seyffert.de-5-300x225.jpg 300w, https:\/\/www.sabine-seyffert.de\/blog\/wp-content\/uploads\/2023\/04\/Muttertag-Tulpe-Kuchenteller-Sabine-Seyffert.de-5-768x576.jpg 768w\" sizes=\"auto, (max-width: 800px) 100vw, 800px\" \/><\/a><\/p>\n<p style=\"text-align: justify;\">Diese Wimpel kann man ganz leicht aus d\u00fcnner Pappe basteln. Dazu einfach ein 1-2 cm breiten Streifen der Pappe abschneiden und am Ende zackig zuschneiden.<\/p>\n<p style=\"text-align: center;\"><a href=\"https:\/\/www.sabine-seyffert.de\/blog\/wp-content\/uploads\/2023\/04\/Muttertag-Tulpe-Kuchenteller-Sabine-Seyffert.de-4.jpg\"><img loading=\"lazy\" decoding=\"async\" class=\"alignnone size-full wp-image-25512\" src=\"https:\/\/www.sabine-seyffert.de\/blog\/wp-content\/uploads\/2023\/04\/Muttertag-Tulpe-Kuchenteller-Sabine-Seyffert.de-4.jpg\" alt=\"\" width=\"800\" height=\"600\" srcset=\"https:\/\/www.sabine-seyffert.de\/blog\/wp-content\/uploads\/2023\/04\/Muttertag-Tulpe-Kuchenteller-Sabine-Seyffert.de-4.jpg 800w, https:\/\/www.sabine-seyffert.de\/blog\/wp-content\/uploads\/2023\/04\/Muttertag-Tulpe-Kuchenteller-Sabine-Seyffert.de-4-300x225.jpg 300w, https:\/\/www.sabine-seyffert.de\/blog\/wp-content\/uploads\/2023\/04\/Muttertag-Tulpe-Kuchenteller-Sabine-Seyffert.de-4-768x576.jpg 768w\" sizes=\"auto, (max-width: 800px) 100vw, 800px\" \/><\/a><\/p>\n<p style=\"text-align: justify;\">Ist die Farbe getrocknet, klebt man die Blume in ihren Einzelteilen auf den bemalten Teller.<\/p>\n<p style=\"text-align: center;\"><a href=\"https:\/\/www.sabine-seyffert.de\/blog\/wp-content\/uploads\/2023\/04\/Muttertag-Tulpe-Kuchenteller-Sabine-Seyffert.de-1.jpg\"><img loading=\"lazy\" decoding=\"async\" class=\"alignnone size-full wp-image-25505\" src=\"https:\/\/www.sabine-seyffert.de\/blog\/wp-content\/uploads\/2023\/04\/Muttertag-Tulpe-Kuchenteller-Sabine-Seyffert.de-1.jpg\" alt=\"\" width=\"800\" height=\"600\" srcset=\"https:\/\/www.sabine-seyffert.de\/blog\/wp-content\/uploads\/2023\/04\/Muttertag-Tulpe-Kuchenteller-Sabine-Seyffert.de-1.jpg 800w, https:\/\/www.sabine-seyffert.de\/blog\/wp-content\/uploads\/2023\/04\/Muttertag-Tulpe-Kuchenteller-Sabine-Seyffert.de-1-300x225.jpg 300w, https:\/\/www.sabine-seyffert.de\/blog\/wp-content\/uploads\/2023\/04\/Muttertag-Tulpe-Kuchenteller-Sabine-Seyffert.de-1-768x576.jpg 768w\" sizes=\"auto, (max-width: 800px) 100vw, 800px\" \/><\/a><\/p>\n<p style=\"text-align: justify;\"><strong>Kleiner Tipp:<\/strong><br \/>\n\u00c4ltere Kinder k\u00f6nnen ihre Bl\u00fcte auch noch mit einem zarten Muster versehen. Das klappt prima mit Hilfe von Streichholz und Zahnstocher, mit denen sich Punkte, Striche oder P\u00fcnktchen auftupfen lassen.<\/p>\n<p style=\"text-align: center;\"><a href=\"https:\/\/www.sabine-seyffert.de\/blog\/wp-content\/uploads\/2023\/04\/Muttertag-Tulpe-Kuchenteller-Sabine-Seyffert.de-2.jpg\"><img loading=\"lazy\" decoding=\"async\" class=\"alignnone size-full wp-image-25504\" src=\"https:\/\/www.sabine-seyffert.de\/blog\/wp-content\/uploads\/2023\/04\/Muttertag-Tulpe-Kuchenteller-Sabine-Seyffert.de-2.jpg\" alt=\"\" width=\"800\" height=\"600\" srcset=\"https:\/\/www.sabine-seyffert.de\/blog\/wp-content\/uploads\/2023\/04\/Muttertag-Tulpe-Kuchenteller-Sabine-Seyffert.de-2.jpg 800w, https:\/\/www.sabine-seyffert.de\/blog\/wp-content\/uploads\/2023\/04\/Muttertag-Tulpe-Kuchenteller-Sabine-Seyffert.de-2-300x225.jpg 300w, https:\/\/www.sabine-seyffert.de\/blog\/wp-content\/uploads\/2023\/04\/Muttertag-Tulpe-Kuchenteller-Sabine-Seyffert.de-2-768x576.jpg 768w\" sizes=\"auto, (max-width: 800px) 100vw, 800px\" \/><\/a><\/p>\n<p>Weitere Bastelidee f\u00fcr Muttertagsgeschenke findet ihr in folgenden Bastelanleitungen:<br \/>\n* <a href=\"https:\/\/www.sabine-seyffert.de\/blog\/?p=7326\" target=\"_blank\" rel=\"noopener\">Tolles Herz auf Mini Leinwand<\/a><br \/>\n* <a href=\"https:\/\/www.sabine-seyffert.de\/blog\/?p=22803\" target=\"_blank\" rel=\"noopener\">Luftballonherzen<\/a><br \/>\n* <a href=\"https:\/\/www.sabine-seyffert.de\/blog\/?p=14461\" target=\"_blank\" rel=\"noopener\">\u00dcberraschungsherzen<\/a><br \/>\n* <a href=\"https:\/\/www.sabine-seyffert.de\/blog\/?p=16490\" target=\"_blank\" rel=\"noopener\">Herz am Stiel<\/a><br \/>\n* <a href=\"https:\/\/www.sabine-seyffert.de\/blog\/?p=16501\" target=\"_blank\" rel=\"noopener\">Ganz pers\u00f6nlicher Blumengru\u00df mit Erinnerung<\/a><br \/>\n* <a href=\"https:\/\/www.sabine-seyffert.de\/blog\/?p=19670\" target=\"_blank\" rel=\"noopener\">Ein \u201eleuchtender\u201c Gru\u00df mit Herzen<\/a><br \/>\n* <a href=\"https:\/\/www.sabine-seyffert.de\/blog\/?p=19700\" target=\"_blank\" rel=\"noopener\">Blumen mit Vase \u2013 pfiffige Stempelidee<\/a><br \/>\n* <a href=\"https:\/\/www.sabine-seyffert.de\/blog\/?p=19730\" target=\"_blank\" rel=\"noopener\">Herzen f\u00fcr dich \u2013 Kleiner Gru\u00df<\/a><br \/>\n* <a href=\"https:\/\/www.sabine-seyffert.de\/blog\/?p=19759\" target=\"_blank\" rel=\"noopener\">Bunter Blumenstrau\u00df<\/a><br \/>\n* <a href=\"https:\/\/www.sabine-seyffert.de\/blog\/?p=19715\" target=\"_blank\" rel=\"noopener\">Windlicht mit Herzen<\/a><br \/>\n* <a href=\"https:\/\/www.sabine-seyffert.de\/blog\/?p=19685\" target=\"_blank\" rel=\"noopener\">Kunterbunte Herzen<\/a><\/p>\n<p style=\"text-align: center;\"><a href=\"https:\/\/www.sabine-seyffert.de\/blog\/wp-content\/uploads\/2023\/04\/Muttertag-Tulpe-Kuchenteller-Sabine-Seyffert.de-11.jpg\"><img loading=\"lazy\" decoding=\"async\" class=\"alignnone size-full wp-image-25503\" src=\"https:\/\/www.sabine-seyffert.de\/blog\/wp-content\/uploads\/2023\/04\/Muttertag-Tulpe-Kuchenteller-Sabine-Seyffert.de-11.jpg\" alt=\"\" width=\"600\" height=\"800\" srcset=\"https:\/\/www.sabine-seyffert.de\/blog\/wp-content\/uploads\/2023\/04\/Muttertag-Tulpe-Kuchenteller-Sabine-Seyffert.de-11.jpg 600w, https:\/\/www.sabine-seyffert.de\/blog\/wp-content\/uploads\/2023\/04\/Muttertag-Tulpe-Kuchenteller-Sabine-Seyffert.de-11-225x300.jpg 225w\" sizes=\"auto, (max-width: 600px) 100vw, 600px\" \/><\/a><\/p>\n<p style=\"text-align: justify;\">Weitere DIY Geschenkideen zum Selbermachen findet ihr \u00fcbrigens in <a href=\"https:\/\/www.sabine-seyffert.de\/blog\/?cat=36\" target=\"_blank\" rel=\"noopener\">dieser Blog Kategorie<\/a>, alle kreativen Bastelideen f\u00fcr Kinder gibt es in <a href=\"https:\/\/www.sabine-seyffert.de\/blog\/?cat=32\" target=\"_blank\" rel=\"noopener\">dieser Rubrik<\/a>, pfiffige Upcyclingideen zum Selbermachen sind in <a href=\"https:\/\/www.sabine-seyffert.de\/blog\/?cat=47\" target=\"_blank\" rel=\"noopener\">diesem Blog Ordner<\/a> und andere kreative Sachen auch an <a href=\"https:\/\/www.pinterest.de\/diysabineseyffert\/\" target=\"_blank\" rel=\"noopener\">dieser Stelle<\/a>.<\/p>\n<p style=\"text-align: center;\"><a href=\"https:\/\/www.sabine-seyffert.de\/blog\/wp-content\/uploads\/2023\/04\/Muttertag-Tulpe-Kuchenteller-Sabine-Seyffert.de-12.jpg\"><img loading=\"lazy\" decoding=\"async\" class=\"alignnone size-full wp-image-25502\" src=\"https:\/\/www.sabine-seyffert.de\/blog\/wp-content\/uploads\/2023\/04\/Muttertag-Tulpe-Kuchenteller-Sabine-Seyffert.de-12.jpg\" alt=\"\" width=\"600\" height=\"800\" srcset=\"https:\/\/www.sabine-seyffert.de\/blog\/wp-content\/uploads\/2023\/04\/Muttertag-Tulpe-Kuchenteller-Sabine-Seyffert.de-12.jpg 600w, https:\/\/www.sabine-seyffert.de\/blog\/wp-content\/uploads\/2023\/04\/Muttertag-Tulpe-Kuchenteller-Sabine-Seyffert.de-12-225x300.jpg 225w\" sizes=\"auto, (max-width: 600px) 100vw, 600px\" \/><\/a><\/p>\n<p style=\"text-align: justify;\"><a href=\"https:\/\/www.sabine-seyffert.de\/blog\/?page_id=32#urheberrecht\">urheberrechtlich gesch\u00fctzt<\/a>, \u00a9 Sabine Seyffert<\/p>\n","protected":false},"excerpt":{"rendered":"<p>Diese bunte Bastelidee eignet sich nicht nur f\u00fcr Muttertag! Ebenso gut kann man diese als kleines Mitbringsel, Geburtstagsgeschenk oder kleine Aufmerksamkeit nutzen. Schlie\u00dflich freut sich doch jeder \u00fcber einen sch\u00f6nen Blumengru\u00df. Mit den Kindern aus meinen Kunst AGs haben wir dementsprechend kleine Geschenke zum Selbermachen gestaltet. Wie das geht, verrate ich in der folgenden Bastelanleitung&#8230;. <a href=\"https:\/\/www.sabine-seyffert.de\/blog\/diy-geschenkidee-tulpe-fuer-dich-mit-kindern-fuer-muttertag-basteln\/\" class=\"more-link\">Read more: DIY Geschenkidee: Tulpe f\u00fcr dich  &#8211; Mit Kindern f\u00fcr Muttertag basteln<\/a><\/p>\n","protected":false},"author":2,"featured_media":0,"comment_status":"open","ping_status":"open","sticky":false,"template":"","format":"standard","meta":{"_metis_text_type":"","_metis_text_length":2904,"_post_count":0,"footnotes":""},"categories":[32,36,53,47],"tags":[],"class_list":["post-25500","post","type-post","status-publish","format-standard","hentry","category-kreatives-fur-kleine-kinderhande","category-klitzekleine-geschenkideen","category-hochzeit-co","category-upcyceltes"],"_links":{"self":[{"href":"https:\/\/www.sabine-seyffert.de\/blog\/wp-json\/wp\/v2\/posts\/25500","targetHints":{"allow":["GET"]}}],"collection":[{"href":"https:\/\/www.sabine-seyffert.de\/blog\/wp-json\/wp\/v2\/posts"}],"about":[{"href":"https:\/\/www.sabine-seyffert.de\/blog\/wp-json\/wp\/v2\/types\/post"}],"author":[{"embeddable":true,"href":"https:\/\/www.sabine-seyffert.de\/blog\/wp-json\/wp\/v2\/users\/2"}],"replies":[{"embeddable":true,"href":"https:\/\/www.sabine-seyffert.de\/blog\/wp-json\/wp\/v2\/comments?post=25500"}],"version-history":[{"count":1,"href":"https:\/\/www.sabine-seyffert.de\/blog\/wp-json\/wp\/v2\/posts\/25500\/revisions"}],"predecessor-version":[{"id":25513,"href":"https:\/\/www.sabine-seyffert.de\/blog\/wp-json\/wp\/v2\/posts\/25500\/revisions\/25513"}],"wp:attachment":[{"href":"https:\/\/www.sabine-seyffert.de\/blog\/wp-json\/wp\/v2\/media?parent=25500"}],"wp:term":[{"taxonomy":"category","embeddable":true,"href":"https:\/\/www.sabine-seyffert.de\/blog\/wp-json\/wp\/v2\/categories?post=25500"},{"taxonomy":"post_tag","embeddable":true,"href":"https:\/\/www.sabine-seyffert.de\/blog\/wp-json\/wp\/v2\/tags?post=25500"}],"curies":[{"name":"wp","href":"https:\/\/api.w.org\/{rel}","templated":true}]}}