{"id":255,"date":"2013-01-29T18:24:26","date_gmt":"2013-01-29T16:24:26","guid":{"rendered":"http:\/\/www.sabine-seyffert.de\/blog\/?p=255"},"modified":"2013-02-26T17:15:51","modified_gmt":"2013-02-26T15:15:51","slug":"weihnachtspost-im-januar","status":"publish","type":"post","link":"https:\/\/www.sabine-seyffert.de\/blog\/weihnachtspost-im-januar\/","title":{"rendered":"Weihnachtspost im Januar"},"content":{"rendered":"<p><Es ist vollbracht \u2013 zumindest ein ganzer Teil der Vorarbeit, die bei einer Buchidee anfallen und bew\u00e4ltigt werden wollen. Da bei Lesungen und anderen meiner Veranstaltungen oft danach gefragt wird, <i><img loading=\"lazy\" decoding=\"async\" alt=\"\" src=\"https:\/\/ssl-vg03.met.vgwort.de\/na\/598b422dba96420faf2699da24587335\" width=\"1\" height=\"1\" \/>wie<\/i> ein Buch \u00fcberhaupt entsteht, plaudere ich heute mal aus dem \u201eN\u00e4hk\u00e4stchen\u201c:<\/p>\n<p><a href=\"http:\/\/www.sabine-seyffert.de\/blog\/?attachment_id=262#main\" rel=\"attachment wp-att-262\"><img loading=\"lazy\" decoding=\"async\" class=\"size-full wp-image-262 aligncenter\" alt=\"Weihnachtsgr\u00fc\u00dfe im Januar 1\" src=\"http:\/\/www.sabine-seyffert.de\/blog\/wp-content\/uploads\/2013\/01\/Weihnachtsgr\u00fc\u00dfe-im-Januar-1.jpg\" width=\"624\" height=\"840\" \/><\/a><\/p>\n<p>Wie vor kurzem bereits berichtet, hatten meine Kollegin <a href=\"http:\/\/www.susanne-krauss.blogspot.de\/\" target=\"_blank\">Susanne Krauss<\/a> und ich eine neue Buchidee, die wir gerne gemeinsam umsetzen und in Angriff nehmen wollen. So waren wir dieses Mal wirklich ganz fix. Was sicher auch daran liegt, dass wir uns ausgesprochen gut verstehen.<\/p>\n<p>Nach dem letzten Gespr\u00e4ch mit Susanne besch\u00e4ftigte mich diese Buchidee so sehr, dass ich nachts wach lag und die\u00a0 Ideen unaufh\u00f6rlich kreisten. Dies sind einige der bedeutsamen Momente im Leben einer Autorin. Denn das ist f\u00fcr mich das Zeichen mich gleich hinzusetzten um die Ideen stichpunktartig zu Papier zu bringen. Solche Ideenfl\u00fcsse, die mich hier und da regelrecht \u00fcberrumpeln, nutze ich erfahrungsgem\u00e4\u00df gleich, damit nichts davon in Vergessenheit ger\u00e4t.<\/p>\n<p>Um f\u00fcr die Verlage ein aussagekr\u00e4ftiges Expos\u00e9 in der Hand zu haben, habe ich einen Teil der im Buch enthaltenen Ideen gleich ausformuliert. Doch da Susanne mittlerweile nicht mehr illustriert sondern fotografiert, wartete nun eine Reihe an zus\u00e4tzlicher Arbeit auf mich: Alles Material was f\u00fcr die Ideen von N\u00f6ten war musste besorgt werden und unsere Wohnzimmer verwandelte sich f\u00fcr eine Woche in eine Kreativwerkstatt, in der ich mit Hilfe meiner j\u00fcngsten T\u00f6chter das Geschriebene in die Tat umsetzen musste.<\/p>\n<p><a href=\"http:\/\/www.sabine-seyffert.de\/blog\/?attachment_id=260#main\" rel=\"attachment wp-att-260\"><img loading=\"lazy\" decoding=\"async\" class=\"size-full wp-image-260 aligncenter\" alt=\"Weihnachtsgr\u00fc\u00dfe im Januar 2\" src=\"http:\/\/www.sabine-seyffert.de\/blog\/wp-content\/uploads\/2013\/01\/Weihnachtsgr\u00fc\u00dfe-im-Januar-2.jpg\" width=\"620\" height=\"465\" srcset=\"https:\/\/www.sabine-seyffert.de\/blog\/wp-content\/uploads\/2013\/01\/Weihnachtsgr\u00fc\u00dfe-im-Januar-2.jpg 800w, https:\/\/www.sabine-seyffert.de\/blog\/wp-content\/uploads\/2013\/01\/Weihnachtsgr\u00fc\u00dfe-im-Januar-2-300x225.jpg 300w\" sizes=\"auto, (max-width: 620px) 100vw, 620px\" \/><\/a><\/p>\n<p>Das Ergebnis dieses kleinen Kreativ-Marathons machte sich dann gut verpackt auf den Weg zu Susanne. Sie hat inzwischen alles abgelichtet und eine CD mit traumhaft sch\u00f6nen, ganz stimmungsvollen Fotos geschickt. Nun war es meine Aufgabe geeignete Verlage zu finden, ein Anschreiben zu verfassen und ein ansprechendes Expos\u00e9 zu gestalten, das mit zahlreichen Fotos best\u00fcckt, die Verlage nun hoffentlich schnell \u00fcberzeugen wird.<\/p>\n<p>Anbei einige Fotos, die das Ergebnis der letzten 3 Tage Arbeit zeigen, da auch die Expos\u00e9s dem Buchthema entsprechend liebevoll verpackt und gestaltet wurden. Der Schwung Umschl\u00e4ge ist nun quer durchs Land an verschiedene Verlage unterwegs. Nun warten wir gespannt ab. Die Arbeit ist vorerst getan und ich kann wieder entspannt schlafen\u2026<\/p>\n<p>Liebe Gr\u00fc\u00dfe,<\/p>\n<p>Sabine Seyffert<\/p>\n<p><a href=\"http:\/\/www.sabine-seyffert.de\/blog\/?attachment_id=261#main\" rel=\"attachment wp-att-261\"><img loading=\"lazy\" decoding=\"async\" class=\"size-full wp-image-261 aligncenter\" alt=\"Weihnachtsgr\u00fc\u00dfe im Januar 3\" src=\"http:\/\/www.sabine-seyffert.de\/blog\/wp-content\/uploads\/2013\/01\/Weihnachtsgr\u00fc\u00dfe-im-Januar-3.jpg\" width=\"551\" height=\"836\" srcset=\"https:\/\/www.sabine-seyffert.de\/blog\/wp-content\/uploads\/2013\/01\/Weihnachtsgr\u00fc\u00dfe-im-Januar-3.jpg 800w, https:\/\/www.sabine-seyffert.de\/blog\/wp-content\/uploads\/2013\/01\/Weihnachtsgr\u00fc\u00dfe-im-Januar-3-198x300.jpg 198w, https:\/\/www.sabine-seyffert.de\/blog\/wp-content\/uploads\/2013\/01\/Weihnachtsgr\u00fc\u00dfe-im-Januar-3-675x1024.jpg 675w\" sizes=\"auto, (max-width: 551px) 100vw, 551px\" \/><\/a><\/p>\n","protected":false},"excerpt":{"rendered":"","protected":false},"author":1,"featured_media":0,"comment_status":"open","ping_status":"open","sticky":false,"template":"","format":"standard","meta":{"_metis_text_type":"","_metis_text_length":0,"_post_count":0,"footnotes":""},"categories":[20],"tags":[],"class_list":["post-255","post","type-post","status-publish","format-standard","hentry","category-bucher"],"_links":{"self":[{"href":"https:\/\/www.sabine-seyffert.de\/blog\/wp-json\/wp\/v2\/posts\/255","targetHints":{"allow":["GET"]}}],"collection":[{"href":"https:\/\/www.sabine-seyffert.de\/blog\/wp-json\/wp\/v2\/posts"}],"about":[{"href":"https:\/\/www.sabine-seyffert.de\/blog\/wp-json\/wp\/v2\/types\/post"}],"author":[{"embeddable":true,"href":"https:\/\/www.sabine-seyffert.de\/blog\/wp-json\/wp\/v2\/users\/1"}],"replies":[{"embeddable":true,"href":"https:\/\/www.sabine-seyffert.de\/blog\/wp-json\/wp\/v2\/comments?post=255"}],"version-history":[{"count":8,"href":"https:\/\/www.sabine-seyffert.de\/blog\/wp-json\/wp\/v2\/posts\/255\/revisions"}],"predecessor-version":[{"id":600,"href":"https:\/\/www.sabine-seyffert.de\/blog\/wp-json\/wp\/v2\/posts\/255\/revisions\/600"}],"wp:attachment":[{"href":"https:\/\/www.sabine-seyffert.de\/blog\/wp-json\/wp\/v2\/media?parent=255"}],"wp:term":[{"taxonomy":"category","embeddable":true,"href":"https:\/\/www.sabine-seyffert.de\/blog\/wp-json\/wp\/v2\/categories?post=255"},{"taxonomy":"post_tag","embeddable":true,"href":"https:\/\/www.sabine-seyffert.de\/blog\/wp-json\/wp\/v2\/tags?post=255"}],"curies":[{"name":"wp","href":"https:\/\/api.w.org\/{rel}","templated":true}]}}