{"id":2542,"date":"2013-09-09T08:07:32","date_gmt":"2013-09-09T06:07:32","guid":{"rendered":"http:\/\/www.sabine-seyffert.de\/blog\/?p=2542"},"modified":"2017-03-06T12:35:11","modified_gmt":"2017-03-06T10:35:11","slug":"eine-leckere-schultute-mhh","status":"publish","type":"post","link":"https:\/\/www.sabine-seyffert.de\/blog\/eine-leckere-schultute-mhh\/","title":{"rendered":"Eine leckere Schult\u00fcte, mhh&#8230;"},"content":{"rendered":"<p style=\"text-align: justify;\"><img loading=\"lazy\" decoding=\"async\" src=\"https:\/\/ssl-vg03.met.vgwort.de\/na\/0b792978fdec41be8f868c1ca2951794\" alt=\"\" width=\"1\" height=\"1\" \/>Alles fing an mit einer Mail. Diese bekam ich von meiner Freundin. Darin schickte sie mir einen Link, der zu einem gebackenen Meisterst\u00fcck, einer Schult\u00fctentorte in nahezu perfekter Gestalt f\u00fchrte. &#8220;Sch\u00f6ne Idee!&#8221;, lautete meine Antwort. &#8220;Wenn du sie backen magst, herzlich gerne&#8230;&#8221; Doch zum gew\u00fcnschten Datum war ihr Urlaub bereits gebucht. Bl\u00f6d nur, dass mein j\u00fcngstes Tochterkind die Torte bereits auf meinem Bildschirm ersp\u00e4ht hatte und sich nun nat\u00fcrlich genau so einen Kuchen zur Einschulung w\u00fcnschte.<\/p>\n<p style=\"text-align: center;\"><a href=\"http:\/\/www.sabine-seyffert.de\/blog\/wp-content\/uploads\/2013\/09\/Kuchen-Schult\u00fcte-1.jpg\"><img loading=\"lazy\" decoding=\"async\" class=\"alignnone size-full wp-image-2543\" src=\"http:\/\/www.sabine-seyffert.de\/blog\/wp-content\/uploads\/2013\/09\/Kuchen-Schult\u00fcte-1.jpg\" alt=\"Kuchen Schult\u00fcte 1\" width=\"800\" height=\"600\" srcset=\"https:\/\/www.sabine-seyffert.de\/blog\/wp-content\/uploads\/2013\/09\/Kuchen-Schult\u00fcte-1.jpg 800w, https:\/\/www.sabine-seyffert.de\/blog\/wp-content\/uploads\/2013\/09\/Kuchen-Schult\u00fcte-1-300x225.jpg 300w\" sizes=\"auto, (max-width: 800px) 100vw, 800px\" \/><\/a><\/p>\n<p style=\"text-align: justify;\">Meine Rettung konnte nur meine gro\u00dfe Tochter sein, die auch komplizierte Dinge, wie die K\u00f6nigsdisziplin Maccarons, problemlos meistert. Leider habe ich hierbei nicht bedacht, dass die Schule regul\u00e4r einen Tag eher startet, als bei den Schulanf\u00e4ngern der Fall ist. Also war ich nun doch auf mich allein gestellt\u2026<\/p>\n<p style=\"text-align: center;\"><a href=\"http:\/\/www.sabine-seyffert.de\/blog\/wp-content\/uploads\/2013\/09\/Kuchen-Schult\u00fcte-2.jpg\"><img loading=\"lazy\" decoding=\"async\" class=\"alignnone size-full wp-image-2544\" src=\"http:\/\/www.sabine-seyffert.de\/blog\/wp-content\/uploads\/2013\/09\/Kuchen-Schult\u00fcte-2.jpg\" alt=\"Kuchen Schult\u00fcte 2\" width=\"800\" height=\"567\" srcset=\"https:\/\/www.sabine-seyffert.de\/blog\/wp-content\/uploads\/2013\/09\/Kuchen-Schult\u00fcte-2.jpg 800w, https:\/\/www.sabine-seyffert.de\/blog\/wp-content\/uploads\/2013\/09\/Kuchen-Schult\u00fcte-2-300x212.jpg 300w\" sizes=\"auto, (max-width: 800px) 100vw, 800px\" \/><\/a><\/p>\n<p style=\"text-align: justify;\"><strong>Das wird gebraucht:<\/strong><\/p>\n<p style=\"text-align: justify;\">200 gr Margarine, 4 Eier, 2 EL Wasser, 350 gr Zucker, 200 gr. Mehl. 1 TL Backpulver, 1 P\u00e4ckchen Vanillezucker, 350 gr Quark, 350 gr Mascarpone, 2 Blatt Gelatine, einige EL Erdbeermarmelade ohne St\u00fcckchen, ca. 250 gr Johannisbeeren, 1 Marzipandecke<\/p>\n<p style=\"text-align: center;\"><a href=\"http:\/\/www.sabine-seyffert.de\/blog\/wp-content\/uploads\/2013\/09\/Kuchen-Schult\u00fcte-3.jpg\"><img loading=\"lazy\" decoding=\"async\" class=\"alignnone size-full wp-image-2545\" src=\"http:\/\/www.sabine-seyffert.de\/blog\/wp-content\/uploads\/2013\/09\/Kuchen-Schult\u00fcte-3.jpg\" alt=\"Kuchen Schult\u00fcte 3\" width=\"800\" height=\"573\" srcset=\"https:\/\/www.sabine-seyffert.de\/blog\/wp-content\/uploads\/2013\/09\/Kuchen-Schult\u00fcte-3.jpg 800w, https:\/\/www.sabine-seyffert.de\/blog\/wp-content\/uploads\/2013\/09\/Kuchen-Schult\u00fcte-3-300x214.jpg 300w\" sizes=\"auto, (max-width: 800px) 100vw, 800px\" \/><\/a><\/p>\n<p style=\"text-align: justify;\"><strong>So wird\u2019s gemacht:<\/strong><br \/>\nDie Eier trennt man und schl\u00e4gt das Eiwei\u00df mit 200 gr. Zucker m\u00f6glichst steiff. Margarine, Vanillezucker, Wasser und die 4 Eigelb schl\u00e4gt man schaumig. Dann hebt man den Eischnee darunter und siebt das Mehl samt Backpulver nach unter nach in die Teigmasse. Nun legt man ein Blech mit Backpapier aus und verstreicht den Teig gleichm\u00e4\u00dfig darauf. Dieser wird bei 160\u00b0 Grad f\u00fcr ungef\u00e4hr 25 Minuten gebacken. Ist der Kuchen fertig, zieht man diesen aus dem Ofen und l\u00e4sst ihn abk\u00fchlen.<\/p>\n<p style=\"text-align: center;\"><a href=\"http:\/\/www.sabine-seyffert.de\/blog\/wp-content\/uploads\/2013\/09\/Kuchen-Schult\u00fcte-4.jpg\"><img loading=\"lazy\" decoding=\"async\" class=\"alignnone size-full wp-image-2546\" src=\"http:\/\/www.sabine-seyffert.de\/blog\/wp-content\/uploads\/2013\/09\/Kuchen-Schult\u00fcte-4.jpg\" alt=\"Kuchen Schult\u00fcte 4\" width=\"723\" height=\"557\" srcset=\"https:\/\/www.sabine-seyffert.de\/blog\/wp-content\/uploads\/2013\/09\/Kuchen-Schult\u00fcte-4.jpg 723w, https:\/\/www.sabine-seyffert.de\/blog\/wp-content\/uploads\/2013\/09\/Kuchen-Schult\u00fcte-4-300x231.jpg 300w\" sizes=\"auto, (max-width: 723px) 100vw, 723px\" \/><\/a><\/p>\n<p style=\"text-align: justify;\">Das n\u00e4chste Problem war, dass ich keinen so gro\u00dfen Kuchenteller besitze und eine Schult\u00fcte doch eine stattliche Gr\u00f6\u00dfe aufweist. Also musste kurzerhand das Brotbrett herhalten, das ich mit Alufolie \u00fcberzogen habe. Leider nicht wirklich geschmackvoll, aber auf die Schnelle fiel mir nichts anderes ein!<\/p>\n<p style=\"text-align: justify;\"><a href=\"http:\/\/www.sabine-seyffert.de\/blog\/wp-content\/uploads\/2013\/09\/Kuchen-Schult\u00fcte-5.jpg\"><img loading=\"lazy\" decoding=\"async\" class=\"alignnone size-full wp-image-2551\" src=\"http:\/\/www.sabine-seyffert.de\/blog\/wp-content\/uploads\/2013\/09\/Kuchen-Schult\u00fcte-5.jpg\" alt=\"Kuchen Schult\u00fcte 5\" width=\"800\" height=\"590\" srcset=\"https:\/\/www.sabine-seyffert.de\/blog\/wp-content\/uploads\/2013\/09\/Kuchen-Schult\u00fcte-5.jpg 800w, https:\/\/www.sabine-seyffert.de\/blog\/wp-content\/uploads\/2013\/09\/Kuchen-Schult\u00fcte-5-300x221.jpg 300w\" sizes=\"auto, (max-width: 800px) 100vw, 800px\" \/><\/a><\/p>\n<p style=\"text-align: justify;\">Dann habe ich mich an eine F\u00fcllung gewagt und zwei Blatt Gelatine eingeweicht. (Wobei ich im Nachhinein sagen muss, dass man diese auch weglassen kann, da die Creme durch die Mascarpone recht fest wird). Quark, Mascarpone und 150 gr. Zucker verr\u00fchrt man und gibt dann die aufgel\u00f6ste Gelatine dazu.<\/p>\n<p style=\"text-align: justify;\"><a href=\"http:\/\/www.sabine-seyffert.de\/blog\/wp-content\/uploads\/2013\/09\/Kuchen-Schult\u00fcte-6.jpg\"><img loading=\"lazy\" decoding=\"async\" class=\"alignnone size-full wp-image-2547\" src=\"http:\/\/www.sabine-seyffert.de\/blog\/wp-content\/uploads\/2013\/09\/Kuchen-Schult\u00fcte-6.jpg\" alt=\"Kuchen Schult\u00fcte 6\" width=\"800\" height=\"603\" srcset=\"https:\/\/www.sabine-seyffert.de\/blog\/wp-content\/uploads\/2013\/09\/Kuchen-Schult\u00fcte-6.jpg 800w, https:\/\/www.sabine-seyffert.de\/blog\/wp-content\/uploads\/2013\/09\/Kuchen-Schult\u00fcte-6-300x226.jpg 300w\" sizes=\"auto, (max-width: 800px) 100vw, 800px\" \/><\/a><\/p>\n<p style=\"text-align: justify;\">Ich habe den Teig in 3 &#8220;Schult\u00fcten&#8221; geteilt. Die erste T\u00fcte habe ich auf dem Brett platziert und d\u00fcnn mit Marmelade bestrichen. Darauf habe ich gleichm\u00e4\u00dfig frische Johannisbeeren verteilt. Im Anschluss gab es eine Schicht der Mascarponecreme. Da ich drei Schult\u00fcten aus dem Teig geschnitten habe, gab es das Ganze als mit 2 dieser Schichten. Auf den obersten Teigboden habe ich etwas Marmelade gestrichen um dem Marzipan etwas mehr Halt zu verleihen.<\/p>\n<p style=\"text-align: center;\"><a href=\"http:\/\/www.sabine-seyffert.de\/blog\/wp-content\/uploads\/2013\/09\/Kuchen-Schult\u00fcte-7.jpg\"><img loading=\"lazy\" decoding=\"async\" class=\"alignnone size-full wp-image-2548\" src=\"http:\/\/www.sabine-seyffert.de\/blog\/wp-content\/uploads\/2013\/09\/Kuchen-Schult\u00fcte-7.jpg\" alt=\"Kuchen Schult\u00fcte 7\" width=\"800\" height=\"544\" srcset=\"https:\/\/www.sabine-seyffert.de\/blog\/wp-content\/uploads\/2013\/09\/Kuchen-Schult\u00fcte-7.jpg 800w, https:\/\/www.sabine-seyffert.de\/blog\/wp-content\/uploads\/2013\/09\/Kuchen-Schult\u00fcte-7-300x204.jpg 300w\" sizes=\"auto, (max-width: 800px) 100vw, 800px\" \/><\/a><\/p>\n<p style=\"text-align: justify;\">Dies habe ich aufgrund der Zeit diesmal nicht selbst gemacht (das Experiment mit diesem Schult\u00fctenkuchen hat mir gereicht) sondern fertig als Rolle gekauft. Die Marzipanschicht habe ich nun \u00fcber der Schult\u00fcte verteilt und die R\u00e4nder unten abgeschnitten. Da noch zwei schmale Teigstreifen als Rest \u00fcbrig waren, habe ich diese mit den restlichen Zutaten gestapelt und mit dem Rest Marzipan bedeckt, so dass die Schult\u00fcte oben noch einen Abschluss hat.<\/p>\n<p style=\"text-align: center;\"><a href=\"http:\/\/www.sabine-seyffert.de\/blog\/wp-content\/uploads\/2013\/09\/Kuchen-Schult\u00fcte-8.jpg\"><img loading=\"lazy\" decoding=\"async\" class=\"alignnone size-full wp-image-2549\" src=\"http:\/\/www.sabine-seyffert.de\/blog\/wp-content\/uploads\/2013\/09\/Kuchen-Schult\u00fcte-8.jpg\" alt=\"Kuchen Schult\u00fcte 8\" width=\"800\" height=\"600\" srcset=\"https:\/\/www.sabine-seyffert.de\/blog\/wp-content\/uploads\/2013\/09\/Kuchen-Schult\u00fcte-8.jpg 800w, https:\/\/www.sabine-seyffert.de\/blog\/wp-content\/uploads\/2013\/09\/Kuchen-Schult\u00fcte-8-300x225.jpg 300w\" sizes=\"auto, (max-width: 800px) 100vw, 800px\" \/><\/a><\/p>\n<p style=\"text-align: justify;\">Mit dem Verzieren war ich zur\u00fcckhaltend, da es noch allerhand andere bunte Kuchen zur Einschulungsfeier gab und nicht jeder Gast bei bunten Smarties oder Fruchtgummi &#8220;Hurra&#8221; schreit. Daf\u00fcr gab es neben dem Kuchen noch etwas buntes ABC zum Naschen, f\u00fcr alle die es m\u00f6gen&#8230;<\/p>\n<p style=\"text-align: justify;\">Dieser Kuchen ging erstaunlich schnell von der Hand und war wirklich so leicht, dass ich diesen auch nochmals backen w\u00fcrde \ud83d\ude42<\/p>\n<p style=\"text-align: center;\"><a href=\"http:\/\/www.sabine-seyffert.de\/blog\/wp-content\/uploads\/2013\/09\/Kuchen-Schult\u00fcte-9.jpg\"><img loading=\"lazy\" decoding=\"async\" class=\"alignnone size-full wp-image-2550\" src=\"http:\/\/www.sabine-seyffert.de\/blog\/wp-content\/uploads\/2013\/09\/Kuchen-Schult\u00fcte-9.jpg\" alt=\"Kuchen Schult\u00fcte 9\" width=\"600\" height=\"787\" srcset=\"https:\/\/www.sabine-seyffert.de\/blog\/wp-content\/uploads\/2013\/09\/Kuchen-Schult\u00fcte-9.jpg 600w, https:\/\/www.sabine-seyffert.de\/blog\/wp-content\/uploads\/2013\/09\/Kuchen-Schult\u00fcte-9-228x300.jpg 228w\" sizes=\"auto, (max-width: 600px) 100vw, 600px\" \/><\/a><\/p>\n<p style=\"text-align: center;\">Damit reihe ich mal wieder bei <a href=\"http:\/\/nozdesign.blogspot.de\/2013\/09\/my-monday-mhhhhhh.html\" target=\"_blank\">Katjas Gl\u00fccksmomenten<\/a> ein, die montags immer auf der Suche nach Rezepten ist.<\/p>\n<p><a href=\"http:\/\/www.sabine-seyffert.de\/blog\/?page_id=32#urheberrecht\">urheberrechtlich gesch\u00fctzt<\/a>, \u00a9 Sabine Seyffert<\/p>\n","protected":false},"excerpt":{"rendered":"<p>Alles fing an mit einer Mail. Diese bekam ich von meiner Freundin. Darin schickte sie mir einen Link, der zu einem gebackenen Meisterst\u00fcck, einer Schult\u00fctentorte in nahezu perfekter Gestalt f\u00fchrte. &#8220;Sch\u00f6ne Idee!&#8221;, lautete meine Antwort. &#8220;Wenn du sie backen magst, herzlich gerne&#8230;&#8221; Doch zum gew\u00fcnschten Datum war ihr Urlaub bereits gebucht. Bl\u00f6d nur, dass mein&#8230; <a href=\"https:\/\/www.sabine-seyffert.de\/blog\/eine-leckere-schultute-mhh\/\" class=\"more-link\">Read more: Eine leckere Schult\u00fcte, mhh&#8230;<\/a><\/p>\n","protected":false},"author":2,"featured_media":0,"comment_status":"open","ping_status":"open","sticky":false,"template":"","format":"standard","meta":{"_metis_text_type":"","_metis_text_length":3696,"_post_count":0,"footnotes":""},"categories":[31,40],"tags":[],"class_list":["post-2542","post","type-post","status-publish","format-standard","hentry","category-rezepte-suse-kuchen-co","category-schulstart"],"_links":{"self":[{"href":"https:\/\/www.sabine-seyffert.de\/blog\/wp-json\/wp\/v2\/posts\/2542","targetHints":{"allow":["GET"]}}],"collection":[{"href":"https:\/\/www.sabine-seyffert.de\/blog\/wp-json\/wp\/v2\/posts"}],"about":[{"href":"https:\/\/www.sabine-seyffert.de\/blog\/wp-json\/wp\/v2\/types\/post"}],"author":[{"embeddable":true,"href":"https:\/\/www.sabine-seyffert.de\/blog\/wp-json\/wp\/v2\/users\/2"}],"replies":[{"embeddable":true,"href":"https:\/\/www.sabine-seyffert.de\/blog\/wp-json\/wp\/v2\/comments?post=2542"}],"version-history":[{"count":17,"href":"https:\/\/www.sabine-seyffert.de\/blog\/wp-json\/wp\/v2\/posts\/2542\/revisions"}],"predecessor-version":[{"id":9815,"href":"https:\/\/www.sabine-seyffert.de\/blog\/wp-json\/wp\/v2\/posts\/2542\/revisions\/9815"}],"wp:attachment":[{"href":"https:\/\/www.sabine-seyffert.de\/blog\/wp-json\/wp\/v2\/media?parent=2542"}],"wp:term":[{"taxonomy":"category","embeddable":true,"href":"https:\/\/www.sabine-seyffert.de\/blog\/wp-json\/wp\/v2\/categories?post=2542"},{"taxonomy":"post_tag","embeddable":true,"href":"https:\/\/www.sabine-seyffert.de\/blog\/wp-json\/wp\/v2\/tags?post=2542"}],"curies":[{"name":"wp","href":"https:\/\/api.w.org\/{rel}","templated":true}]}}