{"id":2527,"date":"2013-09-07T09:47:58","date_gmt":"2013-09-07T07:47:58","guid":{"rendered":"http:\/\/www.sabine-seyffert.de\/blog\/?p=2527"},"modified":"2018-06-26T08:21:46","modified_gmt":"2018-06-26T06:21:46","slug":"ein-ausflug-nach-granville","status":"publish","type":"post","link":"https:\/\/www.sabine-seyffert.de\/blog\/ein-ausflug-nach-granville\/","title":{"rendered":"Ein Ausflug nach Granville"},"content":{"rendered":"<p style=\"text-align: justify;\"><img loading=\"lazy\" decoding=\"async\" src=\"https:\/\/ssl-vg03.met.vgwort.de\/na\/7d9f15152f864113bcaef36a3b466841\" alt=\"\" width=\"1\" height=\"1\" \/>Damit es meinen kinderlosen Lesern nicht zu langweilig wird, weil sich hier die Ideen zum Schulstart nur so tummeln, kommt zur Abwechslung heute mal ein kleiner Ausflug dazwischen, den wir in den Ferien in Frankreich unternommen haben:<\/p>\n<p style=\"text-align: center;\"><a href=\"http:\/\/www.sabine-seyffert.de\/blog\/wp-content\/uploads\/2013\/09\/granville-1.jpg\"><img loading=\"lazy\" decoding=\"async\" class=\"alignnone size-full wp-image-2528\" src=\"http:\/\/www.sabine-seyffert.de\/blog\/wp-content\/uploads\/2013\/09\/granville-1.jpg\" alt=\"granville 1\" width=\"599\" height=\"857\" srcset=\"https:\/\/www.sabine-seyffert.de\/blog\/wp-content\/uploads\/2013\/09\/granville-1.jpg 599w, https:\/\/www.sabine-seyffert.de\/blog\/wp-content\/uploads\/2013\/09\/granville-1-209x300.jpg 209w\" sizes=\"auto, (max-width: 599px) 100vw, 599px\" \/><\/a><\/p>\n<p style=\"text-align: justify;\">Wir machen uns auf den Weg nach <a href=\"https:\/\/de.wikipedia.org\/wiki\/Granville_(Manche)\" target=\"_blank\" rel=\"noopener\">Granville<\/a>, einer gem\u00fctlichen Stadt, die man in der Region der Basse-Normandie findet. Leider gestaltet sich die Suche nach einem Parkplatz recht schwierig, so dass wir Stadteingangs in einer kleinen Seitengasse parken und den weiteren Weg zu Fu\u00df bestreiten m\u00fcssen.<\/p>\n<p style=\"text-align: center;\"><a href=\"http:\/\/www.sabine-seyffert.de\/blog\/wp-content\/uploads\/2013\/09\/granville-2.jpg\"><img loading=\"lazy\" decoding=\"async\" class=\"alignnone size-full wp-image-2529\" src=\"http:\/\/www.sabine-seyffert.de\/blog\/wp-content\/uploads\/2013\/09\/granville-2.jpg\" alt=\"granville 2\" width=\"600\" height=\"800\" srcset=\"https:\/\/www.sabine-seyffert.de\/blog\/wp-content\/uploads\/2013\/09\/granville-2.jpg 600w, https:\/\/www.sabine-seyffert.de\/blog\/wp-content\/uploads\/2013\/09\/granville-2-225x300.jpg 225w\" sizes=\"auto, (max-width: 600px) 100vw, 600px\" \/><\/a><\/p>\n<p style=\"text-align: justify;\">Das ist offenbar unser Gl\u00fcck, denn dadurch werden wir auf das <a href=\"https:\/\/es.wikipedia.org\/wiki\/Museo_y_jard%C3%ADn_Christian_Dior\" target=\"_blank\" rel=\"noopener\">Museum vom Modesch\u00f6pfer Christian Dior<\/a> bzw. dessen Geburtshaus samt prachtvollem Anwesen aufmerksam. So spazieren wir durch das Eingangstor direkt in den Garten.<\/p>\n<p style=\"text-align: center;\"><a href=\"http:\/\/www.sabine-seyffert.de\/blog\/wp-content\/uploads\/2013\/09\/granville-3.jpg\"><img loading=\"lazy\" decoding=\"async\" class=\"alignnone size-full wp-image-2530\" src=\"http:\/\/www.sabine-seyffert.de\/blog\/wp-content\/uploads\/2013\/09\/granville-3.jpg\" alt=\"granville 3\" width=\"600\" height=\"800\" srcset=\"https:\/\/www.sabine-seyffert.de\/blog\/wp-content\/uploads\/2013\/09\/granville-3.jpg 600w, https:\/\/www.sabine-seyffert.de\/blog\/wp-content\/uploads\/2013\/09\/granville-3-225x300.jpg 225w\" sizes=\"auto, (max-width: 600px) 100vw, 600px\" \/><\/a><\/p>\n<p style=\"text-align: justify;\">Die Wege f\u00fchren allesamt zum Haus, das man ebenfalls besichtigen kann. Wir selbst haben lediglich die Parkanlage mit den zahlreichen Wegen, bunten Blumen, liebevoll gestalteten Ecken und der einfach gro\u00dfartigen Aussicht genossen. Der Eintritt in den Park ist \u00fcbrigens kostenfrei und in jedem Fall lohnenswert. Das Geburtshaus kann auch von Innen besichtigt werden, jedoch war der Andrang recht gro\u00df und die Wartezeit zu lang.<\/p>\n<p style=\"text-align: center;\"><a href=\"http:\/\/www.sabine-seyffert.de\/blog\/wp-content\/uploads\/2013\/09\/granville-4.jpg\"><img loading=\"lazy\" decoding=\"async\" class=\"alignnone size-full wp-image-2531\" src=\"http:\/\/www.sabine-seyffert.de\/blog\/wp-content\/uploads\/2013\/09\/granville-4.jpg\" alt=\"granville 4\" width=\"600\" height=\"800\" srcset=\"https:\/\/www.sabine-seyffert.de\/blog\/wp-content\/uploads\/2013\/09\/granville-4.jpg 600w, https:\/\/www.sabine-seyffert.de\/blog\/wp-content\/uploads\/2013\/09\/granville-4-225x300.jpg 225w\" sizes=\"auto, (max-width: 600px) 100vw, 600px\" \/><\/a><\/p>\n<p style=\"text-align: justify;\">Von dem Garten aus, an dem an einigen Stellen sogar kleine &#8220;Duftstationen&#8221; zu finden sind, f\u00fchrt ein steiler Weg und Treppen die Klippen hinab, direkt zum Strand.<\/p>\n<p style=\"text-align: center;\"><a href=\"http:\/\/www.sabine-seyffert.de\/blog\/wp-content\/uploads\/2013\/09\/granville-5.jpg\"><img loading=\"lazy\" decoding=\"async\" class=\"alignnone size-full wp-image-2532\" src=\"http:\/\/www.sabine-seyffert.de\/blog\/wp-content\/uploads\/2013\/09\/granville-5.jpg\" alt=\"granville 5\" width=\"600\" height=\"800\" srcset=\"https:\/\/www.sabine-seyffert.de\/blog\/wp-content\/uploads\/2013\/09\/granville-5.jpg 600w, https:\/\/www.sabine-seyffert.de\/blog\/wp-content\/uploads\/2013\/09\/granville-5-225x300.jpg 225w\" sizes=\"auto, (max-width: 600px) 100vw, 600px\" \/><\/a><\/p>\n<p style=\"text-align: justify;\">Wem dies zu steil ist, der kann einen der Ausg\u00e4nge zur Stra\u00dfe hin w\u00e4hlen und dieser in Zentrum der Stadt folgen.<\/p>\n<p style=\"text-align: center;\"><a href=\"http:\/\/www.sabine-seyffert.de\/blog\/wp-content\/uploads\/2013\/09\/granville-6.jpg\"><img loading=\"lazy\" decoding=\"async\" class=\"alignnone size-full wp-image-2533\" src=\"http:\/\/www.sabine-seyffert.de\/blog\/wp-content\/uploads\/2013\/09\/granville-6.jpg\" alt=\"granville 6\" width=\"600\" height=\"800\" srcset=\"https:\/\/www.sabine-seyffert.de\/blog\/wp-content\/uploads\/2013\/09\/granville-6.jpg 600w, https:\/\/www.sabine-seyffert.de\/blog\/wp-content\/uploads\/2013\/09\/granville-6-225x300.jpg 225w\" sizes=\"auto, (max-width: 600px) 100vw, 600px\" \/><\/a><\/p>\n<p style=\"text-align: justify;\">Auch dort gibt es allerhand zu entdecken weitere Museen, ein gro\u00dfes Casino gleich an der Strandpromenade, eine prachtvolle Kirche, einen gro\u00dfen Hafen sowie zahlreiche Gassen mit Einkaufsm\u00f6glichkeiten. In einer Konditorei erblicken wir eine ganze Theke kunstvoller und so regenbogenbunter Maccarons in so unterschiedlichen Farben und Gr\u00f6\u00dfen, dass man denkt, man h\u00e4tte sich ins Schlaraffenland verirrt&#8230;<\/p>\n<p style=\"text-align: center;\"><a href=\"http:\/\/www.sabine-seyffert.de\/blog\/wp-content\/uploads\/2013\/09\/granville-7.jpg\"><img loading=\"lazy\" decoding=\"async\" class=\"alignnone size-full wp-image-2534\" src=\"http:\/\/www.sabine-seyffert.de\/blog\/wp-content\/uploads\/2013\/09\/granville-7.jpg\" alt=\"granville 7\" width=\"600\" height=\"800\" srcset=\"https:\/\/www.sabine-seyffert.de\/blog\/wp-content\/uploads\/2013\/09\/granville-7.jpg 600w, https:\/\/www.sabine-seyffert.de\/blog\/wp-content\/uploads\/2013\/09\/granville-7-225x300.jpg 225w\" sizes=\"auto, (max-width: 600px) 100vw, 600px\" \/><\/a><\/p>\n<p style=\"text-align: justify;\">F\u00fcr den R\u00fcckweg w\u00e4hlen wir die Strandpromenade, an der viele Strandh\u00e4user zu finden sind. Der Blick aufs Meer ist fantastisch und auch der Blick zur anderen Richtung, die steilen Klippen hinauf ist sehr zu empfehlen.<\/p>\n<p style=\"text-align: center;\"><a href=\"http:\/\/www.sabine-seyffert.de\/blog\/wp-content\/uploads\/2013\/09\/granville-8.jpg\"><img loading=\"lazy\" decoding=\"async\" class=\"alignnone size-full wp-image-2535\" src=\"http:\/\/www.sabine-seyffert.de\/blog\/wp-content\/uploads\/2013\/09\/granville-8.jpg\" alt=\"granville 8\" width=\"600\" height=\"766\" srcset=\"https:\/\/www.sabine-seyffert.de\/blog\/wp-content\/uploads\/2013\/09\/granville-8.jpg 600w, https:\/\/www.sabine-seyffert.de\/blog\/wp-content\/uploads\/2013\/09\/granville-8-234x300.jpg 234w\" sizes=\"auto, (max-width: 600px) 100vw, 600px\" \/><\/a><\/p>\n<p style=\"text-align: justify;\">Diesmal klettern wir die zahlreichen Stufen einer langen Steintreppe empor, die uns wieder in den Jardin Christian Dior f\u00fchrt. Das Licht an diesem Nachmittag setzt den Park in ein wunderbares Licht, so dass wir auch dieses mal staunend hindurch spazieren und am liebsten weiter dort verweilen w\u00fcrden.<\/p>\n<p style=\"text-align: center;\"><a href=\"http:\/\/www.sabine-seyffert.de\/blog\/wp-content\/uploads\/2013\/09\/granville-9.jpg\"><img loading=\"lazy\" decoding=\"async\" class=\"alignnone size-full wp-image-2536\" src=\"http:\/\/www.sabine-seyffert.de\/blog\/wp-content\/uploads\/2013\/09\/granville-9.jpg\" alt=\"granville 9\" width=\"600\" height=\"800\" srcset=\"https:\/\/www.sabine-seyffert.de\/blog\/wp-content\/uploads\/2013\/09\/granville-9.jpg 600w, https:\/\/www.sabine-seyffert.de\/blog\/wp-content\/uploads\/2013\/09\/granville-9-225x300.jpg 225w\" sizes=\"auto, (max-width: 600px) 100vw, 600px\" \/><\/a><\/p>\n<p style=\"text-align: justify;\">Weitere spannende Ausflugsziele in der N\u00e4he: Der <a href=\"http:\/\/www.sabine-seyffert.de\/blog\/?p=2613\" target=\"_blank\" rel=\"noopener\">Mont St. Michel<\/a>, die Burganlage <a href=\"http:\/\/www.sabine-seyffert.de\/blog\/?p=2801\" target=\"_blank\" rel=\"noopener\">Pirou <\/a>oder auch die D\u00fcnenlandschaft samt <a href=\"http:\/\/www.sabine-seyffert.de\/blog\/?p=2749\" target=\"_blank\" rel=\"noopener\">Strandh\u00e4user von Gouville sur mer<\/a>!<\/p>\n<p style=\"text-align: justify;\">Ich w\u00fcnsche allen ein ganz wunderbares Wochenende mit so strahlend blauem Himmel wie hier auf den Ausflugsbildern zu sehen \ud83d\ude42<\/p>\n<p><a href=\"http:\/\/www.sabine-seyffert.de\/blog\/?page_id=32#urheberrecht\">urheberrechtlich gesch\u00fctzt<\/a>, \u00a9 Sabine Seyffert<\/p>\n","protected":false},"excerpt":{"rendered":"<p>Damit es meinen kinderlosen Lesern nicht zu langweilig wird, weil sich hier die Ideen zum Schulstart nur so tummeln, kommt zur Abwechslung heute mal ein kleiner Ausflug dazwischen, den wir in den Ferien in Frankreich unternommen haben: Wir machen uns auf den Weg nach Granville, einer gem\u00fctlichen Stadt, die man in der Region der Basse-Normandie&#8230; <a href=\"https:\/\/www.sabine-seyffert.de\/blog\/ein-ausflug-nach-granville\/\" class=\"more-link\">Read more: Ein Ausflug nach Granville<\/a><\/p>\n","protected":false},"author":2,"featured_media":0,"comment_status":"open","ping_status":"open","sticky":false,"template":"","format":"standard","meta":{"_metis_text_type":"","_metis_text_length":2723,"_post_count":0,"footnotes":""},"categories":[39,24],"tags":[],"class_list":["post-2527","post","type-post","status-publish","format-standard","hentry","category-ausfluge-co","category-sommer"],"_links":{"self":[{"href":"https:\/\/www.sabine-seyffert.de\/blog\/wp-json\/wp\/v2\/posts\/2527","targetHints":{"allow":["GET"]}}],"collection":[{"href":"https:\/\/www.sabine-seyffert.de\/blog\/wp-json\/wp\/v2\/posts"}],"about":[{"href":"https:\/\/www.sabine-seyffert.de\/blog\/wp-json\/wp\/v2\/types\/post"}],"author":[{"embeddable":true,"href":"https:\/\/www.sabine-seyffert.de\/blog\/wp-json\/wp\/v2\/users\/2"}],"replies":[{"embeddable":true,"href":"https:\/\/www.sabine-seyffert.de\/blog\/wp-json\/wp\/v2\/comments?post=2527"}],"version-history":[{"count":8,"href":"https:\/\/www.sabine-seyffert.de\/blog\/wp-json\/wp\/v2\/posts\/2527\/revisions"}],"predecessor-version":[{"id":12809,"href":"https:\/\/www.sabine-seyffert.de\/blog\/wp-json\/wp\/v2\/posts\/2527\/revisions\/12809"}],"wp:attachment":[{"href":"https:\/\/www.sabine-seyffert.de\/blog\/wp-json\/wp\/v2\/media?parent=2527"}],"wp:term":[{"taxonomy":"category","embeddable":true,"href":"https:\/\/www.sabine-seyffert.de\/blog\/wp-json\/wp\/v2\/categories?post=2527"},{"taxonomy":"post_tag","embeddable":true,"href":"https:\/\/www.sabine-seyffert.de\/blog\/wp-json\/wp\/v2\/tags?post=2527"}],"curies":[{"name":"wp","href":"https:\/\/api.w.org\/{rel}","templated":true}]}}