{"id":2512,"date":"2013-09-05T08:51:57","date_gmt":"2013-09-05T06:51:57","guid":{"rendered":"http:\/\/www.sabine-seyffert.de\/blog\/?p=2512"},"modified":"2017-03-06T12:37:01","modified_gmt":"2017-03-06T10:37:01","slug":"last-minute-schulstart-deko","status":"publish","type":"post","link":"https:\/\/www.sabine-seyffert.de\/blog\/last-minute-schulstart-deko\/","title":{"rendered":"Last Minute Schulstart Deko"},"content":{"rendered":"<p style=\"text-align: justify;\"><img loading=\"lazy\" decoding=\"async\" src=\"https:\/\/ssl-vg03.met.vgwort.de\/na\/01afbdbe248a45c98251ee3cc1b372fc\" alt=\"\" width=\"1\" height=\"1\" \/>Der Schulstart steht vor der T\u00fcr und es bleibt keine Zeit mehr aufw\u00e4ndige Deko zu basteln? Kein Problem \u2013 mit dieser Idee zaubert man im Handumdrehen einen stimmungsvollen und zum Anlass passenden Hingucker.<\/p>\n<p style=\"text-align: center;\"><a href=\"http:\/\/www.sabine-seyffert.de\/blog\/wp-content\/uploads\/2013\/09\/Buntstifte-Deko.jpg\" rel=\"attachment wp-att-8109\"><img loading=\"lazy\" decoding=\"async\" class=\"alignnone size-full wp-image-8109\" src=\"http:\/\/www.sabine-seyffert.de\/blog\/wp-content\/uploads\/2013\/09\/Buntstifte-Deko.jpg\" alt=\"Buntstifte Deko\" width=\"800\" height=\"600\" srcset=\"https:\/\/www.sabine-seyffert.de\/blog\/wp-content\/uploads\/2013\/09\/Buntstifte-Deko.jpg 800w, https:\/\/www.sabine-seyffert.de\/blog\/wp-content\/uploads\/2013\/09\/Buntstifte-Deko-300x225.jpg 300w, https:\/\/www.sabine-seyffert.de\/blog\/wp-content\/uploads\/2013\/09\/Buntstifte-Deko-768x576.jpg 768w\" sizes=\"auto, (max-width: 800px) 100vw, 800px\" \/><\/a><\/p>\n<p style=\"text-align: justify;\"><strong>Das wird gebraucht:<\/strong><br \/>\nTeelichter oder ein gro\u00dfes Windlicht aus Glas samt Kerze und etwas Sand sowie allerhand bunte Stifte (diese hat man zum Schulstart ganz sicher zur Hand. Zur gr\u00f6\u00dften Not die Stifte aus der Federmappe ausleihen\u2026)<\/p>\n<p style=\"text-align: center;\"><a href=\"http:\/\/www.sabine-seyffert.de\/blog\/wp-content\/uploads\/2013\/09\/Buntstifte-Teelicht-Deko-8.jpg\" rel=\"attachment wp-att-8110\"><img loading=\"lazy\" decoding=\"async\" class=\"alignnone size-full wp-image-8110\" src=\"http:\/\/www.sabine-seyffert.de\/blog\/wp-content\/uploads\/2013\/09\/Buntstifte-Teelicht-Deko-8.jpg\" alt=\"Buntstifte Teelicht Deko 8\" width=\"600\" height=\"800\" srcset=\"https:\/\/www.sabine-seyffert.de\/blog\/wp-content\/uploads\/2013\/09\/Buntstifte-Teelicht-Deko-8.jpg 600w, https:\/\/www.sabine-seyffert.de\/blog\/wp-content\/uploads\/2013\/09\/Buntstifte-Teelicht-Deko-8-225x300.jpg 225w\" sizes=\"auto, (max-width: 600px) 100vw, 600px\" \/><\/a><\/p>\n<p style=\"text-align: justify;\"><strong>So wird\u2019s gemacht:<\/strong><br \/>\nEntweder man platziert \u00fcber die Tischmitte einige Teelichter und legt die Buntstifte kreuz und quer verteilt daneben. Und zwar so, dass die Farben wie ein Regenbogen verlaufen und farblich ungef\u00e4hr zusammen passen. Man kann diese aber auch kunterbunt zusammenw\u00fcrfeln, wie es einem besser gef\u00e4llt.<\/p>\n<p style=\"text-align: center;\"><a href=\"http:\/\/www.sabine-seyffert.de\/blog\/wp-content\/uploads\/2013\/09\/Buntstifte-Teelicht-Deko-5.jpg\" rel=\"attachment wp-att-8111\"><img loading=\"lazy\" decoding=\"async\" class=\"alignnone size-full wp-image-8111\" src=\"http:\/\/www.sabine-seyffert.de\/blog\/wp-content\/uploads\/2013\/09\/Buntstifte-Teelicht-Deko-5.jpg\" alt=\"Buntstifte Teelicht Deko 5\" width=\"800\" height=\"600\" srcset=\"https:\/\/www.sabine-seyffert.de\/blog\/wp-content\/uploads\/2013\/09\/Buntstifte-Teelicht-Deko-5.jpg 800w, https:\/\/www.sabine-seyffert.de\/blog\/wp-content\/uploads\/2013\/09\/Buntstifte-Teelicht-Deko-5-300x225.jpg 300w, https:\/\/www.sabine-seyffert.de\/blog\/wp-content\/uploads\/2013\/09\/Buntstifte-Teelicht-Deko-5-768x576.jpg 768w\" sizes=\"auto, (max-width: 800px) 100vw, 800px\" \/><\/a><\/p>\n<p style=\"text-align: justify;\">Zweite Dekorationsvariante ist ein hohes Windlicht aus Glas, dessen Boden wir mit etwas Sand gef\u00fcllt haben. Mittig haben wir eine dicke Kerze platziert und um die Kerze herum nochmals einen 24er Pack Buntstifte in den Sand gesteckt, die lustig um die Kerze herumstehen.<\/p>\n<p style=\"text-align: center;\"><a href=\"http:\/\/www.sabine-seyffert.de\/blog\/wp-content\/uploads\/2013\/09\/Buntstifte-Teelicht-Deko-6.jpg\" rel=\"attachment wp-att-8112\"><img loading=\"lazy\" decoding=\"async\" class=\"alignnone size-full wp-image-8112\" src=\"http:\/\/www.sabine-seyffert.de\/blog\/wp-content\/uploads\/2013\/09\/Buntstifte-Teelicht-Deko-6.jpg\" alt=\"Buntstifte Teelicht Deko 6\" width=\"600\" height=\"800\" srcset=\"https:\/\/www.sabine-seyffert.de\/blog\/wp-content\/uploads\/2013\/09\/Buntstifte-Teelicht-Deko-6.jpg 600w, https:\/\/www.sabine-seyffert.de\/blog\/wp-content\/uploads\/2013\/09\/Buntstifte-Teelicht-Deko-6-225x300.jpg 225w\" sizes=\"auto, (max-width: 600px) 100vw, 600px\" \/><\/a><\/p>\n<p style=\"text-align: justify;\">Zum Schluss kann man die Stiftspitzen noch nach Au\u00dfen zum Glas hin dr\u00fccken, damit genug Abstand zur brennenden Kerzen besteht.<\/p>\n<p style=\"text-align: center;\"><a href=\"http:\/\/www.sabine-seyffert.de\/blog\/wp-content\/uploads\/2013\/09\/Buntstifte-Teelicht-Deko-7.jpg\" rel=\"attachment wp-att-8113\"><img loading=\"lazy\" decoding=\"async\" class=\"alignnone size-full wp-image-8113\" src=\"http:\/\/www.sabine-seyffert.de\/blog\/wp-content\/uploads\/2013\/09\/Buntstifte-Teelicht-Deko-7.jpg\" alt=\"Buntstifte Teelicht Deko 7\" width=\"600\" height=\"800\" srcset=\"https:\/\/www.sabine-seyffert.de\/blog\/wp-content\/uploads\/2013\/09\/Buntstifte-Teelicht-Deko-7.jpg 600w, https:\/\/www.sabine-seyffert.de\/blog\/wp-content\/uploads\/2013\/09\/Buntstifte-Teelicht-Deko-7-225x300.jpg 225w\" sizes=\"auto, (max-width: 600px) 100vw, 600px\" \/><\/a><\/p>\n<p style=\"text-align: justify;\">Diese Idee geht wirklich blitzschnell und ist einfach ganz passend zum Thema Schule \ud83d\ude42<\/p>\n<p style=\"text-align: center;\"><a href=\"http:\/\/www.sabine-seyffert.de\/blog\/wp-content\/uploads\/2013\/09\/Buntstifte-Teelicht-Deko-1.jpg\" rel=\"attachment wp-att-8114\"><img loading=\"lazy\" decoding=\"async\" class=\"alignnone size-full wp-image-8114\" src=\"http:\/\/www.sabine-seyffert.de\/blog\/wp-content\/uploads\/2013\/09\/Buntstifte-Teelicht-Deko-1.jpg\" alt=\"Buntstifte Teelicht Deko 1\" width=\"800\" height=\"600\" srcset=\"https:\/\/www.sabine-seyffert.de\/blog\/wp-content\/uploads\/2013\/09\/Buntstifte-Teelicht-Deko-1.jpg 800w, https:\/\/www.sabine-seyffert.de\/blog\/wp-content\/uploads\/2013\/09\/Buntstifte-Teelicht-Deko-1-300x225.jpg 300w, https:\/\/www.sabine-seyffert.de\/blog\/wp-content\/uploads\/2013\/09\/Buntstifte-Teelicht-Deko-1-768x576.jpg 768w\" sizes=\"auto, (max-width: 800px) 100vw, 800px\" \/><\/a><\/p>\n<p style=\"text-align: justify;\">Aber nat\u00fcrlich kann man diese bunte Deko auch problemlos f\u00fcr andere Partys, Kindergeburtstage oder Feiern verwenden. Ein bisschen Farbe auf dem Tisch ist schlie\u00dflich bei jeder Feier willkommen!<\/p>\n<p style=\"text-align: center;\"><a href=\"http:\/\/www.sabine-seyffert.de\/blog\/wp-content\/uploads\/2013\/09\/Buntstifte-Teelicht-Deko-2.jpg\" rel=\"attachment wp-att-8115\"><img loading=\"lazy\" decoding=\"async\" class=\"alignnone size-full wp-image-8115\" src=\"http:\/\/www.sabine-seyffert.de\/blog\/wp-content\/uploads\/2013\/09\/Buntstifte-Teelicht-Deko-2.jpg\" alt=\"Buntstifte Teelicht Deko 2\" width=\"800\" height=\"600\" srcset=\"https:\/\/www.sabine-seyffert.de\/blog\/wp-content\/uploads\/2013\/09\/Buntstifte-Teelicht-Deko-2.jpg 800w, https:\/\/www.sabine-seyffert.de\/blog\/wp-content\/uploads\/2013\/09\/Buntstifte-Teelicht-Deko-2-300x225.jpg 300w, https:\/\/www.sabine-seyffert.de\/blog\/wp-content\/uploads\/2013\/09\/Buntstifte-Teelicht-Deko-2-768x576.jpg 768w\" sizes=\"auto, (max-width: 800px) 100vw, 800px\" \/><\/a><\/p>\n<p style=\"text-align: justify;\"><strong>Ein kleiner Tipp:<\/strong><br \/>\nEs m\u00fcssen keine neuen Stifte sein, aber am sch\u00f6nsten sieht es aus, wenn die Stifte angespitzt sind.<\/p>\n<p style=\"text-align: center;\"><a href=\"http:\/\/www.sabine-seyffert.de\/blog\/wp-content\/uploads\/2013\/09\/Buntstifte-Teelicht-Deko-3.jpg\" rel=\"attachment wp-att-8116\"><img loading=\"lazy\" decoding=\"async\" class=\"alignnone size-full wp-image-8116\" src=\"http:\/\/www.sabine-seyffert.de\/blog\/wp-content\/uploads\/2013\/09\/Buntstifte-Teelicht-Deko-3.jpg\" alt=\"Buntstifte Teelicht Deko 3\" width=\"800\" height=\"600\" srcset=\"https:\/\/www.sabine-seyffert.de\/blog\/wp-content\/uploads\/2013\/09\/Buntstifte-Teelicht-Deko-3.jpg 800w, https:\/\/www.sabine-seyffert.de\/blog\/wp-content\/uploads\/2013\/09\/Buntstifte-Teelicht-Deko-3-300x225.jpg 300w, https:\/\/www.sabine-seyffert.de\/blog\/wp-content\/uploads\/2013\/09\/Buntstifte-Teelicht-Deko-3-768x576.jpg 768w\" sizes=\"auto, (max-width: 800px) 100vw, 800px\" \/><\/a><\/p>\n<p style=\"text-align: justify;\">So, bei uns ist es heute soweit \u2013 die Einschulung steht unmittelbar bevor. Die Schult\u00fcte ist fertig, die restliche Deko schm\u00fcckt das Haus, die Kuchen f\u00fcr die Feier stehen bereit und die Sonne lacht \u2013 nur leider fehlen die Schuhe seit gestern und sind unauffindbar. Mal schauen ob wir gleich in Gummistiefeln, Winterschuhen oder barfuss zur Schule gehen\u2026<\/p>\n<p style=\"text-align: center;\"><a href=\"http:\/\/www.sabine-seyffert.de\/blog\/wp-content\/uploads\/2013\/09\/Schulstartdeko-Last-Minute-0.jpg\" rel=\"attachment wp-att-8117\"><img loading=\"lazy\" decoding=\"async\" class=\"alignnone size-full wp-image-8117\" src=\"http:\/\/www.sabine-seyffert.de\/blog\/wp-content\/uploads\/2013\/09\/Schulstartdeko-Last-Minute-0.jpg\" alt=\"Schulstartdeko Last Minute 0\" width=\"800\" height=\"600\" srcset=\"https:\/\/www.sabine-seyffert.de\/blog\/wp-content\/uploads\/2013\/09\/Schulstartdeko-Last-Minute-0.jpg 800w, https:\/\/www.sabine-seyffert.de\/blog\/wp-content\/uploads\/2013\/09\/Schulstartdeko-Last-Minute-0-300x225.jpg 300w, https:\/\/www.sabine-seyffert.de\/blog\/wp-content\/uploads\/2013\/09\/Schulstartdeko-Last-Minute-0-768x576.jpg 768w\" sizes=\"auto, (max-width: 800px) 100vw, 800px\" \/><\/a><\/p>\n<p style=\"text-align: justify;\">In der n\u00e4chsten Zeit d\u00fcrft Ihr Euch somit \u00fcber allerhand Ideen und Anregungen zum Thema Einschulung freuen. Die konnte ich vor Schulstart leider nicht zeigen, denn diese sollte ja eine \u00dcberraschung sein. Und ich wei\u00df nie, wer mir beim Schreiben gerade heimlich \u00fcber die Schulter leuert\u2026<\/p>\n<p style=\"text-align: center;\"><a href=\"http:\/\/www.sabine-seyffert.de\/blog\/wp-content\/uploads\/2013\/09\/Schulstartdeko-Last-Minute-ohne-Flamme.jpg\" rel=\"attachment wp-att-8118\"><img loading=\"lazy\" decoding=\"async\" class=\"alignnone size-full wp-image-8118\" src=\"http:\/\/www.sabine-seyffert.de\/blog\/wp-content\/uploads\/2013\/09\/Schulstartdeko-Last-Minute-ohne-Flamme.jpg\" alt=\"Schulstartdeko Last Minute ohne Flamme\" width=\"800\" height=\"600\" srcset=\"https:\/\/www.sabine-seyffert.de\/blog\/wp-content\/uploads\/2013\/09\/Schulstartdeko-Last-Minute-ohne-Flamme.jpg 800w, https:\/\/www.sabine-seyffert.de\/blog\/wp-content\/uploads\/2013\/09\/Schulstartdeko-Last-Minute-ohne-Flamme-300x225.jpg 300w, https:\/\/www.sabine-seyffert.de\/blog\/wp-content\/uploads\/2013\/09\/Schulstartdeko-Last-Minute-ohne-Flamme-768x576.jpg 768w\" sizes=\"auto, (max-width: 800px) 100vw, 800px\" \/><\/a><\/p>\n<p style=\"text-align: justify;\">Allen, die heute in die Schule starten, w\u00fcnsche ich von Herzen einen rundum gelungenen Schulstart und eine ganz wunderbare Schulzeit!<\/p>\n<p style=\"text-align: center;\"><a href=\"http:\/\/www.sabine-seyffert.de\/blog\/wp-content\/uploads\/2013\/09\/Schulstartdeko-Last-Minute.jpg\" rel=\"attachment wp-att-8119\"><img loading=\"lazy\" decoding=\"async\" class=\"alignnone size-full wp-image-8119\" src=\"http:\/\/www.sabine-seyffert.de\/blog\/wp-content\/uploads\/2013\/09\/Schulstartdeko-Last-Minute.jpg\" alt=\"Schulstartdeko Last Minute\" width=\"600\" height=\"800\" srcset=\"https:\/\/www.sabine-seyffert.de\/blog\/wp-content\/uploads\/2013\/09\/Schulstartdeko-Last-Minute.jpg 600w, https:\/\/www.sabine-seyffert.de\/blog\/wp-content\/uploads\/2013\/09\/Schulstartdeko-Last-Minute-225x300.jpg 225w\" sizes=\"auto, (max-width: 600px) 100vw, 600px\" \/><\/a><\/p>\n<p style=\"text-align: justify;\">Und weil es eine bunte Werkelei ist, reihe ich diese Idee mal bei <a href=\"http:\/\/kiddikram.blogspot.de\" target=\"_blank\">Kiddikram<\/a> in die September Galerie ein \ud83d\ude42<\/p>\n<p style=\"text-align: justify;\"><a href=\"http:\/\/www.sabine-seyffert.de\/blog\/?page_id=32#urheberrecht\">urheberrechtlich gesch\u00fctzt<\/a>, \u00a9 Sabine Seyffert<\/p>\n","protected":false},"excerpt":{"rendered":"<p>Der Schulstart steht vor der T\u00fcr und es bleibt keine Zeit mehr aufw\u00e4ndige Deko zu basteln? Kein Problem \u2013 mit dieser Idee zaubert man im Handumdrehen einen stimmungsvollen und zum Anlass passenden Hingucker. Das wird gebraucht: Teelichter oder ein gro\u00dfes Windlicht aus Glas samt Kerze und etwas Sand sowie allerhand bunte Stifte (diese hat man&#8230; <a href=\"https:\/\/www.sabine-seyffert.de\/blog\/last-minute-schulstart-deko\/\" class=\"more-link\">Read more: Last Minute Schulstart Deko<\/a><\/p>\n","protected":false},"author":2,"featured_media":0,"comment_status":"open","ping_status":"open","sticky":false,"template":"","format":"standard","meta":{"_metis_text_type":"","_metis_text_length":2477,"_post_count":0,"footnotes":""},"categories":[12,40],"tags":[],"class_list":["post-2512","post","type-post","status-publish","format-standard","hentry","category-deko-ideen","category-schulstart"],"_links":{"self":[{"href":"https:\/\/www.sabine-seyffert.de\/blog\/wp-json\/wp\/v2\/posts\/2512","targetHints":{"allow":["GET"]}}],"collection":[{"href":"https:\/\/www.sabine-seyffert.de\/blog\/wp-json\/wp\/v2\/posts"}],"about":[{"href":"https:\/\/www.sabine-seyffert.de\/blog\/wp-json\/wp\/v2\/types\/post"}],"author":[{"embeddable":true,"href":"https:\/\/www.sabine-seyffert.de\/blog\/wp-json\/wp\/v2\/users\/2"}],"replies":[{"embeddable":true,"href":"https:\/\/www.sabine-seyffert.de\/blog\/wp-json\/wp\/v2\/comments?post=2512"}],"version-history":[{"count":6,"href":"https:\/\/www.sabine-seyffert.de\/blog\/wp-json\/wp\/v2\/posts\/2512\/revisions"}],"predecessor-version":[{"id":8120,"href":"https:\/\/www.sabine-seyffert.de\/blog\/wp-json\/wp\/v2\/posts\/2512\/revisions\/8120"}],"wp:attachment":[{"href":"https:\/\/www.sabine-seyffert.de\/blog\/wp-json\/wp\/v2\/media?parent=2512"}],"wp:term":[{"taxonomy":"category","embeddable":true,"href":"https:\/\/www.sabine-seyffert.de\/blog\/wp-json\/wp\/v2\/categories?post=2512"},{"taxonomy":"post_tag","embeddable":true,"href":"https:\/\/www.sabine-seyffert.de\/blog\/wp-json\/wp\/v2\/tags?post=2512"}],"curies":[{"name":"wp","href":"https:\/\/api.w.org\/{rel}","templated":true}]}}