{"id":25021,"date":"2023-02-01T06:00:53","date_gmt":"2023-02-01T04:00:53","guid":{"rendered":"https:\/\/www.sabine-seyffert.de\/blog\/?p=25021"},"modified":"2023-01-27T11:26:15","modified_gmt":"2023-01-27T09:26:15","slug":"diy-geburtstagskarte-selbst-gemacht-postkarte-schneegloeckchen-als-blumenstrauss","status":"publish","type":"post","link":"https:\/\/www.sabine-seyffert.de\/blog\/diy-geburtstagskarte-selbst-gemacht-postkarte-schneegloeckchen-als-blumenstrauss\/","title":{"rendered":"DIY Geburtstagskarte selbst gemacht: Postkarte Schneegl\u00f6ckchen als Blumenstrau\u00df"},"content":{"rendered":"<p style=\"text-align: justify;\"><img loading=\"lazy\" decoding=\"async\" src=\"https:\/\/vg08.met.vgwort.de\/na\/169a7458797648989d8fcc6fc62218de\" alt=\"\" width=\"1\" height=\"1\" \/>Wie so oft habe ich mal wieder ein paar sch\u00f6ne <a href=\"https:\/\/www.sabine-seyffert.de\/blog\/?cat=51\" target=\"_blank\" rel=\"noopener\">Geburtstagskarten<\/a> ben\u00f6tigt. Die bastele ich am liebsten selber, da man sie so individuell gestalten und auch personalisieren kann. Vor allem macht es einfach Spa\u00df dem Anlass entsprechend ein passendes Motiv auf den Karten zu gestalten. Weil sich die meisten zum Geburtstag \u00fcber Blumen freuen, gab es einen kleinen Strau\u00df Schneegl\u00f6ckchen f\u00fcr das Geburtstagkind.<\/p>\n<p style=\"text-align: center;\"><a href=\"https:\/\/www.sabine-seyffert.de\/blog\/wp-content\/uploads\/2023\/01\/Karte-Schneegloeckchen-Sabine-Seyffert.de-4.jpg\"><img loading=\"lazy\" decoding=\"async\" class=\"alignnone size-full wp-image-25022\" src=\"https:\/\/www.sabine-seyffert.de\/blog\/wp-content\/uploads\/2023\/01\/Karte-Schneegloeckchen-Sabine-Seyffert.de-4.jpg\" alt=\"\" width=\"800\" height=\"600\" srcset=\"https:\/\/www.sabine-seyffert.de\/blog\/wp-content\/uploads\/2023\/01\/Karte-Schneegloeckchen-Sabine-Seyffert.de-4.jpg 800w, https:\/\/www.sabine-seyffert.de\/blog\/wp-content\/uploads\/2023\/01\/Karte-Schneegloeckchen-Sabine-Seyffert.de-4-300x225.jpg 300w, https:\/\/www.sabine-seyffert.de\/blog\/wp-content\/uploads\/2023\/01\/Karte-Schneegloeckchen-Sabine-Seyffert.de-4-768x576.jpg 768w\" sizes=\"auto, (max-width: 800px) 100vw, 800px\" \/><\/a><\/p>\n<p style=\"text-align: justify;\"><strong>Das wird gebraucht:<\/strong><br \/>\nEine Blanko Postkarte aus Kraftpapier (alternativ Tonkarton \/ Fotokarton), einen Wasserfarbkasten inklusiv Deckwei\u00df, Pinsel (Borstenpinsel), eine alte Buchseite, eine Tageszeitung, d\u00fcnne Kordel, eine Bastelschere, Bastelkleber \/ Klebestift, eine Malunterlage sowie optional d\u00fcnne Pappe, Stempel samt Stempelkissen<\/p>\n<p style=\"text-align: center;\"><a href=\"https:\/\/www.sabine-seyffert.de\/blog\/wp-content\/uploads\/2023\/01\/Karte-Schneegloeckchen-Sabine-Seyffert.de_.jpg\"><img loading=\"lazy\" decoding=\"async\" class=\"alignnone size-full wp-image-25023\" src=\"https:\/\/www.sabine-seyffert.de\/blog\/wp-content\/uploads\/2023\/01\/Karte-Schneegloeckchen-Sabine-Seyffert.de_.jpg\" alt=\"\" width=\"800\" height=\"600\" srcset=\"https:\/\/www.sabine-seyffert.de\/blog\/wp-content\/uploads\/2023\/01\/Karte-Schneegloeckchen-Sabine-Seyffert.de_.jpg 800w, https:\/\/www.sabine-seyffert.de\/blog\/wp-content\/uploads\/2023\/01\/Karte-Schneegloeckchen-Sabine-Seyffert.de_-300x225.jpg 300w, https:\/\/www.sabine-seyffert.de\/blog\/wp-content\/uploads\/2023\/01\/Karte-Schneegloeckchen-Sabine-Seyffert.de_-768x576.jpg 768w\" sizes=\"auto, (max-width: 800px) 100vw, 800px\" \/><\/a><\/p>\n<p style=\"text-align: justify;\"><strong>So wird\u2019s gemacht:<\/strong><br \/>\nAm besten deckt ihr euch den Tisch mit einer wasserdichten Unterlage oder Zeitungspapier gut ab. Danach stellt ihr euch aus gr\u00fcner Wasserfarbe und mit Wasser verd\u00fcnntem Deckwei\u00df <a href=\"https:\/\/www.sabine-seyffert.de\/blog\/?p=13917\" target=\"_blank\" rel=\"noopener\">umweltfreundliches Bastelpapier<\/a> her.<\/p>\n<p style=\"text-align: center;\"><a href=\"https:\/\/www.sabine-seyffert.de\/blog\/wp-content\/uploads\/2023\/01\/Karte-Schneegloeckchen-Sabine-Seyffert.de-0.jpg\"><img loading=\"lazy\" decoding=\"async\" class=\"alignnone size-full wp-image-25027\" src=\"https:\/\/www.sabine-seyffert.de\/blog\/wp-content\/uploads\/2023\/01\/Karte-Schneegloeckchen-Sabine-Seyffert.de-0.jpg\" alt=\"\" width=\"800\" height=\"600\" srcset=\"https:\/\/www.sabine-seyffert.de\/blog\/wp-content\/uploads\/2023\/01\/Karte-Schneegloeckchen-Sabine-Seyffert.de-0.jpg 800w, https:\/\/www.sabine-seyffert.de\/blog\/wp-content\/uploads\/2023\/01\/Karte-Schneegloeckchen-Sabine-Seyffert.de-0-300x225.jpg 300w, https:\/\/www.sabine-seyffert.de\/blog\/wp-content\/uploads\/2023\/01\/Karte-Schneegloeckchen-Sabine-Seyffert.de-0-768x576.jpg 768w\" sizes=\"auto, (max-width: 800px) 100vw, 800px\" \/><\/a><\/p>\n<p style=\"text-align: justify;\">Das ben\u00f6tigt ihr f\u00fcr die Schneegl\u00f6ckchen. Wenn ihr das bemalte Papier an der Heizung trocknen l\u00e4sst, ist es bei den Temperaturen blitzschnell getrocknet, so dass ihr nicht lange Warten m\u00fcsst.<\/p>\n<p style=\"text-align: center;\"><a href=\"https:\/\/www.sabine-seyffert.de\/blog\/wp-content\/uploads\/2023\/01\/Karte-Schneegloeckchen-Sabine-Seyffert.de-9.jpg\"><img loading=\"lazy\" decoding=\"async\" class=\"alignnone size-full wp-image-25028\" src=\"https:\/\/www.sabine-seyffert.de\/blog\/wp-content\/uploads\/2023\/01\/Karte-Schneegloeckchen-Sabine-Seyffert.de-9.jpg\" alt=\"\" width=\"800\" height=\"600\" srcset=\"https:\/\/www.sabine-seyffert.de\/blog\/wp-content\/uploads\/2023\/01\/Karte-Schneegloeckchen-Sabine-Seyffert.de-9.jpg 800w, https:\/\/www.sabine-seyffert.de\/blog\/wp-content\/uploads\/2023\/01\/Karte-Schneegloeckchen-Sabine-Seyffert.de-9-300x225.jpg 300w, https:\/\/www.sabine-seyffert.de\/blog\/wp-content\/uploads\/2023\/01\/Karte-Schneegloeckchen-Sabine-Seyffert.de-9-768x576.jpg 768w\" sizes=\"auto, (max-width: 800px) 100vw, 800px\" \/><\/a><\/p>\n<p style=\"text-align: justify;\">In der Zwischenzeit faltet ihr die Doppelkarte \/ Klappkarte mittig zusammen oder zeichnet euch mit Hilfe eines Bleistifts ein Din A5 gro\u00dfes St\u00fcck auf unifarbenem Tonkarton, dass ihr in der Mitte zusammenklappt.<\/p>\n<p style=\"text-align: center;\"><a href=\"https:\/\/www.sabine-seyffert.de\/blog\/wp-content\/uploads\/2023\/01\/Karte-Schneegloeckchen-Sabine-Seyffert.de-8.jpg\"><img loading=\"lazy\" decoding=\"async\" class=\"alignnone size-full wp-image-25029\" src=\"https:\/\/www.sabine-seyffert.de\/blog\/wp-content\/uploads\/2023\/01\/Karte-Schneegloeckchen-Sabine-Seyffert.de-8.jpg\" alt=\"\" width=\"800\" height=\"600\" srcset=\"https:\/\/www.sabine-seyffert.de\/blog\/wp-content\/uploads\/2023\/01\/Karte-Schneegloeckchen-Sabine-Seyffert.de-8.jpg 800w, https:\/\/www.sabine-seyffert.de\/blog\/wp-content\/uploads\/2023\/01\/Karte-Schneegloeckchen-Sabine-Seyffert.de-8-300x225.jpg 300w, https:\/\/www.sabine-seyffert.de\/blog\/wp-content\/uploads\/2023\/01\/Karte-Schneegloeckchen-Sabine-Seyffert.de-8-768x576.jpg 768w\" sizes=\"auto, (max-width: 800px) 100vw, 800px\" \/><\/a><\/p>\n<p style=\"text-align: justify;\">Aus einer alten Buchseite (ich verwende hierf\u00fcr wirklich meist ganz alte B\u00fccher, die leicht vergilbt sind und eine alte Schrift haben) ben\u00f6tigt ihr ein Quadrat. Falls ihr kein Buch zum Basteln nehmen m\u00f6chtet, so schneidet euch dieses einfach aus einem unbedruckten Teil einer Tageszeitung aus.<\/p>\n<p style=\"text-align: center;\"><a href=\"https:\/\/www.sabine-seyffert.de\/blog\/wp-content\/uploads\/2023\/01\/Karte-Schneegloeckchen-Sabine-Seyffert.de-7.jpg\"><img loading=\"lazy\" decoding=\"async\" class=\"alignnone size-full wp-image-25030\" src=\"https:\/\/www.sabine-seyffert.de\/blog\/wp-content\/uploads\/2023\/01\/Karte-Schneegloeckchen-Sabine-Seyffert.de-7.jpg\" alt=\"\" width=\"800\" height=\"600\" srcset=\"https:\/\/www.sabine-seyffert.de\/blog\/wp-content\/uploads\/2023\/01\/Karte-Schneegloeckchen-Sabine-Seyffert.de-7.jpg 800w, https:\/\/www.sabine-seyffert.de\/blog\/wp-content\/uploads\/2023\/01\/Karte-Schneegloeckchen-Sabine-Seyffert.de-7-300x225.jpg 300w, https:\/\/www.sabine-seyffert.de\/blog\/wp-content\/uploads\/2023\/01\/Karte-Schneegloeckchen-Sabine-Seyffert.de-7-768x576.jpg 768w\" sizes=\"auto, (max-width: 800px) 100vw, 800px\" \/><\/a><\/p>\n<p style=\"text-align: justify;\">Achtet dabei darauf, dass auch die R\u00fcckseite mit Schrift bedruckt ist und keinen farbigen Werbeaufdruck oder Fotos hat. Klappt das Quadrat diagonal zusammen und wieder auseinander. Schneidet euch ein St\u00fcck Kordel ab und klebt dieses nun auf die Vorderseite der Karte, wie in <a href=\"https:\/\/www.sabine-seyffert.de\/blog\/?p=22321\" target=\"_blank\" rel=\"noopener\">dieser Bastelanleitung mit der Geschenkt\u00fcte<\/a> oder auch <a href=\"https:\/\/www.sabine-seyffert.de\/blog\/?p=22454\" target=\"_blank\" rel=\"noopener\">dem G\u00e4nsebl\u00fcmchenstrau\u00df<\/a> ausf\u00fchrlich beschrieben und bebildert.<\/p>\n<p style=\"text-align: center;\"><a href=\"https:\/\/www.sabine-seyffert.de\/blog\/wp-content\/uploads\/2023\/01\/Karte-Schneegloeckchen-Sabine-Seyffert.de-6.jpg\"><img loading=\"lazy\" decoding=\"async\" class=\"alignnone size-full wp-image-25031\" src=\"https:\/\/www.sabine-seyffert.de\/blog\/wp-content\/uploads\/2023\/01\/Karte-Schneegloeckchen-Sabine-Seyffert.de-6.jpg\" alt=\"\" width=\"800\" height=\"600\" srcset=\"https:\/\/www.sabine-seyffert.de\/blog\/wp-content\/uploads\/2023\/01\/Karte-Schneegloeckchen-Sabine-Seyffert.de-6.jpg 800w, https:\/\/www.sabine-seyffert.de\/blog\/wp-content\/uploads\/2023\/01\/Karte-Schneegloeckchen-Sabine-Seyffert.de-6-300x225.jpg 300w, https:\/\/www.sabine-seyffert.de\/blog\/wp-content\/uploads\/2023\/01\/Karte-Schneegloeckchen-Sabine-Seyffert.de-6-768x576.jpg 768w\" sizes=\"auto, (max-width: 800px) 100vw, 800px\" \/><\/a><\/p>\n<p style=\"text-align: justify;\">Wer mag, kann sich aus d\u00fcnner Pappe einen kleinen Wimpel zuschneiden und beschriften (oder mit einem Stempel bedrucken). Entweder mit Namen oder einem kurzen Geburtstagsgru\u00df.<\/p>\n<p style=\"text-align: center;\"><a href=\"https:\/\/www.sabine-seyffert.de\/blog\/wp-content\/uploads\/2023\/01\/Karte-Schneegloeckchen-Sabine-Seyffert.de-5.jpg\"><img loading=\"lazy\" decoding=\"async\" class=\"alignnone size-full wp-image-25032\" src=\"https:\/\/www.sabine-seyffert.de\/blog\/wp-content\/uploads\/2023\/01\/Karte-Schneegloeckchen-Sabine-Seyffert.de-5.jpg\" alt=\"\" width=\"800\" height=\"600\" srcset=\"https:\/\/www.sabine-seyffert.de\/blog\/wp-content\/uploads\/2023\/01\/Karte-Schneegloeckchen-Sabine-Seyffert.de-5.jpg 800w, https:\/\/www.sabine-seyffert.de\/blog\/wp-content\/uploads\/2023\/01\/Karte-Schneegloeckchen-Sabine-Seyffert.de-5-300x225.jpg 300w, https:\/\/www.sabine-seyffert.de\/blog\/wp-content\/uploads\/2023\/01\/Karte-Schneegloeckchen-Sabine-Seyffert.de-5-768x576.jpg 768w\" sizes=\"auto, (max-width: 800px) 100vw, 800px\" \/><\/a><\/p>\n<p style=\"text-align: justify;\">Nun schneidet ihr aus dem gr\u00fcn bemalten Papier lange Stiele und aus dem Wei\u00dfen die Bl\u00fctenk\u00f6pfe f\u00fcr die Blumen. Klebt diese auf das bereits mit Kleber fixierte Buchseiten Quadrat. Sind alle Blumen vollst\u00e4ndig darauf verteilt, klappt die Buchseite rechts und links zusammen, befestigt die Ecken mit etwas Kleber und bindet dar\u00fcber die Kordel zu einer sch\u00f6nen Schleife zusammen.<\/p>\n<p style=\"text-align: center;\"><a href=\"https:\/\/www.sabine-seyffert.de\/blog\/wp-content\/uploads\/2023\/01\/Karte-Schneegloeckchen-Sabine-Seyffert.de-3.jpg\"><img loading=\"lazy\" decoding=\"async\" class=\"alignnone size-full wp-image-25026\" src=\"https:\/\/www.sabine-seyffert.de\/blog\/wp-content\/uploads\/2023\/01\/Karte-Schneegloeckchen-Sabine-Seyffert.de-3.jpg\" alt=\"\" width=\"800\" height=\"600\" srcset=\"https:\/\/www.sabine-seyffert.de\/blog\/wp-content\/uploads\/2023\/01\/Karte-Schneegloeckchen-Sabine-Seyffert.de-3.jpg 800w, https:\/\/www.sabine-seyffert.de\/blog\/wp-content\/uploads\/2023\/01\/Karte-Schneegloeckchen-Sabine-Seyffert.de-3-300x225.jpg 300w, https:\/\/www.sabine-seyffert.de\/blog\/wp-content\/uploads\/2023\/01\/Karte-Schneegloeckchen-Sabine-Seyffert.de-3-768x576.jpg 768w\" sizes=\"auto, (max-width: 800px) 100vw, 800px\" \/><\/a><\/p>\n<p>M\u00f6gt ihr Schneegl\u00f6ckchen auch so sehr? Dann schaut euch gerne auch folgende Bastelanleitungen an:<\/p>\n<p>* <a href=\"https:\/\/www.sabine-seyffert.de\/blog\/?p=18950\" target=\"_blank\" rel=\"noopener\">Schneegl\u00f6ckchen Collage<\/a><br \/>\n* <a href=\"https:\/\/www.sabine-seyffert.de\/blog\/?p=11839\" target=\"_blank\" rel=\"noopener\">Schneegl\u00f6ckchen aus Eierkarton<\/a><br \/>\n* <a href=\"https:\/\/www.sabine-seyffert.de\/blog\/?p=687\" target=\"_blank\" rel=\"noopener\">Gute Nacht Gefl\u00fcster: Entspannende Fantasiereise zum Einschlafen<\/a><br \/>\n* <a href=\"https:\/\/www.sabine-seyffert.de\/blog\/?p=22321\" target=\"_blank\" rel=\"noopener\">Geschenkverpackung mit Schneegl\u00f6ckchen<\/a><\/p>\n<p style=\"text-align: center;\"><a href=\"https:\/\/www.sabine-seyffert.de\/blog\/wp-content\/uploads\/2023\/01\/Karte-Schneegloeckchen-Sabine-Seyffert.de-2.jpg\"><img loading=\"lazy\" decoding=\"async\" class=\"alignnone size-full wp-image-25025\" src=\"https:\/\/www.sabine-seyffert.de\/blog\/wp-content\/uploads\/2023\/01\/Karte-Schneegloeckchen-Sabine-Seyffert.de-2.jpg\" alt=\"\" width=\"600\" height=\"800\" srcset=\"https:\/\/www.sabine-seyffert.de\/blog\/wp-content\/uploads\/2023\/01\/Karte-Schneegloeckchen-Sabine-Seyffert.de-2.jpg 600w, https:\/\/www.sabine-seyffert.de\/blog\/wp-content\/uploads\/2023\/01\/Karte-Schneegloeckchen-Sabine-Seyffert.de-2-225x300.jpg 225w\" sizes=\"auto, (max-width: 600px) 100vw, 600px\" \/><\/a><\/p>\n<p style=\"text-align: justify;\">Weitere Gru\u00dfkarten zu ganz unterschiedlichen Anl\u00e4ssen findet ihr \u00fcbrigens in <a href=\"https:\/\/www.sabine-seyffert.de\/blog\/?cat=51\" target=\"_blank\" rel=\"noopener\">dieser Blog Kategorie<\/a>, ausgefallene Upcycling Ideen zum Selbermachen gibt es in <a href=\"https:\/\/www.sabine-seyffert.de\/blog\/?cat=47\" target=\"_blank\" rel=\"noopener\">dieser Rubrik<\/a>, alles rund um die Winterzeit sind in <a href=\"https:\/\/www.sabine-seyffert.de\/blog\/?cat=22\" target=\"_blank\" rel=\"noopener\">diesem Blog Ordner<\/a> oder auch an <a href=\"https:\/\/www.pinterest.de\/diysabineseyffert\/\" target=\"_blank\" rel=\"noopener\">meiner Pinnwand<\/a>.<\/p>\n<p style=\"text-align: center;\"><a href=\"https:\/\/www.sabine-seyffert.de\/blog\/wp-content\/uploads\/2023\/01\/Karte-Schneegloeckchen-Sabine-Seyffert.de-1.jpg\"><img loading=\"lazy\" decoding=\"async\" class=\"alignnone size-full wp-image-25024\" src=\"https:\/\/www.sabine-seyffert.de\/blog\/wp-content\/uploads\/2023\/01\/Karte-Schneegloeckchen-Sabine-Seyffert.de-1.jpg\" alt=\"\" width=\"600\" height=\"800\" srcset=\"https:\/\/www.sabine-seyffert.de\/blog\/wp-content\/uploads\/2023\/01\/Karte-Schneegloeckchen-Sabine-Seyffert.de-1.jpg 600w, https:\/\/www.sabine-seyffert.de\/blog\/wp-content\/uploads\/2023\/01\/Karte-Schneegloeckchen-Sabine-Seyffert.de-1-225x300.jpg 225w\" sizes=\"auto, (max-width: 600px) 100vw, 600px\" \/><\/a><br \/>\n<a href=\"https:\/\/www.sabine-seyffert.de\/blog\/?page_id=32#urheberrecht\">urheberrechtlich gesch\u00fctzt<\/a>, \u00a9 Sabine Seyffert<\/p>\n","protected":false},"excerpt":{"rendered":"<p>Wie so oft habe ich mal wieder ein paar sch\u00f6ne Geburtstagskarten ben\u00f6tigt. Die bastele ich am liebsten selber, da man sie so individuell gestalten und auch personalisieren kann. Vor allem macht es einfach Spa\u00df dem Anlass entsprechend ein passendes Motiv auf den Karten zu gestalten. Weil sich die meisten zum Geburtstag \u00fcber Blumen freuen, gab&#8230; <a href=\"https:\/\/www.sabine-seyffert.de\/blog\/diy-geburtstagskarte-selbst-gemacht-postkarte-schneegloeckchen-als-blumenstrauss\/\" class=\"more-link\">Read more: DIY Geburtstagskarte selbst gemacht: Postkarte Schneegl\u00f6ckchen als Blumenstrau\u00df<\/a><\/p>\n","protected":false},"author":2,"featured_media":0,"comment_status":"open","ping_status":"open","sticky":false,"template":"","format":"standard","meta":{"_metis_text_type":"","_metis_text_length":3184,"_post_count":0,"footnotes":""},"categories":[51,47,22],"tags":[],"class_list":["post-25021","post","type-post","status-publish","format-standard","hentry","category-postkarten-grusskarten","category-upcyceltes","category-winter"],"_links":{"self":[{"href":"https:\/\/www.sabine-seyffert.de\/blog\/wp-json\/wp\/v2\/posts\/25021","targetHints":{"allow":["GET"]}}],"collection":[{"href":"https:\/\/www.sabine-seyffert.de\/blog\/wp-json\/wp\/v2\/posts"}],"about":[{"href":"https:\/\/www.sabine-seyffert.de\/blog\/wp-json\/wp\/v2\/types\/post"}],"author":[{"embeddable":true,"href":"https:\/\/www.sabine-seyffert.de\/blog\/wp-json\/wp\/v2\/users\/2"}],"replies":[{"embeddable":true,"href":"https:\/\/www.sabine-seyffert.de\/blog\/wp-json\/wp\/v2\/comments?post=25021"}],"version-history":[{"count":1,"href":"https:\/\/www.sabine-seyffert.de\/blog\/wp-json\/wp\/v2\/posts\/25021\/revisions"}],"predecessor-version":[{"id":25033,"href":"https:\/\/www.sabine-seyffert.de\/blog\/wp-json\/wp\/v2\/posts\/25021\/revisions\/25033"}],"wp:attachment":[{"href":"https:\/\/www.sabine-seyffert.de\/blog\/wp-json\/wp\/v2\/media?parent=25021"}],"wp:term":[{"taxonomy":"category","embeddable":true,"href":"https:\/\/www.sabine-seyffert.de\/blog\/wp-json\/wp\/v2\/categories?post=25021"},{"taxonomy":"post_tag","embeddable":true,"href":"https:\/\/www.sabine-seyffert.de\/blog\/wp-json\/wp\/v2\/tags?post=25021"}],"curies":[{"name":"wp","href":"https:\/\/api.w.org\/{rel}","templated":true}]}}