{"id":25006,"date":"2023-01-28T06:00:00","date_gmt":"2023-01-28T04:00:00","guid":{"rendered":"https:\/\/www.sabine-seyffert.de\/blog\/?p=25006"},"modified":"2023-01-26T20:43:59","modified_gmt":"2023-01-26T18:43:59","slug":"mein-neues-buch-die-olchis-das-kroetige-bastelbuch-aus-schmuddelfing-eine-verlosung","status":"publish","type":"post","link":"https:\/\/www.sabine-seyffert.de\/blog\/mein-neues-buch-die-olchis-das-kroetige-bastelbuch-aus-schmuddelfing-eine-verlosung\/","title":{"rendered":"Mein neues Buch: Die Olchis &#8211; Das kr\u00f6tige Bastelbuch aus Schmuddelfing &#038; eine Verlosung"},"content":{"rendered":"<p style=\"text-align: justify;\"><img loading=\"lazy\" decoding=\"async\" src=\"https:\/\/vg08.met.vgwort.de\/na\/9f05de5497694274be43cda1a3b614fb\" alt=\"\" width=\"1\" height=\"1\" \/>Endlich ist es soweit \u2013 mein neuestes Buch ist gerade erschienen und ab sofort im Buchhandel erh\u00e4ltlich:<\/p>\n<p style=\"text-align: justify;\">Die Olchis. Das kr\u00f6tige Bastelbuch aus Schmuddelfing: Lustige Bastelideen mit den Olchis<\/p>\n<p style=\"text-align: center;\"><a href=\"https:\/\/www.sabine-seyffert.de\/blog\/wp-content\/uploads\/2023\/01\/Olchi-Buch-Sabine-Seyffert.de-1.jpg\"><img loading=\"lazy\" decoding=\"async\" class=\"alignnone size-full wp-image-25007\" src=\"https:\/\/www.sabine-seyffert.de\/blog\/wp-content\/uploads\/2023\/01\/Olchi-Buch-Sabine-Seyffert.de-1.jpg\" alt=\"\" width=\"800\" height=\"600\" srcset=\"https:\/\/www.sabine-seyffert.de\/blog\/wp-content\/uploads\/2023\/01\/Olchi-Buch-Sabine-Seyffert.de-1.jpg 800w, https:\/\/www.sabine-seyffert.de\/blog\/wp-content\/uploads\/2023\/01\/Olchi-Buch-Sabine-Seyffert.de-1-300x225.jpg 300w, https:\/\/www.sabine-seyffert.de\/blog\/wp-content\/uploads\/2023\/01\/Olchi-Buch-Sabine-Seyffert.de-1-768x576.jpg 768w\" sizes=\"auto, (max-width: 800px) 100vw, 800px\" \/><\/a><\/p>\n<p style=\"text-align: justify;\">Als im letzten Jahr die Anfrage vom Verlag kam, ob ich Interesse h\u00e4tte, dieses Buch zu schreiben, musste ich nicht lang \u00fcberlegen und war auf Anhieb begeistert. Schlie\u00dflich waren meine Kinder allesamt waschechte Olchi Fans. Auf dem Blog gab es dazu schon eine <a href=\"https:\/\/www.sabine-seyffert.de\/blog\/?p=10297\" target=\"_blank\" rel=\"noopener\">witzige Geschenkverpackung<\/a> und ein <a href=\"https:\/\/www.sabine-seyffert.de\/blog\/?p=6795\" target=\"_blank\" rel=\"noopener\">oberleckeres Rezept<\/a>, was bei uns nach wie vor oft und gerne auf der Speisekarte steht.<\/p>\n<p style=\"text-align: justify;\">Die lustigen <a href=\"https:\/\/de.wikipedia.org\/wiki\/Die_Olchis\" target=\"_blank\" rel=\"noopener\">Olchis<\/a> stammen von Erfolgsautor <a href=\"https:\/\/de.wikipedia.org\/wiki\/Erhard_Dietl\" target=\"_blank\" rel=\"noopener\">Erhard Dietl<\/a>, der diese vor \u00fcber 30 Jahren geschaffen und dazu mittlerweile zahlreiche Geschichten und ver\u00f6ffentlicht hat.<\/p>\n<p style=\"text-align: center;\"><a href=\"https:\/\/www.sabine-seyffert.de\/blog\/wp-content\/uploads\/2023\/01\/Olchi-Buch-Sabine-Seyffert.de-2.jpg\"><img loading=\"lazy\" decoding=\"async\" class=\"alignnone size-full wp-image-25008\" src=\"https:\/\/www.sabine-seyffert.de\/blog\/wp-content\/uploads\/2023\/01\/Olchi-Buch-Sabine-Seyffert.de-2.jpg\" alt=\"\" width=\"800\" height=\"600\" srcset=\"https:\/\/www.sabine-seyffert.de\/blog\/wp-content\/uploads\/2023\/01\/Olchi-Buch-Sabine-Seyffert.de-2.jpg 800w, https:\/\/www.sabine-seyffert.de\/blog\/wp-content\/uploads\/2023\/01\/Olchi-Buch-Sabine-Seyffert.de-2-300x225.jpg 300w, https:\/\/www.sabine-seyffert.de\/blog\/wp-content\/uploads\/2023\/01\/Olchi-Buch-Sabine-Seyffert.de-2-768x576.jpg 768w\" sizes=\"auto, (max-width: 800px) 100vw, 800px\" \/><\/a><\/p>\n<p style=\"text-align: justify;\">Ich meinerseits durfte mir dazu richtig olchige Bastelideen ausdenken und anfertigen. Was w\u00e4re da besser geeignet als mit M\u00fcll und Abfall zu basteln?! Schlie\u00dflich leben die Olchis ja auf einer M\u00fcllkippe.\u00a0 Also genau das richtige f\u00fcr mich als Upcycling Liebhaber.<br \/>\nSo sind aus allerhand Pappe und Karton, Korken, Klorollen, Blechdosen, Deckeln, K\u00e4seschachteln, Eierkartons, Milcht\u00fcte, Marmeladengl\u00e4sern &amp; Co. witzige DIY Ideen zum Selbermachen entstanden. Nat\u00fcrlich in frechem Olchi Look, mit reichlich &#8211; meist gr\u00fcnen &#8211; Farbresten an meinen H\u00e4nden, die mich \u00fcber Wochen begleitet haben.<br \/>\nOb zum Geburtstagfeiern, ich meinte nat\u00fcrlich Gefurtztag, Spa\u00df haben, Spielen, Schenken oder Dekorieren, das Buch ist prall gef\u00fcllt mit frechen Bastelideen f\u00fcr Olchi Fans.<\/p>\n<p style=\"text-align: justify;\">Mein Highlight ist die Laterne in Form des Drachen Feuerstuhls, der die Olchis treu begleitet und mir die <a href=\"https:\/\/www.sabine-seyffert.de\/blog\/?cat=54\" target=\"_blank\" rel=\"noopener\">Laternenzeit<\/a> in diesem Herbst vers\u00fc\u00dfen wird. Schlie\u00dflich geh\u00f6rt diese zu meiner liebsten Zeit im ganzen Jahr und warmen Lichterglanz mag ich auch besonders gerne.<\/p>\n<p style=\"text-align: center;\"><a href=\"https:\/\/www.sabine-seyffert.de\/blog\/wp-content\/uploads\/2023\/01\/Olchi-Laterne-Drache.jpg\"><img loading=\"lazy\" decoding=\"async\" class=\"alignnone size-full wp-image-25009\" src=\"https:\/\/www.sabine-seyffert.de\/blog\/wp-content\/uploads\/2023\/01\/Olchi-Laterne-Drache.jpg\" alt=\"\" width=\"800\" height=\"600\" srcset=\"https:\/\/www.sabine-seyffert.de\/blog\/wp-content\/uploads\/2023\/01\/Olchi-Laterne-Drache.jpg 800w, https:\/\/www.sabine-seyffert.de\/blog\/wp-content\/uploads\/2023\/01\/Olchi-Laterne-Drache-300x225.jpg 300w, https:\/\/www.sabine-seyffert.de\/blog\/wp-content\/uploads\/2023\/01\/Olchi-Laterne-Drache-768x576.jpg 768w\" sizes=\"auto, (max-width: 800px) 100vw, 800px\" \/><\/a><\/p>\n<p style=\"text-align: justify;\">Gibt es eine Geschichte oder Figur aus den Olchi B\u00fcchern, die ihr ganz besonders gerne m\u00f6gt?<\/p>\n<p>Mein Buch &#8220;Die Olchis &#8211; Das kr\u00f6tige Bastelbuch aus Schmuddelfing&#8221; ist erschienen im <a href=\"https:\/\/www.topp-kreativ.de\/die-olchis-das-kroetige-bastelbuch-aus-schmuddelfing-29057\" target=\"_blank\" rel=\"noopener\">Frech Verlag<\/a> (ISBN 978-3-7358-9057-3)<\/p>\n<p style=\"text-align: center;\"><a href=\"https:\/\/www.sabine-seyffert.de\/blog\/wp-content\/uploads\/2023\/01\/Olchi-Buch-Sabine-Seyffert.de-5.jpg\"><img loading=\"lazy\" decoding=\"async\" class=\"alignnone size-full wp-image-25012\" src=\"https:\/\/www.sabine-seyffert.de\/blog\/wp-content\/uploads\/2023\/01\/Olchi-Buch-Sabine-Seyffert.de-5.jpg\" alt=\"\" width=\"800\" height=\"600\" srcset=\"https:\/\/www.sabine-seyffert.de\/blog\/wp-content\/uploads\/2023\/01\/Olchi-Buch-Sabine-Seyffert.de-5.jpg 800w, https:\/\/www.sabine-seyffert.de\/blog\/wp-content\/uploads\/2023\/01\/Olchi-Buch-Sabine-Seyffert.de-5-300x225.jpg 300w, https:\/\/www.sabine-seyffert.de\/blog\/wp-content\/uploads\/2023\/01\/Olchi-Buch-Sabine-Seyffert.de-5-768x576.jpg 768w\" sizes=\"auto, (max-width: 800px) 100vw, 800px\" \/><\/a><\/p>\n<p style=\"text-align: justify;\">Ein Exemplar meines neuen Buches darf ich auf meinem Blog verlosen. Die Teilnahmebedingungen f\u00fcr diese Verlosung sind folgende:<\/p>\n<p style=\"font-size: 9pt; text-align: center;\">* Teilnehmen d\u00fcrfen alle Leser ab 18 Jahre, die ihren Wohnsitz mit g\u00fcltiger Postanschrift in Deutschland haben.<br \/>\n* Wer an diesem Gewinnspiel teilnehmen m\u00f6chte, hinterl\u00e4sst mir einen Kommentar unter diesem Post<br \/>\n* Ihr folgt mir auf meinem Blog<br \/>\n* Das Gewinnspiel beginnt mit Erscheinen dieses Artikels und endet am 04. 02. 2023 um Mitternacht<br \/>\n* Veranstalter ist <a href=\"https:\/\/www.sabine-seyffert.de\/blog\/?page_id=12538\" target=\"_blank\" rel=\"noopener\">www.sabine-seyffert.de<\/a><br \/>\n* Der Rechtsweg ist ausgeschlossen ebenso wie eine Barauszahlung des Gewinns<br \/>\n* Der Gewinner wird per Los ermittelt, auf dem Blog \u00f6ffentlich bekannt gegeben und \u00fcber die hinterlegte Mailadresse von mir bezgl. der Postanschrift kontaktiert. Diese Daten werden nur f\u00fcr den Versand des Buches ben\u00f6tigt und im Anschluss wieder gel\u00f6scht!<\/p>\n<p style=\"text-align: center;\"><a href=\"https:\/\/www.sabine-seyffert.de\/blog\/wp-content\/uploads\/2023\/01\/Olchi-Buch-Sabine-Seyffert.de-4.jpg\"><img loading=\"lazy\" decoding=\"async\" class=\"alignnone size-full wp-image-25010\" src=\"https:\/\/www.sabine-seyffert.de\/blog\/wp-content\/uploads\/2023\/01\/Olchi-Buch-Sabine-Seyffert.de-4.jpg\" alt=\"\" width=\"600\" height=\"800\" srcset=\"https:\/\/www.sabine-seyffert.de\/blog\/wp-content\/uploads\/2023\/01\/Olchi-Buch-Sabine-Seyffert.de-4.jpg 600w, https:\/\/www.sabine-seyffert.de\/blog\/wp-content\/uploads\/2023\/01\/Olchi-Buch-Sabine-Seyffert.de-4-225x300.jpg 225w\" sizes=\"auto, (max-width: 600px) 100vw, 600px\" \/><\/a><\/p>\n<p style=\"text-align: justify;\">Weitere meiner B\u00fccher findet ihr \u00fcbrigens in <a href=\"https:\/\/www.sabine-seyffert.de\/buch.php\" target=\"_blank\" rel=\"noopener\">dieser Blog Kategorie<\/a>, kreative Upcycling Ideen mit detaillierter Bastelanleitung gibt es in <a href=\"https:\/\/www.sabine-seyffert.de\/blog\/?cat=47\" target=\"_blank\" rel=\"noopener\">dieser Rubrik<\/a>, bunte Bastelideen f\u00fcr Kinder sind in <a href=\"https:\/\/www.sabine-seyffert.de\/blog\/?cat=32\" target=\"_blank\" rel=\"noopener\">diesem Blog Ordner<\/a> oder auch an <a href=\"https:\/\/www.pinterest.de\/diysabineseyffert\/\" target=\"_blank\" rel=\"noopener\">meinen Pinnw\u00e4nden<\/a>.<\/p>\n<p style=\"text-align: center;\"><a href=\"https:\/\/www.sabine-seyffert.de\/blog\/wp-content\/uploads\/2023\/01\/Olchi-Buch-Sabine-Seyffert.de-3.jpg\"><img loading=\"lazy\" decoding=\"async\" class=\"alignnone size-full wp-image-25011\" src=\"https:\/\/www.sabine-seyffert.de\/blog\/wp-content\/uploads\/2023\/01\/Olchi-Buch-Sabine-Seyffert.de-3.jpg\" alt=\"\" width=\"600\" height=\"800\" srcset=\"https:\/\/www.sabine-seyffert.de\/blog\/wp-content\/uploads\/2023\/01\/Olchi-Buch-Sabine-Seyffert.de-3.jpg 600w, https:\/\/www.sabine-seyffert.de\/blog\/wp-content\/uploads\/2023\/01\/Olchi-Buch-Sabine-Seyffert.de-3-225x300.jpg 225w\" sizes=\"auto, (max-width: 600px) 100vw, 600px\" \/><\/a><\/p>\n<p style=\"text-align: justify;\"><a href=\"https:\/\/www.sabine-seyffert.de\/blog\/?page_id=32#urheberrecht\">urheberrechtlich gesch\u00fctzt<\/a>, \u00a9 Sabine Seyffert<\/p>\n","protected":false},"excerpt":{"rendered":"<p>Endlich ist es soweit \u2013 mein neuestes Buch ist gerade erschienen und ab sofort im Buchhandel erh\u00e4ltlich: Die Olchis. Das kr\u00f6tige Bastelbuch aus Schmuddelfing: Lustige Bastelideen mit den Olchis Als im letzten Jahr die Anfrage vom Verlag kam, ob ich Interesse h\u00e4tte, dieses Buch zu schreiben, musste ich nicht lang \u00fcberlegen und war auf Anhieb&#8230; <a href=\"https:\/\/www.sabine-seyffert.de\/blog\/mein-neues-buch-die-olchis-das-kroetige-bastelbuch-aus-schmuddelfing-eine-verlosung\/\" class=\"more-link\">Read more: Mein neues Buch: Die Olchis &#8211; Das kr\u00f6tige Bastelbuch aus Schmuddelfing &#038; eine Verlosung<\/a><\/p>\n","protected":false},"author":2,"featured_media":0,"comment_status":"open","ping_status":"open","sticky":false,"template":"","format":"standard","meta":{"_metis_text_type":"","_metis_text_length":3146,"_post_count":0,"footnotes":""},"categories":[32,20,10,47],"tags":[],"class_list":["post-25006","post","type-post","status-publish","format-standard","hentry","category-kreatives-fur-kleine-kinderhande","category-bucher","category-spiel-spas","category-upcyceltes"],"_links":{"self":[{"href":"https:\/\/www.sabine-seyffert.de\/blog\/wp-json\/wp\/v2\/posts\/25006","targetHints":{"allow":["GET"]}}],"collection":[{"href":"https:\/\/www.sabine-seyffert.de\/blog\/wp-json\/wp\/v2\/posts"}],"about":[{"href":"https:\/\/www.sabine-seyffert.de\/blog\/wp-json\/wp\/v2\/types\/post"}],"author":[{"embeddable":true,"href":"https:\/\/www.sabine-seyffert.de\/blog\/wp-json\/wp\/v2\/users\/2"}],"replies":[{"embeddable":true,"href":"https:\/\/www.sabine-seyffert.de\/blog\/wp-json\/wp\/v2\/comments?post=25006"}],"version-history":[{"count":5,"href":"https:\/\/www.sabine-seyffert.de\/blog\/wp-json\/wp\/v2\/posts\/25006\/revisions"}],"predecessor-version":[{"id":25017,"href":"https:\/\/www.sabine-seyffert.de\/blog\/wp-json\/wp\/v2\/posts\/25006\/revisions\/25017"}],"wp:attachment":[{"href":"https:\/\/www.sabine-seyffert.de\/blog\/wp-json\/wp\/v2\/media?parent=25006"}],"wp:term":[{"taxonomy":"category","embeddable":true,"href":"https:\/\/www.sabine-seyffert.de\/blog\/wp-json\/wp\/v2\/categories?post=25006"},{"taxonomy":"post_tag","embeddable":true,"href":"https:\/\/www.sabine-seyffert.de\/blog\/wp-json\/wp\/v2\/tags?post=25006"}],"curies":[{"name":"wp","href":"https:\/\/api.w.org\/{rel}","templated":true}]}}