{"id":24904,"date":"2023-01-15T06:00:12","date_gmt":"2023-01-15T04:00:12","guid":{"rendered":"https:\/\/www.sabine-seyffert.de\/blog\/?p=24904"},"modified":"2023-01-13T10:38:11","modified_gmt":"2023-01-13T08:38:11","slug":"10-jahre-insel-der-stille-hurra-mein-kunterbunter-blog-hat-geburtstag","status":"publish","type":"post","link":"https:\/\/www.sabine-seyffert.de\/blog\/10-jahre-insel-der-stille-hurra-mein-kunterbunter-blog-hat-geburtstag\/","title":{"rendered":"10 Jahre Insel der Stille \u2013 Hurra, mein kunterbunter Blog hat Geburtstag"},"content":{"rendered":"<p style=\"text-align: justify;\"><img loading=\"lazy\" decoding=\"async\" src=\"https:\/\/vg01.met.vgwort.de\/na\/65df6dbe3e3548849f13697858bb5f07\" alt=\"\" width=\"1\" height=\"1\" \/>Heute vor genau 10 Jahren ging mein Blog mit seinem <a href=\"https:\/\/www.sabine-seyffert.de\/blog\/?p=1\" target=\"_blank\" rel=\"noopener\">ersten Artikel<\/a> online, da mein Kopf wieder einmal vor lauter Ideen nur so sprudelte. Damals h\u00e4tte ich weder mit der gro\u00dfen Resonanz zu meinen Ideen gerechnet, noch dass dieser viele Jahre sp\u00e4ter ebenso regelm\u00e4\u00dfig mit kreativen Beitr\u00e4gen von mir gef\u00fcllt werden w\u00fcrde.<\/p>\n<p style=\"text-align: center;\"><a href=\"https:\/\/www.sabine-seyffert.de\/blog\/wp-content\/uploads\/2023\/01\/Geburtstag-to-go-8.jpg\"><img loading=\"lazy\" decoding=\"async\" class=\"alignnone size-full wp-image-24905\" src=\"https:\/\/www.sabine-seyffert.de\/blog\/wp-content\/uploads\/2023\/01\/Geburtstag-to-go-8.jpg\" alt=\"\" width=\"800\" height=\"600\" srcset=\"https:\/\/www.sabine-seyffert.de\/blog\/wp-content\/uploads\/2023\/01\/Geburtstag-to-go-8.jpg 800w, https:\/\/www.sabine-seyffert.de\/blog\/wp-content\/uploads\/2023\/01\/Geburtstag-to-go-8-300x225.jpg 300w, https:\/\/www.sabine-seyffert.de\/blog\/wp-content\/uploads\/2023\/01\/Geburtstag-to-go-8-768x576.jpg 768w\" sizes=\"auto, (max-width: 800px) 100vw, 800px\" \/><\/a><\/p>\n<p style=\"text-align: justify;\">Zum Gl\u00fcck sind mir die Ideen in dieser Zeit nie ausgegangen und werden es hoffentlich auch in Zukunft nicht.<\/p>\n<p style=\"text-align: center;\"><a href=\"https:\/\/www.sabine-seyffert.de\/blog\/wp-content\/uploads\/2023\/01\/Konfetti-Ast.jpg\"><img loading=\"lazy\" decoding=\"async\" class=\"alignnone size-full wp-image-24906\" src=\"https:\/\/www.sabine-seyffert.de\/blog\/wp-content\/uploads\/2023\/01\/Konfetti-Ast.jpg\" alt=\"\" width=\"800\" height=\"600\" srcset=\"https:\/\/www.sabine-seyffert.de\/blog\/wp-content\/uploads\/2023\/01\/Konfetti-Ast.jpg 800w, https:\/\/www.sabine-seyffert.de\/blog\/wp-content\/uploads\/2023\/01\/Konfetti-Ast-300x225.jpg 300w, https:\/\/www.sabine-seyffert.de\/blog\/wp-content\/uploads\/2023\/01\/Konfetti-Ast-768x576.jpg 768w\" sizes=\"auto, (max-width: 800px) 100vw, 800px\" \/><\/a><\/p>\n<p style=\"text-align: justify;\">Das \u201ezeitlich\u201c gesegnet haben zwischenzeitlich zwei Kameras, die sehr gute Dienste geleistet haben aber den unz\u00e4hligen Fotos und dem fast t\u00e4glichen Gebrauch dann offensichtlich nicht mehr so ganz standhalten konnten. Und auch meine Kinder sind mittlerweile gro\u00df und dem Alter der <a href=\"https:\/\/www.sabine-seyffert.de\/blog\/?cat=21\" target=\"_blank\" rel=\"noopener\">Kindergeburtstage<\/a> und Motto Partys entwachsen. Genau die waren auf dem Blog oft ein echtes Highlight. So erfreuen sich <a href=\"https:\/\/www.sabine-seyffert.de\/blog\/?cat=46\" target=\"_blank\" rel=\"noopener\">Dschungelfest<\/a>, <a href=\"https:\/\/www.sabine-seyffert.de\/blog\/?cat=45\" target=\"_blank\" rel=\"noopener\">Fuchsgeburtstag<\/a> und auch der <a href=\"https:\/\/www.sabine-seyffert.de\/blog\/?cat=50\" target=\"_blank\" rel=\"noopener\">Unterwassergeburtstag<\/a> nach wie vor gro\u00dfer Beliebtheit, was mich ausgesprochen freut. Mich zu solchen Themen kreativ auszutoben hat mir immer riesig Spa\u00df gemacht.<\/p>\n<p style=\"text-align: center;\"><a href=\"https:\/\/www.sabine-seyffert.de\/blog\/wp-content\/uploads\/2023\/01\/Geschenkverpackung-Buegelperlen-Sabine-Seyffert.de-1.jpg\"><img loading=\"lazy\" decoding=\"async\" class=\"alignnone size-full wp-image-24907\" src=\"https:\/\/www.sabine-seyffert.de\/blog\/wp-content\/uploads\/2023\/01\/Geschenkverpackung-Buegelperlen-Sabine-Seyffert.de-1.jpg\" alt=\"\" width=\"800\" height=\"600\" srcset=\"https:\/\/www.sabine-seyffert.de\/blog\/wp-content\/uploads\/2023\/01\/Geschenkverpackung-Buegelperlen-Sabine-Seyffert.de-1.jpg 800w, https:\/\/www.sabine-seyffert.de\/blog\/wp-content\/uploads\/2023\/01\/Geschenkverpackung-Buegelperlen-Sabine-Seyffert.de-1-300x225.jpg 300w, https:\/\/www.sabine-seyffert.de\/blog\/wp-content\/uploads\/2023\/01\/Geschenkverpackung-Buegelperlen-Sabine-Seyffert.de-1-768x576.jpg 768w\" sizes=\"auto, (max-width: 800px) 100vw, 800px\" \/><\/a><\/p>\n<p style=\"text-align: justify;\">Kreativ werkeln darf ich seit einigen Jahren nun mit Kindern im Grundschulalter, da ich an unterschiedlichen Schulen regelm\u00e4\u00dfig Kunst AGs anbiete.<\/p>\n<p style=\"text-align: center;\"><a href=\"https:\/\/www.sabine-seyffert.de\/blog\/wp-content\/uploads\/2023\/01\/Bastelmaterial-Uebersicht-Sabine-Seyffert.de-1.jpg\"><img loading=\"lazy\" decoding=\"async\" class=\"alignnone size-full wp-image-24908\" src=\"https:\/\/www.sabine-seyffert.de\/blog\/wp-content\/uploads\/2023\/01\/Bastelmaterial-Uebersicht-Sabine-Seyffert.de-1.jpg\" alt=\"\" width=\"800\" height=\"600\" srcset=\"https:\/\/www.sabine-seyffert.de\/blog\/wp-content\/uploads\/2023\/01\/Bastelmaterial-Uebersicht-Sabine-Seyffert.de-1.jpg 800w, https:\/\/www.sabine-seyffert.de\/blog\/wp-content\/uploads\/2023\/01\/Bastelmaterial-Uebersicht-Sabine-Seyffert.de-1-300x225.jpg 300w, https:\/\/www.sabine-seyffert.de\/blog\/wp-content\/uploads\/2023\/01\/Bastelmaterial-Uebersicht-Sabine-Seyffert.de-1-768x576.jpg 768w\" sizes=\"auto, (max-width: 800px) 100vw, 800px\" \/><\/a><\/p>\n<p style=\"text-align: justify;\">In den letzten drei Jahren der Pandemie standen dann vorrangig kreative <a href=\"https:\/\/www.sabine-seyffert.de\/blog\/?cat=32\" target=\"_blank\" rel=\"noopener\">Besch\u00e4ftigungsideen f\u00fcr Kinder<\/a> auf dem Plan. Schlie\u00dflich wollte ich den zahlreichen Kindern meiner Kreativ AGs gerne w\u00e4hrend der <a href=\"https:\/\/www.sabine-seyffert.de\/blog\/?p=16105\" target=\"_blank\" rel=\"noopener\">Lockdown<\/a> Phasen zu etwas Ablenkung verhelfen und habe dazu nahezu t\u00e4glich bunte <a href=\"https:\/\/www.sabine-seyffert.de\/blog\/?cat=47\" target=\"_blank\" rel=\"noopener\">Upcycling Ideen<\/a> hier auf dem Blog ver\u00f6ffentlicht, die gr\u00f6\u00dftenteils aus herk\u00f6mmlichen Materialien und \u201eM\u00fcll\u201c, wie Pappe, Zeitung, Eierkartons, Klorollen, Korken, Deckeln &amp; Co. gebastelt werden konnten. Das spart nicht nur Zeit und den Besuch im Bastelladen, sondern auch das Portemonnaie und vor allem aber die Umwelt.<\/p>\n<p style=\"text-align: center;\"><a href=\"https:\/\/www.sabine-seyffert.de\/blog\/wp-content\/uploads\/2023\/01\/Affenbande-Sabine-Seyffert.de_.jpg\"><img loading=\"lazy\" decoding=\"async\" class=\"alignnone size-full wp-image-24909\" src=\"https:\/\/www.sabine-seyffert.de\/blog\/wp-content\/uploads\/2023\/01\/Affenbande-Sabine-Seyffert.de_.jpg\" alt=\"\" width=\"800\" height=\"600\" srcset=\"https:\/\/www.sabine-seyffert.de\/blog\/wp-content\/uploads\/2023\/01\/Affenbande-Sabine-Seyffert.de_.jpg 800w, https:\/\/www.sabine-seyffert.de\/blog\/wp-content\/uploads\/2023\/01\/Affenbande-Sabine-Seyffert.de_-300x225.jpg 300w, https:\/\/www.sabine-seyffert.de\/blog\/wp-content\/uploads\/2023\/01\/Affenbande-Sabine-Seyffert.de_-768x576.jpg 768w\" sizes=\"auto, (max-width: 800px) 100vw, 800px\" \/><\/a><\/p>\n<p style=\"text-align: justify;\">Weil ich selbst neugierig war, habe ich mal einen Blick in die Statistik geworden und verlinke euch hier mal die Top 10 der beliebtesten Blog Artikel der letzten zehn Jahre:<\/p>\n<p style=\"text-align: center;\"><a href=\"https:\/\/www.sabine-seyffert.de\/blog\/wp-content\/uploads\/2023\/01\/Kreise-als-Girlande.jpg\"><img loading=\"lazy\" decoding=\"async\" class=\"alignnone size-full wp-image-24910\" src=\"https:\/\/www.sabine-seyffert.de\/blog\/wp-content\/uploads\/2023\/01\/Kreise-als-Girlande.jpg\" alt=\"\" width=\"800\" height=\"600\" srcset=\"https:\/\/www.sabine-seyffert.de\/blog\/wp-content\/uploads\/2023\/01\/Kreise-als-Girlande.jpg 800w, https:\/\/www.sabine-seyffert.de\/blog\/wp-content\/uploads\/2023\/01\/Kreise-als-Girlande-300x225.jpg 300w, https:\/\/www.sabine-seyffert.de\/blog\/wp-content\/uploads\/2023\/01\/Kreise-als-Girlande-768x576.jpg 768w\" sizes=\"auto, (max-width: 800px) 100vw, 800px\" \/><\/a><\/p>\n<p style=\"text-align: justify;\">1. <a href=\"https:\/\/www.sabine-seyffert.de\/blog\/?p=6562\" target=\"_blank\" rel=\"noopener\">DIY Kerzen f\u00fcrs Fenster<\/a><br \/>\n2. <a href=\"https:\/\/www.sabine-seyffert.de\/blog\/?p=3807\" target=\"_blank\" rel=\"noopener\">Fr\u00f6hliche Affenbande<\/a><br \/>\n3. <a href=\"https:\/\/www.sabine-seyffert.de\/blog\/?p=13334\" target=\"_blank\" rel=\"noopener\">Kastanien Fangbecher<\/a><br \/>\n4. <a href=\"https:\/\/www.sabine-seyffert.de\/blog\/?p=3660\" target=\"_blank\" rel=\"noopener\">Jetzt geht\u2019s rund<\/a><br \/>\n5. <a href=\"https:\/\/www.sabine-seyffert.de\/blog\/?p=1587\" target=\"_blank\" rel=\"noopener\">Komm mit mir auf die Fr\u00fchlingswiese<\/a><br \/>\n6. <a href=\"https:\/\/www.sabine-seyffert.de\/blog\/?p=5243\" target=\"_blank\" rel=\"noopener\">Feierst du mit?<\/a> Einladungen zum Fuchsgeburtstag<br \/>\n7. <a href=\"https:\/\/www.sabine-seyffert.de\/blog\/?p=13448\" target=\"_blank\" rel=\"noopener\">Kleiner Gl\u00fcckspilz<\/a><br \/>\n8. <a href=\"https:\/\/www.sabine-seyffert.de\/blog\/?p=1371\" target=\"_blank\" rel=\"noopener\">Massagen &amp; Streichelgeschichten f\u00fcr Kinder<\/a><br \/>\n9. <a href=\"https:\/\/www.sabine-seyffert.de\/blog\/?p=2903\" target=\"_blank\" rel=\"noopener\">Wenn es Drau\u00dfen fr\u00fcher dunkel wird<\/a><br \/>\n10. <a href=\"https:\/\/www.sabine-seyffert.de\/blog\/?p=3741\" target=\"_blank\" rel=\"noopener\">Komm mit in den Dschungel\u00a0<\/a> Einladungsidee<\/p>\n<p style=\"text-align: center;\"><a href=\"https:\/\/www.sabine-seyffert.de\/blog\/wp-content\/uploads\/2023\/01\/Einladung-Krokodil-am-Stiel-Sabine-Seyffert.de-1.jpg\"><img loading=\"lazy\" decoding=\"async\" class=\"alignnone size-full wp-image-24911\" src=\"https:\/\/www.sabine-seyffert.de\/blog\/wp-content\/uploads\/2023\/01\/Einladung-Krokodil-am-Stiel-Sabine-Seyffert.de-1.jpg\" alt=\"\" width=\"800\" height=\"600\" srcset=\"https:\/\/www.sabine-seyffert.de\/blog\/wp-content\/uploads\/2023\/01\/Einladung-Krokodil-am-Stiel-Sabine-Seyffert.de-1.jpg 800w, https:\/\/www.sabine-seyffert.de\/blog\/wp-content\/uploads\/2023\/01\/Einladung-Krokodil-am-Stiel-Sabine-Seyffert.de-1-300x225.jpg 300w, https:\/\/www.sabine-seyffert.de\/blog\/wp-content\/uploads\/2023\/01\/Einladung-Krokodil-am-Stiel-Sabine-Seyffert.de-1-768x576.jpg 768w\" sizes=\"auto, (max-width: 800px) 100vw, 800px\" \/><\/a><\/p>\n<p style=\"text-align: justify;\">Der unangefochten beliebteste Artikel des letzten Jahres war \u00fcbrigens der kleine <a href=\"https:\/\/www.sabine-seyffert.de\/blog\/?p=23482\" target=\"_blank\" rel=\"noopener\">L\u00f6we aus Klorolle<\/a>, der als Geschenkverpackung diente. \u00dcberhaupt scheinen L\u00f6wen sehr beliebte Tiere zu sein, zumindest basteltechnisch gesehen. Denn die Ideen, die vor Jahren im Dschungelfest ihren Anfang nahmen, sind weiterhin sehr gefragt und es werden weitere dazu kommen &#x1f609;.<\/p>\n<p style=\"text-align: center;\"><a href=\"https:\/\/www.sabine-seyffert.de\/blog\/wp-content\/uploads\/2023\/01\/Fliegenpilz-Duo-Eierkarton-Sabine-Seyffert.de_.jpg\"><img loading=\"lazy\" decoding=\"async\" class=\"alignnone size-full wp-image-24912\" src=\"https:\/\/www.sabine-seyffert.de\/blog\/wp-content\/uploads\/2023\/01\/Fliegenpilz-Duo-Eierkarton-Sabine-Seyffert.de_.jpg\" alt=\"\" width=\"800\" height=\"600\" srcset=\"https:\/\/www.sabine-seyffert.de\/blog\/wp-content\/uploads\/2023\/01\/Fliegenpilz-Duo-Eierkarton-Sabine-Seyffert.de_.jpg 800w, https:\/\/www.sabine-seyffert.de\/blog\/wp-content\/uploads\/2023\/01\/Fliegenpilz-Duo-Eierkarton-Sabine-Seyffert.de_-300x225.jpg 300w, https:\/\/www.sabine-seyffert.de\/blog\/wp-content\/uploads\/2023\/01\/Fliegenpilz-Duo-Eierkarton-Sabine-Seyffert.de_-768x576.jpg 768w\" sizes=\"auto, (max-width: 800px) 100vw, 800px\" \/><\/a><\/p>\n<p style=\"text-align: justify;\">Jetzt w\u00fcrde ich zum Schluss gerne von euch Lesern wissen, was f\u00fcr Ideen euch an meinem Blog am meisten interessiert oder ob es von eurer Seite m\u00f6glichweise auch ein Wunschthema gibt, zu dem ihr gerne Ideen h\u00e4ttet.<\/p>\n<p style=\"text-align: center;\"><a href=\"https:\/\/www.sabine-seyffert.de\/blog\/wp-content\/uploads\/2023\/01\/Loewe-Upcycling-Klorolle-Sabine-Seyffert.de-9.jpg\"><img loading=\"lazy\" decoding=\"async\" class=\"alignnone size-full wp-image-24913\" src=\"https:\/\/www.sabine-seyffert.de\/blog\/wp-content\/uploads\/2023\/01\/Loewe-Upcycling-Klorolle-Sabine-Seyffert.de-9.jpg\" alt=\"\" width=\"800\" height=\"600\" srcset=\"https:\/\/www.sabine-seyffert.de\/blog\/wp-content\/uploads\/2023\/01\/Loewe-Upcycling-Klorolle-Sabine-Seyffert.de-9.jpg 800w, https:\/\/www.sabine-seyffert.de\/blog\/wp-content\/uploads\/2023\/01\/Loewe-Upcycling-Klorolle-Sabine-Seyffert.de-9-300x225.jpg 300w, https:\/\/www.sabine-seyffert.de\/blog\/wp-content\/uploads\/2023\/01\/Loewe-Upcycling-Klorolle-Sabine-Seyffert.de-9-768x576.jpg 768w\" sizes=\"auto, (max-width: 800px) 100vw, 800px\" \/><\/a><\/p>\n<p style=\"text-align: justify;\">Auf jeden Fall werde ich versuchen auch in Zukunft eine bunte Mischung zu pr\u00e4sentieren, so wie es auch in den letzten 10 Jahren der Fall war: Bastelideen f\u00fcr Kinder &amp; auch mal f\u00fcr gro\u00dfe Leute, pfiffige Geschenkverpackungen &amp; Postkarten, hier und da spannende Ausflugstipps oder Urlaubsberichte und dann und wann auch mal ein leckeres Rezept.<\/p>\n<p style=\"text-align: center;\"><a href=\"https:\/\/www.sabine-seyffert.de\/blog\/wp-content\/uploads\/2023\/01\/Fuchseinladung-Sabine-Seyffert.de_.jpg\"><img loading=\"lazy\" decoding=\"async\" class=\"alignnone size-full wp-image-24914\" src=\"https:\/\/www.sabine-seyffert.de\/blog\/wp-content\/uploads\/2023\/01\/Fuchseinladung-Sabine-Seyffert.de_.jpg\" alt=\"\" width=\"800\" height=\"600\" srcset=\"https:\/\/www.sabine-seyffert.de\/blog\/wp-content\/uploads\/2023\/01\/Fuchseinladung-Sabine-Seyffert.de_.jpg 800w, https:\/\/www.sabine-seyffert.de\/blog\/wp-content\/uploads\/2023\/01\/Fuchseinladung-Sabine-Seyffert.de_-300x225.jpg 300w, https:\/\/www.sabine-seyffert.de\/blog\/wp-content\/uploads\/2023\/01\/Fuchseinladung-Sabine-Seyffert.de_-768x576.jpg 768w\" sizes=\"auto, (max-width: 800px) 100vw, 800px\" \/><\/a><\/p>\n<p style=\"text-align: justify;\">Ein gro\u00dfes Dankesch\u00f6n an dieser Stelle auch an alle, die mir schreiben (per Mail, Brief oder auch Postkarte), hier liebe Worte hinterlassen, Feedback geben, meine Ideen mit Kindern Zuhause, im Kindergarten oder der Schule umsetzen, meine Publikationen &amp; den Blog weiterempfehlen und sich an meinen Ideen erfreuen. Sch\u00f6n, dass ihr da seid!<\/p>\n<p style=\"text-align: center;\"><a href=\"https:\/\/www.sabine-seyffert.de\/blog\/wp-content\/uploads\/2023\/01\/Fangbecher-Klorolle-1.jpg\"><img loading=\"lazy\" decoding=\"async\" class=\"alignnone size-full wp-image-24915\" src=\"https:\/\/www.sabine-seyffert.de\/blog\/wp-content\/uploads\/2023\/01\/Fangbecher-Klorolle-1.jpg\" alt=\"\" width=\"600\" height=\"800\" srcset=\"https:\/\/www.sabine-seyffert.de\/blog\/wp-content\/uploads\/2023\/01\/Fangbecher-Klorolle-1.jpg 600w, https:\/\/www.sabine-seyffert.de\/blog\/wp-content\/uploads\/2023\/01\/Fangbecher-Klorolle-1-225x300.jpg 225w\" sizes=\"auto, (max-width: 600px) 100vw, 600px\" \/><\/a><\/p>\n<p style=\"text-align: justify;\">PS: In K\u00fcrze gibt es eine tolle Neuigkeit, schaut gerne wieder vorbei!<\/p>\n<p style=\"text-align: center;\"><a href=\"https:\/\/www.sabine-seyffert.de\/blog\/wp-content\/uploads\/2023\/01\/Geburtstagskuchen-2.jpg\"><img loading=\"lazy\" decoding=\"async\" class=\"alignnone size-full wp-image-24916\" src=\"https:\/\/www.sabine-seyffert.de\/blog\/wp-content\/uploads\/2023\/01\/Geburtstagskuchen-2.jpg\" alt=\"\" width=\"600\" height=\"800\" srcset=\"https:\/\/www.sabine-seyffert.de\/blog\/wp-content\/uploads\/2023\/01\/Geburtstagskuchen-2.jpg 600w, https:\/\/www.sabine-seyffert.de\/blog\/wp-content\/uploads\/2023\/01\/Geburtstagskuchen-2-225x300.jpg 225w\" sizes=\"auto, (max-width: 600px) 100vw, 600px\" \/><\/a><\/p>\n<p style=\"text-align: justify;\"><a href=\"https:\/\/www.sabine-seyffert.de\/blog\/?page_id=32#urheberrecht\">urheberrechtlich gesch\u00fctzt<\/a>, \u00a9 Sabine Seyffert<\/p>\n","protected":false},"excerpt":{"rendered":"<p>Heute vor genau 10 Jahren ging mein Blog mit seinem ersten Artikel online, da mein Kopf wieder einmal vor lauter Ideen nur so sprudelte. Damals h\u00e4tte ich weder mit der gro\u00dfen Resonanz zu meinen Ideen gerechnet, noch dass dieser viele Jahre sp\u00e4ter ebenso regelm\u00e4\u00dfig mit kreativen Beitr\u00e4gen von mir gef\u00fcllt werden w\u00fcrde. Zum Gl\u00fcck sind&#8230; <a href=\"https:\/\/www.sabine-seyffert.de\/blog\/10-jahre-insel-der-stille-hurra-mein-kunterbunter-blog-hat-geburtstag\/\" class=\"more-link\">Read more: 10 Jahre Insel der Stille \u2013 Hurra, mein kunterbunter Blog hat Geburtstag<\/a><\/p>\n","protected":false},"author":2,"featured_media":0,"comment_status":"open","ping_status":"open","sticky":false,"template":"","format":"standard","meta":{"_metis_text_type":"","_metis_text_length":3688,"_post_count":0,"footnotes":""},"categories":[32,20,52,36,49,10,47,22],"tags":[],"class_list":["post-24904","post","type-post","status-publish","format-standard","hentry","category-kreatives-fur-kleine-kinderhande","category-bucher","category-familie","category-klitzekleine-geschenkideen","category-verpackungsideen","category-spiel-spas","category-upcyceltes","category-winter"],"_links":{"self":[{"href":"https:\/\/www.sabine-seyffert.de\/blog\/wp-json\/wp\/v2\/posts\/24904","targetHints":{"allow":["GET"]}}],"collection":[{"href":"https:\/\/www.sabine-seyffert.de\/blog\/wp-json\/wp\/v2\/posts"}],"about":[{"href":"https:\/\/www.sabine-seyffert.de\/blog\/wp-json\/wp\/v2\/types\/post"}],"author":[{"embeddable":true,"href":"https:\/\/www.sabine-seyffert.de\/blog\/wp-json\/wp\/v2\/users\/2"}],"replies":[{"embeddable":true,"href":"https:\/\/www.sabine-seyffert.de\/blog\/wp-json\/wp\/v2\/comments?post=24904"}],"version-history":[{"count":2,"href":"https:\/\/www.sabine-seyffert.de\/blog\/wp-json\/wp\/v2\/posts\/24904\/revisions"}],"predecessor-version":[{"id":24918,"href":"https:\/\/www.sabine-seyffert.de\/blog\/wp-json\/wp\/v2\/posts\/24904\/revisions\/24918"}],"wp:attachment":[{"href":"https:\/\/www.sabine-seyffert.de\/blog\/wp-json\/wp\/v2\/media?parent=24904"}],"wp:term":[{"taxonomy":"category","embeddable":true,"href":"https:\/\/www.sabine-seyffert.de\/blog\/wp-json\/wp\/v2\/categories?post=24904"},{"taxonomy":"post_tag","embeddable":true,"href":"https:\/\/www.sabine-seyffert.de\/blog\/wp-json\/wp\/v2\/tags?post=24904"}],"curies":[{"name":"wp","href":"https:\/\/api.w.org\/{rel}","templated":true}]}}