{"id":2475,"date":"2013-08-28T12:51:50","date_gmt":"2013-08-28T10:51:50","guid":{"rendered":"http:\/\/www.sabine-seyffert.de\/blog\/?p=2475"},"modified":"2017-03-06T12:38:51","modified_gmt":"2017-03-06T10:38:51","slug":"ich-freu-mich-auf-die-schule-einladungen-zum-schulstart","status":"publish","type":"post","link":"https:\/\/www.sabine-seyffert.de\/blog\/ich-freu-mich-auf-die-schule-einladungen-zum-schulstart\/","title":{"rendered":"Ich freu mich auf die Schule \u2013 Einladungen zum Schulstart"},"content":{"rendered":"<p style=\"text-align: justify;\"><img loading=\"lazy\" decoding=\"async\" src=\"https:\/\/ssl-vg03.met.vgwort.de\/na\/5975fe69d92d4493bdf6f4e35df5931c\" alt=\"\" width=\"1\" height=\"1\" \/>Nun geht auch unsere J\u00fcngste in K\u00fcrze zur Schule. Die Aufregung ist gro\u00df, die Vorfreude ebenfalls und ein paar gemischte Gef\u00fchle kommen auch hier und da nat\u00fcrlich auch schon mal durch. Es sind Ferien und da ist man \u00fcber Abwechslung sehr dankbar. Daher haben wir uns mal wieder an eine Bastelei begeben. Und zwar stand auf unserem Ferienplan \u201eEinladungen zum Schulstart\u201c basteln!<\/p>\n<p style=\"text-align: center;\"><a href=\"http:\/\/www.sabine-seyffert.de\/blog\/wp-content\/uploads\/2013\/08\/Einladungen-Schule-1.jpg\"><img loading=\"lazy\" decoding=\"async\" class=\"alignnone size-full wp-image-2476\" src=\"http:\/\/www.sabine-seyffert.de\/blog\/wp-content\/uploads\/2013\/08\/Einladungen-Schule-1.jpg\" alt=\"Einladungen Schule 1\" width=\"800\" height=\"600\" srcset=\"https:\/\/www.sabine-seyffert.de\/blog\/wp-content\/uploads\/2013\/08\/Einladungen-Schule-1.jpg 800w, https:\/\/www.sabine-seyffert.de\/blog\/wp-content\/uploads\/2013\/08\/Einladungen-Schule-1-300x225.jpg 300w\" sizes=\"auto, (max-width: 800px) 100vw, 800px\" \/><\/a><\/p>\n<p style=\"text-align: justify;\">Eine Idee hatte ich schon \u2013 die Karten sollten wie kleine Tafeln aussehen. Und so musste ich etwas schlucken, als ich bei <a href=\"http:\/\/gemachtesundgedachtes.blogspot.de\/\" target=\"_blank\">Nicoles Blog Gedachtes und Gemachtes<\/a> den Post zu <a href=\"http:\/\/gemachtesundgedachtes.blogspot.de\/2013\/07\/einschulungseinladung-selbstgemacht.html\" target=\"_blank\">Einschulungseinladungen<\/a> las. Auch sie hat Schultafeln als Einladung gebastelt. Jedoch etwas andere, die basteltechnisch deutlich kindgerechter sind als meine Ausf\u00fchrung.<\/p>\n<p style=\"text-align: center;\"><a href=\"http:\/\/www.sabine-seyffert.de\/blog\/wp-content\/uploads\/2013\/08\/Einladungen-Schule-2.jpg\"><img loading=\"lazy\" decoding=\"async\" class=\"alignnone size-full wp-image-2477\" src=\"http:\/\/www.sabine-seyffert.de\/blog\/wp-content\/uploads\/2013\/08\/Einladungen-Schule-2.jpg\" alt=\"Einladungen Schule 2\" width=\"800\" height=\"600\" srcset=\"https:\/\/www.sabine-seyffert.de\/blog\/wp-content\/uploads\/2013\/08\/Einladungen-Schule-2.jpg 800w, https:\/\/www.sabine-seyffert.de\/blog\/wp-content\/uploads\/2013\/08\/Einladungen-Schule-2-300x225.jpg 300w\" sizes=\"auto, (max-width: 800px) 100vw, 800px\" \/><\/a><\/p>\n<p style=\"text-align: justify;\"><strong>Das wird gebraucht:<\/strong><br \/>\nSchwarzes Tonpapier, rotes Tonpapier, Kreide, Schere, Klebstoff, gemustertes oder farbiges Bastelpapier, Buchstabenstempel, Deckwei\u00df oder ein wei\u00dfes Stempelkissen, graues Tonpapier und einen Drucker<\/p>\n<p style=\"text-align: center;\"><a href=\"http:\/\/www.sabine-seyffert.de\/blog\/wp-content\/uploads\/2013\/08\/Einladungen-Schule-4.jpg\"><img loading=\"lazy\" decoding=\"async\" class=\"alignnone size-full wp-image-2479\" src=\"http:\/\/www.sabine-seyffert.de\/blog\/wp-content\/uploads\/2013\/08\/Einladungen-Schule-4.jpg\" alt=\"Einladungen Schule 4\" width=\"800\" height=\"600\" srcset=\"https:\/\/www.sabine-seyffert.de\/blog\/wp-content\/uploads\/2013\/08\/Einladungen-Schule-4.jpg 800w, https:\/\/www.sabine-seyffert.de\/blog\/wp-content\/uploads\/2013\/08\/Einladungen-Schule-4-300x225.jpg 300w\" sizes=\"auto, (max-width: 800px) 100vw, 800px\" \/><\/a><\/p>\n<p style=\"text-align: justify;\"><strong>So <\/strong><strong>wird\u2019s <\/strong><strong>gemacht:<\/strong><br \/>\nAls erstes schneidet man das rote Tonpapier in ca. 11 x 16 cm gro\u00dfe St\u00fccke. Diese sollten der Anzahl der ben\u00f6tigten Einladungen entsprechen. Auf diese Karten habe ich den gew\u00fcnschten Einladungstext gedruckt. Das sollte man unbedingt machen, bevor man die Karten fertig gebastelt hat, da die Verzierungen dem Druckvorgang wohl nicht standhalten w\u00fcrden!<br \/>\nDann schneidet man aus dem schwarzen Tonpapier in derselben Anzahl kleinere Rechtecke. Diese sollten als \u201eTafel\u201c auf den farbigen Karton geklebt werden, so dass ein bunter Rand von ca. 1cm bleibt.<\/p>\n<p style=\"text-align: center;\"><a href=\"http:\/\/www.sabine-seyffert.de\/blog\/wp-content\/uploads\/2013\/08\/Einladungen-Schule-5.jpg\"><img loading=\"lazy\" decoding=\"async\" class=\"alignnone size-full wp-image-2480\" src=\"http:\/\/www.sabine-seyffert.de\/blog\/wp-content\/uploads\/2013\/08\/Einladungen-Schule-5.jpg\" alt=\"Einladungen Schule 5\" width=\"800\" height=\"600\" srcset=\"https:\/\/www.sabine-seyffert.de\/blog\/wp-content\/uploads\/2013\/08\/Einladungen-Schule-5.jpg 800w, https:\/\/www.sabine-seyffert.de\/blog\/wp-content\/uploads\/2013\/08\/Einladungen-Schule-5-300x225.jpg 300w\" sizes=\"auto, (max-width: 800px) 100vw, 800px\" \/><\/a><\/p>\n<p style=\"text-align: justify;\">Auf die schwarzen Tafeln haben wir kleine Dreiecke als Wimpelkette geklebt. Diese haben wir aus buntem Tonpapier ausgeschnitten. Mit einem wei\u00dfen Buntstift habe ich eine Linie auf das Papier gezeichnet, so dass meine Tochter der Linie entlang die einzelnen Wimpel kleben konnte.<\/p>\n<p style=\"text-align: center;\"><a href=\"http:\/\/www.sabine-seyffert.de\/blog\/wp-content\/uploads\/2013\/08\/Einladungen-Schule-6.jpg\"><img loading=\"lazy\" decoding=\"async\" class=\"alignnone size-full wp-image-2481\" src=\"http:\/\/www.sabine-seyffert.de\/blog\/wp-content\/uploads\/2013\/08\/Einladungen-Schule-6.jpg\" alt=\"Einladungen Schule 6\" width=\"800\" height=\"600\" srcset=\"https:\/\/www.sabine-seyffert.de\/blog\/wp-content\/uploads\/2013\/08\/Einladungen-Schule-6.jpg 800w, https:\/\/www.sabine-seyffert.de\/blog\/wp-content\/uploads\/2013\/08\/Einladungen-Schule-6-300x225.jpg 300w\" sizes=\"auto, (max-width: 800px) 100vw, 800px\" \/><\/a><\/p>\n<p style=\"text-align: justify;\">Anschlie\u00dfen haben wir den Namen per Stempel auf die Tafel gedruckt. Damit man diesen besser sieht, habe ich es mit Deckwei\u00df gedruckt, was die Stempel jedoch in Mitleidenschaft zieht und das S\u00e4ubern im Anschluss m\u00fchsam macht. Wer mag, kann auch ein wei\u00dfes Stempelkissen nehmen, jedoch ist die Schrift dann nur zart zu sehen.<br \/>\nIn die rechte Ecke haben wir noch mit grauem Papier einen Streifen ausgeschnitten, auf dem Einladung steht. Nun die bebastelte Tafel vorsichtig auf die schon bedruckte Karte kleben und die Tafeln mit etwas Kreide anmalen und diese verwischen. Dann sieht es richtig sch\u00f6n nach einer Schultafel aus.<\/p>\n<p style=\"text-align: center;\"><a href=\"http:\/\/www.sabine-seyffert.de\/blog\/wp-content\/uploads\/2013\/08\/Einladungen-Schule-7.jpg\"><img loading=\"lazy\" decoding=\"async\" class=\"alignnone size-full wp-image-2482\" src=\"http:\/\/www.sabine-seyffert.de\/blog\/wp-content\/uploads\/2013\/08\/Einladungen-Schule-7.jpg\" alt=\"Einladungen Schule 7\" width=\"800\" height=\"600\" srcset=\"https:\/\/www.sabine-seyffert.de\/blog\/wp-content\/uploads\/2013\/08\/Einladungen-Schule-7.jpg 800w, https:\/\/www.sabine-seyffert.de\/blog\/wp-content\/uploads\/2013\/08\/Einladungen-Schule-7-300x225.jpg 300w\" sizes=\"auto, (max-width: 800px) 100vw, 800px\" \/><\/a><\/p>\n<p style=\"text-align: justify;\">Ist der Kleber getrocknet kann man die Einladungen pers\u00f6nlich verteilen oder auch per Post verschicken. In dem Fall unbedingt drauf achten, dass die Ma\u00dfe nicht zu gro\u00df sind und das normale Briefporto reicht. Wir wissen auch nun, dass bei farbigen Umschl\u00e4gen Zusatzporto anf\u00e4llt\u2026<\/p>\n<p style=\"text-align: center;\"><a href=\"http:\/\/www.sabine-seyffert.de\/blog\/wp-content\/uploads\/2013\/08\/Einladungen-Schule-31.jpg\"><img loading=\"lazy\" decoding=\"async\" class=\"alignnone size-full wp-image-2483\" src=\"http:\/\/www.sabine-seyffert.de\/blog\/wp-content\/uploads\/2013\/08\/Einladungen-Schule-31.jpg\" alt=\"Einladungen Schule 3\" width=\"800\" height=\"582\" srcset=\"https:\/\/www.sabine-seyffert.de\/blog\/wp-content\/uploads\/2013\/08\/Einladungen-Schule-31.jpg 800w, https:\/\/www.sabine-seyffert.de\/blog\/wp-content\/uploads\/2013\/08\/Einladungen-Schule-31-300x218.jpg 300w\" sizes=\"auto, (max-width: 800px) 100vw, 800px\" \/><\/a><\/p>\n<p style=\"text-align: justify;\">Diese Einladungen k\u00f6nnen \u00fcbrigens auch f\u00fcr einen Kindergeburtstag angefertigt werden. Bei Bedarf nimmt man einfach hellere und buntere Farben \u2013 in jedem Fall ein kreativer Bastelspa\u00df!<\/p>\n<p><a href=\"http:\/\/www.sabine-seyffert.de\/blog\/?page_id=32#urheberrecht\">urherrechtlich gesch\u00fctzt<\/a>, \u00a9 Sabine Seyffert<\/p>\n","protected":false},"excerpt":{"rendered":"<p>Nun geht auch unsere J\u00fcngste in K\u00fcrze zur Schule. Die Aufregung ist gro\u00df, die Vorfreude ebenfalls und ein paar gemischte Gef\u00fchle kommen auch hier und da nat\u00fcrlich auch schon mal durch. Es sind Ferien und da ist man \u00fcber Abwechslung sehr dankbar. Daher haben wir uns mal wieder an eine Bastelei begeben. Und zwar stand&#8230; <a href=\"https:\/\/www.sabine-seyffert.de\/blog\/ich-freu-mich-auf-die-schule-einladungen-zum-schulstart\/\" class=\"more-link\">Read more: Ich freu mich auf die Schule \u2013 Einladungen zum Schulstart<\/a><\/p>\n","protected":false},"author":2,"featured_media":0,"comment_status":"open","ping_status":"open","sticky":false,"template":"","format":"standard","meta":{"_metis_text_type":"","_metis_text_length":2914,"_post_count":0,"footnotes":""},"categories":[51,40],"tags":[],"class_list":["post-2475","post","type-post","status-publish","format-standard","hentry","category-postkarten-grusskarten","category-schulstart"],"_links":{"self":[{"href":"https:\/\/www.sabine-seyffert.de\/blog\/wp-json\/wp\/v2\/posts\/2475","targetHints":{"allow":["GET"]}}],"collection":[{"href":"https:\/\/www.sabine-seyffert.de\/blog\/wp-json\/wp\/v2\/posts"}],"about":[{"href":"https:\/\/www.sabine-seyffert.de\/blog\/wp-json\/wp\/v2\/types\/post"}],"author":[{"embeddable":true,"href":"https:\/\/www.sabine-seyffert.de\/blog\/wp-json\/wp\/v2\/users\/2"}],"replies":[{"embeddable":true,"href":"https:\/\/www.sabine-seyffert.de\/blog\/wp-json\/wp\/v2\/comments?post=2475"}],"version-history":[{"count":7,"href":"https:\/\/www.sabine-seyffert.de\/blog\/wp-json\/wp\/v2\/posts\/2475\/revisions"}],"predecessor-version":[{"id":9631,"href":"https:\/\/www.sabine-seyffert.de\/blog\/wp-json\/wp\/v2\/posts\/2475\/revisions\/9631"}],"wp:attachment":[{"href":"https:\/\/www.sabine-seyffert.de\/blog\/wp-json\/wp\/v2\/media?parent=2475"}],"wp:term":[{"taxonomy":"category","embeddable":true,"href":"https:\/\/www.sabine-seyffert.de\/blog\/wp-json\/wp\/v2\/categories?post=2475"},{"taxonomy":"post_tag","embeddable":true,"href":"https:\/\/www.sabine-seyffert.de\/blog\/wp-json\/wp\/v2\/tags?post=2475"}],"curies":[{"name":"wp","href":"https:\/\/api.w.org\/{rel}","templated":true}]}}