{"id":246,"date":"2013-01-26T17:16:20","date_gmt":"2013-01-26T15:16:20","guid":{"rendered":"http:\/\/www.sabine-seyffert.de\/blog\/?p=246"},"modified":"2013-02-26T17:16:39","modified_gmt":"2013-02-26T15:16:39","slug":"winterliche-gruse","status":"publish","type":"post","link":"https:\/\/www.sabine-seyffert.de\/blog\/winterliche-gruse\/","title":{"rendered":"Winterliche Gr\u00fc\u00dfe!"},"content":{"rendered":"<p style=\"text-align: justify;\"><img loading=\"lazy\" decoding=\"async\" src=\"https:\/\/ssl-vg03.met.vgwort.de\/na\/8a61de45d24046e5bf9f91df671a9879\" alt=\"\" width=\"1\" height=\"1\" \/><br \/>\nW\u00e4hrend ich in meinem B\u00fcro sitze um noch ein paar Dinge zu erledigen, f\u00e4ngt es drau\u00dfen an zu schneien. Was w\u00e4re da passender als eine Fantasiereise zum Thema Schnee? Und genau diese habe ich bereits in meiner Ideenkiste und soeben in meinem neuen Blog ver\u00f6ffentlicht. Die Idee dazu kam mir vor zwei Wochen. Eines Morgens, es war noch ganz Fr\u00fch, habe ich meine Tochter in den Kindergarten gebracht. Drau\u00dfen war alles noch dunkel und alles voller Schnee. Dicke Flocken segelten vom Himmel und wir waren beide wie &#8220;verzaubert&#8221;. Das hat mich gleich inspiriert, so da\u00df ich mich zu Hause hingesetzt und die Fantasiereise zu Papier gebracht habe.<\/p>\n<p style=\"text-align: justify;\">Somit w\u00fcnsche ich allen ein erholsames Wochenende, viel Spa\u00df mit Schnee und im Anschlu\u00df eine entspannende Pause, die man wunderbar mit der Fantasiereise f\u00fcllen kann.<\/p>\n<p style=\"text-align: justify;\">Herzliche Gr\u00fc\u00dfe,<\/p>\n<p style=\"text-align: justify;\">Sabine Seyffert<\/p>\n","protected":false},"excerpt":{"rendered":"<p>W\u00e4hrend ich in meinem B\u00fcro sitze um noch ein paar Dinge zu erledigen, f\u00e4ngt es drau\u00dfen an zu schneien. Was w\u00e4re da passender als eine Fantasiereise zum Thema Schnee? Und genau diese habe ich bereits in meiner Ideenkiste und soeben in meinem neuen Blog ver\u00f6ffentlicht. Die Idee dazu kam mir vor zwei Wochen. Eines Morgens,&#8230; <a href=\"https:\/\/www.sabine-seyffert.de\/blog\/winterliche-gruse\/\" class=\"more-link\">Read more: Winterliche Gr\u00fc\u00dfe!<\/a><\/p>\n","protected":false},"author":1,"featured_media":0,"comment_status":"open","ping_status":"open","sticky":false,"template":"","format":"standard","meta":{"_metis_text_type":"","_metis_text_length":850,"_post_count":0,"footnotes":""},"categories":[22],"tags":[],"class_list":["post-246","post","type-post","status-publish","format-standard","hentry","category-winter"],"_links":{"self":[{"href":"https:\/\/www.sabine-seyffert.de\/blog\/wp-json\/wp\/v2\/posts\/246","targetHints":{"allow":["GET"]}}],"collection":[{"href":"https:\/\/www.sabine-seyffert.de\/blog\/wp-json\/wp\/v2\/posts"}],"about":[{"href":"https:\/\/www.sabine-seyffert.de\/blog\/wp-json\/wp\/v2\/types\/post"}],"author":[{"embeddable":true,"href":"https:\/\/www.sabine-seyffert.de\/blog\/wp-json\/wp\/v2\/users\/1"}],"replies":[{"embeddable":true,"href":"https:\/\/www.sabine-seyffert.de\/blog\/wp-json\/wp\/v2\/comments?post=246"}],"version-history":[{"count":5,"href":"https:\/\/www.sabine-seyffert.de\/blog\/wp-json\/wp\/v2\/posts\/246\/revisions"}],"predecessor-version":[{"id":24803,"href":"https:\/\/www.sabine-seyffert.de\/blog\/wp-json\/wp\/v2\/posts\/246\/revisions\/24803"}],"wp:attachment":[{"href":"https:\/\/www.sabine-seyffert.de\/blog\/wp-json\/wp\/v2\/media?parent=246"}],"wp:term":[{"taxonomy":"category","embeddable":true,"href":"https:\/\/www.sabine-seyffert.de\/blog\/wp-json\/wp\/v2\/categories?post=246"},{"taxonomy":"post_tag","embeddable":true,"href":"https:\/\/www.sabine-seyffert.de\/blog\/wp-json\/wp\/v2\/tags?post=246"}],"curies":[{"name":"wp","href":"https:\/\/api.w.org\/{rel}","templated":true}]}}