{"id":2456,"date":"2013-08-16T09:51:33","date_gmt":"2013-08-16T07:51:33","guid":{"rendered":"http:\/\/www.sabine-seyffert.de\/blog\/?p=2456"},"modified":"2015-09-21T18:36:25","modified_gmt":"2015-09-21T16:36:25","slug":"mein-12-blick-im-august-es-werde-licht","status":"publish","type":"post","link":"https:\/\/www.sabine-seyffert.de\/blog\/mein-12-blick-im-august-es-werde-licht\/","title":{"rendered":"Mein 12. Blick im August \u2013 es werde Licht!"},"content":{"rendered":"<p style=\"text-align: justify;\"><img loading=\"lazy\" decoding=\"async\" src=\"https:\/\/ssl-vg03.met.vgwort.de\/na\/d7920303f5e245f891c3bb807bb618b5\" alt=\"\" width=\"1\" height=\"1\" \/>Und wieder ist es Zeit f\u00fcr den 12. Blick \u2013 mitten in der Ferienzeit. Das Wetter beschert und so sensationell gutes Wetter, wie es selten in der schulfreien Zeit der Fall ist. Sonst hat man eher den Eindruck, dass mit Beginn der Schulferien das schlechte Wetter einkehrt.<\/p>\n<p style=\"text-align: center;\"><a href=\"http:\/\/www.sabine-seyffert.de\/blog\/wp-content\/uploads\/2013\/08\/12.-Blick-August-Nacht-2.jpg\"><img loading=\"lazy\" decoding=\"async\" class=\"alignnone size-full wp-image-2457\" src=\"http:\/\/www.sabine-seyffert.de\/blog\/wp-content\/uploads\/2013\/08\/12.-Blick-August-Nacht-2.jpg\" alt=\"12. Blick August Nacht 2\" width=\"600\" height=\"800\" srcset=\"https:\/\/www.sabine-seyffert.de\/blog\/wp-content\/uploads\/2013\/08\/12.-Blick-August-Nacht-2.jpg 600w, https:\/\/www.sabine-seyffert.de\/blog\/wp-content\/uploads\/2013\/08\/12.-Blick-August-Nacht-2-225x300.jpg 225w\" sizes=\"auto, (max-width: 600px) 100vw, 600px\" \/><\/a><\/p>\n<p style=\"text-align: justify;\">Tags\u00fcber ist es an manchen Tagen so hei\u00df, dass man sein schattiges Pl\u00e4tzchen im Garten gar nicht verlassen m\u00f6chte und einem selbst die kleinste Bewegung Schwei\u00dfperlen auf die Stirn treibt.<\/p>\n<p style=\"text-align: center;\"><a href=\"http:\/\/www.sabine-seyffert.de\/blog\/wp-content\/uploads\/2013\/08\/12.-Blick-August-Nacht.jpg\"><img loading=\"lazy\" decoding=\"async\" class=\"alignnone size-full wp-image-2458\" src=\"http:\/\/www.sabine-seyffert.de\/blog\/wp-content\/uploads\/2013\/08\/12.-Blick-August-Nacht.jpg\" alt=\"12. Blick August Nacht\" width=\"600\" height=\"800\" srcset=\"https:\/\/www.sabine-seyffert.de\/blog\/wp-content\/uploads\/2013\/08\/12.-Blick-August-Nacht.jpg 600w, https:\/\/www.sabine-seyffert.de\/blog\/wp-content\/uploads\/2013\/08\/12.-Blick-August-Nacht-225x300.jpg 225w\" sizes=\"auto, (max-width: 600px) 100vw, 600px\" \/><\/a><\/p>\n<p style=\"text-align: justify;\">Nachdem <a href=\"http:\/\/aquatypien.wordpress.com\/\" target=\"_blank\">Aqually<\/a> im Juli fragte, ob die Laterne auf meinem 12. Blick denn \u00fcberhaupt leuchtet, kam mir die Idee zu einer kleinen \u201eNachtwanderung\u201c. Unsere J\u00fcngste war Feuer und Flamme und so machten wir uns zu sp\u00e4ter Stunde auf den Weg durch den sommerlichen Abend.<\/p>\n<p style=\"text-align: center;\"><a href=\"http:\/\/www.sabine-seyffert.de\/blog\/wp-content\/uploads\/2013\/08\/12.-Blick-August-1-von-unten.jpg\"><img loading=\"lazy\" decoding=\"async\" class=\"alignnone size-full wp-image-2459\" src=\"http:\/\/www.sabine-seyffert.de\/blog\/wp-content\/uploads\/2013\/08\/12.-Blick-August-1-von-unten.jpg\" alt=\"12. Blick August 1 von unten\" width=\"600\" height=\"800\" srcset=\"https:\/\/www.sabine-seyffert.de\/blog\/wp-content\/uploads\/2013\/08\/12.-Blick-August-1-von-unten.jpg 600w, https:\/\/www.sabine-seyffert.de\/blog\/wp-content\/uploads\/2013\/08\/12.-Blick-August-1-von-unten-225x300.jpg 225w\" sizes=\"auto, (max-width: 600px) 100vw, 600px\" \/><\/a><\/p>\n<p style=\"text-align: justify;\">Zu dieser Tageszeit lassen sich die Temperaturen auch deutlich besser aushalten und so spazierten wir gemeinsam des Weges. Entt\u00e4uscht mussten wir feststellen, dass die Laterne leider <span style=\"text-decoration: underline;\">nicht<\/span> leuchtet. Vielleicht war es noch zu fr\u00fch?<\/p>\n<p style=\"text-align: center;\"><a href=\"http:\/\/www.sabine-seyffert.de\/blog\/wp-content\/uploads\/2013\/08\/12.-Blick-August-1.jpg\"><img loading=\"lazy\" decoding=\"async\" class=\"alignnone size-full wp-image-2460\" src=\"http:\/\/www.sabine-seyffert.de\/blog\/wp-content\/uploads\/2013\/08\/12.-Blick-August-1.jpg\" alt=\"12. Blick August 1\" width=\"600\" height=\"800\" srcset=\"https:\/\/www.sabine-seyffert.de\/blog\/wp-content\/uploads\/2013\/08\/12.-Blick-August-1.jpg 600w, https:\/\/www.sabine-seyffert.de\/blog\/wp-content\/uploads\/2013\/08\/12.-Blick-August-1-225x300.jpg 225w\" sizes=\"auto, (max-width: 600px) 100vw, 600px\" \/><\/a><\/p>\n<p style=\"text-align: justify;\">Also machten wir noch einen Schlenker und hatten eine Begegnung mit einem kleinen Fuchs. Fr\u00f6hlich blinzelte uns das Tier entgegen. Nat\u00fcrlich musste ich dabei gleich an <a href=\"http:\/\/madamulma.blogspot.de\/\" target=\"_blank\">Ulma<\/a> und ihr kleines F\u00fcchslein denken.<\/p>\n<p style=\"text-align: center;\"><a href=\"http:\/\/www.sabine-seyffert.de\/blog\/wp-content\/uploads\/2013\/08\/12.-Blick-August-1-Fuchs.jpg\"><img loading=\"lazy\" decoding=\"async\" class=\"alignnone size-full wp-image-2461\" src=\"http:\/\/www.sabine-seyffert.de\/blog\/wp-content\/uploads\/2013\/08\/12.-Blick-August-1-Fuchs.jpg\" alt=\"12. Blick August 1 Fuchs\" width=\"800\" height=\"600\" srcset=\"https:\/\/www.sabine-seyffert.de\/blog\/wp-content\/uploads\/2013\/08\/12.-Blick-August-1-Fuchs.jpg 800w, https:\/\/www.sabine-seyffert.de\/blog\/wp-content\/uploads\/2013\/08\/12.-Blick-August-1-Fuchs-300x225.jpg 300w\" sizes=\"auto, (max-width: 800px) 100vw, 800px\" \/><\/a><\/p>\n<p style=\"text-align: justify;\">Wer einmal in Wuppertal den Stadtteil Vohwinkel aufsucht, kann sich sogar auf eine Art &#8220;<a href=\"http:\/\/www.vohwinkel.net\/geschichte\/fuechse.htm \" target=\"_blank\">Fuchsjagd<\/a>&#8221; begegeben. Denn an zahlreichen Stellen sind solche F\u00fcchse zu entdecken \ud83d\ude42<\/p>\n<p style=\"text-align: center;\"><a href=\"http:\/\/www.sabine-seyffert.de\/blog\/wp-content\/uploads\/2013\/08\/12.-Blick-August-1-Laterne.jpg\"><img loading=\"lazy\" decoding=\"async\" class=\"alignnone size-full wp-image-2462\" src=\"http:\/\/www.sabine-seyffert.de\/blog\/wp-content\/uploads\/2013\/08\/12.-Blick-August-1-Laterne.jpg\" alt=\"12. Blick August 1 Laterne\" width=\"600\" height=\"800\" srcset=\"https:\/\/www.sabine-seyffert.de\/blog\/wp-content\/uploads\/2013\/08\/12.-Blick-August-1-Laterne.jpg 600w, https:\/\/www.sabine-seyffert.de\/blog\/wp-content\/uploads\/2013\/08\/12.-Blick-August-1-Laterne-225x300.jpg 225w\" sizes=\"auto, (max-width: 600px) 100vw, 600px\" \/><\/a><\/p>\n<p style=\"text-align: justify;\">Dann auf dem R\u00fcckweg, wir gingen genau an der Laterne vorbei, wurde es Licht! Die Laterne tat mir den Gefallen und sprang wirklich just in den Moment an. Somit der Fotobeweis (auch wenn meine Kamera im Dunkeln nicht gerne fotografiert) \u2013 die Laterne leuchtet!<\/p>\n<p style=\"text-align: center;\"><a href=\"http:\/\/www.sabine-seyffert.de\/blog\/wp-content\/uploads\/2013\/08\/12.-Blick-August-1-Laterne-2.jpg\"><img loading=\"lazy\" decoding=\"async\" class=\"alignnone size-full wp-image-2463\" src=\"http:\/\/www.sabine-seyffert.de\/blog\/wp-content\/uploads\/2013\/08\/12.-Blick-August-1-Laterne-2.jpg\" alt=\"12. Blick August 1 Laterne 2\" width=\"600\" height=\"800\" srcset=\"https:\/\/www.sabine-seyffert.de\/blog\/wp-content\/uploads\/2013\/08\/12.-Blick-August-1-Laterne-2.jpg 600w, https:\/\/www.sabine-seyffert.de\/blog\/wp-content\/uploads\/2013\/08\/12.-Blick-August-1-Laterne-2-225x300.jpg 225w\" sizes=\"auto, (max-width: 600px) 100vw, 600px\" \/><\/a><\/p>\n<p style=\"text-align: justify;\">Inzwischen bin ich ihr sogar recht dankbar. Ich brauche nicht mehr von links nach rechts zu laufen um den genauen Punkt f\u00fcrs Foto zu ersp\u00e4hen, sondern orientiere mich im sommerlichen Gr\u00fcn ganz einfach am Laternenpfahl!<\/p>\n<p style=\"text-align: justify;\">Die Unterschiede zum Vormonat sind wieder nicht wirklich gro\u00df. Das Gr\u00fcn ist vielleicht noch einen Tick dunkler geworden. Was aber auch an der Tageszeit liegen kann.<\/p>\n<p style=\"text-align: center;\"><a href=\"http:\/\/www.sabine-seyffert.de\/blog\/wp-content\/uploads\/2013\/08\/12.-Blick-August-1-gesamt-klein-korrekt.jpg\"><img loading=\"lazy\" decoding=\"async\" class=\"alignnone size-full wp-image-2467\" src=\"http:\/\/www.sabine-seyffert.de\/blog\/wp-content\/uploads\/2013\/08\/12.-Blick-August-1-gesamt-klein-korrekt.jpg\" alt=\"12. Blick August 1 gesamt klein korrekt\" width=\"800\" height=\"533\" srcset=\"https:\/\/www.sabine-seyffert.de\/blog\/wp-content\/uploads\/2013\/08\/12.-Blick-August-1-gesamt-klein-korrekt.jpg 800w, https:\/\/www.sabine-seyffert.de\/blog\/wp-content\/uploads\/2013\/08\/12.-Blick-August-1-gesamt-klein-korrekt-300x199.jpg 300w\" sizes=\"auto, (max-width: 800px) 100vw, 800px\" \/><\/a><\/p>\n<p style=\"text-align: justify;\">Denn f\u00fcr den August Blick habe ich mit meiner gro\u00dfen Tochter eine abendliche Runde gedreht, in der Hoffnung bei dem Blick durch das rostige Guckloch, mal ein besseres Licht zu erwischen als morgens. Aber es ist und bleibt dahinter einfach recht duster&#8230;<\/p>\n<p style=\"text-align: center;\"><a href=\"http:\/\/www.sabine-seyffert.de\/blog\/wp-content\/uploads\/2013\/08\/12.-Blick-August-2.jpg\"><img loading=\"lazy\" decoding=\"async\" class=\"alignnone size-full wp-image-2465\" src=\"http:\/\/www.sabine-seyffert.de\/blog\/wp-content\/uploads\/2013\/08\/12.-Blick-August-2.jpg\" alt=\"12. Blick August 2\" width=\"600\" height=\"800\" srcset=\"https:\/\/www.sabine-seyffert.de\/blog\/wp-content\/uploads\/2013\/08\/12.-Blick-August-2.jpg 600w, https:\/\/www.sabine-seyffert.de\/blog\/wp-content\/uploads\/2013\/08\/12.-Blick-August-2-225x300.jpg 225w\" sizes=\"auto, (max-width: 600px) 100vw, 600px\" \/><\/a><\/p>\n<p>Wer meinen 12. Blick verfolgen mag, kann einen Blick in diese <a href=\"http:\/\/www.sabine-seyffert.de\/blog\/?cat=35\" target=\"_blank\">Rubrik<\/a> werfen und wer neugierig darauf ist, wie andere das Fotoprojekt umsetzen findet ab dem 20. eine Galerie auf <a href=\"http:\/\/tabea-heinicker.blogspot.de\/\" target=\"_blank\">Tabeas Blog<\/a>.<\/p>\n<p><a href=\"http:\/\/www.sabine-seyffert.de\/blog\/wp-content\/uploads\/2013\/08\/12.-Blick-August-2-gesamt-klein.jpg\"><img loading=\"lazy\" decoding=\"async\" class=\"alignnone size-full wp-image-2466\" src=\"http:\/\/www.sabine-seyffert.de\/blog\/wp-content\/uploads\/2013\/08\/12.-Blick-August-2-gesamt-klein.jpg\" alt=\"12. Blick August 2 gesamt klein\" width=\"800\" height=\"533\" srcset=\"https:\/\/www.sabine-seyffert.de\/blog\/wp-content\/uploads\/2013\/08\/12.-Blick-August-2-gesamt-klein.jpg 800w, https:\/\/www.sabine-seyffert.de\/blog\/wp-content\/uploads\/2013\/08\/12.-Blick-August-2-gesamt-klein-300x199.jpg 300w\" sizes=\"auto, (max-width: 800px) 100vw, 800px\" \/><\/a><\/p>\n<p><a href=\"http:\/\/www.sabine-seyffert.de\/blog\/?page_id=32#urheberrecht\">urherrechtlich gesch\u00fctzt<\/a>, \u00a9 Sabine Seyffert<\/p>\n","protected":false},"excerpt":{"rendered":"<p>Und wieder ist es Zeit f\u00fcr den 12. Blick \u2013 mitten in der Ferienzeit. Das Wetter beschert und so sensationell gutes Wetter, wie es selten in der schulfreien Zeit der Fall ist. Sonst hat man eher den Eindruck, dass mit Beginn der Schulferien das schlechte Wetter einkehrt. Tags\u00fcber ist es an manchen Tagen so hei\u00df,&#8230; <a href=\"https:\/\/www.sabine-seyffert.de\/blog\/mein-12-blick-im-august-es-werde-licht\/\" class=\"more-link\">Read more: Mein 12. Blick im August \u2013 es werde Licht!<\/a><\/p>\n","protected":false},"author":2,"featured_media":0,"comment_status":"open","ping_status":"open","sticky":false,"template":"","format":"standard","meta":{"_metis_text_type":"","_metis_text_length":2481,"_post_count":0,"footnotes":""},"categories":[24],"tags":[],"class_list":["post-2456","post","type-post","status-publish","format-standard","hentry","category-sommer"],"_links":{"self":[{"href":"https:\/\/www.sabine-seyffert.de\/blog\/wp-json\/wp\/v2\/posts\/2456","targetHints":{"allow":["GET"]}}],"collection":[{"href":"https:\/\/www.sabine-seyffert.de\/blog\/wp-json\/wp\/v2\/posts"}],"about":[{"href":"https:\/\/www.sabine-seyffert.de\/blog\/wp-json\/wp\/v2\/types\/post"}],"author":[{"embeddable":true,"href":"https:\/\/www.sabine-seyffert.de\/blog\/wp-json\/wp\/v2\/users\/2"}],"replies":[{"embeddable":true,"href":"https:\/\/www.sabine-seyffert.de\/blog\/wp-json\/wp\/v2\/comments?post=2456"}],"version-history":[{"count":5,"href":"https:\/\/www.sabine-seyffert.de\/blog\/wp-json\/wp\/v2\/posts\/2456\/revisions"}],"predecessor-version":[{"id":6137,"href":"https:\/\/www.sabine-seyffert.de\/blog\/wp-json\/wp\/v2\/posts\/2456\/revisions\/6137"}],"wp:attachment":[{"href":"https:\/\/www.sabine-seyffert.de\/blog\/wp-json\/wp\/v2\/media?parent=2456"}],"wp:term":[{"taxonomy":"category","embeddable":true,"href":"https:\/\/www.sabine-seyffert.de\/blog\/wp-json\/wp\/v2\/categories?post=2456"},{"taxonomy":"post_tag","embeddable":true,"href":"https:\/\/www.sabine-seyffert.de\/blog\/wp-json\/wp\/v2\/tags?post=2456"}],"curies":[{"name":"wp","href":"https:\/\/api.w.org\/{rel}","templated":true}]}}