{"id":2438,"date":"2013-08-14T20:20:42","date_gmt":"2013-08-14T18:20:42","guid":{"rendered":"http:\/\/www.sabine-seyffert.de\/blog\/?p=2438"},"modified":"2017-03-06T12:40:08","modified_gmt":"2017-03-06T10:40:08","slug":"es-muss-nicht-immer-gleich-meer-sein","status":"publish","type":"post","link":"https:\/\/www.sabine-seyffert.de\/blog\/es-muss-nicht-immer-gleich-meer-sein\/","title":{"rendered":"Es muss nicht immer gleich Meer sein&#8230;"},"content":{"rendered":"<p style=\"text-align: justify;\"><img loading=\"lazy\" decoding=\"async\" src=\"https:\/\/ssl-vg03.met.vgwort.de\/na\/21bb888f3d8644838e5f1e6a82c34fb1\" alt=\"\" width=\"1\" height=\"1\" \/><br \/>\nSchulferien gibt es oft und auch im Kindergarten sind die Ferientage mehr als reichlich vorhanden. In solcher F\u00fclle, dass eine Durchschnittsfamilie sicher nicht die gesamte <a href=\"http:\/\/www.sabine-seyffert.de\/blog\/?cat=38\" target=\"_blank\">Ferienzeit<\/a> ihren Urlaub in der Ferne verbringen kann, sondern noch allerhand Ferientage \u00fcbrig bleiben, die zu Hause stattfinden.<\/p>\n<p style=\"text-align: center;\"><a href=\"http:\/\/www.sabine-seyffert.de\/blog\/wp-content\/uploads\/2013\/08\/Rhein-2.jpg\"><img loading=\"lazy\" decoding=\"async\" class=\"alignnone size-full wp-image-2439\" src=\"http:\/\/www.sabine-seyffert.de\/blog\/wp-content\/uploads\/2013\/08\/Rhein-2.jpg\" alt=\"Rhein 2\" width=\"600\" height=\"800\" srcset=\"https:\/\/www.sabine-seyffert.de\/blog\/wp-content\/uploads\/2013\/08\/Rhein-2.jpg 600w, https:\/\/www.sabine-seyffert.de\/blog\/wp-content\/uploads\/2013\/08\/Rhein-2-225x300.jpg 225w\" sizes=\"auto, (max-width: 600px) 100vw, 600px\" \/><\/a><\/p>\n<p style=\"text-align: justify;\">Als Mutter von vier Kindern kenne ich diese Tage zu Gen\u00fcge und wei\u00df, dass Kinder gerne besch\u00e4ftigt werden wollen. Nat\u00fcrlich k\u00f6nnen Kinder auch eigenst\u00e4ndig spielen, aber sicher nicht tage- oder gar wochenlang.<\/p>\n<p style=\"text-align: center;\"><a href=\"http:\/\/www.sabine-seyffert.de\/blog\/wp-content\/uploads\/2013\/08\/Rhein-1.jpg\"><img loading=\"lazy\" decoding=\"async\" class=\"alignnone size-full wp-image-2440\" src=\"http:\/\/www.sabine-seyffert.de\/blog\/wp-content\/uploads\/2013\/08\/Rhein-1.jpg\" alt=\"Rhein 1\" width=\"600\" height=\"800\" srcset=\"https:\/\/www.sabine-seyffert.de\/blog\/wp-content\/uploads\/2013\/08\/Rhein-1.jpg 600w, https:\/\/www.sabine-seyffert.de\/blog\/wp-content\/uploads\/2013\/08\/Rhein-1-225x300.jpg 225w\" sizes=\"auto, (max-width: 600px) 100vw, 600px\" \/><\/a><\/p>\n<p style=\"text-align: justify;\">Daher habe ich in der letzten Zeit schon von einigen Ausflugstipps berichtet (wie beispielsweise vom <a href=\"http:\/\/www.sabine-seyffert.de\/blog\/?p=2298\" target=\"_blank\">M\u00e4rchensommer<\/a>, der <a href=\"http:\/\/www.sabine-seyffert.de\/blog\/?p=2278\" target=\"_blank\">Skulpturenausstellung<\/a>, dem <a href=\"http:\/\/www.sabine-seyffert.de\/blog\/?p=2342\" target=\"_blank\">botanischen Garten<\/a> u.a.) und weitere Besch\u00e4ftigungsideen f\u00fcr die Ferien gegeben: Ein <a href=\"http:\/\/www.sabine-seyffert.de\/blog\/?p=2197\" target=\"_blank\">Ferienplan<\/a>, <a href=\"http:\/\/www.sabine-seyffert.de\/blog\/?p=2260\" target=\"_blank\">Ferienordner<\/a>, Basteleien u.a.m.<\/p>\n<p style=\"text-align: center;\"><a href=\"http:\/\/www.sabine-seyffert.de\/blog\/wp-content\/uploads\/2013\/08\/Rhein-Strand-1.jpg\"><img loading=\"lazy\" decoding=\"async\" class=\"alignnone size-full wp-image-2441\" src=\"http:\/\/www.sabine-seyffert.de\/blog\/wp-content\/uploads\/2013\/08\/Rhein-Strand-1.jpg\" alt=\"Rhein Strand 1\" width=\"800\" height=\"600\" srcset=\"https:\/\/www.sabine-seyffert.de\/blog\/wp-content\/uploads\/2013\/08\/Rhein-Strand-1.jpg 800w, https:\/\/www.sabine-seyffert.de\/blog\/wp-content\/uploads\/2013\/08\/Rhein-Strand-1-300x225.jpg 300w\" sizes=\"auto, (max-width: 800px) 100vw, 800px\" \/><\/a><\/p>\n<p style=\"text-align: justify;\">Lange habe ich dar\u00fcber nachgedacht ob ich diesen Tipp \u00fcberhaupt posten soll, da gerade in der Ferienzeit immer wieder davon berichtet wird, wie gef\u00e4hrlich es ist im Rhein zu schwimmen. Dennoch ist ein Ausflug dorthin lohnenswert und f\u00fcr Kinder ein Hit! Also wer mag, begleitet uns einfach ans k\u00fchle Nass\u2026<\/p>\n<p style=\"text-align: center;\"><a href=\"http:\/\/www.sabine-seyffert.de\/blog\/wp-content\/uploads\/2013\/08\/Rhein-Strand-3.jpg\"><img loading=\"lazy\" decoding=\"async\" class=\"alignnone size-full wp-image-2442\" src=\"http:\/\/www.sabine-seyffert.de\/blog\/wp-content\/uploads\/2013\/08\/Rhein-Strand-3.jpg\" alt=\"Rhein Strand 3\" width=\"800\" height=\"600\" srcset=\"https:\/\/www.sabine-seyffert.de\/blog\/wp-content\/uploads\/2013\/08\/Rhein-Strand-3.jpg 800w, https:\/\/www.sabine-seyffert.de\/blog\/wp-content\/uploads\/2013\/08\/Rhein-Strand-3-300x225.jpg 300w\" sizes=\"auto, (max-width: 800px) 100vw, 800px\" \/><\/a><\/p>\n<p style=\"text-align: justify;\">Bei dem tollen Wetter braucht man Abk\u00fchlung, ganz klar. Aber irgendwann macht das kleine Planschbecken im Garten keinen Spa\u00df mehr, <a href=\"http:\/\/www.sabine-seyffert.de\/blog\/?p=2391\" target=\"_blank\">den Bach<\/a> hatten wir bereits aufgesucht und das Meer ist von hier aus nicht gerade um die Ecke. Aber der Rhein ist nicht weit entfernt und dort gibt es allerhand kleine Str\u00e4nde, wie auch in <a href=\"http:\/\/de.wikipedia.org\/wiki\/Himmelgeist\" target=\"_blank\">D\u00fcsseldorf-Himmelgeist<\/a>. Dort ist man mit dem Auto von uns aus ganz schnell.<\/p>\n<p style=\"text-align: center;\"><a href=\"http:\/\/www.sabine-seyffert.de\/blog\/wp-content\/uploads\/2013\/08\/Rhein-Strand-2.jpg\"><img loading=\"lazy\" decoding=\"async\" class=\"alignnone size-full wp-image-2443\" src=\"http:\/\/www.sabine-seyffert.de\/blog\/wp-content\/uploads\/2013\/08\/Rhein-Strand-2.jpg\" alt=\"Rhein Strand 2\" width=\"800\" height=\"600\" srcset=\"https:\/\/www.sabine-seyffert.de\/blog\/wp-content\/uploads\/2013\/08\/Rhein-Strand-2.jpg 800w, https:\/\/www.sabine-seyffert.de\/blog\/wp-content\/uploads\/2013\/08\/Rhein-Strand-2-300x225.jpg 300w\" sizes=\"auto, (max-width: 800px) 100vw, 800px\" \/><\/a><\/p>\n<p style=\"text-align: justify;\">Also die Picknickdecke geschnappt, einen Korb mit Verpflegung, Badesachen, Handtuch und einen kleinen Eimer mit Sandspielzeug.So marschieren wir an der kleinen Kirche vorbei in Richtung Rhein.<\/p>\n<p style=\"text-align: center;\"><a href=\"http:\/\/www.sabine-seyffert.de\/blog\/wp-content\/uploads\/2013\/08\/Rhein-Strand-5.jpg\"><img loading=\"lazy\" decoding=\"async\" class=\"alignnone size-full wp-image-2444\" src=\"http:\/\/www.sabine-seyffert.de\/blog\/wp-content\/uploads\/2013\/08\/Rhein-Strand-5.jpg\" alt=\"Rhein Strand 5\" width=\"800\" height=\"591\" srcset=\"https:\/\/www.sabine-seyffert.de\/blog\/wp-content\/uploads\/2013\/08\/Rhein-Strand-5.jpg 800w, https:\/\/www.sabine-seyffert.de\/blog\/wp-content\/uploads\/2013\/08\/Rhein-Strand-5-300x221.jpg 300w\" sizes=\"auto, (max-width: 800px) 100vw, 800px\" \/><\/a><\/p>\n<p style=\"text-align: justify;\">Hier l\u00e4sst es sich aushalten, denn einige B\u00e4ume spenden Schatten und ab und an weht ein kleiner Wind vom Wasser daher. Meine J\u00fcngste ist gl\u00fccklich \u2013 mehr Sand als der Spielplatz um die Ecke zu bieten hat, vorbei fahrende Schiffe und Wasser. Gl\u00fccklicherweise ist das Wasser am Ufer nur ganz flach. Also f\u00fcr Kinder eigentlich ideal, wobei man die Gefahr den riesigen Flusses samt Str\u00f6mung und hohem Schifffahrtsverkehr nicht untersch\u00e4tzen sollte.<\/p>\n<p style=\"text-align: center;\"><a href=\"http:\/\/www.sabine-seyffert.de\/blog\/wp-content\/uploads\/2013\/08\/Rhein-Strand-7.jpg\"><img loading=\"lazy\" decoding=\"async\" class=\"alignnone size-full wp-image-2445\" src=\"http:\/\/www.sabine-seyffert.de\/blog\/wp-content\/uploads\/2013\/08\/Rhein-Strand-7.jpg\" alt=\"Rhein Strand 7\" width=\"800\" height=\"683\" srcset=\"https:\/\/www.sabine-seyffert.de\/blog\/wp-content\/uploads\/2013\/08\/Rhein-Strand-7.jpg 800w, https:\/\/www.sabine-seyffert.de\/blog\/wp-content\/uploads\/2013\/08\/Rhein-Strand-7-300x256.jpg 300w\" sizes=\"auto, (max-width: 800px) 100vw, 800px\" \/><\/a><\/p>\n<p style=\"text-align: justify;\">Somit gilt bei uns die Regel \u2013 <span style=\"color: #888888;\">nur bis zu den Knien und nicht tiefer, das Schwimmen ist in jedem Fall tabu<\/span>! Das reicht meiner Tochter zum Spielen und Abk\u00fchlen auch vollkommen aus. (Davon ganz abgesehen w\u00fcrde ich ein Kind nat\u00fcrlich auch im offenen Meer nicht alleine Planschen oder gar schwimmen lassen.)<\/p>\n<p style=\"text-align: center;\"><a href=\"http:\/\/www.sabine-seyffert.de\/blog\/wp-content\/uploads\/2013\/08\/Rhein-Strand-9.jpg\"><img loading=\"lazy\" decoding=\"async\" class=\"alignnone size-full wp-image-2446\" src=\"http:\/\/www.sabine-seyffert.de\/blog\/wp-content\/uploads\/2013\/08\/Rhein-Strand-9.jpg\" alt=\"Rhein Strand 9\" width=\"600\" height=\"802\" srcset=\"https:\/\/www.sabine-seyffert.de\/blog\/wp-content\/uploads\/2013\/08\/Rhein-Strand-9.jpg 600w, https:\/\/www.sabine-seyffert.de\/blog\/wp-content\/uploads\/2013\/08\/Rhein-Strand-9-224x300.jpg 224w\" sizes=\"auto, (max-width: 600px) 100vw, 600px\" \/><\/a><\/p>\n<p style=\"text-align: justify;\">Hier kann man am Strand herrlich buddeln, kleine Burgen bauen, Sand sieben, Muscheln suchen, Bilder in den Sand malen und nat\u00fcrlich Sandkuchen backen. Genug Platz um Ball oder Boule zu spielen bietet der Strand ebenfalls.<\/p>\n<p style=\"text-align: justify;\">Fazit: Es muss also nicht immer gleich Meer sein \ud83d\ude09<\/p>\n<p style=\"text-align: justify;\"><a href=\"http:\/\/www.sabine-seyffert.de\/blog\/?page_id=32#urheberrecht\">urherrechtlich gesch\u00fctzt<\/a>, \u00a9 Sabine Seyffert<\/p>\n","protected":false},"excerpt":{"rendered":"<p>Schulferien gibt es oft und auch im Kindergarten sind die Ferientage mehr als reichlich vorhanden. In solcher F\u00fclle, dass eine Durchschnittsfamilie sicher nicht die gesamte Ferienzeit ihren Urlaub in der Ferne verbringen kann, sondern noch allerhand Ferientage \u00fcbrig bleiben, die zu Hause stattfinden. Als Mutter von vier Kindern kenne ich diese Tage zu Gen\u00fcge und&#8230; <a href=\"https:\/\/www.sabine-seyffert.de\/blog\/es-muss-nicht-immer-gleich-meer-sein\/\" class=\"more-link\">Read more: Es muss nicht immer gleich Meer sein&#8230;<\/a><\/p>\n","protected":false},"author":2,"featured_media":0,"comment_status":"open","ping_status":"open","sticky":false,"template":"","format":"standard","meta":{"_metis_text_type":"","_metis_text_length":2747,"_post_count":0,"footnotes":""},"categories":[39,38,24],"tags":[],"class_list":["post-2438","post","type-post","status-publish","format-standard","hentry","category-ausfluge-co","category-ferien","category-sommer"],"_links":{"self":[{"href":"https:\/\/www.sabine-seyffert.de\/blog\/wp-json\/wp\/v2\/posts\/2438","targetHints":{"allow":["GET"]}}],"collection":[{"href":"https:\/\/www.sabine-seyffert.de\/blog\/wp-json\/wp\/v2\/posts"}],"about":[{"href":"https:\/\/www.sabine-seyffert.de\/blog\/wp-json\/wp\/v2\/types\/post"}],"author":[{"embeddable":true,"href":"https:\/\/www.sabine-seyffert.de\/blog\/wp-json\/wp\/v2\/users\/2"}],"replies":[{"embeddable":true,"href":"https:\/\/www.sabine-seyffert.de\/blog\/wp-json\/wp\/v2\/comments?post=2438"}],"version-history":[{"count":9,"href":"https:\/\/www.sabine-seyffert.de\/blog\/wp-json\/wp\/v2\/posts\/2438\/revisions"}],"predecessor-version":[{"id":9817,"href":"https:\/\/www.sabine-seyffert.de\/blog\/wp-json\/wp\/v2\/posts\/2438\/revisions\/9817"}],"wp:attachment":[{"href":"https:\/\/www.sabine-seyffert.de\/blog\/wp-json\/wp\/v2\/media?parent=2438"}],"wp:term":[{"taxonomy":"category","embeddable":true,"href":"https:\/\/www.sabine-seyffert.de\/blog\/wp-json\/wp\/v2\/categories?post=2438"},{"taxonomy":"post_tag","embeddable":true,"href":"https:\/\/www.sabine-seyffert.de\/blog\/wp-json\/wp\/v2\/tags?post=2438"}],"curies":[{"name":"wp","href":"https:\/\/api.w.org\/{rel}","templated":true}]}}