{"id":24175,"date":"2022-10-21T06:00:32","date_gmt":"2022-10-21T04:00:32","guid":{"rendered":"https:\/\/www.sabine-seyffert.de\/blog\/?p=24175"},"modified":"2022-10-21T11:30:59","modified_gmt":"2022-10-21T09:30:59","slug":"upcycling-bastelidee-fuer-kinder-kleiner-fuchs-aus-korken-bastelspass-fuer-den-herbst","status":"publish","type":"post","link":"https:\/\/www.sabine-seyffert.de\/blog\/upcycling-bastelidee-fuer-kinder-kleiner-fuchs-aus-korken-bastelspass-fuer-den-herbst\/","title":{"rendered":"Upcycling &#038; Bastelidee f\u00fcr Kinder: Kleiner Fuchs aus Korken \u2013 Bastelspa\u00df f\u00fcr den Herbst"},"content":{"rendered":"<p style=\"text-align: justify;\"><img loading=\"lazy\" decoding=\"async\" src=\"https:\/\/vg01.met.vgwort.de\/na\/16e2ea84667e4b6283e6a1938c4d8c70\" alt=\"\" width=\"1\" height=\"1\" \/><br \/>\nNach der <a href=\"https:\/\/www.sabine-seyffert.de\/blog\/?p=24144\" target=\"_blank\" rel=\"noopener\">Eule aus Tannenzapfen<\/a> geht es heute weiter mit einem anderen Waldbewohner: Seit unserem <a href=\"https:\/\/www.sabine-seyffert.de\/blog\/?cat=45\" target=\"_blank\" rel=\"noopener\">Fuchsgeburtstag<\/a> mag ich dieses Tier ausgesprochen gerne. Wo seinerzeit bei dem Wunsch meiner Tochter eine solche Motto Party zu feiern mich im ersten Moment schier verzweifeln lie\u00df, so purzeln seitdem die Ideen mit F\u00fcchsen nur so um die Wette. Gerade f\u00fcr die Herbstzeit mag ich dieses Thema gerne. Und daher verrate ich euch in der heutigen Bastelanleitung, wie man aus Weinkorken kleine F\u00fcchse selbermachen kann.<\/p>\n<p style=\"text-align: center;\"><a href=\"https:\/\/www.sabine-seyffert.de\/blog\/wp-content\/uploads\/2022\/09\/Fuchs-Korken-Sabine-Seyffert.de-4.jpg\"><img loading=\"lazy\" decoding=\"async\" class=\"alignnone size-full wp-image-24176\" src=\"https:\/\/www.sabine-seyffert.de\/blog\/wp-content\/uploads\/2022\/09\/Fuchs-Korken-Sabine-Seyffert.de-4.jpg\" alt=\"\" width=\"800\" height=\"600\" srcset=\"https:\/\/www.sabine-seyffert.de\/blog\/wp-content\/uploads\/2022\/09\/Fuchs-Korken-Sabine-Seyffert.de-4.jpg 800w, https:\/\/www.sabine-seyffert.de\/blog\/wp-content\/uploads\/2022\/09\/Fuchs-Korken-Sabine-Seyffert.de-4-300x225.jpg 300w, https:\/\/www.sabine-seyffert.de\/blog\/wp-content\/uploads\/2022\/09\/Fuchs-Korken-Sabine-Seyffert.de-4-768x576.jpg 768w\" sizes=\"auto, (max-width: 800px) 100vw, 800px\" \/><\/a><\/p>\n<p style=\"text-align: justify;\"><strong>Das wird gebraucht:<\/strong><br \/>\nFlaschenkorken \/ Weinkorken, Kordel, Bastelfilz in wei\u00df &amp; orange oder alternativ Zeitung &amp; ein Wasserfarbkasten, Bastelfarbe in orange &amp; wei\u00df (Acrylfarbe o.\u00e4.), Pinsel, eine Schere, Kleber \/ Klebstoff, eine Lochzange, d\u00fcnne Pappe, Bastelunterlage &amp; <a href=\"https:\/\/www.sabine-seyffert.de\/blog\/?p=12310\" target=\"_blank\" rel=\"noopener\">Malkittel<\/a><\/p>\n<p style=\"text-align: center;\"><a href=\"https:\/\/www.sabine-seyffert.de\/blog\/wp-content\/uploads\/2022\/09\/Fuchs-Korken-Sabine-Seyffert.de-11.jpg\"><img loading=\"lazy\" decoding=\"async\" class=\"alignnone size-full wp-image-24181\" src=\"https:\/\/www.sabine-seyffert.de\/blog\/wp-content\/uploads\/2022\/09\/Fuchs-Korken-Sabine-Seyffert.de-11.jpg\" alt=\"\" width=\"800\" height=\"600\" srcset=\"https:\/\/www.sabine-seyffert.de\/blog\/wp-content\/uploads\/2022\/09\/Fuchs-Korken-Sabine-Seyffert.de-11.jpg 800w, https:\/\/www.sabine-seyffert.de\/blog\/wp-content\/uploads\/2022\/09\/Fuchs-Korken-Sabine-Seyffert.de-11-300x225.jpg 300w, https:\/\/www.sabine-seyffert.de\/blog\/wp-content\/uploads\/2022\/09\/Fuchs-Korken-Sabine-Seyffert.de-11-768x576.jpg 768w\" sizes=\"auto, (max-width: 800px) 100vw, 800px\" \/><\/a><\/p>\n<p style=\"text-align: justify;\"><strong>So wird\u2019s gemacht:<\/strong><br \/>\nDenkt unbedingt daran den Tisch abzudecken, da sich Acrylfarbe nicht wirklich gut entfernen l\u00e4sst. Am besten zieht ihr euch auch einen Malkittel \u00fcber.<\/p>\n<p style=\"text-align: center;\"><a href=\"https:\/\/www.sabine-seyffert.de\/blog\/wp-content\/uploads\/2022\/09\/Fuchs-Korken-Sabine-Seyffert.de-10.jpg\"><img loading=\"lazy\" decoding=\"async\" class=\"alignnone size-full wp-image-24182\" src=\"https:\/\/www.sabine-seyffert.de\/blog\/wp-content\/uploads\/2022\/09\/Fuchs-Korken-Sabine-Seyffert.de-10.jpg\" alt=\"\" width=\"800\" height=\"600\" srcset=\"https:\/\/www.sabine-seyffert.de\/blog\/wp-content\/uploads\/2022\/09\/Fuchs-Korken-Sabine-Seyffert.de-10.jpg 800w, https:\/\/www.sabine-seyffert.de\/blog\/wp-content\/uploads\/2022\/09\/Fuchs-Korken-Sabine-Seyffert.de-10-300x225.jpg 300w, https:\/\/www.sabine-seyffert.de\/blog\/wp-content\/uploads\/2022\/09\/Fuchs-Korken-Sabine-Seyffert.de-10-768x576.jpg 768w\" sizes=\"auto, (max-width: 800px) 100vw, 800px\" \/><\/a><\/p>\n<p style=\"text-align: justify;\">Danach kann es endlich losgehen. Als erstes bemalt ihr die Korken d\u00fcnn mit orangefarbener Farbe.<\/p>\n<p style=\"text-align: center;\"><a href=\"https:\/\/www.sabine-seyffert.de\/blog\/wp-content\/uploads\/2022\/09\/Fuchs-Korken-Sabine-Seyffert.de-9.jpg\"><img loading=\"lazy\" decoding=\"async\" class=\"alignnone size-full wp-image-24183\" src=\"https:\/\/www.sabine-seyffert.de\/blog\/wp-content\/uploads\/2022\/09\/Fuchs-Korken-Sabine-Seyffert.de-9.jpg\" alt=\"\" width=\"800\" height=\"600\" srcset=\"https:\/\/www.sabine-seyffert.de\/blog\/wp-content\/uploads\/2022\/09\/Fuchs-Korken-Sabine-Seyffert.de-9.jpg 800w, https:\/\/www.sabine-seyffert.de\/blog\/wp-content\/uploads\/2022\/09\/Fuchs-Korken-Sabine-Seyffert.de-9-300x225.jpg 300w, https:\/\/www.sabine-seyffert.de\/blog\/wp-content\/uploads\/2022\/09\/Fuchs-Korken-Sabine-Seyffert.de-9-768x576.jpg 768w\" sizes=\"auto, (max-width: 800px) 100vw, 800px\" \/><\/a><\/p>\n<p style=\"text-align: justify;\">Bei uns hat diese ganz gut gedeckt, das kommt aber sicher auf die Farbe an.<\/p>\n<p style=\"text-align: center;\"><a href=\"https:\/\/www.sabine-seyffert.de\/blog\/wp-content\/uploads\/2022\/09\/Fuchs-Korken-Sabine-Seyffert.de-8.jpg\"><img loading=\"lazy\" decoding=\"async\" class=\"alignnone size-full wp-image-24184\" src=\"https:\/\/www.sabine-seyffert.de\/blog\/wp-content\/uploads\/2022\/09\/Fuchs-Korken-Sabine-Seyffert.de-8.jpg\" alt=\"\" width=\"800\" height=\"600\" srcset=\"https:\/\/www.sabine-seyffert.de\/blog\/wp-content\/uploads\/2022\/09\/Fuchs-Korken-Sabine-Seyffert.de-8.jpg 800w, https:\/\/www.sabine-seyffert.de\/blog\/wp-content\/uploads\/2022\/09\/Fuchs-Korken-Sabine-Seyffert.de-8-300x225.jpg 300w, https:\/\/www.sabine-seyffert.de\/blog\/wp-content\/uploads\/2022\/09\/Fuchs-Korken-Sabine-Seyffert.de-8-768x576.jpg 768w\" sizes=\"auto, (max-width: 800px) 100vw, 800px\" \/><\/a><\/p>\n<p style=\"text-align: justify;\">Ggf. brauchen eure Weinkorken noch einen zweiten Farbanstrich. Es ist aber auch nicht weiter schlimm wenn noch ein wenig von dem Aufdruck oder der Schrift durchschimmert.<\/p>\n<p style=\"text-align: center;\"><a href=\"https:\/\/www.sabine-seyffert.de\/blog\/wp-content\/uploads\/2022\/09\/Fuchs-Korken-Sabine-Seyffert.de-7.jpg\"><img loading=\"lazy\" decoding=\"async\" class=\"alignnone size-full wp-image-24185\" src=\"https:\/\/www.sabine-seyffert.de\/blog\/wp-content\/uploads\/2022\/09\/Fuchs-Korken-Sabine-Seyffert.de-7.jpg\" alt=\"\" width=\"800\" height=\"600\" srcset=\"https:\/\/www.sabine-seyffert.de\/blog\/wp-content\/uploads\/2022\/09\/Fuchs-Korken-Sabine-Seyffert.de-7.jpg 800w, https:\/\/www.sabine-seyffert.de\/blog\/wp-content\/uploads\/2022\/09\/Fuchs-Korken-Sabine-Seyffert.de-7-300x225.jpg 300w, https:\/\/www.sabine-seyffert.de\/blog\/wp-content\/uploads\/2022\/09\/Fuchs-Korken-Sabine-Seyffert.de-7-768x576.jpg 768w\" sizes=\"auto, (max-width: 800px) 100vw, 800px\" \/><\/a><\/p>\n<p style=\"text-align: justify;\">Aus Bastelfilz oder dem aus Wasserfarbe und Zeitungspapier<a href=\"https:\/\/www.sabine-seyffert.de\/blog\/?p=13917\" target=\"_blank\" rel=\"noopener\"> selbst gemachten Bastelpapier<\/a>, schneidet ihr euch pro F\u00fcchslein ein paar Ohren.<\/p>\n<p style=\"text-align: center;\"><a href=\"https:\/\/www.sabine-seyffert.de\/blog\/wp-content\/uploads\/2022\/09\/Fuchs-Korken-Sabine-Seyffert.de-6.jpg\"><img loading=\"lazy\" decoding=\"async\" class=\"alignnone size-full wp-image-24186\" src=\"https:\/\/www.sabine-seyffert.de\/blog\/wp-content\/uploads\/2022\/09\/Fuchs-Korken-Sabine-Seyffert.de-6.jpg\" alt=\"\" width=\"800\" height=\"600\" srcset=\"https:\/\/www.sabine-seyffert.de\/blog\/wp-content\/uploads\/2022\/09\/Fuchs-Korken-Sabine-Seyffert.de-6.jpg 800w, https:\/\/www.sabine-seyffert.de\/blog\/wp-content\/uploads\/2022\/09\/Fuchs-Korken-Sabine-Seyffert.de-6-300x225.jpg 300w, https:\/\/www.sabine-seyffert.de\/blog\/wp-content\/uploads\/2022\/09\/Fuchs-Korken-Sabine-Seyffert.de-6-768x576.jpg 768w\" sizes=\"auto, (max-width: 800px) 100vw, 800px\" \/><\/a><\/p>\n<p style=\"text-align: justify;\">Diese kann man mit Kleber am Korken festkleben. Mit wei\u00dfer Farbe tupft besser gesagt malt ihr jedem Fuchs noch Augen und eine \u201eSchnauze\u201c auf.<\/p>\n<p style=\"text-align: center;\"><a href=\"https:\/\/www.sabine-seyffert.de\/blog\/wp-content\/uploads\/2022\/09\/Fuchs-Korken-Sabine-Seyffert.de-5.jpg\"><img loading=\"lazy\" decoding=\"async\" class=\"alignnone size-full wp-image-24180\" src=\"https:\/\/www.sabine-seyffert.de\/blog\/wp-content\/uploads\/2022\/09\/Fuchs-Korken-Sabine-Seyffert.de-5.jpg\" alt=\"\" width=\"800\" height=\"600\" srcset=\"https:\/\/www.sabine-seyffert.de\/blog\/wp-content\/uploads\/2022\/09\/Fuchs-Korken-Sabine-Seyffert.de-5.jpg 800w, https:\/\/www.sabine-seyffert.de\/blog\/wp-content\/uploads\/2022\/09\/Fuchs-Korken-Sabine-Seyffert.de-5-300x225.jpg 300w, https:\/\/www.sabine-seyffert.de\/blog\/wp-content\/uploads\/2022\/09\/Fuchs-Korken-Sabine-Seyffert.de-5-768x576.jpg 768w\" sizes=\"auto, (max-width: 800px) 100vw, 800px\" \/><\/a><\/p>\n<p style=\"text-align: justify;\">F\u00fcr die Nase stanzt man einen kleinen Kreis mit einer Lochzange aus und klebt diese mit einem kleinen St\u00fcck Kordel, die man mit den Fingern f\u00fcr die Barthaare etwas auseinanderzupfen kann, mittig am unteren Rand fest.<\/p>\n<p style=\"text-align: center;\"><a href=\"https:\/\/www.sabine-seyffert.de\/blog\/wp-content\/uploads\/2022\/09\/Fuchs-Korken-Sabine-Seyffert.de-3.jpg\"><img loading=\"lazy\" decoding=\"async\" class=\"alignnone size-full wp-image-24179\" src=\"https:\/\/www.sabine-seyffert.de\/blog\/wp-content\/uploads\/2022\/09\/Fuchs-Korken-Sabine-Seyffert.de-3.jpg\" alt=\"\" width=\"600\" height=\"800\" srcset=\"https:\/\/www.sabine-seyffert.de\/blog\/wp-content\/uploads\/2022\/09\/Fuchs-Korken-Sabine-Seyffert.de-3.jpg 600w, https:\/\/www.sabine-seyffert.de\/blog\/wp-content\/uploads\/2022\/09\/Fuchs-Korken-Sabine-Seyffert.de-3-225x300.jpg 225w\" sizes=\"auto, (max-width: 600px) 100vw, 600px\" \/><\/a><\/p>\n<p style=\"text-align: justify;\"><strong>Ein kleiner Tipp:<\/strong><br \/>\nDiese kleinen Upcycling F\u00fcchse eignen sich prima als Herbstdeko, aber ebenso gut als Spielzeug zum Spielen oder f\u00fcr einen Jahreszeitentisch!<\/p>\n<p style=\"text-align: center;\"><a href=\"https:\/\/www.sabine-seyffert.de\/blog\/wp-content\/uploads\/2022\/09\/Fuchs-Korken-Sabine-Seyffert.de-2.jpg\"><img loading=\"lazy\" decoding=\"async\" class=\"alignnone size-full wp-image-24178\" src=\"https:\/\/www.sabine-seyffert.de\/blog\/wp-content\/uploads\/2022\/09\/Fuchs-Korken-Sabine-Seyffert.de-2.jpg\" alt=\"\" width=\"600\" height=\"800\" srcset=\"https:\/\/www.sabine-seyffert.de\/blog\/wp-content\/uploads\/2022\/09\/Fuchs-Korken-Sabine-Seyffert.de-2.jpg 600w, https:\/\/www.sabine-seyffert.de\/blog\/wp-content\/uploads\/2022\/09\/Fuchs-Korken-Sabine-Seyffert.de-2-225x300.jpg 225w\" sizes=\"auto, (max-width: 600px) 100vw, 600px\" \/><\/a><\/p>\n<p style=\"text-align: justify;\">Weitere DIY Bastelideen f\u00fcr Kinder findet ihr \u00fcbrigens in <a href=\"https:\/\/www.sabine-seyffert.de\/blog\/?cat=32\" target=\"_blank\" rel=\"noopener\">dieser Blog Kategorie<\/a>, alles zum Thema Upcycling mit detaillierter Bastelanleitung gibt es in <a href=\"https:\/\/www.sabine-seyffert.de\/blog\/?cat=47\" target=\"_blank\" rel=\"noopener\">dieser Rubrik<\/a>, alle kreativen Ideen rund um den Fuchsgeburtstag werden an <a href=\"https:\/\/www.sabine-seyffert.de\/blog\/?cat=45\" target=\"_blank\" rel=\"noopener\">dieser Stelle<\/a> gesammelt, alles rund um die Herbstzeit sind in <a href=\"https:\/\/www.sabine-seyffert.de\/blog\/?cat=25\" target=\"_blank\" rel=\"noopener\">diesem Blog Ordner<\/a> oder <a href=\"https:\/\/www.pinterest.de\/diysabineseyffert\/\" target=\"_blank\" rel=\"noopener\">meiner Pinnwand<\/a> und andere kreative Sachen da.<\/p>\n<p style=\"text-align: center;\"><a href=\"https:\/\/www.sabine-seyffert.de\/blog\/wp-content\/uploads\/2022\/09\/Fuchs-Korken-Sabine-Seyffert.de-1.jpg\"><img loading=\"lazy\" decoding=\"async\" class=\"alignnone size-full wp-image-24177\" src=\"https:\/\/www.sabine-seyffert.de\/blog\/wp-content\/uploads\/2022\/09\/Fuchs-Korken-Sabine-Seyffert.de-1.jpg\" alt=\"\" width=\"600\" height=\"800\" srcset=\"https:\/\/www.sabine-seyffert.de\/blog\/wp-content\/uploads\/2022\/09\/Fuchs-Korken-Sabine-Seyffert.de-1.jpg 600w, https:\/\/www.sabine-seyffert.de\/blog\/wp-content\/uploads\/2022\/09\/Fuchs-Korken-Sabine-Seyffert.de-1-225x300.jpg 225w\" sizes=\"auto, (max-width: 600px) 100vw, 600px\" \/><\/a><\/p>\n<p style=\"text-align: justify;\"><a href=\"https:\/\/www.sabine-seyffert.de\/blog\/?page_id=32#urheberrecht\">urheberrechtlich gesch\u00fctzt<\/a>, \u00a9 Sabine Seyffert<\/p>\n","protected":false},"excerpt":{"rendered":"<p>Nach der Eule aus Tannenzapfen geht es heute weiter mit einem anderen Waldbewohner: Seit unserem Fuchsgeburtstag mag ich dieses Tier ausgesprochen gerne. Wo seinerzeit bei dem Wunsch meiner Tochter eine solche Motto Party zu feiern mich im ersten Moment schier verzweifeln lie\u00df, so purzeln seitdem die Ideen mit F\u00fcchsen nur so um die Wette. Gerade&#8230; <a href=\"https:\/\/www.sabine-seyffert.de\/blog\/upcycling-bastelidee-fuer-kinder-kleiner-fuchs-aus-korken-bastelspass-fuer-den-herbst\/\" class=\"more-link\">Read more: Upcycling &#038; Bastelidee f\u00fcr Kinder: Kleiner Fuchs aus Korken \u2013 Bastelspa\u00df f\u00fcr den Herbst<\/a><\/p>\n","protected":false},"author":2,"featured_media":0,"comment_status":"open","ping_status":"open","sticky":false,"template":"","format":"standard","meta":{"_metis_text_type":"","_metis_text_length":2381,"_post_count":0,"footnotes":""},"categories":[32,45,25,47],"tags":[],"class_list":["post-24175","post","type-post","status-publish","format-standard","hentry","category-kreatives-fur-kleine-kinderhande","category-fuchsgeburtstag","category-herbst","category-upcyceltes"],"_links":{"self":[{"href":"https:\/\/www.sabine-seyffert.de\/blog\/wp-json\/wp\/v2\/posts\/24175","targetHints":{"allow":["GET"]}}],"collection":[{"href":"https:\/\/www.sabine-seyffert.de\/blog\/wp-json\/wp\/v2\/posts"}],"about":[{"href":"https:\/\/www.sabine-seyffert.de\/blog\/wp-json\/wp\/v2\/types\/post"}],"author":[{"embeddable":true,"href":"https:\/\/www.sabine-seyffert.de\/blog\/wp-json\/wp\/v2\/users\/2"}],"replies":[{"embeddable":true,"href":"https:\/\/www.sabine-seyffert.de\/blog\/wp-json\/wp\/v2\/comments?post=24175"}],"version-history":[{"count":3,"href":"https:\/\/www.sabine-seyffert.de\/blog\/wp-json\/wp\/v2\/posts\/24175\/revisions"}],"predecessor-version":[{"id":24267,"href":"https:\/\/www.sabine-seyffert.de\/blog\/wp-json\/wp\/v2\/posts\/24175\/revisions\/24267"}],"wp:attachment":[{"href":"https:\/\/www.sabine-seyffert.de\/blog\/wp-json\/wp\/v2\/media?parent=24175"}],"wp:term":[{"taxonomy":"category","embeddable":true,"href":"https:\/\/www.sabine-seyffert.de\/blog\/wp-json\/wp\/v2\/categories?post=24175"},{"taxonomy":"post_tag","embeddable":true,"href":"https:\/\/www.sabine-seyffert.de\/blog\/wp-json\/wp\/v2\/tags?post=24175"}],"curies":[{"name":"wp","href":"https:\/\/api.w.org\/{rel}","templated":true}]}}